{"id":170454,"date":"2020-12-07T07:42:10","date_gmt":"2020-12-07T10:42:10","guid":{"rendered":"https:\/\/aconteceunovale.com.br\/portal\/?p=170454"},"modified":"2020-12-07T07:42:27","modified_gmt":"2020-12-07T10:42:27","slug":"policia-civil-prende-suspeito-de-homicidio-no-norte-de-minas","status":"publish","type":"post","link":"https:\/\/aconteceunovale.com.br\/portal\/?p=170454","title":{"rendered":"Pol\u00edcia Civil prende suspeito de homic\u00eddio no Norte de Minas"},"content":{"rendered":"\n<p>A Pol\u00edcia Civil de Minas Gerais (PCMG) prendeu um suspeito de homic\u00eddio, de 35 anos, cometido em Ja\u00edba, Norte do estado. Ele foi localizado na quinta-feira (3\/12), na Comunidade Banavit, em Nova Porteirinha, a cerca de 77 quil\u00f4metros do local do crime. O investigado foi preso em decorr\u00eancia de mandado de pris\u00e3o tempor\u00e1ria representado pela PCMG ao Poder Judici\u00e1rio no \u00e2mbito do inqu\u00e9rito policial.<\/p>\n\n\n\n<p>O crime ocorreu em 19 de junho, no bairro Veredas. No dia do fato, a v\u00edtima, de 25 anos, foi atingida com sete tiros. O homem chegou a ser socorrido com vida ao hospital e, durante o trajeto, informou apenas o apelido da pessoa que havia efetuado os disparos. Durante o trabalho investigativo, a Pol\u00edcia Civil identificou o suspeito da execu\u00e7\u00e3o, fez o pedido da pris\u00e3o e teve o mandado deferido.<\/p>\n\n\n\n<p>A delegada Bruna Barros informa que a pris\u00e3o \u00e9 fruto da parceria das equipes lotadas nas delegacias em Ja\u00edba e Jana\u00faba. \u201cEssa a\u00e7\u00e3o \u00e9 mais uma resposta da PCMG no combate \u00e0 criminalidade, refor\u00e7ando o papel de pol\u00edcia investigativa na regi\u00e3o. Assim, reafirmamos o nosso compromisso de n\u00e3o deixar impune quem opta por uma vida \u00e0 margem das leis&#8221;, afirma.<\/p>\n\n\n\n<p>O investigado preso possui diversos registros policiais por furto, roubo, tr\u00e1fico de drogas e les\u00e3o corporal. Ap\u00f3s as formalidades, ele foi encaminhado ao sistema prisional e encontra-se \u00e0 disposi\u00e7\u00e3o da Justi\u00e7a. As investiga\u00e7\u00f5es prosseguem para apura\u00e7\u00e3o da motiva\u00e7\u00e3o do crime, bem como de outros poss\u00edveis envolvidos.<\/p>\n\n\n\n<p class=\"has-white-color has-vivid-cyan-blue-background-color has-text-color has-background\">Quer saber as not\u00edcias do <strong>Aconteceu no Vale<\/strong> em primeira m\u00e3o? Siga-nos no Facebook <a rel=\"noreferrer noopener\" href=\"http:\/\/facebook.com\/aconteceunovale\" target=\"_blank\">@aconteceunovale<\/a>, Twitter <a rel=\"noreferrer noopener\" href=\"https:\/\/twitter.com\/noticiadosvales\" target=\"_blank\">@noticiadosvales<\/a> e Instagram <a rel=\"noreferrer noopener\" href=\"https:\/\/www.instagram.com\/aconteceunovale\" target=\"_blank\">@aconteceunovale<\/a>.<\/p>\n","protected":false},"excerpt":{"rendered":"<p>A Pol\u00edcia Civil de Minas Gerais (PCMG) prendeu um suspeito de homic\u00eddio, de 35 anos, cometido em Ja\u00edba, Norte do estado. Ele foi localizado na quinta-feira (3\/12), na Comunidade Banavit, em Nova Porteirinha, a cerca de 77 quil\u00f4metros do local do crime. O investigado foi preso em decorr\u00eancia de mandado de pris\u00e3o tempor\u00e1ria representado pela [&hellip;]<\/p>\n","protected":false},"author":4,"featured_media":151866,"comment_status":"open","ping_status":"closed","sticky":false,"template":"","format":"standard","meta":{"amp_status":"","footnotes":""},"categories":[1236],"tags":[232107,227955,112403,36591,1058,44502,1805,604,44644,232106,232105],"class_list":["post-170454","post","type-post","status-publish","format-standard","has-post-thumbnail","hentry","category-norte_de_minas","tag-banavit","tag-delegada-bruna-barros","tag-homem-morto-em-jaiba","tag-homicidio-em-jaiba","tag-jaiba","tag-morto-em-jaiba","tag-nova-porteirinha","tag-pcmg","tag-policia-civil-de-minas-gerais","tag-policia-civil-prende-suspeito-de-homicidio-em-jaiba","tag-policia-civil-prende-suspeito-de-homicidio-no-norte-de-minas"],"_links":{"self":[{"href":"https:\/\/aconteceunovale.com.br\/portal\/index.php?rest_route=\/wp\/v2\/posts\/170454","targetHints":{"allow":["GET"]}}],"collection":[{"href":"https:\/\/aconteceunovale.com.br\/portal\/index.php?rest_route=\/wp\/v2\/posts"}],"about":[{"href":"https:\/\/aconteceunovale.com.br\/portal\/index.php?rest_route=\/wp\/v2\/types\/post"}],"author":[{"embeddable":true,"href":"https:\/\/aconteceunovale.com.br\/portal\/index.php?rest_route=\/wp\/v2\/users\/4"}],"replies":[{"embeddable":true,"href":"https:\/\/aconteceunovale.com.br\/portal\/index.php?rest_route=%2Fwp%2Fv2%2Fcomments&post=170454"}],"version-history":[{"count":1,"href":"https:\/\/aconteceunovale.com.br\/portal\/index.php?rest_route=\/wp\/v2\/posts\/170454\/revisions"}],"predecessor-version":[{"id":170455,"href":"https:\/\/aconteceunovale.com.br\/portal\/index.php?rest_route=\/wp\/v2\/posts\/170454\/revisions\/170455"}],"wp:featuredmedia":[{"embeddable":true,"href":"https:\/\/aconteceunovale.com.br\/portal\/index.php?rest_route=\/wp\/v2\/media\/151866"}],"wp:attachment":[{"href":"https:\/\/aconteceunovale.com.br\/portal\/index.php?rest_route=%2Fwp%2Fv2%2Fmedia&parent=170454"}],"wp:term":[{"taxonomy":"category","embeddable":true,"href":"https:\/\/aconteceunovale.com.br\/portal\/index.php?rest_route=%2Fwp%2Fv2%2Fcategories&post=170454"},{"taxonomy":"post_tag","embeddable":true,"href":"https:\/\/aconteceunovale.com.br\/portal\/index.php?rest_route=%2Fwp%2Fv2%2Ftags&post=170454"}],"curies":[{"name":"wp","href":"https:\/\/api.w.org\/{rel}","templated":true}]}}