{"id":170447,"date":"2020-12-07T07:15:39","date_gmt":"2020-12-07T10:15:39","guid":{"rendered":"https:\/\/aconteceunovale.com.br\/portal\/?p=170447"},"modified":"2020-12-07T07:16:24","modified_gmt":"2020-12-07T10:16:24","slug":"forca-aerea-transportara-corpos-e-parentes-de-vitimas-de-acidente-com-onibus-na-br-381","status":"publish","type":"post","link":"https:\/\/aconteceunovale.com.br\/portal\/?p=170447","title":{"rendered":"For\u00e7a A\u00e9rea transportar\u00e1 corpos e parentes de v\u00edtimas de acidente com \u00f4nibus na BR-381"},"content":{"rendered":"\n<p>Dois avi\u00f5es da For\u00e7a A\u00e9rea Brasileira (FAB) v\u00e3o ser utilizadas para transportar os corpos e os parentes das v\u00edtimas, bem como os feridos do acidente com o \u00f4nibus que caiu de uma ponte da BR-381, na cidade de Jo\u00e3o Monlevade, na regi\u00e3o central de Minas Gerais, no in\u00edcio da tarde de sexta-feira (4).<img decoding=\"async\" src=\"https:\/\/agenciabrasil.ebc.com.br\/ebc.png?id=1395684&amp;o=node\"><img decoding=\"async\" src=\"https:\/\/agenciabrasil.ebc.com.br\/ebc.gif?id=1395684&amp;o=node\"><\/p>\n\n\n\n<p>A decis\u00e3o de colocar uma aeronave H\u00e9rcules C-130 e um jato C-99 \u00e0 disposi\u00e7\u00e3o foi tomada pela FAB e pelos governos de Minas Gerais e de Alagoas. No primeiro avi\u00e3o ser\u00e3o transportados os corpos j\u00e1 liberados pelo Instituto M\u00e9dico Legal (IML). No jato viajar\u00e3o os parentes das v\u00edtimas que se deslocaram para Minas Gerais e os sobreviventes que receberam alta m\u00e9dica.<\/p>\n\n\n\n<p>Segundo o coordenador adjunto da Defesa Civil de Minas Gerais, tenente-coronel Fl\u00e1vio Godinho, o traslado dos corpos est\u00e1 previsto para o meio-dia (12h) desta segunda-feira (7). As aeronaves partir\u00e3o do Aeroporto da Pampulha, em Belo Horizonte, com destino a Paulo Afonso (BA), distante cerca de 100 quil\u00f4metros da cidade de Mata Grande (AL), de onde o \u00f4nibus com destino a S\u00e3o Paulo partiu com 45 pessoas a bordo.<\/p>\n\n\n\n<p>\u201cTodas as a\u00e7\u00f5es est\u00e3o sendo coordenadas pela FAB e pelos gabinetes militares de Minas Gerais e de Alagoas\u201d, declarou Godinho a jornalistas.<\/p>\n\n\n\n<h2 class=\"wp-block-heading\">Mortos e internados<\/h2>\n\n\n\n<p>J\u00e1 chega a 19 o n\u00famero de pessoas que perderam a vida com a queda do ve\u00edculo de uma altura de cerca de 30 metros.&nbsp;Todas foram identificadas e seus corpos est\u00e3o liberados para as fam\u00edlias. Os nomes das v\u00edtimas fatais, no entanto, n\u00e3o foram divulgados. Segundo a Pol\u00edcia Civil, um dos corpos j\u00e1 foi entregue aos cuidados de parentes. Outros quatro ser\u00e3o levados para S\u00e3o Paulo amanh\u00e3 (7) de manh\u00e3, sob os cuidados da Pol\u00edcia Cient\u00edfica paulista.&nbsp;<\/p>\n\n\n\n<p>De acordo com o \u00faltimo boletim divulgado pela Defesa Civil de Minas Gerais, 15 pessoas continuam internadas em unidades de sa\u00fade de Jo\u00e3o Monlevade (12) e de Belo Horizonte (3).&nbsp;Sete passageiros que sofreram ferimentos leves foram atendidos e logo receberam alta. Outros tr\u00eas que estavam a bordo do \u00f4nibus n\u00e3o precisaram de atendimento hospitalar. E uma pessoa n\u00e3o foi localizada. &nbsp;Segundo o delegado regional Paulo Tavares Neto, respons\u00e1vel pelo inqu\u00e9rito instaurado para apurar as causas e respons\u00e1veis pelo acidente,&nbsp;trata-se do&nbsp;motorista do \u00f4nibus.<\/p>\n\n\n\n<h2 class=\"wp-block-heading\">Investiga\u00e7\u00f5es<\/h2>\n\n\n\n<p>Pouco depois o acidente, o Corpo de Bombeiros de Minas Gerais divulgou que, segundo relatos de passageiros e de outras testemunhas, o \u00f4nibus teria perdido tra\u00e7\u00e3o ap\u00f3s atravessar a chamada Ponte Torta e chegar a uma subida. O ve\u00edculo teria voltado de r\u00e9, desgovernado, e percorrido parte da ponte antes de atingir a mureta e cair sobre uma linha de trem.<\/p>\n\n\n\n<p>Em entrevista no fim da tarde deste s\u00e1bado (5), o delegado regional informou que os donos da empresa respons\u00e1vel pelo \u00f4nibus ainda n\u00e3o tinham feito contato com as autoridades. Ainda n\u00e3o est\u00e1 claro se o ve\u00edculo pertence a JS Turismo ou a Localima Transporte, ambas de Alagoas. A JS Turismo informou, em nota, que o \u00f4nibus pertence a Localima e que apenas o arrendava para viagens feitas at\u00e9 outubro deste ano, quando desfez o contrato. Apesar disso, segundo a empresa, a Localima n\u00e3o teria retirado o adesivo da JS Turismo do vidro dianteira do \u00f4nibus.<\/p>\n\n\n\n<p>A reportagem n\u00e3o conseguiu contato com os representantes da Localima. Consultada, a Ag\u00eancia Nacional de Transportes Terrestres (Antt) informou que, embora esteja cadastrada, a JS Turismo n\u00e3o tinha autoriza\u00e7\u00e3o para realizar o servi\u00e7o de transporte de passageiros. J\u00e1 a Localima n\u00e3o est\u00e1 sequer cadastrada junto a ANTT.<\/p>\n\n\n\n<p class=\"has-white-color has-vivid-cyan-blue-background-color has-text-color has-background\">Quer saber as not\u00edcias do <strong>Aconteceu no Vale<\/strong> em primeira m\u00e3o? Siga-nos no Facebook <a rel=\"noreferrer noopener\" href=\"http:\/\/facebook.com\/aconteceunovale\" target=\"_blank\">@aconteceunovale<\/a>, Twitter <a rel=\"noreferrer noopener\" href=\"https:\/\/twitter.com\/noticiadosvales\" target=\"_blank\">@noticiadosvales<\/a> e Instagram <a rel=\"noreferrer noopener\" href=\"https:\/\/www.instagram.com\/aconteceunovale\" target=\"_blank\">@aconteceunovale<\/a>.<\/p>\n","protected":false},"excerpt":{"rendered":"<p>Dois avi\u00f5es da For\u00e7a A\u00e9rea Brasileira (FAB) v\u00e3o ser utilizadas para transportar os corpos e os parentes das v\u00edtimas, bem como os feridos do acidente com o \u00f4nibus que caiu de uma ponte da BR-381, na cidade de Jo\u00e3o Monlevade, na regi\u00e3o central de Minas Gerais, no in\u00edcio da tarde de sexta-feira (4). A decis\u00e3o [&hellip;]<\/p>\n","protected":false},"author":4,"featured_media":170438,"comment_status":"open","ping_status":"closed","sticky":false,"template":"","format":"standard","meta":{"amp_status":"","footnotes":""},"categories":[6,123],"tags":[232092,232097,232088,140953,8237,209677,232094,1102,232091,232096,232086,232085,232087,232089,232095,232093,232098,232090,36403],"class_list":["post-170447","post","type-post","status-publish","format-standard","has-post-thumbnail","hentry","category-br","category-gerais","tag-acidente-com-onibus-da-localima-turismo","tag-acidente-com-onibus-de-mata-grande","tag-acidente-com-onibus-em-joao-monlevade","tag-acidente-em-joao-monlevade","tag-acidente-na-br-381","tag-br-381-2","tag-fotos-do-acidente-com-onibus-da-localima-turismo","tag-joao-monlevade","tag-localima-turismo","tag-mata-grande","tag-onibus-cai-de-viaduto-na-br-381","tag-onibus-cai-de-viaduto-na-br-381-e-deixa-varios-mortos","tag-onibus-cai-de-viaduto-na-br-381-em-joao-monlevade","tag-queda-de-onibus-na-ponte-torta","tag-santa-cruz-do-deserto","tag-tragedia-com-onibus-da-localima-turismo","tag-tragedia-com-onibus-de-mata-grande","tag-tragedia-em-joao-monlevade","tag-tragedia-na-br-381"],"_links":{"self":[{"href":"https:\/\/aconteceunovale.com.br\/portal\/index.php?rest_route=\/wp\/v2\/posts\/170447","targetHints":{"allow":["GET"]}}],"collection":[{"href":"https:\/\/aconteceunovale.com.br\/portal\/index.php?rest_route=\/wp\/v2\/posts"}],"about":[{"href":"https:\/\/aconteceunovale.com.br\/portal\/index.php?rest_route=\/wp\/v2\/types\/post"}],"author":[{"embeddable":true,"href":"https:\/\/aconteceunovale.com.br\/portal\/index.php?rest_route=\/wp\/v2\/users\/4"}],"replies":[{"embeddable":true,"href":"https:\/\/aconteceunovale.com.br\/portal\/index.php?rest_route=%2Fwp%2Fv2%2Fcomments&post=170447"}],"version-history":[{"count":1,"href":"https:\/\/aconteceunovale.com.br\/portal\/index.php?rest_route=\/wp\/v2\/posts\/170447\/revisions"}],"predecessor-version":[{"id":170448,"href":"https:\/\/aconteceunovale.com.br\/portal\/index.php?rest_route=\/wp\/v2\/posts\/170447\/revisions\/170448"}],"wp:featuredmedia":[{"embeddable":true,"href":"https:\/\/aconteceunovale.com.br\/portal\/index.php?rest_route=\/wp\/v2\/media\/170438"}],"wp:attachment":[{"href":"https:\/\/aconteceunovale.com.br\/portal\/index.php?rest_route=%2Fwp%2Fv2%2Fmedia&parent=170447"}],"wp:term":[{"taxonomy":"category","embeddable":true,"href":"https:\/\/aconteceunovale.com.br\/portal\/index.php?rest_route=%2Fwp%2Fv2%2Fcategories&post=170447"},{"taxonomy":"post_tag","embeddable":true,"href":"https:\/\/aconteceunovale.com.br\/portal\/index.php?rest_route=%2Fwp%2Fv2%2Ftags&post=170447"}],"curies":[{"name":"wp","href":"https:\/\/api.w.org\/{rel}","templated":true}]}}