{"id":170445,"date":"2020-12-07T07:10:39","date_gmt":"2020-12-07T10:10:39","guid":{"rendered":"https:\/\/aconteceunovale.com.br\/portal\/?p=170445"},"modified":"2020-12-07T07:11:22","modified_gmt":"2020-12-07T10:11:22","slug":"saiba-como-e-feita-a-renovacao-da-carteira-de-habilitacao","status":"publish","type":"post","link":"https:\/\/aconteceunovale.com.br\/portal\/?p=170445","title":{"rendered":"Saiba como \u00e9 feita a renova\u00e7\u00e3o da carteira de habilita\u00e7\u00e3o"},"content":{"rendered":"\n<p>Com a entrada em vigor da&nbsp;<a href=\"https:\/\/www.gov.br\/infraestrutura\/pt-br\/assuntos\/transito\/conteudo-contran\/resolucoes\/resolucao8052020.pdf\" target=\"_blank\" rel=\"noreferrer noopener\">resolu\u00e7\u00e3o<\/a>&nbsp;do&nbsp;Conselho Nacional de Tr\u00e2nsito (Contran) autorizando a retomada dos prazos para a regulariza\u00e7\u00e3o das carteiras nacionais de Habilita\u00e7\u00e3o (CNHs), vencidas ap\u00f3s&nbsp;19 de fevereiro, \u00e9 preciso ficar atento ao calend\u00e1rio para renova\u00e7\u00e3o do&nbsp;documento.<img decoding=\"async\" src=\"https:\/\/agenciabrasil.ebc.com.br\/ebc.png?id=1395693&amp;o=node\"><img decoding=\"async\" src=\"https:\/\/agenciabrasil.ebc.com.br\/ebc.gif?id=1395693&amp;o=node\"><\/p>\n\n\n\n<p>A medida revogou uma&nbsp;<a href=\"https:\/\/antigo.infraestrutura.gov.br\/images\/Resolucoes\/Resolucao7822020.pdf\" target=\"_blank\" rel=\"noreferrer noopener\">resolu\u00e7\u00e3o<\/a>&nbsp;publicada em mar\u00e7o pelo \u00f3rg\u00e3o, que suspendeu os prazos para a renova\u00e7\u00e3o das CNHs, aplica\u00e7\u00e3o de multas, transfer\u00eancia de ve\u00edculo, o registro e licenciamento de ve\u00edculo novo, entre outros, em raz\u00e3o da pandemia do novo coronav\u00edrus.<\/p>\n\n\n\n<p>Segundo a nova resolu\u00e7\u00e3o, que come\u00e7ou a valer desde a&nbsp;\u00faltima&nbsp;ter\u00e7a-feira (1\u00ba), os documentos de habilita\u00e7\u00e3o vencidos em 2020 ganharam mais um ano de validade. A medida inclui tamb\u00e9m a Autoriza\u00e7\u00e3o para Conduzir Ciclomotores (ACC) e a Permiss\u00e3o Para Dirigir (PPD), documento provis\u00f3rio utilizado no primeiro ano de habilita\u00e7\u00e3o do condutor.<\/p>\n\n\n\n<p>Pelo texto, a renova\u00e7\u00e3o ocorrer\u00e1 com base no m\u00eas de vencimento do documento. Assim, por exemplo, a CNH que perdeu a validade em junho de 2020&nbsp;deve ser renovada no mesmo m\u00eas de 2021.<\/p>\n\n\n\n<p>O objetivo \u00e9 evitar aglomera\u00e7\u00e3o de pessoas. Al\u00e9m disso, a orienta\u00e7\u00e3o \u00e9 de que as pessoas s\u00f3 devem procurar o Departamento Estadual de Tr\u00e2nsito (Detran) em casos emergenciais.<\/p>\n\n\n\n<p>Ainda de acordo com a resolu\u00e7\u00e3o, para fins de fiscaliza\u00e7\u00e3o, qualquer documento de habilita\u00e7\u00e3o vencido em 2020 deve ser aceito at\u00e9 o \u00faltimo dia do m\u00eas correspondente em 2021.<\/p>\n\n\n\n<p>A resolu\u00e7\u00e3o tamb\u00e9m determinou que, a partir de 1\u00ba de dezembro de 2020, fossem retomados os prazos para servi\u00e7os como transfer\u00eancia veicular, comunica\u00e7\u00e3o de venda, mudan\u00e7a de endere\u00e7o, conforme previsto no C\u00f3digo de Tr\u00e2nsito Brasileiro (CTB).<\/p>\n\n\n\n<h2 class=\"wp-block-heading\">Validade CNH<\/h2>\n\n\n\n<p>Outra mudan\u00e7a relacionada \u00e0 CNH foi a que alterou o CTB para ampliar a validade do documento, entre outros pontos. Atualmente a validade m\u00e1xima da CNH \u00e9 de cinco anos para condutores de at\u00e9 65 anos. Acima dessa idade, a validade m\u00e1xima passa a ser de tr\u00eas anos, ou conforme laudo m\u00e9dico.<\/p>\n\n\n\n<p>Com a altera\u00e7\u00e3o, a validade do documento ser\u00e1 de dez anos para condutores de at\u00e9 50 anos de idade; cinco para os de 50 a 70 anos e tr\u00eas anos para condutores acima de 70 anos<\/p>\n\n\n\n<p>Os novos prazos s\u00f3 entrar\u00e3o em vigor em abril de 2021, quando termina o prazo de 180 dias da publica\u00e7\u00e3o da lei no\u00a0<em>Di\u00e1rio Oficial da Uni\u00e3o<\/em>.\u00a0Ou seja, os documentos de habilita\u00e7\u00e3o expedidos antes de a lei entrar em vigor permanecer\u00e3o com o prazo de validade atual.<\/p>\n\n\n\n<p class=\"has-white-color has-vivid-cyan-blue-background-color has-text-color has-background\">Quer saber as not\u00edcias do <strong>Aconteceu no Vale<\/strong> em primeira m\u00e3o? Siga-nos no Facebook <a rel=\"noreferrer noopener\" href=\"http:\/\/facebook.com\/aconteceunovale\" target=\"_blank\">@aconteceunovale<\/a>, Twitter <a rel=\"noreferrer noopener\" href=\"https:\/\/twitter.com\/noticiadosvales\" target=\"_blank\">@noticiadosvales<\/a> e Instagram <a rel=\"noreferrer noopener\" href=\"https:\/\/www.instagram.com\/aconteceunovale\" target=\"_blank\">@aconteceunovale<\/a>.<\/p>\n","protected":false},"excerpt":{"rendered":"<p>Com a entrada em vigor da&nbsp;resolu\u00e7\u00e3o&nbsp;do&nbsp;Conselho Nacional de Tr\u00e2nsito (Contran) autorizando a retomada dos prazos para a regulariza\u00e7\u00e3o das carteiras nacionais de Habilita\u00e7\u00e3o (CNHs), vencidas ap\u00f3s&nbsp;19 de fevereiro, \u00e9 preciso ficar atento ao calend\u00e1rio para renova\u00e7\u00e3o do&nbsp;documento. A medida revogou uma&nbsp;resolu\u00e7\u00e3o&nbsp;publicada em mar\u00e7o pelo \u00f3rg\u00e3o, que suspendeu os prazos para a renova\u00e7\u00e3o das CNHs, aplica\u00e7\u00e3o [&hellip;]<\/p>\n","protected":false},"author":4,"featured_media":133370,"comment_status":"open","ping_status":"closed","sticky":false,"template":"","format":"standard","meta":{"amp_status":"","footnotes":""},"categories":[6],"tags":[231951,231952,25297,1018,231949,231950,170824,194610],"class_list":["post-170445","post","type-post","status-publish","format-standard","has-post-thumbnail","hentry","category-br","tag-carteira-de-motorista-tera-um-ano-a-mais-de-validade","tag-cnh-tera-um-ano-a-mais-de-validade","tag-contran","tag-destaque","tag-documentos-de-habilitacao-vencidos-em-2020-terao-um-ano-a-mais-de-validade","tag-habilitacoes-vencidas-em-2020","tag-renovacao-cnh","tag-validade-da-cnh"],"_links":{"self":[{"href":"https:\/\/aconteceunovale.com.br\/portal\/index.php?rest_route=\/wp\/v2\/posts\/170445","targetHints":{"allow":["GET"]}}],"collection":[{"href":"https:\/\/aconteceunovale.com.br\/portal\/index.php?rest_route=\/wp\/v2\/posts"}],"about":[{"href":"https:\/\/aconteceunovale.com.br\/portal\/index.php?rest_route=\/wp\/v2\/types\/post"}],"author":[{"embeddable":true,"href":"https:\/\/aconteceunovale.com.br\/portal\/index.php?rest_route=\/wp\/v2\/users\/4"}],"replies":[{"embeddable":true,"href":"https:\/\/aconteceunovale.com.br\/portal\/index.php?rest_route=%2Fwp%2Fv2%2Fcomments&post=170445"}],"version-history":[{"count":1,"href":"https:\/\/aconteceunovale.com.br\/portal\/index.php?rest_route=\/wp\/v2\/posts\/170445\/revisions"}],"predecessor-version":[{"id":170446,"href":"https:\/\/aconteceunovale.com.br\/portal\/index.php?rest_route=\/wp\/v2\/posts\/170445\/revisions\/170446"}],"wp:featuredmedia":[{"embeddable":true,"href":"https:\/\/aconteceunovale.com.br\/portal\/index.php?rest_route=\/wp\/v2\/media\/133370"}],"wp:attachment":[{"href":"https:\/\/aconteceunovale.com.br\/portal\/index.php?rest_route=%2Fwp%2Fv2%2Fmedia&parent=170445"}],"wp:term":[{"taxonomy":"category","embeddable":true,"href":"https:\/\/aconteceunovale.com.br\/portal\/index.php?rest_route=%2Fwp%2Fv2%2Fcategories&post=170445"},{"taxonomy":"post_tag","embeddable":true,"href":"https:\/\/aconteceunovale.com.br\/portal\/index.php?rest_route=%2Fwp%2Fv2%2Ftags&post=170445"}],"curies":[{"name":"wp","href":"https:\/\/api.w.org\/{rel}","templated":true}]}}