{"id":170443,"date":"2020-12-07T07:02:13","date_gmt":"2020-12-07T10:02:13","guid":{"rendered":"https:\/\/aconteceunovale.com.br\/portal\/?p=170443"},"modified":"2020-12-07T07:03:03","modified_gmt":"2020-12-07T10:03:03","slug":"stf-vota-pela-inconstitucionalidade-da-reeleicao-de-rodrigo-maia-e-davi-alcolumbre","status":"publish","type":"post","link":"https:\/\/aconteceunovale.com.br\/portal\/?p=170443","title":{"rendered":"STF vota pela inconstitucionalidade da reelei\u00e7\u00e3o de Rodrigo Maia e Davi Alcolumbre"},"content":{"rendered":"\n<p>O Supremo Tribunal Federal (STF) decidiu, no fim da noite desse domingo (6\/12\/2020), durante sess\u00e3o de julgamento em plen\u00e1rio virtual, que os atuais presidentes da C\u00e2mara, Rodrigo Maia (DEM-RJ); e do Senado, Davi Alcolumbre (DEM-AP), n\u00e3o podem disputar a reelei\u00e7\u00e3o na mesma legislatura.<img decoding=\"async\" src=\"https:\/\/agenciabrasil.ebc.com.br\/ebc.png?id=1395696&amp;o=node\"><img decoding=\"async\" src=\"https:\/\/agenciabrasil.ebc.com.br\/ebc.gif?id=1395696&amp;o=node\"><\/p>\n\n\n\n<p>Os \u00faltimos votos foram dos ministros Lu\u00eds Roberto Barroso, Edson Fachin e Luiz Fux. Todos tiveram entendimento contr\u00e1rio ao voto do relator Gilmar Mendes, e decidiram pela inconstitucionalidade da reelei\u00e7\u00e3o de Maia e Alcolumbre.<\/p>\n\n\n\n<p>No entendimento do relator, Maia e Alcolumbre poderiam se reeleger, mas deveria haver uma regra para que fosse permitida apenas uma recondu\u00e7\u00e3o. Ele foi seguido pelos ministros Dias Toffoli, Alexandre de Moraes e Ricardo Lewandowski. Nunes Marques acompanhou o relator, mas em rela\u00e7\u00e3o \u00e0 candidatura de Alcolumbre.<\/p>\n\n\n\n<p>Fachin, Barroso e Fux seguiram os votos das ministras Carmen L\u00facia e Rosa Weber e do ministro Marco Aur\u00e9lio Mello, contr\u00e1rios \u00e0 reelei\u00e7\u00e3o. Ao proferir seu voto, o presidente do STF, ministro Luiz Fux, disse que a norma constitucional \u201cimpede a recondu\u00e7\u00e3o para o mesmo cargo na elei\u00e7\u00e3o imediatamente subsequente a do primeiro ano da legislatura\u201d.<\/p>\n\n\n\n<p>Segundo Fux, \u201cn\u00e3o h\u00e1 como se concluir pela possibilidade de recondu\u00e7\u00e3o em elei\u00e7\u00f5es que ocorram no \u00e2mbito da mesma legislatura sem que se negue vig\u00eancia ao texto constitucional.\u201d<\/p>\n\n\n\n<h2 class=\"wp-block-heading\">Resultado final<\/h2>\n\n\n\n<p>Como o ministro Nunes Marques votou contr\u00e1rio \u00e0 candidatura da reelei\u00e7\u00e3o de Rodrigo Maia, na mesma legislatura, para a presid\u00eancia da C\u00e2mara; e a favor da candidatura de Davi Alcolumbre, para o Senado; o placar final da vota\u00e7\u00e3o, em sess\u00e3o de julgamento no plen\u00e1rio virtual, ficou em 7 votos a 4 contra a Maia e 6 a 5 contra Alcolumbre.<\/p>\n\n\n\n<p>A vota\u00e7\u00e3o foi para decidir sobre A\u00e7\u00e3o Direta de Inconstitucionalidade (ADIn) impetrada pelo PTB. Nela, o partido pedia para que fosse proibida a recondu\u00e7\u00e3o dos presidentes das casas legislativas do Congresso Nacional.<\/p>\n\n\n\n<p class=\"has-white-color has-vivid-cyan-blue-background-color has-text-color has-background\">Quer saber as not\u00edcias do <strong>Aconteceu no Vale<\/strong> em primeira m\u00e3o? Siga-nos no Facebook <a rel=\"noreferrer noopener\" href=\"http:\/\/facebook.com\/aconteceunovale\" target=\"_blank\">@aconteceunovale<\/a>, Twitter <a rel=\"noreferrer noopener\" href=\"https:\/\/twitter.com\/noticiadosvales\" target=\"_blank\">@noticiadosvales<\/a> e Instagram <a rel=\"noreferrer noopener\" href=\"https:\/\/www.instagram.com\/aconteceunovale\" target=\"_blank\">@aconteceunovale<\/a>.<\/p>\n","protected":false},"excerpt":{"rendered":"<p>O Supremo Tribunal Federal (STF) decidiu, no fim da noite desse domingo (6\/12\/2020), durante sess\u00e3o de julgamento em plen\u00e1rio virtual, que os atuais presidentes da C\u00e2mara, Rodrigo Maia (DEM-RJ); e do Senado, Davi Alcolumbre (DEM-AP), n\u00e3o podem disputar a reelei\u00e7\u00e3o na mesma legislatura. Os \u00faltimos votos foram dos ministros Lu\u00eds Roberto Barroso, Edson Fachin e [&hellip;]<\/p>\n","protected":false},"author":4,"featured_media":167858,"comment_status":"open","ping_status":"closed","sticky":false,"template":"","format":"standard","meta":{"amp_status":"","footnotes":""},"categories":[6,40240],"tags":[232101,21888,21940,193841,137597,232100,232099,48373,21938,28511,28510],"class_list":["post-170443","post","type-post","status-publish","format-standard","has-post-thumbnail","hentry","category-br","category-politica-2","tag-alcolumbre","tag-camara","tag-congresso","tag-davi-alcolumbre","tag-maia","tag-reeleicao-de-alcolumbre","tag-reeleicao-de-maia","tag-rodrigo-maia","tag-senado","tag-stf","tag-supremo-tribunal-federal"],"_links":{"self":[{"href":"https:\/\/aconteceunovale.com.br\/portal\/index.php?rest_route=\/wp\/v2\/posts\/170443","targetHints":{"allow":["GET"]}}],"collection":[{"href":"https:\/\/aconteceunovale.com.br\/portal\/index.php?rest_route=\/wp\/v2\/posts"}],"about":[{"href":"https:\/\/aconteceunovale.com.br\/portal\/index.php?rest_route=\/wp\/v2\/types\/post"}],"author":[{"embeddable":true,"href":"https:\/\/aconteceunovale.com.br\/portal\/index.php?rest_route=\/wp\/v2\/users\/4"}],"replies":[{"embeddable":true,"href":"https:\/\/aconteceunovale.com.br\/portal\/index.php?rest_route=%2Fwp%2Fv2%2Fcomments&post=170443"}],"version-history":[{"count":1,"href":"https:\/\/aconteceunovale.com.br\/portal\/index.php?rest_route=\/wp\/v2\/posts\/170443\/revisions"}],"predecessor-version":[{"id":170444,"href":"https:\/\/aconteceunovale.com.br\/portal\/index.php?rest_route=\/wp\/v2\/posts\/170443\/revisions\/170444"}],"wp:featuredmedia":[{"embeddable":true,"href":"https:\/\/aconteceunovale.com.br\/portal\/index.php?rest_route=\/wp\/v2\/media\/167858"}],"wp:attachment":[{"href":"https:\/\/aconteceunovale.com.br\/portal\/index.php?rest_route=%2Fwp%2Fv2%2Fmedia&parent=170443"}],"wp:term":[{"taxonomy":"category","embeddable":true,"href":"https:\/\/aconteceunovale.com.br\/portal\/index.php?rest_route=%2Fwp%2Fv2%2Fcategories&post=170443"},{"taxonomy":"post_tag","embeddable":true,"href":"https:\/\/aconteceunovale.com.br\/portal\/index.php?rest_route=%2Fwp%2Fv2%2Ftags&post=170443"}],"curies":[{"name":"wp","href":"https:\/\/api.w.org\/{rel}","templated":true}]}}