{"id":170437,"date":"2020-12-04T21:23:47","date_gmt":"2020-12-05T00:23:47","guid":{"rendered":"https:\/\/aconteceunovale.com.br\/portal\/?p=170437"},"modified":"2020-12-07T07:19:03","modified_gmt":"2020-12-07T10:19:03","slug":"onibus-cai-de-viaduto-na-br-381-e-deixa-varios-mortos","status":"publish","type":"post","link":"https:\/\/aconteceunovale.com.br\/portal\/?p=170437","title":{"rendered":"\u00d4nibus cai de viaduto na BR-381 e deixa v\u00e1rios mortos"},"content":{"rendered":"\n<p>Um \u00f4nibus caiu de um viaduto conhecido como &#8220;Ponte Torta&#8221;, no km 350 da BR-381, em Jo\u00e3o Monlevade (MG), nesta sexta-feira (4\/12\/2020). O acidente aconteceu por volta de 13h30 e h\u00e1 suspeita de falha no freio do ve\u00edculo. \u00c0s 20h50, a informa\u00e7\u00e3o do Corpo de Bombeiros era de 17 mortes \u2013 12 no local e cinco no hospital.<\/p>\n\n\n\n<p>As v\u00edtimas foram socorridas e levadas para o Hospital Margarida, em Jo\u00e3o Monlevade. Segundo os bombeiros, at\u00e9 as 19h, outras 27 pessoas feridas foram resgatadas, sendo tr\u00eas em estado grave.<\/p>\n\n\n\n<p>O \u00f4nibus, que saiu de Santa Cruz do Deserto, no munic\u00edpio de Mata Grande (AL), na manh\u00e3 de quinta-feira (3) e ia para S\u00e3o Paulo (SP), pertence a uma empresa chamada Localima Turismo.<\/p>\n\n\n\n<p>Os feridos em estado grave \u2013 um adulto e duas crian\u00e7as, seus filhos \u2013 precisaram ser encaminhados de helic\u00f3ptero para o Hospital de Pronto-Socorro Jo\u00e3o XXIII, em Belo Horizonte.<\/p>\n\n\n\n<p>Segundo a Pol\u00edcia Civil, o \u00f4nibus caiu \u00e0s margens da estrada de ferro Vit\u00f3ria-Minas e do rio Piracicaba, de uma altura aproximada de 35 metros, segundo a medi\u00e7\u00e3o feita pelos peritos.<\/p>\n\n\n\n<figure class=\"wp-block-gallery columns-1 is-cropped wp-block-gallery-1 is-layout-flex wp-block-gallery-is-layout-flex\"><ul class=\"blocks-gallery-grid\"><li class=\"blocks-gallery-item\"><figure><img loading=\"lazy\" decoding=\"async\" width=\"678\" height=\"381\" src=\"https:\/\/aconteceunovale.com.br\/portal\/wp-content\/uploads\/2020\/12\/acidente_381_2.jpeg\" alt=\"\" data-id=\"170438\" data-full-url=\"https:\/\/aconteceunovale.com.br\/portal\/wp-content\/uploads\/2020\/12\/acidente_381_2.jpeg\" data-link=\"https:\/\/aconteceunovale.com.br\/portal\/?attachment_id=170438\" class=\"wp-image-170438\" srcset=\"https:\/\/aconteceunovale.com.br\/portal\/wp-content\/uploads\/2020\/12\/acidente_381_2.jpeg 678w, https:\/\/aconteceunovale.com.br\/portal\/wp-content\/uploads\/2020\/12\/acidente_381_2-300x169.jpeg 300w\" sizes=\"auto, (max-width: 678px) 100vw, 678px\" \/><figcaption class=\"blocks-gallery-item__caption\"><em>Foto: Divulga\u00e7\u00e3o \/ Corpo de Bombeiros<\/em><\/figcaption><\/figure><\/li><\/ul><\/figure>\n\n\n\n<h2 class=\"wp-block-heading\"><strong>Como aconteceu o acidente<\/strong><\/h2>\n\n\n\n<p>Segundo as informa\u00e7\u00f5es do Corpo de Bombeiros, quando estava passando pela ponte, no sentido Belo Horizonte da pista, o motorista do \u00f4nibus &#8220;perdeu o controle do ve\u00edculo ap\u00f3s suposta falha mec\u00e2nica no freio, chocando seu retrovisor com um caminh\u00e3o que estava no local&#8221;.<\/p>\n\n\n\n<p>&#8220;Nesse momento, o condutor gritou que havia perdido os freios e o \u00f4nibus come\u00e7ou a voltar de r\u00e9, descontrolado, batendo na prote\u00e7\u00e3o lateral da ponte. Nesse momento, 6 pessoas conseguiram pular do \u00f4nibus antes que ele ca\u00edsse, incluindo o motorista, que ainda n\u00e3o foi localizado&#8221;, disse o Corpo de Bombeiros, em atualiza\u00e7\u00e3o \u00e0s 20h.<\/p>\n\n\n\n<p>A Pol\u00edcia Rodovi\u00e1ria Federal tamb\u00e9m trabalha com a informa\u00e7\u00e3o de que o motorista pulou do ve\u00edculo e depois fugiu: &#8220;Sim. As informa\u00e7\u00f5es repassadas do local s\u00e3o essas. Inclusive h\u00e1 equipes de policiais na tentativa de localizar o motorista&#8221;, disse o inspetor Cristiano Mendes, chefe-substituto da comunica\u00e7\u00e3o social da PRF.<\/p>\n\n\n\n<p>Os bombeiros informaram, \u00e0s 20h, que n\u00e3o haver\u00e1 novas transfer\u00eancias entre hospitais nesta sexta e que todas as v\u00edtimas j\u00e1 foram retiradas do local.<\/p>\n\n\n\n<figure class=\"wp-block-gallery columns-1 is-cropped wp-block-gallery-2 is-layout-flex wp-block-gallery-is-layout-flex\"><ul class=\"blocks-gallery-grid\"><li class=\"blocks-gallery-item\"><figure><img loading=\"lazy\" decoding=\"async\" width=\"675\" height=\"450\" src=\"https:\/\/aconteceunovale.com.br\/portal\/wp-content\/uploads\/2020\/12\/acidente_381_1.jpg\" alt=\"\" data-id=\"170439\" data-full-url=\"https:\/\/aconteceunovale.com.br\/portal\/wp-content\/uploads\/2020\/12\/acidente_381_1.jpg\" data-link=\"https:\/\/aconteceunovale.com.br\/portal\/?attachment_id=170439\" class=\"wp-image-170439\" srcset=\"https:\/\/aconteceunovale.com.br\/portal\/wp-content\/uploads\/2020\/12\/acidente_381_1.jpg 675w, https:\/\/aconteceunovale.com.br\/portal\/wp-content\/uploads\/2020\/12\/acidente_381_1-300x200.jpg 300w, https:\/\/aconteceunovale.com.br\/portal\/wp-content\/uploads\/2020\/12\/acidente_381_1-630x420.jpg 630w\" sizes=\"auto, (max-width: 675px) 100vw, 675px\" \/><figcaption class=\"blocks-gallery-item__caption\"><em>Foto: Divulga\u00e7\u00e3o \/ Corpo de Bombeiros<\/em><\/figcaption><\/figure><\/li><\/ul><\/figure>\n\n\n\n<h2 class=\"wp-block-heading\"><strong>Resgate<\/strong><\/h2>\n\n\n\n<p>Por volta de 17h40, o \u00f4nibus come\u00e7ou a ser retirado da linha do trem. O Inspetor Brant, da PRF, informou que os socorristas estavam vendo se havia pessoas embaixo do ve\u00edculo e tentando encontrar documentos das v\u00edtimas. Uma conten\u00e7\u00e3o tempor\u00e1ria vai ser feita na mureta do viaduto. A via foi totalmente liberada \u00e0s 18h30.<\/p>\n\n\n\n<p>A Pol\u00edcia Civil informou, por volta de 16h40, que a per\u00edcia esteve no local para fazer os primeiros levantamentos. Os corpos foram encaminhados para o Instituto M\u00e9dico Legal (IML) Andr\u00e9 Roquete, em Belo Horizonte, e para o Posto M\u00e9dico Legal da cidade de Jo\u00e3o Monlevade.<\/p>\n\n\n\n<h2 class=\"wp-block-heading\"><strong>Apoio<\/strong><\/h2>\n\n\n\n<p>Pouco depois do acidente, no Twitter, o governador de Minas Gerais, Romeu Zema, se disse&nbsp;&#8220;estarrecido&#8221;&nbsp;e afirmou que \u201cequipes dos bombeiros, policiais, ambul\u00e2ncias e helic\u00f3ptero estavam no local para atendimento aos feridos, apoio \u00e0s fam\u00edlias e apura\u00e7\u00e3o dos fatos\u201d.<br><br>\u201cEstarrecido. Toda a minha solidariedade aos familiares e amigos das v\u00edtimas do grave acidente que ocorreu nesta tarde, em Jo\u00e3o Monlevade, regi\u00e3o central. At\u00e9 o momento, 10 mortos foram confirmados nesta triste trag\u00e9dia\u201d, disse Zema.<\/p>\n\n\n\n<p class=\"has-white-color has-vivid-cyan-blue-background-color has-text-color has-background\">Quer saber as not\u00edcias do <strong>Aconteceu no Vale<\/strong> em primeira m\u00e3o? Siga-nos no Facebook <a rel=\"noreferrer noopener\" href=\"http:\/\/facebook.com\/aconteceunovale\" target=\"_blank\">@aconteceunovale<\/a>, Twitter <a rel=\"noreferrer noopener\" href=\"https:\/\/twitter.com\/noticiadosvales\" target=\"_blank\">@noticiadosvales<\/a> e Instagram <a rel=\"noreferrer noopener\" href=\"https:\/\/www.instagram.com\/aconteceunovale\" target=\"_blank\">@aconteceunovale<\/a>.<\/p>\n","protected":false},"excerpt":{"rendered":"<p>Um \u00f4nibus caiu de um viaduto conhecido como &#8220;Ponte Torta&#8221;, no km 350 da BR-381, em Jo\u00e3o Monlevade (MG), nesta sexta-feira (4\/12\/2020). O acidente aconteceu por volta de 13h30 e h\u00e1 suspeita de falha no freio do ve\u00edculo. \u00c0s 20h50, a informa\u00e7\u00e3o do Corpo de Bombeiros era de 17 mortes \u2013 12 no local e [&hellip;]<\/p>\n","protected":false},"author":4,"featured_media":170438,"comment_status":"open","ping_status":"closed","sticky":false,"template":"","format":"standard","meta":{"amp_status":"","footnotes":""},"categories":[6,123],"tags":[232092,232097,232088,140953,8237,209677,232094,1102,232091,232096,232086,232085,232087,232089,232095,232093,232098,232090,36403],"class_list":["post-170437","post","type-post","status-publish","format-standard","has-post-thumbnail","hentry","category-br","category-gerais","tag-acidente-com-onibus-da-localima-turismo","tag-acidente-com-onibus-de-mata-grande","tag-acidente-com-onibus-em-joao-monlevade","tag-acidente-em-joao-monlevade","tag-acidente-na-br-381","tag-br-381-2","tag-fotos-do-acidente-com-onibus-da-localima-turismo","tag-joao-monlevade","tag-localima-turismo","tag-mata-grande","tag-onibus-cai-de-viaduto-na-br-381","tag-onibus-cai-de-viaduto-na-br-381-e-deixa-varios-mortos","tag-onibus-cai-de-viaduto-na-br-381-em-joao-monlevade","tag-queda-de-onibus-na-ponte-torta","tag-santa-cruz-do-deserto","tag-tragedia-com-onibus-da-localima-turismo","tag-tragedia-com-onibus-de-mata-grande","tag-tragedia-em-joao-monlevade","tag-tragedia-na-br-381"],"_links":{"self":[{"href":"https:\/\/aconteceunovale.com.br\/portal\/index.php?rest_route=\/wp\/v2\/posts\/170437","targetHints":{"allow":["GET"]}}],"collection":[{"href":"https:\/\/aconteceunovale.com.br\/portal\/index.php?rest_route=\/wp\/v2\/posts"}],"about":[{"href":"https:\/\/aconteceunovale.com.br\/portal\/index.php?rest_route=\/wp\/v2\/types\/post"}],"author":[{"embeddable":true,"href":"https:\/\/aconteceunovale.com.br\/portal\/index.php?rest_route=\/wp\/v2\/users\/4"}],"replies":[{"embeddable":true,"href":"https:\/\/aconteceunovale.com.br\/portal\/index.php?rest_route=%2Fwp%2Fv2%2Fcomments&post=170437"}],"version-history":[{"count":5,"href":"https:\/\/aconteceunovale.com.br\/portal\/index.php?rest_route=\/wp\/v2\/posts\/170437\/revisions"}],"predecessor-version":[{"id":170450,"href":"https:\/\/aconteceunovale.com.br\/portal\/index.php?rest_route=\/wp\/v2\/posts\/170437\/revisions\/170450"}],"wp:featuredmedia":[{"embeddable":true,"href":"https:\/\/aconteceunovale.com.br\/portal\/index.php?rest_route=\/wp\/v2\/media\/170438"}],"wp:attachment":[{"href":"https:\/\/aconteceunovale.com.br\/portal\/index.php?rest_route=%2Fwp%2Fv2%2Fmedia&parent=170437"}],"wp:term":[{"taxonomy":"category","embeddable":true,"href":"https:\/\/aconteceunovale.com.br\/portal\/index.php?rest_route=%2Fwp%2Fv2%2Fcategories&post=170437"},{"taxonomy":"post_tag","embeddable":true,"href":"https:\/\/aconteceunovale.com.br\/portal\/index.php?rest_route=%2Fwp%2Fv2%2Ftags&post=170437"}],"curies":[{"name":"wp","href":"https:\/\/api.w.org\/{rel}","templated":true}]}}