{"id":170429,"date":"2020-12-04T11:32:36","date_gmt":"2020-12-04T14:32:36","guid":{"rendered":"https:\/\/aconteceunovale.com.br\/portal\/?p=170429"},"modified":"2020-12-04T11:48:21","modified_gmt":"2020-12-04T14:48:21","slug":"inscricao-no-cadastro-escolar-2021-termina-na-proxima-semana","status":"publish","type":"post","link":"https:\/\/aconteceunovale.com.br\/portal\/?p=170429","title":{"rendered":"Inscri\u00e7\u00e3o no cadastro escolar 2021 termina na pr\u00f3xima semana"},"content":{"rendered":"\n<p>Pais, respons\u00e1veis ou o pr\u00f3prio aluno com mais de 18 anos que desejam garantir uma vaga na rede p\u00fablica de ensino mineira para 2021 devem ficar atentos. Os que ainda n\u00e3o se inscreveram no Sistema \u00danico de Cadastro e Encaminhamento para Matr\u00edcula (Sucem) t\u00eam at\u00e9 11\/12 para efetivar o cadastramento escolar. A inscri\u00e7\u00e3o deve ser feita no endere\u00e7o&nbsp;<a href=\"http:\/\/cadastroescolar.educacao.mg.gov.br\/\" target=\"_blank\" rel=\"noreferrer noopener\">cadastroescolar.educacao.mg.gov.br<\/a>.<\/p>\n\n\n\n<p>A partir deste ano, nos munic\u00edpios que aderiram ao Sucem, o cadastro escolar e o encaminhamento dos candidatos \u00e0s vagas nos ensinos fundamental e m\u00e9dio ser\u00e3o feitos de forma \u00fanica. Quando o candidato acessar o sistema para realizar a inscri\u00e7\u00e3o, a escola indicada para a realiza\u00e7\u00e3o da matr\u00edcula, mais pr\u00f3xima da resid\u00eancia do aluno, pode ser municipal ou estadual.<\/p>\n\n\n\n<p><strong>Quem pode se inscrever&nbsp;<\/strong><\/p>\n\n\n\n<p>Devem ser inscritos alunos com 6 anos de idade completos ou a completar at\u00e9 31 de mar\u00e7o de 2021, que ir\u00e3o ingressar no 1\u00ba ano do ensino fundamental. Al\u00e9m deles, estudantes que v\u00e3o ingressar nos demais anos de escolaridade do ensino fundamental ou m\u00e9dio, advindos de outras redes que n\u00e3o as redes municipais ou estadual de Minas Gerais.<\/p>\n\n\n\n<p>Os alunos que j\u00e1 est\u00e3o matriculados em 2020 em escolas da rede p\u00fablica de ensino em Minas Gerais que n\u00e3o v\u00e3o oferecer, em 2021, o n\u00edvel de ensino ou o ano de escolaridade subsequente a ser cursado, tamb\u00e9m devem fazer o cadastro escolar.<\/p>\n\n\n\n<p>Podem se inscrever, ainda, interessados em retornar aos estudos nos ensinos fundamental ou m\u00e9dio regular ou na modalidade da Educa\u00e7\u00e3o Jovens e Adultos (EJA), al\u00e9m daqueles que est\u00e3o matriculados em 2020 na rede estadual de ensino e que, por algum motivo, n\u00e3o fizeram a renova\u00e7\u00e3o da matr\u00edcula.<\/p>\n\n\n\n<p><strong>Sem internet<\/strong><\/p>\n\n\n\n<p>Aqueles que n\u00e3o t\u00eam acesso aos recursos digitais podem procurar as escolas estaduais e municipais na sua cidade para fazer a inscri\u00e7\u00e3o, com a ado\u00e7\u00e3o de todas as estrat\u00e9gias de seguran\u00e7a orientadas pela&nbsp;<a href=\"https:\/\/www.saude.mg.gov.br\/\" target=\"_blank\" rel=\"noreferrer noopener\">Secretaria de Estado de Sa\u00fade (SES-MG)<\/a>&nbsp;e pela&nbsp;<a href=\"https:\/\/www.educacao.mg.gov.br\/\" target=\"_blank\" rel=\"noreferrer noopener\">Secretaria de Estado de Educa\u00e7\u00e3o (SEE\/MG)<\/a>, em conson\u00e2ncia com as delibera\u00e7\u00f5es do Comit\u00ea Extraordin\u00e1rio Covid-19. Os pontos de apoio funcionar\u00e3o das 9h \u00e0s 16h, at\u00e9 o dia 11\/12.&nbsp;<\/p>\n\n\n\n<p><strong>Guia&nbsp;<\/strong><\/p>\n\n\n\n<p>Para auxiliar familiares e estudantes com a inscri\u00e7\u00e3o no Sucem, a SEE\/MG elaborou um guia de utiliza\u00e7\u00e3o do sistema com um passo a passo de acesso. O material est\u00e1 dispon\u00edvel na p\u00e1gina principal do endere\u00e7o&nbsp;<a href=\"http:\/\/cadastroescolar.educacao.mg.gov.br\/\" target=\"_blank\" rel=\"noreferrer noopener\">cadastroescolar.educacao.mg.gov.br<\/a>.<\/p>\n\n\n\n<p><strong>O Sucem<\/strong><\/p>\n\n\n\n<p>Em todo o estado, 756 prefeituras aderiram ao Sucem. Se o munic\u00edpio tiver aderido, quando o candidato fizer a inscri\u00e7\u00e3o, estar\u00e3o dispon\u00edveis op\u00e7\u00f5es de escolas estaduais e municipais mais pr\u00f3ximas do bairro\/localidade informados. Nos munic\u00edpios em que n\u00e3o houve a ades\u00e3o ao sistema, aparecer\u00e1 apenas a op\u00e7\u00e3o de escolas estaduais.&nbsp;<\/p>\n\n\n\n<p>Caso o interessado deseje estudar apenas em uma escola municipal naquela localidade, ele deve entrar em contato com a secretaria municipal de Educa\u00e7\u00e3o e obter informa\u00e7\u00f5es sobre o cadastramento. Na p\u00e1gina do Sucem \u00e9 poss\u00edvel acessar a lista completa com o nome dos 97 munic\u00edpios que n\u00e3o aderiram \u00e0 iniciativa.<\/p>\n\n\n\n<p>A parceria entre estado e munic\u00edpios para a cria\u00e7\u00e3o do sistema contou com a colabora\u00e7\u00e3o e apoio da Uni\u00e3o Nacional dos Dirigentes Municipais de Educa\u00e7\u00e3o de Minas Gerais (Undime\/MG).<\/p>\n\n\n\n<p class=\"has-white-color has-vivid-cyan-blue-background-color has-text-color has-background\">Quer saber as not\u00edcias do <strong>Aconteceu no Vale<\/strong> em primeira m\u00e3o? Siga-nos no Facebook <a rel=\"noreferrer noopener\" href=\"http:\/\/facebook.com\/aconteceunovale\" target=\"_blank\">@aconteceunovale<\/a>, Twitter <a rel=\"noreferrer noopener\" href=\"https:\/\/twitter.com\/noticiadosvales\" target=\"_blank\">@noticiadosvales<\/a> e Instagram <a rel=\"noreferrer noopener\" href=\"https:\/\/www.instagram.com\/aconteceunovale\" target=\"_blank\">@aconteceunovale<\/a>.<\/p>\n","protected":false},"excerpt":{"rendered":"<p>Pais, respons\u00e1veis ou o pr\u00f3prio aluno com mais de 18 anos que desejam garantir uma vaga na rede p\u00fablica de ensino mineira para 2021 devem ficar atentos. Os que ainda n\u00e3o se inscreveram no Sistema \u00danico de Cadastro e Encaminhamento para Matr\u00edcula (Sucem) t\u00eam at\u00e9 11\/12 para efetivar o cadastramento escolar. A inscri\u00e7\u00e3o deve ser [&hellip;]<\/p>\n","protected":false},"author":4,"featured_media":170430,"comment_status":"open","ping_status":"closed","sticky":false,"template":"","format":"standard","meta":{"amp_status":"","footnotes":""},"categories":[40238,123],"tags":[230793,230795,230794,1018,230797,230792,230796],"class_list":["post-170429","post","type-post","status-publish","format-standard","has-post-thumbnail","hentry","category-educacao-2","category-gerais","tag-cadastro-escolar-2021","tag-cadastro-escolas-estaduais","tag-cadastro-escolas-municipais","tag-destaque","tag-informacoes-sobre-cadastro-escolar","tag-iniciado-o-cadastro-escolar-para-2021-na-rede-publica","tag-site-para-cadastro-escolar"],"_links":{"self":[{"href":"https:\/\/aconteceunovale.com.br\/portal\/index.php?rest_route=\/wp\/v2\/posts\/170429","targetHints":{"allow":["GET"]}}],"collection":[{"href":"https:\/\/aconteceunovale.com.br\/portal\/index.php?rest_route=\/wp\/v2\/posts"}],"about":[{"href":"https:\/\/aconteceunovale.com.br\/portal\/index.php?rest_route=\/wp\/v2\/types\/post"}],"author":[{"embeddable":true,"href":"https:\/\/aconteceunovale.com.br\/portal\/index.php?rest_route=\/wp\/v2\/users\/4"}],"replies":[{"embeddable":true,"href":"https:\/\/aconteceunovale.com.br\/portal\/index.php?rest_route=%2Fwp%2Fv2%2Fcomments&post=170429"}],"version-history":[{"count":2,"href":"https:\/\/aconteceunovale.com.br\/portal\/index.php?rest_route=\/wp\/v2\/posts\/170429\/revisions"}],"predecessor-version":[{"id":170432,"href":"https:\/\/aconteceunovale.com.br\/portal\/index.php?rest_route=\/wp\/v2\/posts\/170429\/revisions\/170432"}],"wp:featuredmedia":[{"embeddable":true,"href":"https:\/\/aconteceunovale.com.br\/portal\/index.php?rest_route=\/wp\/v2\/media\/170430"}],"wp:attachment":[{"href":"https:\/\/aconteceunovale.com.br\/portal\/index.php?rest_route=%2Fwp%2Fv2%2Fmedia&parent=170429"}],"wp:term":[{"taxonomy":"category","embeddable":true,"href":"https:\/\/aconteceunovale.com.br\/portal\/index.php?rest_route=%2Fwp%2Fv2%2Fcategories&post=170429"},{"taxonomy":"post_tag","embeddable":true,"href":"https:\/\/aconteceunovale.com.br\/portal\/index.php?rest_route=%2Fwp%2Fv2%2Ftags&post=170429"}],"curies":[{"name":"wp","href":"https:\/\/api.w.org\/{rel}","templated":true}]}}