{"id":170426,"date":"2020-12-04T11:29:17","date_gmt":"2020-12-04T14:29:17","guid":{"rendered":"https:\/\/aconteceunovale.com.br\/portal\/?p=170426"},"modified":"2020-12-04T11:30:11","modified_gmt":"2020-12-04T14:30:11","slug":"see-mg-vai-prorrogar-contratos-de-designacao-ate-janeiro-de-2021","status":"publish","type":"post","link":"https:\/\/aconteceunovale.com.br\/portal\/?p=170426","title":{"rendered":"SEE-MG vai prorrogar contratos de designa\u00e7\u00e3o at\u00e9 janeiro de 2021"},"content":{"rendered":"\n<p>Por causa da suspens\u00e3o das atividades presenciais, em raz\u00e3o da pandemia de covid-19, o calend\u00e1rio das escolas p\u00fablicas estaduais de Minas Gerais precisou ser reorganizado. Por isso, a&nbsp;<a href=\"https:\/\/www.educacao.mg.gov.br\/\" target=\"_blank\" rel=\"noreferrer noopener\">Secretaria de Estado de Educa\u00e7\u00e3o (SEE\/MG)<\/a>&nbsp;ir\u00e1 prorrogar automaticamente no sistema os contratos de designa\u00e7\u00e3o firmados para a realiza\u00e7\u00e3o das atividades letivas em 2020. Os documentos ser\u00e3o v\u00e1lidos at\u00e9 30\/1\/2021 &#8211; data em que termina o ano escolar na rede.<\/p>\n\n\n\n<p>A informa\u00e7\u00e3o foi confirmada pela subsecret\u00e1ria de Gest\u00e3o e Recursos Humanos da SEE\/MG, Ana Costa Rego, durante audi\u00eancia p\u00fablica realizada na Assembleia Legislativa de Minas Gerais (ALMG), no m\u00eas de novembro.<\/p>\n\n\n\n<p><strong>Calend\u00e1rio Escolar<\/strong><\/p>\n\n\n\n<p>O novo Calend\u00e1rio Escolar de 2020 foi institu\u00eddo pela Resolu\u00e7\u00e3o SEE n\u00ba 4.422, publicada no&nbsp;<a href=\"https:\/\/www.jornalminasgerais.mg.gov.br\/\" target=\"_blank\" rel=\"noreferrer noopener\">Di\u00e1rio Oficial de Minas Gerais<\/a>&nbsp;em 1\/10. O documento estabelece procedimentos de ensino, diretrizes administrativas e pedag\u00f3gicas do calend\u00e1rio escolar de 2020.&nbsp;<\/p>\n\n\n\n<p>O texto determina, al\u00e9m da data de encerramento do ano escolar na rede estadual de ensino, os recessos dos dias 22 a 24\/12 e 28 a 31\/12\/2020.<\/p>\n\n\n\n<p class=\"has-white-color has-vivid-cyan-blue-background-color has-text-color has-background\">Quer saber as not\u00edcias do <strong>Aconteceu no Vale<\/strong> em primeira m\u00e3o? Siga-nos no Facebook <a rel=\"noreferrer noopener\" href=\"http:\/\/facebook.com\/aconteceunovale\" target=\"_blank\">@aconteceunovale<\/a>, Twitter <a rel=\"noreferrer noopener\" href=\"https:\/\/twitter.com\/noticiadosvales\" target=\"_blank\">@noticiadosvales<\/a> e Instagram <a rel=\"noreferrer noopener\" href=\"https:\/\/www.instagram.com\/aconteceunovale\" target=\"_blank\">@aconteceunovale<\/a>.<\/p>\n","protected":false},"excerpt":{"rendered":"<p>Por causa da suspens\u00e3o das atividades presenciais, em raz\u00e3o da pandemia de covid-19, o calend\u00e1rio das escolas p\u00fablicas estaduais de Minas Gerais precisou ser reorganizado. Por isso, a&nbsp;Secretaria de Estado de Educa\u00e7\u00e3o (SEE\/MG)&nbsp;ir\u00e1 prorrogar automaticamente no sistema os contratos de designa\u00e7\u00e3o firmados para a realiza\u00e7\u00e3o das atividades letivas em 2020. Os documentos ser\u00e3o v\u00e1lidos at\u00e9 [&hellip;]<\/p>\n","protected":false},"author":4,"featured_media":114832,"comment_status":"open","ping_status":"closed","sticky":false,"template":"","format":"standard","meta":{"amp_status":"","footnotes":""},"categories":[40238,123],"tags":[232078,219000,210247,232079,133841],"class_list":["post-170426","post","type-post","status-publish","format-standard","has-post-thumbnail","hentry","category-educacao-2","category-gerais","tag-calendario-das-escolas-de-minas-gerais","tag-calendario-escolar","tag-designacao-educacao-minas-gerais","tag-prorrogacao-contratos-designacao-educacao-minas-gerais","tag-see-mg"],"_links":{"self":[{"href":"https:\/\/aconteceunovale.com.br\/portal\/index.php?rest_route=\/wp\/v2\/posts\/170426","targetHints":{"allow":["GET"]}}],"collection":[{"href":"https:\/\/aconteceunovale.com.br\/portal\/index.php?rest_route=\/wp\/v2\/posts"}],"about":[{"href":"https:\/\/aconteceunovale.com.br\/portal\/index.php?rest_route=\/wp\/v2\/types\/post"}],"author":[{"embeddable":true,"href":"https:\/\/aconteceunovale.com.br\/portal\/index.php?rest_route=\/wp\/v2\/users\/4"}],"replies":[{"embeddable":true,"href":"https:\/\/aconteceunovale.com.br\/portal\/index.php?rest_route=%2Fwp%2Fv2%2Fcomments&post=170426"}],"version-history":[{"count":1,"href":"https:\/\/aconteceunovale.com.br\/portal\/index.php?rest_route=\/wp\/v2\/posts\/170426\/revisions"}],"predecessor-version":[{"id":170427,"href":"https:\/\/aconteceunovale.com.br\/portal\/index.php?rest_route=\/wp\/v2\/posts\/170426\/revisions\/170427"}],"wp:featuredmedia":[{"embeddable":true,"href":"https:\/\/aconteceunovale.com.br\/portal\/index.php?rest_route=\/wp\/v2\/media\/114832"}],"wp:attachment":[{"href":"https:\/\/aconteceunovale.com.br\/portal\/index.php?rest_route=%2Fwp%2Fv2%2Fmedia&parent=170426"}],"wp:term":[{"taxonomy":"category","embeddable":true,"href":"https:\/\/aconteceunovale.com.br\/portal\/index.php?rest_route=%2Fwp%2Fv2%2Fcategories&post=170426"},{"taxonomy":"post_tag","embeddable":true,"href":"https:\/\/aconteceunovale.com.br\/portal\/index.php?rest_route=%2Fwp%2Fv2%2Ftags&post=170426"}],"curies":[{"name":"wp","href":"https:\/\/api.w.org\/{rel}","templated":true}]}}