{"id":170420,"date":"2020-12-04T10:57:26","date_gmt":"2020-12-04T13:57:26","guid":{"rendered":"https:\/\/aconteceunovale.com.br\/portal\/?p=170420"},"modified":"2020-12-04T10:57:47","modified_gmt":"2020-12-04T13:57:47","slug":"cozinheira-que-sofreu-racismo-praticado-pelas-socias-de-motel-no-norte-de-minas-recebera-indenizacao-por-danos-morais","status":"publish","type":"post","link":"https:\/\/aconteceunovale.com.br\/portal\/?p=170420","title":{"rendered":"Cozinheira que sofreu racismo praticado pelas s\u00f3cias de motel no Norte de Minas receber\u00e1 indeniza\u00e7\u00e3o por danos morais"},"content":{"rendered":"\n<p>A Justi\u00e7a do Trabalho determinou o pagamento de indeniza\u00e7\u00e3o por danos morais no valor de R$ 5 mil a uma cozinheira que foi v\u00edtima de racismo pelas s\u00f3cias de um motel, ao ser chamada de\u00a0<em>\u201cnega preta\u201d\u00a0<\/em>e outros termos pejorativos, durante o contrato de trabalho. A decis\u00e3o \u00e9 dos julgadores da D\u00e9cima Turma do TRT-MG, que mantiveram a condena\u00e7\u00e3o de indeniza\u00e7\u00e3o imposta pela decis\u00e3o recorrida do ju\u00edzo da 1\u00aa Vara do Trabalho de Montes Claros.<\/p>\n\n\n\n<p>A cozinheira alegou que, nos \u00faltimos cinco anos, a rela\u00e7\u00e3o de emprego tornou-se insuport\u00e1vel,&nbsp;<em>\u201cpois passou a sofrer constante ass\u00e9dio moral por parte das propriet\u00e1rias do estabelecimento\u201d,&nbsp;<\/em>que s\u00e3o, respectivamente, m\u00e3e e filha<em>.&nbsp;<\/em>Contou que o ass\u00e9dio era exteriorizado atrav\u00e9s de um tratamento excessivamente rigoroso, com ordens de&nbsp;<em>\u201cbater metas\u201d<\/em>&nbsp;a qualquer custo e exig\u00eancias de trabalhos superiores \u00e0s suas for\u00e7as. Segundo ela, as humilha\u00e7\u00f5es sofridas eram frequentes, com xingamentos, inclusive com n\u00edtida inj\u00faria racial.<\/p>\n\n\n\n<p>De acordo com a cozinheira, as s\u00f3cias a tratavam de forma preconceituosa, chamando-a de \u201cnega preta\u201d, \u201cpreta de (&#8230;)\u201d, express\u00f5es, que segundo a reclamante, eram ditas diante de qualquer pessoa com o n\u00edtido prop\u00f3sito de provocar humilha\u00e7\u00e3o.<\/p>\n\n\n\n<p>Considerando a revelia e a pena de confiss\u00e3o ficta aplicadas aos reclamados, o juiz convocado Vicente de Paula Maciel J\u00fanior, relator do recurso, acolheu as alega\u00e7\u00f5es da reclamante quanto \u00e0 pr\u00e1tica dos atos il\u00edcitos alegados e reconheceu que, diante dos fatos, \u00e9 presum\u00edvel o dano moral.<\/p>\n\n\n\n<p>O julgador majorou o valor arbitrado de R$ 3 mil para R$ 5 mil, em virtude da confiss\u00e3o ficta dos reclamados, a natureza do ass\u00e9dio moral exercido pela empregadora e a situa\u00e7\u00e3o das partes, tendo sido acompanhado em tudo pelos demais julgadores.<\/p>\n\n\n\n<p class=\"has-white-color has-vivid-cyan-blue-background-color has-text-color has-background\">Quer saber as not\u00edcias do <strong>Aconteceu no Vale<\/strong> em primeira m\u00e3o? Siga-nos no Facebook <a rel=\"noreferrer noopener\" href=\"http:\/\/facebook.com\/aconteceunovale\" target=\"_blank\">@aconteceunovale<\/a>, Twitter <a rel=\"noreferrer noopener\" href=\"https:\/\/twitter.com\/noticiadosvales\" target=\"_blank\">@noticiadosvales<\/a> e Instagram <a rel=\"noreferrer noopener\" href=\"https:\/\/www.instagram.com\/aconteceunovale\" target=\"_blank\">@aconteceunovale<\/a>.<\/p>\n","protected":false},"excerpt":{"rendered":"<p>A Justi\u00e7a do Trabalho determinou o pagamento de indeniza\u00e7\u00e3o por danos morais no valor de R$ 5 mil a uma cozinheira que foi v\u00edtima de racismo pelas s\u00f3cias de um motel, ao ser chamada de\u00a0\u201cnega preta\u201d\u00a0e outros termos pejorativos, durante o contrato de trabalho. A decis\u00e3o \u00e9 dos julgadores da D\u00e9cima Turma do TRT-MG, que [&hellip;]<\/p>\n","protected":false},"author":4,"featured_media":165374,"comment_status":"open","ping_status":"closed","sticky":false,"template":"","format":"standard","meta":{"amp_status":"","footnotes":""},"categories":[1236],"tags":[232070,232069,232068,210,232071,63697,211630],"class_list":["post-170420","post","type-post","status-publish","format-standard","has-post-thumbnail","hentry","category-norte_de_minas","tag-cozinheira-chamada-de-nega-preta","tag-cozinheira-que-sofreu-racismo-praticado-pelas-socias-de-motel-em-montes-claros-recebera-indenizacao-por-danos-morais","tag-cozinheira-que-sofreu-racismo-praticado-pelas-socias-de-motel-no-norte-de-minas-recebera-indenizacao-por-danos-morais","tag-montes-claros","tag-racismo-contra-cozinheira-em-montes-claros","tag-trt-mg","tag-vara-do-trabalho-de-montes-claros"],"_links":{"self":[{"href":"https:\/\/aconteceunovale.com.br\/portal\/index.php?rest_route=\/wp\/v2\/posts\/170420","targetHints":{"allow":["GET"]}}],"collection":[{"href":"https:\/\/aconteceunovale.com.br\/portal\/index.php?rest_route=\/wp\/v2\/posts"}],"about":[{"href":"https:\/\/aconteceunovale.com.br\/portal\/index.php?rest_route=\/wp\/v2\/types\/post"}],"author":[{"embeddable":true,"href":"https:\/\/aconteceunovale.com.br\/portal\/index.php?rest_route=\/wp\/v2\/users\/4"}],"replies":[{"embeddable":true,"href":"https:\/\/aconteceunovale.com.br\/portal\/index.php?rest_route=%2Fwp%2Fv2%2Fcomments&post=170420"}],"version-history":[{"count":1,"href":"https:\/\/aconteceunovale.com.br\/portal\/index.php?rest_route=\/wp\/v2\/posts\/170420\/revisions"}],"predecessor-version":[{"id":170421,"href":"https:\/\/aconteceunovale.com.br\/portal\/index.php?rest_route=\/wp\/v2\/posts\/170420\/revisions\/170421"}],"wp:featuredmedia":[{"embeddable":true,"href":"https:\/\/aconteceunovale.com.br\/portal\/index.php?rest_route=\/wp\/v2\/media\/165374"}],"wp:attachment":[{"href":"https:\/\/aconteceunovale.com.br\/portal\/index.php?rest_route=%2Fwp%2Fv2%2Fmedia&parent=170420"}],"wp:term":[{"taxonomy":"category","embeddable":true,"href":"https:\/\/aconteceunovale.com.br\/portal\/index.php?rest_route=%2Fwp%2Fv2%2Fcategories&post=170420"},{"taxonomy":"post_tag","embeddable":true,"href":"https:\/\/aconteceunovale.com.br\/portal\/index.php?rest_route=%2Fwp%2Fv2%2Ftags&post=170420"}],"curies":[{"name":"wp","href":"https:\/\/api.w.org\/{rel}","templated":true}]}}