{"id":170418,"date":"2020-12-04T09:37:04","date_gmt":"2020-12-04T12:37:04","guid":{"rendered":"https:\/\/aconteceunovale.com.br\/portal\/?p=170418"},"modified":"2020-12-04T09:37:16","modified_gmt":"2020-12-04T12:37:16","slug":"norte-de-minas-volta-a-ter-saldo-positivo-de-vagas-formais-de-emprego-revela-unimontes","status":"publish","type":"post","link":"https:\/\/aconteceunovale.com.br\/portal\/?p=170418","title":{"rendered":"Norte de Minas volta a ter saldo positivo de vagas formais de emprego, revela Unimontes"},"content":{"rendered":"\n<p>Com os resultados registrados em outubro, o Norte de Minas recuperou os n\u00edveis de emprego que possu\u00eda em janeiro, comportamento este que tamb\u00e9m foi identificado na m\u00e9dia do Estado e do Pa\u00eds. Toda perda de vagas formais de trabalho que a regi\u00e3o teve, em decorr\u00eancia do per\u00edodo de pandemia pelo Novo Coronav\u00edrus, agora foi restabelecida.<\/p>\n\n\n\n<p>Este \u00e9 o resumo do mais recente informativo divulgado pelo Observat\u00f3rio do Trabalho do Norte de Minas (OTNM), projeto desenvolvido pelo Grupo de Estudos e Pesquisas em Administra\u00e7\u00e3o da Universidade Estadual de Montes Claros. Os dados referentes a outubro foram divulgados nesta semana e revelam uma varia\u00e7\u00e3o positiva de 0,56% no acumulado de 2020 \u2013 numa compara\u00e7\u00e3o desde janeiro.<\/p>\n\n\n\n<p>\u201cEm outubro, foram 942 postos de trabalho a mais em rela\u00e7\u00e3o ao primeiro m\u00eas do ano\u201d, explica o professor doutor Roney Versiani Sindeaux, um dos respons\u00e1veis pelos estudos. \u201cClaro que havia uma expectativa de crescimento mesmo durante a pandemia, mas como recuperamos o n\u00edvel de emprego de janeiro j\u00e1 \u00e9 algo a se destacar\u201d, acrescenta. Ele lembra que houve per\u00edodos cr\u00edticos como no trimestre mar\u00e7o ( \u2013 602), abril (- 3.332) e maio (- 1.440), todos os movimenta\u00e7\u00f5es negativas no saldo de postos de trabalho.<\/p>\n\n\n\n<p><strong>JANU\u00c1RIA E PIRAPORA<\/strong><\/p>\n\n\n\n<p>No entanto, completa o professor, duas das microrregi\u00f5es do Norte de Minas apresentaram resultados negativos, conforme o relat\u00f3rio de outubro. Em Janu\u00e1ria, foram 82 postos de trabalho a menos, por influ\u00eancia de desligamentos na agroind\u00fastria do vizinho munic\u00edpio de Itacarambi. J\u00e1 na microrregi\u00e3o de Pirapora, mesmo com 171 novas vagas formais em outubro, o acumulado no ano ainda \u00e9 negativo (- 0,28%).<\/p>\n\n\n\n<p>A microrregi\u00e3o de Montes Claros segue como o principal term\u00f4metro para o mercado de trabalho no Norte de Minas. Outubro ficou marcado por 1077 novos postos formais. Mesmo se consideradas as perdas registradas especificamente no per\u00edodo de pandemia, ainda assim o saldo \u00e9 positivo se comparado ao primeiro m\u00eas do ano (449 novas vagas)<\/p>\n\n\n\n<p>Em Minas, o relat\u00f3rio mostra que o estado teve 5.340 contrata\u00e7\u00f5es a mais do que desligamentos, com um percentual leve de crescimento se comparado a janeiro, mas ainda positivo ( + 0,13%).<\/p>\n\n\n\n<p class=\"has-white-color has-vivid-cyan-blue-background-color has-text-color has-background\">Quer saber as not\u00edcias do <strong>Aconteceu no Vale<\/strong> em primeira m\u00e3o? Siga-nos no Facebook <a rel=\"noreferrer noopener\" href=\"http:\/\/facebook.com\/aconteceunovale\" target=\"_blank\">@aconteceunovale<\/a>, Twitter <a rel=\"noreferrer noopener\" href=\"https:\/\/twitter.com\/noticiadosvales\" target=\"_blank\">@noticiadosvales<\/a> e Instagram <a rel=\"noreferrer noopener\" href=\"https:\/\/www.instagram.com\/aconteceunovale\" target=\"_blank\">@aconteceunovale<\/a>.<\/p>\n","protected":false},"excerpt":{"rendered":"<p>Com os resultados registrados em outubro, o Norte de Minas recuperou os n\u00edveis de emprego que possu\u00eda em janeiro, comportamento este que tamb\u00e9m foi identificado na m\u00e9dia do Estado e do Pa\u00eds. Toda perda de vagas formais de trabalho que a regi\u00e3o teve, em decorr\u00eancia do per\u00edodo de pandemia pelo Novo Coronav\u00edrus, agora foi restabelecida. [&hellip;]<\/p>\n","protected":false},"author":4,"featured_media":153080,"comment_status":"open","ping_status":"closed","sticky":false,"template":"","format":"standard","meta":{"amp_status":"","footnotes":""},"categories":[40236,1236],"tags":[214884,216498,1018,45809,232063,205,210,215653,232065,232066,232067,140166,219687,218156,254,45808,763,232064],"class_list":["post-170418","post","type-post","status-publish","format-standard","has-post-thumbnail","hentry","category-empregos-2","category-norte_de_minas","tag-coronavirus","tag-covid-19","tag-destaque","tag-emprego-no-norte-de-minas","tag-geracao-de-emprego-no-norte-de-minas","tag-januaria","tag-montes-claros","tag-novo-coronavirus","tag-observatorio-do-trabalho-da-unimontes","tag-observatorio-do-trabalho-do-norte-de-minas","tag-otnm","tag-pandemia","tag-pandemia-da-covid-19","tag-pandemia-do-novo-coronavirus","tag-pirapora","tag-trabalho-no-norte-de-minas","tag-unimontes","tag-vagas-formais-de-emprego-no-norte-de-minas"],"_links":{"self":[{"href":"https:\/\/aconteceunovale.com.br\/portal\/index.php?rest_route=\/wp\/v2\/posts\/170418","targetHints":{"allow":["GET"]}}],"collection":[{"href":"https:\/\/aconteceunovale.com.br\/portal\/index.php?rest_route=\/wp\/v2\/posts"}],"about":[{"href":"https:\/\/aconteceunovale.com.br\/portal\/index.php?rest_route=\/wp\/v2\/types\/post"}],"author":[{"embeddable":true,"href":"https:\/\/aconteceunovale.com.br\/portal\/index.php?rest_route=\/wp\/v2\/users\/4"}],"replies":[{"embeddable":true,"href":"https:\/\/aconteceunovale.com.br\/portal\/index.php?rest_route=%2Fwp%2Fv2%2Fcomments&post=170418"}],"version-history":[{"count":1,"href":"https:\/\/aconteceunovale.com.br\/portal\/index.php?rest_route=\/wp\/v2\/posts\/170418\/revisions"}],"predecessor-version":[{"id":170419,"href":"https:\/\/aconteceunovale.com.br\/portal\/index.php?rest_route=\/wp\/v2\/posts\/170418\/revisions\/170419"}],"wp:featuredmedia":[{"embeddable":true,"href":"https:\/\/aconteceunovale.com.br\/portal\/index.php?rest_route=\/wp\/v2\/media\/153080"}],"wp:attachment":[{"href":"https:\/\/aconteceunovale.com.br\/portal\/index.php?rest_route=%2Fwp%2Fv2%2Fmedia&parent=170418"}],"wp:term":[{"taxonomy":"category","embeddable":true,"href":"https:\/\/aconteceunovale.com.br\/portal\/index.php?rest_route=%2Fwp%2Fv2%2Fcategories&post=170418"},{"taxonomy":"post_tag","embeddable":true,"href":"https:\/\/aconteceunovale.com.br\/portal\/index.php?rest_route=%2Fwp%2Fv2%2Ftags&post=170418"}],"curies":[{"name":"wp","href":"https:\/\/api.w.org\/{rel}","templated":true}]}}