{"id":170413,"date":"2020-12-04T09:04:41","date_gmt":"2020-12-04T12:04:41","guid":{"rendered":"https:\/\/aconteceunovale.com.br\/portal\/?p=170413"},"modified":"2020-12-04T09:05:37","modified_gmt":"2020-12-04T12:05:37","slug":"presidente-pede-que-populacao-economize-energia-eletrica","status":"publish","type":"post","link":"https:\/\/aconteceunovale.com.br\/portal\/?p=170413","title":{"rendered":"Presidente pede que popula\u00e7\u00e3o economize energia el\u00e9trica"},"content":{"rendered":"\n<p>O presidente Jair Bolsonaro fez um apelo, nesta quinta-feira (3), para que a popula\u00e7\u00e3o economize energia el\u00e9trica. Em sua&nbsp;<em>live<\/em>&nbsp;semanal, transmitida pelas redes sociais, Bolsonaro alertou sobre o baixo n\u00edvel de \u00e1gua nos reservat\u00f3rios de usinas hidrel\u00e9tricas, que respondem pela maior parte da gera\u00e7\u00e3o el\u00e9trica do pa\u00eds.<img decoding=\"async\" src=\"https:\/\/agenciabrasil.ebc.com.br\/ebc.png?id=1395462&amp;o=node\"><img decoding=\"async\" src=\"https:\/\/agenciabrasil.ebc.com.br\/ebc.gif?id=1395462&amp;o=node\"><\/p>\n\n\n\n<p>\u201cJ\u00e1 estamos numa campanha para economizar energia. Tenho certeza que voc\u00ea, que est\u00e1 em casa agora, pode apagar uma luz, evitar o desperd\u00edcio. Tome um banho um pouquinho mais r\u00e1pido, que ajuda a manter os reservat\u00f3rios um pouco mais altos\u201d, afirmou, ao lado dos ministros de Minas e Energia, Bento Albuquerque, e de Meio Ambiente, Ricardo Salles.<\/p>\n\n\n\n<p>Bento Albuquerque relatou que o pa\u00eds vive a maior seca dos \u00faltimos anos e o n\u00edvel dos reservat\u00f3rios das usinas est\u00e3o em uma situa\u00e7\u00e3o preocupante. \u201cOs reservat\u00f3rios est\u00e3o muito baixos, presidente. Dentro dos registros que temos no Minist\u00e9rio de Minas e Energia, desde 2000, n\u00e3o se tem uma seca t\u00e3o grande nos nossos reservat\u00f3rios do Sul, e desde 2015, nos [reservat\u00f3rios] do Centro-Oeste e Sudeste do pa\u00eds. E isso nos levou a adotar medidas, como colocar nossas usinas termel\u00e9tricas gerando energia. 65% da nossa energia \u00e9 gerada por hidrel\u00e9tricas, e com os reservat\u00f3rios de \u00e1gua estando baixos, temos que utilizar as usinas termel\u00e9tricas para suprir essa energia, gerar seguran\u00e7a de abastecimento e preservar aquilo que temos de \u00e1gua nos reservat\u00f3rios\u201d, explicou.<\/p>\n\n\n\n<p>Nesta semana, a Ag\u00eancia Nacional de Energia El\u00e9trica (Aneel) reativou o\u00a0sistema de bandeiras tarif\u00e1rias. A bandeira definida foi a vermelha patamar 2 para o m\u00eas de dezembro, a mais alta, com custo de R$ 6,243 para cada 100 quilowatts-hora consumidos. A medida \u00e9 adotada sempre que h\u00e1 queda no n\u00edvel dos reservat\u00f3rios e o custo da gera\u00e7\u00e3o de energia aumenta no pa\u00eds.<\/p>\n\n\n\n<p>\u201cN\u00e3o \u00e9 maldade da gente, n\u00e3o \u00e9 pra arrecadar mais. \u00c9 porque estamos usando energia de fonte mais cara, como termoel\u00e9trica, e da\u00ed fica bem mais caro pra pagar essa diferen\u00e7a. Por isso que se bota a bandeira a bandeira vermelha a R$ 6 [a cada 100 quilowatts de energia consumida]\u201d, enfatizou Bolsonaro.<\/p>\n\n\n\n<p>Nos pr\u00f3ximos dias, de acordo com o ministro de Minas e Energia, o governo vai apresentar uma atualiza\u00e7\u00e3o do Plano Nacional de Energia, que prev\u00ea a\u00e7\u00f5es no setor at\u00e9 2050. Um dos objetivos, disse ele, \u00e9 ampliar a capacidade de gera\u00e7\u00e3o de energia nuclear para 10 gigawatts. \u201cVamos triplicar a gera\u00e7\u00e3o de energia nuclear, que \u00e9 fundamental para a manuten\u00e7\u00e3o dos nossos reservat\u00f3rios, porque elas geram 365 dias por ano, e os nossos reservat\u00f3rios de \u00e1gua poder\u00e3o ser mantidos na \u00e9poca de escassez de chuva\u201d, destacou.<\/p>\n\n\n\n<figure class=\"wp-block-gallery columns-1 is-cropped wp-block-gallery-1 is-layout-flex wp-block-gallery-is-layout-flex\"><ul class=\"blocks-gallery-grid\"><li class=\"blocks-gallery-item\"><figure><img loading=\"lazy\" decoding=\"async\" width=\"678\" height=\"406\" src=\"https:\/\/aconteceunovale.com.br\/portal\/wp-content\/uploads\/2020\/12\/bolsonaro_live_3dez.jpg\" alt=\"\" data-id=\"170414\" data-full-url=\"https:\/\/aconteceunovale.com.br\/portal\/wp-content\/uploads\/2020\/12\/bolsonaro_live_3dez.jpg\" data-link=\"https:\/\/aconteceunovale.com.br\/portal\/?attachment_id=170414\" class=\"wp-image-170414\" srcset=\"https:\/\/aconteceunovale.com.br\/portal\/wp-content\/uploads\/2020\/12\/bolsonaro_live_3dez.jpg 678w, https:\/\/aconteceunovale.com.br\/portal\/wp-content\/uploads\/2020\/12\/bolsonaro_live_3dez-300x180.jpg 300w\" sizes=\"auto, (max-width: 678px) 100vw, 678px\" \/><figcaption class=\"blocks-gallery-item__caption\"><em>Foto: Reprodu\u00e7\u00e3o\/Facebook\/Jair Bolsonaro<\/em><\/figcaption><\/figure><\/li><\/ul><\/figure>\n\n\n\n<h2 class=\"wp-block-heading\">Eletrobras<\/h2>\n\n\n\n<p>O ministro ainda comentou, durante a<em>&nbsp;live<\/em>, sobre o andamento do projeto de lei de privatiza\u00e7\u00e3o da Eletrobras, que tramita no Congresso Nacional, e \u00e9 considerado priorit\u00e1rio pelo governo federal.<\/p>\n\n\n\n<p>\u201cEncaminhamos, ano passado, um projeto de lei para a C\u00e2mara dos Deputados. Desde ent\u00e3o, estamos trabalhando junto com a C\u00e2mara e com o Senado, com as lideran\u00e7as pol\u00edticas para que esse projeto seja apreciado. Acreditamos que ser\u00e1. J\u00e1 conversamos com deputados e senadores. E tem tudo para ser aprovado no ano de 2021. Realizaremos n\u00e3o diria uma privatiza\u00e7\u00e3o, uma venda da Eletrobras. Ela vai ser capitalizada, vai virar uma grande empresa de energia com a participa\u00e7\u00e3o de investidores, todos poder\u00e3o participar desse empreendimento. Isso \u00e9 muito importante para que o pa\u00eds tenha os investimentos necess\u00e1rios, com mais seguran\u00e7a energ\u00e9tica e melhor presta\u00e7\u00e3o de servi\u00e7o aos consumidores\u201d, disse o ministro, que prev\u00ea aumentar os investimentos da empresa para R$ 12 bilh\u00f5es ao ano, frente aos atuais R$ 4 bilh\u00f5es.<\/p>\n\n\n\n<p>O projeto de lei de privatiza\u00e7\u00e3o da Eletrobras, encaminhado ao Congresso Nacional pelo governo em novembro de 2019, enfrenta resist\u00eancia por parte do Senado, em raz\u00e3o do papel estrat\u00e9gico da empresa em diversas regi\u00f5es do pa\u00eds. A Eletrobras \u00e9 respons\u00e1vel por 30% da gera\u00e7\u00e3o de energia no pa\u00eds e por 50% da transmiss\u00e3o.<\/p>\n\n\n\n<h2 class=\"wp-block-heading\">Amap\u00e1<\/h2>\n\n\n\n<p>Ainda durante a live, o presidente Jair Bolsonaro afirmou que, se n\u00e3o fosse o apoio do governo federal, o Amap\u00e1 levaria mais tempo para restabelecer a energia el\u00e9trica, ap\u00f3s os apag\u00f5es ocorridos em novembro, durante cerca de 20 dias. Mais de 765 mil pessoas ficaram sem luz ou com o servi\u00e7o limitado a poucas horas por dia.<\/p>\n\n\n\n<p>\u201cSem a participa\u00e7\u00e3o do governo federal, e participamos porque somos solid\u00e1rios, far\u00edamos isso em qualquer estado do Brasil, a previs\u00e3o era levar 60 dias. Com a nossa participa\u00e7\u00e3o, foram tr\u00eas semanas para o restabelecimento total da energia\u201d. Desde o \u00faltimo dia 24 de novembro, ap\u00f3s a ativa\u00e7\u00e3o de um transformador em Macap\u00e1, o estado normalizou a distribui\u00e7\u00e3o de energia para a popula\u00e7\u00e3o. Por causa dos apag\u00f5es, o governo federal isentou mais de 185 mil im\u00f3veis do\u00a0pagamento da conta de luz\u00a0de novembro.<\/p>\n\n\n\n<h2 class=\"wp-block-heading\">Desmatamento<\/h2>\n\n\n\n<p>Sobre o \u00edndice de desmatamento na Amaz\u00f4nia em 2020, atualizado essa semana pelo Instituto Nacional de Pesquisas Espaciais (Inpe), o ministro Ricardo Salles disse que os n\u00fameros est\u00e3o est\u00e1veis em rela\u00e7\u00e3o aos \u00faltimos anos e afirmou que \u00e9 preciso gerar alternativa de renda e emprego para a regi\u00e3o.<\/p>\n\n\n\n<p>\u201cO desmatamento desse ano est\u00e1 mais ou menos no patamar do ano de 2018, portanto, bem abaixo do que foi 2004 e 2005. Isso n\u00e3o quer dizer que estamos contentes com isso, mas tem que trazer prosperidade para a regi\u00e3o\u201d, afirmou. Para ele, a popula\u00e7\u00e3o da Amaz\u00f4nia foi esquecida em governos anteriores. \u201cNos anos de 2012 para tr\u00e1s, quando se fez essa pol\u00edtica de combate ao desmatamento, n\u00e3o se preocupou em cuidar das pessoas, dos 23 milh\u00f5es de brasileiros que vivem na Amaz\u00f4nia. E quando voc\u00ea n\u00e3o cuida das pessoas, a press\u00e3o das atividades ilegais, por ganhar recurso de alguma forma, aumenta muito\u201d, destacou.<\/p>\n\n\n\n<p>Segundo o Inpe, a \u00e1rea desmatada na Amaz\u00f4nia foi de 11.088 quil\u00f4metros quadrados entre agosto de 2019 e julho de 2020, de acordo com n\u00fameros oficiais divulgados na \u00faltima segunda-feira (30). Os dados representam um aumento de 9,5% em rela\u00e7\u00e3o ao per\u00edodo anterior, entre agosto de 2018 a julho de 2019, quando foram registrados 10.129 quil\u00f4metros de \u00e1rea desmatada.<\/p>\n\n\n\n<p class=\"has-white-color has-vivid-cyan-blue-background-color has-text-color has-background\">Quer saber as not\u00edcias do <strong>Aconteceu no Vale<\/strong> em primeira m\u00e3o? Siga-nos no Facebook <a rel=\"noreferrer noopener\" href=\"http:\/\/facebook.com\/aconteceunovale\" target=\"_blank\">@aconteceunovale<\/a>, Twitter <a rel=\"noreferrer noopener\" href=\"https:\/\/twitter.com\/noticiadosvales\" target=\"_blank\">@noticiadosvales<\/a> e Instagram <a rel=\"noreferrer noopener\" href=\"https:\/\/www.instagram.com\/aconteceunovale\" target=\"_blank\">@aconteceunovale<\/a>.<\/p>\n","protected":false},"excerpt":{"rendered":"<p>O presidente Jair Bolsonaro fez um apelo, nesta quinta-feira (3), para que a popula\u00e7\u00e3o economize energia el\u00e9trica. Em sua&nbsp;live&nbsp;semanal, transmitida pelas redes sociais, Bolsonaro alertou sobre o baixo n\u00edvel de \u00e1gua nos reservat\u00f3rios de usinas hidrel\u00e9tricas, que respondem pela maior parte da gera\u00e7\u00e3o el\u00e9trica do pa\u00eds. \u201cJ\u00e1 estamos numa campanha para economizar energia. Tenho certeza [&hellip;]<\/p>\n","protected":false},"author":4,"featured_media":170414,"comment_status":"open","ping_status":"closed","sticky":false,"template":"","format":"standard","meta":{"amp_status":"","footnotes":""},"categories":[6,40240],"tags":[18742,26918,232060,31752,196512,100375,95847,18747,223297,81168,437,232062,26436,1829,32426,232061,174222,193084],"class_list":["post-170413","post","type-post","status-publish","format-standard","has-post-thumbnail","hentry","category-br","category-politica-2","tag-amapa","tag-aneel","tag-baixo-nivel-dos-reservatorios-de-agua-no-brasil","tag-bandeira-tarifaria","tag-bento-albuquerque","tag-bolsonaro","tag-desmatamento-no-brasil","tag-economia-de-energia","tag-economia-de-energia-eletrica","tag-eletrobras","tag-falta-de-energia","tag-falta-de-energia-no-amapa","tag-jair-bolsonaro","tag-meio-ambiente","tag-minas-e-energia","tag-plano-nacional-de-energia","tag-presidente-jair-bolsonaro","tag-ricardo-salles"],"_links":{"self":[{"href":"https:\/\/aconteceunovale.com.br\/portal\/index.php?rest_route=\/wp\/v2\/posts\/170413","targetHints":{"allow":["GET"]}}],"collection":[{"href":"https:\/\/aconteceunovale.com.br\/portal\/index.php?rest_route=\/wp\/v2\/posts"}],"about":[{"href":"https:\/\/aconteceunovale.com.br\/portal\/index.php?rest_route=\/wp\/v2\/types\/post"}],"author":[{"embeddable":true,"href":"https:\/\/aconteceunovale.com.br\/portal\/index.php?rest_route=\/wp\/v2\/users\/4"}],"replies":[{"embeddable":true,"href":"https:\/\/aconteceunovale.com.br\/portal\/index.php?rest_route=%2Fwp%2Fv2%2Fcomments&post=170413"}],"version-history":[{"count":1,"href":"https:\/\/aconteceunovale.com.br\/portal\/index.php?rest_route=\/wp\/v2\/posts\/170413\/revisions"}],"predecessor-version":[{"id":170415,"href":"https:\/\/aconteceunovale.com.br\/portal\/index.php?rest_route=\/wp\/v2\/posts\/170413\/revisions\/170415"}],"wp:featuredmedia":[{"embeddable":true,"href":"https:\/\/aconteceunovale.com.br\/portal\/index.php?rest_route=\/wp\/v2\/media\/170414"}],"wp:attachment":[{"href":"https:\/\/aconteceunovale.com.br\/portal\/index.php?rest_route=%2Fwp%2Fv2%2Fmedia&parent=170413"}],"wp:term":[{"taxonomy":"category","embeddable":true,"href":"https:\/\/aconteceunovale.com.br\/portal\/index.php?rest_route=%2Fwp%2Fv2%2Fcategories&post=170413"},{"taxonomy":"post_tag","embeddable":true,"href":"https:\/\/aconteceunovale.com.br\/portal\/index.php?rest_route=%2Fwp%2Fv2%2Ftags&post=170413"}],"curies":[{"name":"wp","href":"https:\/\/api.w.org\/{rel}","templated":true}]}}