{"id":170362,"date":"2020-12-02T13:24:57","date_gmt":"2020-12-02T16:24:57","guid":{"rendered":"https:\/\/aconteceunovale.com.br\/portal\/?p=170362"},"modified":"2020-12-02T13:25:18","modified_gmt":"2020-12-02T16:25:18","slug":"mineiros-participam-da-31a-feira-nacional-de-artesanato","status":"publish","type":"post","link":"https:\/\/aconteceunovale.com.br\/portal\/?p=170362","title":{"rendered":"Mineiros participam da 31\u00aa Feira Nacional de Artesanato"},"content":{"rendered":"\n<p>Cerca de 900 artes\u00e3os mineiros poder\u00e3o incrementar a renda de final de ano com as vendas na 31\u00aa Feira Nacional de Artesanato, em Belo Horizonte. O evento, considerado o maior da Am\u00e9rica Latina, marca a retomada das atividades econ\u00f4micas do setor. O\u00a0Governo de Minas, em parceria com o Sebrae MG e o Minist\u00e9rio da Economia, disponibiliza um estande com 912 m\u00b2. Durante sete dias, artes\u00e3os de v\u00e1rias regi\u00f5es do estado podem expor seus produtos e fomentar novos neg\u00f3cios.<\/p>\n\n\n\n<p>A Diretoria de Artesanato da Sede atua neste projeto supervisionando e operacionalizando o espa\u00e7o disponibilizado. Todos os profissionais foram selecionados por meio de chamamento simplificado, com vagas distribu\u00eddas para grupos, associa\u00e7\u00f5es ou cooperativas de produ\u00e7\u00f5es artesanais. \u201cEstou muito feliz em divulgar o meu trabalho para tantas pessoas. \u00c9 gratificante encontrar um momento para apresentar o que fa\u00e7o com muito amor e dedica\u00e7\u00e3o. Tenho 35 anos de artesanato e amo a minha profiss\u00e3o. Faremos bons neg\u00f3cios na feira\u201d, diz a artes\u00e3 Vanessa Melo, do munic\u00edpio de Florestal.<\/p>\n\n\n\n<p>De acordo com o Instituto Brasileiro de Geografia e Estat\u00edstica (IBGE), o setor conta com cerca de 8,5 milh\u00f5es de trabalhadores em todos os cantos do Brasil. O artesanato \u00e9 respons\u00e1vel por, aproximadamente, 3% do Produto Interno Bruto (PIB), movimentando, em n\u00fameros aproximados, R$ 100 bilh\u00f5es. Em Minas Gerais, h\u00e1 cerca de meio milh\u00e3o de cidad\u00e3os trabalhando diretamente com o setor. O faturamento anual gira em torno de R$ 6 bilh\u00f5es.&nbsp;<\/p>\n\n\n\n<p>\u201cA Feira Nacional de Artesanato \u00e9 uma refer\u00eancia para o setor, sendo um importante espa\u00e7o para que os artes\u00e3os possam divulgar e comercializar seus trabalhos, gerando emprego e renda. O ano de 2020 foi de muita dificuldade econ\u00f4mica, com a suspens\u00e3o dos eventos presenciais. Preparamos um estande com toda a responsabilidade e seguran\u00e7a, obedecendo os protocolos sanit\u00e1rios estabelecidos para a pandemia\u201d, explica o superintendente de Desenvolvimento de Potencialidades Regionais, Frederico Amaral.<\/p>\n\n\n\n<figure class=\"wp-block-gallery columns-1 is-cropped wp-block-gallery-1 is-layout-flex wp-block-gallery-is-layout-flex\"><ul class=\"blocks-gallery-grid\"><li class=\"blocks-gallery-item\"><figure><img loading=\"lazy\" decoding=\"async\" width=\"675\" height=\"450\" src=\"https:\/\/aconteceunovale.com.br\/portal\/wp-content\/uploads\/2020\/12\/artesanato_mg.jpg\" alt=\"\" data-id=\"170363\" class=\"wp-image-170363\" srcset=\"https:\/\/aconteceunovale.com.br\/portal\/wp-content\/uploads\/2020\/12\/artesanato_mg.jpg 675w, https:\/\/aconteceunovale.com.br\/portal\/wp-content\/uploads\/2020\/12\/artesanato_mg-300x200.jpg 300w, https:\/\/aconteceunovale.com.br\/portal\/wp-content\/uploads\/2020\/12\/artesanato_mg-630x420.jpg 630w\" sizes=\"auto, (max-width: 675px) 100vw, 675px\" \/><figcaption class=\"blocks-gallery-item__caption\"><em>Cerca de 900 artes\u00e3os mineiros poder\u00e3o incrementar a renda de final de ano com as vendas (Foto: Matheus Fonseca \/ Sede)<\/em><\/figcaption><\/figure><\/li><\/ul><\/figure>\n\n\n\n<h2 class=\"wp-block-heading\"><strong>Formaliza\u00e7\u00e3o<\/strong><\/h2>\n\n\n\n<p>A equipe da Sede estar\u00e1 na feira promovendo a emiss\u00e3o da Carteira Nacional do Artes\u00e3o. O servi\u00e7o, sempre executado presencialmente, foi suspenso em mar\u00e7o devido \u00e0 pandemia de covid-19. O atendimento ser\u00e1 realizado na Ilha do Conhecimento, estande disponibilizado pelo Minist\u00e9rio da Economia, durante todos os dias da feira, entre 10h30 e 20h30.&nbsp;<\/p>\n\n\n\n<p>\u201cAtuamos em diversas frentes para fomentar a economia e a cultura de Minas Gerais. A emiss\u00e3o do documento que formaliza a profiss\u00e3o \u00e9 um passo a mais nos benef\u00edcios para o setor. V\u00e1lido em todo o territ\u00f3rio nacional, garante aos profissionais acesso aos cursos, feiras e eventos diversos\u201d, destaca o diretor de Artesanato da Sede, Thiago Tomaz.&nbsp;<\/p>\n\n\n\n<p><strong>Servi\u00e7o: 31\u00aa Feira Nacional do Artesanato<\/strong><\/p>\n\n\n\n<p><strong>Data:<\/strong>&nbsp;at\u00e9&nbsp; 6\/12&nbsp;<\/p>\n\n\n\n<p><strong>Hor\u00e1rio:&nbsp;<\/strong>10h \u00e0s 21h<\/p>\n\n\n\n<p><strong>Local:<\/strong>&nbsp;Expominas BH &#8211; Avenida Amazonas, 6.200, Belo Horizonte<\/p>\n\n\n\n<p><strong>Ingressos:<\/strong>\u00a0<a rel=\"noreferrer noopener\" href=\"https:\/\/bit.ly\/36CDaqI\" target=\"_blank\">clique aqui<\/a><\/p>\n\n\n\n<p class=\"has-white-color has-vivid-cyan-blue-background-color has-text-color has-background\">Quer saber as not\u00edcias do <strong>Aconteceu no Vale<\/strong> em primeira m\u00e3o? Siga-nos no Facebook <a rel=\"noreferrer noopener\" href=\"http:\/\/facebook.com\/aconteceunovale\" target=\"_blank\">@aconteceunovale<\/a>, Twitter <a rel=\"noreferrer noopener\" href=\"https:\/\/twitter.com\/noticiadosvales\" target=\"_blank\">@noticiadosvales<\/a> e Instagram <a rel=\"noreferrer noopener\" href=\"https:\/\/www.instagram.com\/aconteceunovale\" target=\"_blank\">@aconteceunovale<\/a>.<\/p>\n","protected":false},"excerpt":{"rendered":"<p>Cerca de 900 artes\u00e3os mineiros poder\u00e3o incrementar a renda de final de ano com as vendas na 31\u00aa Feira Nacional de Artesanato, em Belo Horizonte. O evento, considerado o maior da Am\u00e9rica Latina, marca a retomada das atividades econ\u00f4micas do setor. O\u00a0Governo de Minas, em parceria com o Sebrae MG e o Minist\u00e9rio da Economia, [&hellip;]<\/p>\n","protected":false},"author":4,"featured_media":170363,"comment_status":"open","ping_status":"closed","sticky":false,"template":"","format":"standard","meta":{"amp_status":"","footnotes":""},"categories":[6,125,123],"tags":[232009,194,1017,232011,232010,128933,3061,6546,203510,184661,214799,232012],"class_list":["post-170362","post","type-post","status-publish","format-standard","has-post-thumbnail","hentry","category-br","category-noticias","category-gerais","tag-31a-feira-nacional-de-artesanato","tag-belo-horizonte","tag-bh","tag-feira-de-artesanato-em-belo-horizonte","tag-feira-de-artesanato-em-bh","tag-feira-nacional-de-artesanato","tag-florestal","tag-governo-de-minas","tag-maior-feira-de-artesanato-da-america-latina","tag-ministerio-da-economia","tag-sebrae-mg-2","tag-vanessa-melo"],"_links":{"self":[{"href":"https:\/\/aconteceunovale.com.br\/portal\/index.php?rest_route=\/wp\/v2\/posts\/170362","targetHints":{"allow":["GET"]}}],"collection":[{"href":"https:\/\/aconteceunovale.com.br\/portal\/index.php?rest_route=\/wp\/v2\/posts"}],"about":[{"href":"https:\/\/aconteceunovale.com.br\/portal\/index.php?rest_route=\/wp\/v2\/types\/post"}],"author":[{"embeddable":true,"href":"https:\/\/aconteceunovale.com.br\/portal\/index.php?rest_route=\/wp\/v2\/users\/4"}],"replies":[{"embeddable":true,"href":"https:\/\/aconteceunovale.com.br\/portal\/index.php?rest_route=%2Fwp%2Fv2%2Fcomments&post=170362"}],"version-history":[{"count":1,"href":"https:\/\/aconteceunovale.com.br\/portal\/index.php?rest_route=\/wp\/v2\/posts\/170362\/revisions"}],"predecessor-version":[{"id":170364,"href":"https:\/\/aconteceunovale.com.br\/portal\/index.php?rest_route=\/wp\/v2\/posts\/170362\/revisions\/170364"}],"wp:featuredmedia":[{"embeddable":true,"href":"https:\/\/aconteceunovale.com.br\/portal\/index.php?rest_route=\/wp\/v2\/media\/170363"}],"wp:attachment":[{"href":"https:\/\/aconteceunovale.com.br\/portal\/index.php?rest_route=%2Fwp%2Fv2%2Fmedia&parent=170362"}],"wp:term":[{"taxonomy":"category","embeddable":true,"href":"https:\/\/aconteceunovale.com.br\/portal\/index.php?rest_route=%2Fwp%2Fv2%2Fcategories&post=170362"},{"taxonomy":"post_tag","embeddable":true,"href":"https:\/\/aconteceunovale.com.br\/portal\/index.php?rest_route=%2Fwp%2Fv2%2Ftags&post=170362"}],"curies":[{"name":"wp","href":"https:\/\/api.w.org\/{rel}","templated":true}]}}