{"id":170296,"date":"2020-11-30T23:13:29","date_gmt":"2020-12-01T02:13:29","guid":{"rendered":"https:\/\/aconteceunovale.com.br\/portal\/?p=170296"},"modified":"2020-11-30T23:18:01","modified_gmt":"2020-12-01T02:18:01","slug":"registro-de-candidatura-do-prefeito-eleito-em-teofilo-otoni-e-cassado-pela-justica-eleitoral","status":"publish","type":"post","link":"https:\/\/aconteceunovale.com.br\/portal\/?p=170296","title":{"rendered":"Registro de candidatura do prefeito eleito em Te\u00f3filo Otoni \u00e9 cassado pela Justi\u00e7a Eleitoral"},"content":{"rendered":"\n<p class=\"wp-block-paragraph\">A Justi\u00e7a Eleitoral em Te\u00f3filo Otoni (MG) cassou os registros das candidaturas de Daniel Sucupira Batista (PT) e Eder Detrez Silva (DEM) nas Elei\u00e7\u00f5es 2020 no munic\u00edpio. Segundo a senten\u00e7a, a decis\u00e3o foi motivada por abuso de poder pol\u00edtico e supostas pr\u00e1ticas de conduta vedadas aos agentes p\u00fablicos em campanhas eleitorais. <\/p>\n\n\n\n<ul class=\"wp-block-list\"><li><a rel=\"noreferrer noopener\" href=\"https:\/\/aconteceunovale.com.br\/portal\/wp-content\/uploads\/2020\/11\/sentenca_daniel_sucupira.pdf\" target=\"_blank\">Leia a senten\u00e7a (clique aqui)<\/a><\/li><\/ul>\n\n\n\n<h3 class=\"wp-block-heading\">O que diz a coliga\u00e7\u00e3o<\/h3>\n\n\n\n<p class=\"wp-block-paragraph\">A coordena\u00e7\u00e3o jur\u00eddica da coliga\u00e7\u00e3o &#8220;Avan\u00e7a Mais&#8221;, na qual Daniel Sucupira se reelegeu, divulgou uma carta aberta \u00e0 comunidade sobre o assunto.<\/p>\n\n\n\n<ul class=\"wp-block-list\"><li><a href=\"https:\/\/aconteceunovale.com.br\/portal\/wp-content\/uploads\/2020\/11\/nota_daniel_sucupira.pdf\" target=\"_blank\" rel=\"noreferrer noopener\">Leia a nota da coliga\u00e7\u00e3o (clique aqui)<\/a><\/li><\/ul>\n\n\n\n<p class=\"has-white-color has-vivid-cyan-blue-background-color has-text-color has-background wp-block-paragraph\">Quer saber as not\u00edcias do <strong>Aconteceu no Vale<\/strong> em primeira m\u00e3o? Siga-nos no Facebook <a rel=\"noreferrer noopener\" href=\"http:\/\/facebook.com\/aconteceunovale\" target=\"_blank\">@aconteceunovale<\/a>, Twitter <a rel=\"noreferrer noopener\" href=\"https:\/\/twitter.com\/noticiadosvales\" target=\"_blank\">@noticiadosvales<\/a> e Instagram <a rel=\"noreferrer noopener\" href=\"https:\/\/www.instagram.com\/aconteceunovale\" target=\"_blank\">@aconteceunovale<\/a>.<\/p>\n","protected":false},"excerpt":{"rendered":"<p>A Justi\u00e7a Eleitoral em Te\u00f3filo Otoni (MG) cassou os registros das candidaturas de Daniel Sucupira Batista (PT) e Eder Detrez Silva (DEM) nas Elei\u00e7\u00f5es 2020 no munic\u00edpio. Segundo a senten\u00e7a, a decis\u00e3o foi motivada por abuso de poder pol\u00edtico e supostas pr\u00e1ticas de conduta vedadas aos agentes p\u00fablicos em campanhas eleitorais. Leia a senten\u00e7a (clique [&hellip;]<\/p>\n","protected":false},"author":4,"featured_media":170299,"comment_status":"open","ping_status":"closed","sticky":false,"template":"","format":"standard","meta":{"amp_status":"","footnotes":""},"categories":[215642,40240,122],"tags":[87741,27813,231902,231903,231904,231901,231900,164],"class_list":["post-170296","post","type-post","status-publish","format-standard","has-post-thumbnail","hentry","category-eleicoes-2020","category-politica","category-mucuri","tag-cassacao-do-prefeito-de-teofilo-otoni","tag-daniel-sucupira","tag-doutor-eder-detrez","tag-eleicoes-2020-em-teofilo-otoni","tag-eleicoes-em-teofilo-otoni","tag-prefeito-de-teofilo-otoni-e-cassado","tag-registro-de-candidatura-do-prefeito-eleito-em-teofilo-otoni-e-cassado-pela-justica-eleitoral","tag-teofilo-otoni"],"yoast_head":"<!-- This site is optimized with the Yoast SEO plugin v28.3 - https:\/\/yoast.com\/product\/yoast-seo-wordpress\/ -->\n<title>Registro de candidatura do prefeito eleito em Te\u00f3filo Otoni \u00e9 cassado pela Justi\u00e7a Eleitoral - Aconteceu no Vale<\/title>\n<meta name=\"robots\" content=\"index, follow, max-snippet:-1, max-image-preview:large, max-video-preview:-1\" \/>\n<link rel=\"canonical\" href=\"https:\/\/aconteceunovale.com.br\/portal\/?p=170296\" \/>\n<meta property=\"og:locale\" content=\"pt_BR\" \/>\n<meta property=\"og:type\" content=\"article\" \/>\n<meta property=\"og:title\" content=\"Registro de candidatura do prefeito eleito em Te\u00f3filo Otoni \u00e9 cassado pela Justi\u00e7a Eleitoral - Aconteceu no Vale\" \/>\n<meta property=\"og:description\" content=\"A Justi\u00e7a Eleitoral em Te\u00f3filo Otoni (MG) cassou os registros das candidaturas de Daniel Sucupira Batista (PT) e Eder Detrez Silva (DEM) nas Elei\u00e7\u00f5es 2020 no munic\u00edpio. Segundo a senten\u00e7a, a decis\u00e3o foi motivada por abuso de poder pol\u00edtico e supostas pr\u00e1ticas de conduta vedadas aos agentes p\u00fablicos em campanhas eleitorais. Leia a senten\u00e7a (clique [&hellip;]\" \/>\n<meta property=\"og:url\" content=\"https:\/\/aconteceunovale.com.br\/portal\/?p=170296\" \/>\n<meta property=\"og:site_name\" content=\"Aconteceu no Vale\" \/>\n<meta property=\"article:publisher\" content=\"https:\/\/www.facebook.com\/aconteceunovale\/\" \/>\n<meta property=\"article:published_time\" content=\"2020-12-01T02:13:29+00:00\" \/>\n<meta property=\"article:modified_time\" content=\"2020-12-01T02:18:01+00:00\" \/>\n<meta property=\"og:image\" content=\"https:\/\/aconteceunovale.com.br\/portal\/wp-content\/uploads\/2020\/11\/sucupira.jpg\" \/>\n\t<meta property=\"og:image:width\" content=\"678\" \/>\n\t<meta property=\"og:image:height\" content=\"444\" \/>\n\t<meta property=\"og:image:type\" content=\"image\/jpeg\" \/>\n<meta name=\"author\" content=\"Reda\u00e7\u00e3o Aconteceu no Vale\" \/>\n<meta name=\"twitter:card\" content=\"summary_large_image\" \/>\n<meta name=\"twitter:creator\" content=\"@noticiadosvales\" \/>\n<meta name=\"twitter:site\" content=\"@noticiadosvales\" \/>\n<meta name=\"twitter:label1\" content=\"Escrito por\" \/>\n\t<meta name=\"twitter:data1\" content=\"Reda\u00e7\u00e3o Aconteceu no Vale\" \/>\n\t<meta name=\"twitter:label2\" content=\"Est. tempo de leitura\" \/>\n\t<meta name=\"twitter:data2\" content=\"1 minuto\" \/>\n<script type=\"application\/ld+json\" class=\"yoast-schema-graph\">{\"@context\":\"https:\\\/\\\/schema.org\",\"@graph\":[{\"@type\":\"Article\",\"@id\":\"https:\\\/\\\/aconteceunovale.com.br\\\/portal\\\/?p=170296#article\",\"isPartOf\":{\"@id\":\"https:\\\/\\\/aconteceunovale.com.br\\\/portal\\\/?p=170296\"},\"author\":{\"name\":\"Reda\u00e7\u00e3o Aconteceu no Vale\",\"@id\":\"https:\\\/\\\/aconteceunovale.com.br\\\/portal\\\/#\\\/schema\\\/person\\\/7d2f26d1483f8a63de73da1ee0754d35\"},\"headline\":\"Registro de candidatura do prefeito eleito em Te\u00f3filo Otoni \u00e9 cassado pela Justi\u00e7a Eleitoral\",\"datePublished\":\"2020-12-01T02:13:29+00:00\",\"dateModified\":\"2020-12-01T02:18:01+00:00\",\"mainEntityOfPage\":{\"@id\":\"https:\\\/\\\/aconteceunovale.com.br\\\/portal\\\/?p=170296\"},\"wordCount\":141,\"commentCount\":0,\"image\":{\"@id\":\"https:\\\/\\\/aconteceunovale.com.br\\\/portal\\\/?p=170296#primaryimage\"},\"thumbnailUrl\":\"https:\\\/\\\/aconteceunovale.com.br\\\/portal\\\/wp-content\\\/uploads\\\/2020\\\/11\\\/sucupira.jpg\",\"keywords\":[\"Cassa\u00e7\u00e3o do prefeito de Te\u00f3filo Otoni\",\"Daniel Sucupira\",\"Doutor Eder Detrez\",\"Elei\u00e7\u00f5es 2020 em Te\u00f3filo Otoni\",\"Elei\u00e7\u00f5es em Te\u00f3filo Otoni\",\"Prefeito de Te\u00f3filo Otoni \u00e9 cassado\",\"Registro de candidatura do prefeito eleito em Te\u00f3filo Otoni \u00e9 cassado pela Justi\u00e7a Eleitoral\",\"Te\u00f3filo Otoni\"],\"articleSection\":[\"Elei\u00e7\u00f5es 2020\",\"Pol\u00edtica\",\"Vale do Mucuri\"],\"inLanguage\":\"pt-BR\",\"potentialAction\":[{\"@type\":\"CommentAction\",\"name\":\"Comment\",\"target\":[\"https:\\\/\\\/aconteceunovale.com.br\\\/portal\\\/?p=170296#respond\"]}]},{\"@type\":\"WebPage\",\"@id\":\"https:\\\/\\\/aconteceunovale.com.br\\\/portal\\\/?p=170296\",\"url\":\"https:\\\/\\\/aconteceunovale.com.br\\\/portal\\\/?p=170296\",\"name\":\"Registro de candidatura do prefeito eleito em Te\u00f3filo Otoni \u00e9 cassado pela Justi\u00e7a Eleitoral - Aconteceu no Vale\",\"isPartOf\":{\"@id\":\"https:\\\/\\\/aconteceunovale.com.br\\\/portal\\\/#website\"},\"primaryImageOfPage\":{\"@id\":\"https:\\\/\\\/aconteceunovale.com.br\\\/portal\\\/?p=170296#primaryimage\"},\"image\":{\"@id\":\"https:\\\/\\\/aconteceunovale.com.br\\\/portal\\\/?p=170296#primaryimage\"},\"thumbnailUrl\":\"https:\\\/\\\/aconteceunovale.com.br\\\/portal\\\/wp-content\\\/uploads\\\/2020\\\/11\\\/sucupira.jpg\",\"datePublished\":\"2020-12-01T02:13:29+00:00\",\"dateModified\":\"2020-12-01T02:18:01+00:00\",\"author\":{\"@id\":\"https:\\\/\\\/aconteceunovale.com.br\\\/portal\\\/#\\\/schema\\\/person\\\/7d2f26d1483f8a63de73da1ee0754d35\"},\"breadcrumb\":{\"@id\":\"https:\\\/\\\/aconteceunovale.com.br\\\/portal\\\/?p=170296#breadcrumb\"},\"inLanguage\":\"pt-BR\",\"potentialAction\":[{\"@type\":\"ReadAction\",\"target\":[\"https:\\\/\\\/aconteceunovale.com.br\\\/portal\\\/?p=170296\"]}]},{\"@type\":\"ImageObject\",\"inLanguage\":\"pt-BR\",\"@id\":\"https:\\\/\\\/aconteceunovale.com.br\\\/portal\\\/?p=170296#primaryimage\",\"url\":\"https:\\\/\\\/aconteceunovale.com.br\\\/portal\\\/wp-content\\\/uploads\\\/2020\\\/11\\\/sucupira.jpg\",\"contentUrl\":\"https:\\\/\\\/aconteceunovale.com.br\\\/portal\\\/wp-content\\\/uploads\\\/2020\\\/11\\\/sucupira.jpg\",\"width\":678,\"height\":444},{\"@type\":\"BreadcrumbList\",\"@id\":\"https:\\\/\\\/aconteceunovale.com.br\\\/portal\\\/?p=170296#breadcrumb\",\"itemListElement\":[{\"@type\":\"ListItem\",\"position\":1,\"name\":\"In\u00edcio\",\"item\":\"https:\\\/\\\/aconteceunovale.com.br\\\/portal\\\/\"},{\"@type\":\"ListItem\",\"position\":2,\"name\":\"Registro de candidatura do prefeito eleito em Te\u00f3filo Otoni \u00e9 cassado pela Justi\u00e7a Eleitoral\"}]},{\"@type\":\"WebSite\",\"@id\":\"https:\\\/\\\/aconteceunovale.com.br\\\/portal\\\/#website\",\"url\":\"https:\\\/\\\/aconteceunovale.com.br\\\/portal\\\/\",\"name\":\"Aconteceu no Vale\",\"description\":\"Portal de Not\u00edcias\",\"potentialAction\":[{\"@type\":\"SearchAction\",\"target\":{\"@type\":\"EntryPoint\",\"urlTemplate\":\"https:\\\/\\\/aconteceunovale.com.br\\\/portal\\\/?s={search_term_string}\"},\"query-input\":{\"@type\":\"PropertyValueSpecification\",\"valueRequired\":true,\"valueName\":\"search_term_string\"}}],\"inLanguage\":\"pt-BR\"},{\"@type\":\"Person\",\"@id\":\"https:\\\/\\\/aconteceunovale.com.br\\\/portal\\\/#\\\/schema\\\/person\\\/7d2f26d1483f8a63de73da1ee0754d35\",\"name\":\"Reda\u00e7\u00e3o Aconteceu no Vale\",\"description\":\"Equipe de reportagem do Aconteceu no Vale, portal de not\u00edcias do Vale do Jequitinhonha, em Minas Gerais. Cobrimos as 51 cidades do Vale desde 2013. Sugest\u00f5es de pauta e pedidos de corre\u00e7\u00e3o: contato@aconteceunovale.com.br\",\"url\":\"https:\\\/\\\/aconteceunovale.com.br\\\/portal\\\/?author=4\"}]}<\/script>\n<!-- \/ Yoast SEO plugin. -->","yoast_head_json":{"title":"Registro de candidatura do prefeito eleito em Te\u00f3filo Otoni \u00e9 cassado pela Justi\u00e7a Eleitoral - Aconteceu no Vale","robots":{"index":"index","follow":"follow","max-snippet":"max-snippet:-1","max-image-preview":"max-image-preview:large","max-video-preview":"max-video-preview:-1"},"canonical":"https:\/\/aconteceunovale.com.br\/portal\/?p=170296","og_locale":"pt_BR","og_type":"article","og_title":"Registro de candidatura do prefeito eleito em Te\u00f3filo Otoni \u00e9 cassado pela Justi\u00e7a Eleitoral - Aconteceu no Vale","og_description":"A Justi\u00e7a Eleitoral em Te\u00f3filo Otoni (MG) cassou os registros das candidaturas de Daniel Sucupira Batista (PT) e Eder Detrez Silva (DEM) nas Elei\u00e7\u00f5es 2020 no munic\u00edpio. Segundo a senten\u00e7a, a decis\u00e3o foi motivada por abuso de poder pol\u00edtico e supostas pr\u00e1ticas de conduta vedadas aos agentes p\u00fablicos em campanhas eleitorais. Leia a senten\u00e7a (clique [&hellip;]","og_url":"https:\/\/aconteceunovale.com.br\/portal\/?p=170296","og_site_name":"Aconteceu no Vale","article_publisher":"https:\/\/www.facebook.com\/aconteceunovale\/","article_published_time":"2020-12-01T02:13:29+00:00","article_modified_time":"2020-12-01T02:18:01+00:00","og_image":[{"width":678,"height":444,"url":"https:\/\/aconteceunovale.com.br\/portal\/wp-content\/uploads\/2020\/11\/sucupira.jpg","type":"image\/jpeg"}],"author":"Reda\u00e7\u00e3o Aconteceu no Vale","twitter_card":"summary_large_image","twitter_creator":"@noticiadosvales","twitter_site":"@noticiadosvales","twitter_misc":{"Escrito por":"Reda\u00e7\u00e3o Aconteceu no Vale","Est. tempo de leitura":"1 minuto"},"schema":{"@context":"https:\/\/schema.org","@graph":[{"@type":"Article","@id":"https:\/\/aconteceunovale.com.br\/portal\/?p=170296#article","isPartOf":{"@id":"https:\/\/aconteceunovale.com.br\/portal\/?p=170296"},"author":{"name":"Reda\u00e7\u00e3o Aconteceu no Vale","@id":"https:\/\/aconteceunovale.com.br\/portal\/#\/schema\/person\/7d2f26d1483f8a63de73da1ee0754d35"},"headline":"Registro de candidatura do prefeito eleito em Te\u00f3filo Otoni \u00e9 cassado pela Justi\u00e7a Eleitoral","datePublished":"2020-12-01T02:13:29+00:00","dateModified":"2020-12-01T02:18:01+00:00","mainEntityOfPage":{"@id":"https:\/\/aconteceunovale.com.br\/portal\/?p=170296"},"wordCount":141,"commentCount":0,"image":{"@id":"https:\/\/aconteceunovale.com.br\/portal\/?p=170296#primaryimage"},"thumbnailUrl":"https:\/\/aconteceunovale.com.br\/portal\/wp-content\/uploads\/2020\/11\/sucupira.jpg","keywords":["Cassa\u00e7\u00e3o do prefeito de Te\u00f3filo Otoni","Daniel Sucupira","Doutor Eder Detrez","Elei\u00e7\u00f5es 2020 em Te\u00f3filo Otoni","Elei\u00e7\u00f5es em Te\u00f3filo Otoni","Prefeito de Te\u00f3filo Otoni \u00e9 cassado","Registro de candidatura do prefeito eleito em Te\u00f3filo Otoni \u00e9 cassado pela Justi\u00e7a Eleitoral","Te\u00f3filo Otoni"],"articleSection":["Elei\u00e7\u00f5es 2020","Pol\u00edtica","Vale do Mucuri"],"inLanguage":"pt-BR","potentialAction":[{"@type":"CommentAction","name":"Comment","target":["https:\/\/aconteceunovale.com.br\/portal\/?p=170296#respond"]}]},{"@type":"WebPage","@id":"https:\/\/aconteceunovale.com.br\/portal\/?p=170296","url":"https:\/\/aconteceunovale.com.br\/portal\/?p=170296","name":"Registro de candidatura do prefeito eleito em Te\u00f3filo Otoni \u00e9 cassado pela Justi\u00e7a Eleitoral - Aconteceu no Vale","isPartOf":{"@id":"https:\/\/aconteceunovale.com.br\/portal\/#website"},"primaryImageOfPage":{"@id":"https:\/\/aconteceunovale.com.br\/portal\/?p=170296#primaryimage"},"image":{"@id":"https:\/\/aconteceunovale.com.br\/portal\/?p=170296#primaryimage"},"thumbnailUrl":"https:\/\/aconteceunovale.com.br\/portal\/wp-content\/uploads\/2020\/11\/sucupira.jpg","datePublished":"2020-12-01T02:13:29+00:00","dateModified":"2020-12-01T02:18:01+00:00","author":{"@id":"https:\/\/aconteceunovale.com.br\/portal\/#\/schema\/person\/7d2f26d1483f8a63de73da1ee0754d35"},"breadcrumb":{"@id":"https:\/\/aconteceunovale.com.br\/portal\/?p=170296#breadcrumb"},"inLanguage":"pt-BR","potentialAction":[{"@type":"ReadAction","target":["https:\/\/aconteceunovale.com.br\/portal\/?p=170296"]}]},{"@type":"ImageObject","inLanguage":"pt-BR","@id":"https:\/\/aconteceunovale.com.br\/portal\/?p=170296#primaryimage","url":"https:\/\/aconteceunovale.com.br\/portal\/wp-content\/uploads\/2020\/11\/sucupira.jpg","contentUrl":"https:\/\/aconteceunovale.com.br\/portal\/wp-content\/uploads\/2020\/11\/sucupira.jpg","width":678,"height":444},{"@type":"BreadcrumbList","@id":"https:\/\/aconteceunovale.com.br\/portal\/?p=170296#breadcrumb","itemListElement":[{"@type":"ListItem","position":1,"name":"In\u00edcio","item":"https:\/\/aconteceunovale.com.br\/portal\/"},{"@type":"ListItem","position":2,"name":"Registro de candidatura do prefeito eleito em Te\u00f3filo Otoni \u00e9 cassado pela Justi\u00e7a Eleitoral"}]},{"@type":"WebSite","@id":"https:\/\/aconteceunovale.com.br\/portal\/#website","url":"https:\/\/aconteceunovale.com.br\/portal\/","name":"Aconteceu no Vale","description":"Portal de Not\u00edcias","potentialAction":[{"@type":"SearchAction","target":{"@type":"EntryPoint","urlTemplate":"https:\/\/aconteceunovale.com.br\/portal\/?s={search_term_string}"},"query-input":{"@type":"PropertyValueSpecification","valueRequired":true,"valueName":"search_term_string"}}],"inLanguage":"pt-BR"},{"@type":"Person","@id":"https:\/\/aconteceunovale.com.br\/portal\/#\/schema\/person\/7d2f26d1483f8a63de73da1ee0754d35","name":"Reda\u00e7\u00e3o Aconteceu no Vale","description":"Equipe de reportagem do Aconteceu no Vale, portal de not\u00edcias do Vale do Jequitinhonha, em Minas Gerais. Cobrimos as 51 cidades do Vale desde 2013. Sugest\u00f5es de pauta e pedidos de corre\u00e7\u00e3o: contato@aconteceunovale.com.br","url":"https:\/\/aconteceunovale.com.br\/portal\/?author=4"}]}},"_links":{"self":[{"href":"https:\/\/aconteceunovale.com.br\/portal\/index.php?rest_route=\/wp\/v2\/posts\/170296","targetHints":{"allow":["GET"]}}],"collection":[{"href":"https:\/\/aconteceunovale.com.br\/portal\/index.php?rest_route=\/wp\/v2\/posts"}],"about":[{"href":"https:\/\/aconteceunovale.com.br\/portal\/index.php?rest_route=\/wp\/v2\/types\/post"}],"author":[{"embeddable":true,"href":"https:\/\/aconteceunovale.com.br\/portal\/index.php?rest_route=\/wp\/v2\/users\/4"}],"replies":[{"embeddable":true,"href":"https:\/\/aconteceunovale.com.br\/portal\/index.php?rest_route=%2Fwp%2Fv2%2Fcomments&post=170296"}],"version-history":[{"count":2,"href":"https:\/\/aconteceunovale.com.br\/portal\/index.php?rest_route=\/wp\/v2\/posts\/170296\/revisions"}],"predecessor-version":[{"id":170301,"href":"https:\/\/aconteceunovale.com.br\/portal\/index.php?rest_route=\/wp\/v2\/posts\/170296\/revisions\/170301"}],"wp:featuredmedia":[{"embeddable":true,"href":"https:\/\/aconteceunovale.com.br\/portal\/index.php?rest_route=\/wp\/v2\/media\/170299"}],"wp:attachment":[{"href":"https:\/\/aconteceunovale.com.br\/portal\/index.php?rest_route=%2Fwp%2Fv2%2Fmedia&parent=170296"}],"wp:term":[{"taxonomy":"category","embeddable":true,"href":"https:\/\/aconteceunovale.com.br\/portal\/index.php?rest_route=%2Fwp%2Fv2%2Fcategories&post=170296"},{"taxonomy":"post_tag","embeddable":true,"href":"https:\/\/aconteceunovale.com.br\/portal\/index.php?rest_route=%2Fwp%2Fv2%2Ftags&post=170296"}],"curies":[{"name":"wp","href":"https:\/\/api.w.org\/{rel}","templated":true}]}}