{"id":170293,"date":"2020-11-30T20:51:43","date_gmt":"2020-11-30T23:51:43","guid":{"rendered":"https:\/\/aconteceunovale.com.br\/portal\/?p=170293"},"modified":"2020-11-30T20:52:32","modified_gmt":"2020-11-30T23:52:32","slug":"morre-a-42a-vitima-do-acidente-entre-onibus-e-caminhao-em-sao-paulo","status":"publish","type":"post","link":"https:\/\/aconteceunovale.com.br\/portal\/?p=170293","title":{"rendered":"Morre a 42\u00aa v\u00edtima do acidente entre \u00f4nibus e caminh\u00e3o em S\u00e3o Paulo"},"content":{"rendered":"\n<p class=\"wp-block-paragraph\">No \u00faltimo&nbsp;domingo&nbsp;(29\/11), morreu mais uma v\u00edtima do acidente ocorrido nas proximidades de Tagua\u00ed, interior de S\u00e3o Paulo, na&nbsp;quarta-feira (25). O paciente estava internado no Pronto Socorro de Avar\u00e9 com quadro cl\u00ednico grave. Ao todo, morreram 42 pessoas no acidente.<\/p>\n\n\n\n<p class=\"wp-block-paragraph\">Segundo informa\u00e7\u00f5es da Secretaria de Sa\u00fade do Estado, 15 sobreviventes foram socorridos ap\u00f3s o acidente na rodovia SP-249 e levados a hospitais do interior do estado, sendo que sete tiveram alta hospitalar ap\u00f3s melhora cl\u00ednica.<\/p>\n\n\n\n<p class=\"wp-block-paragraph\">Tr\u00eas dos socorridos continuam internados, sendo um no Hospital das Cl\u00ednicas da Faculdade de Medicina de Botucatu e 2 na Santa Casa de Avar\u00e9. Os outros quatro socorridos morreram devido \u00e0 gravidade cl\u00ednica antes mesmo de dar entrada nos servi\u00e7os de sa\u00fade.<\/p>\n\n\n\n<p class=\"wp-block-paragraph\">O acidente, na Rodovia Alfredo de Oliveira Carvalho (SP-249), entre os munic\u00edpios de Tagua\u00ed e Taquarituba, resultou de um choque entre um \u00f4nibus que transportava funcion\u00e1rios de uma empresa t\u00eaxtil da regi\u00e3o e um caminh\u00e3o. De acordo com informa\u00e7\u00f5es do governo estadual, a maioria das v\u00edtimas fatais era natural de Ita\u00ed.<\/p>\n\n\n\n<figure class=\"wp-block-gallery columns-1 is-cropped wp-block-gallery-1 is-layout-flex wp-block-gallery-is-layout-flex\"><ul class=\"blocks-gallery-grid\"><li class=\"blocks-gallery-item\"><figure><img loading=\"lazy\" decoding=\"async\" width=\"678\" height=\"406\" src=\"https:\/\/aconteceunovale.com.br\/portal\/wp-content\/uploads\/2020\/11\/acidente_sp.jpg\" alt=\"\" data-id=\"170294\" data-full-url=\"https:\/\/aconteceunovale.com.br\/portal\/wp-content\/uploads\/2020\/11\/acidente_sp.jpg\" data-link=\"https:\/\/aconteceunovale.com.br\/portal\/?attachment_id=170294\" class=\"wp-image-170294\" srcset=\"https:\/\/aconteceunovale.com.br\/portal\/wp-content\/uploads\/2020\/11\/acidente_sp.jpg 678w, https:\/\/aconteceunovale.com.br\/portal\/wp-content\/uploads\/2020\/11\/acidente_sp-300x180.jpg 300w\" sizes=\"auto, (max-width: 678px) 100vw, 678px\" \/><figcaption class=\"blocks-gallery-item__caption\"><em>Foto: Divulga\u00e7\u00e3o \/ Bombeiros<\/em><\/figcaption><\/figure><\/li><\/ul><\/figure>\n\n\n\n<p class=\"has-white-color has-vivid-cyan-blue-background-color has-text-color has-background wp-block-paragraph\">Quer saber as not\u00edcias do <strong>Aconteceu no Vale<\/strong> em primeira m\u00e3o? Siga-nos no Facebook <a rel=\"noreferrer noopener\" href=\"http:\/\/facebook.com\/aconteceunovale\" target=\"_blank\">@aconteceunovale<\/a>, Twitter <a rel=\"noreferrer noopener\" href=\"https:\/\/twitter.com\/noticiadosvales\" target=\"_blank\">@noticiadosvales<\/a> e Instagram <a rel=\"noreferrer noopener\" href=\"https:\/\/www.instagram.com\/aconteceunovale\" target=\"_blank\">@aconteceunovale<\/a>.<\/p>\n","protected":false},"excerpt":{"rendered":"<p>No \u00faltimo&nbsp;domingo&nbsp;(29\/11), morreu mais uma v\u00edtima do acidente ocorrido nas proximidades de Tagua\u00ed, interior de S\u00e3o Paulo, na&nbsp;quarta-feira (25). O paciente estava internado no Pronto Socorro de Avar\u00e9 com quadro cl\u00ednico grave. Ao todo, morreram 42 pessoas no acidente. Segundo informa\u00e7\u00f5es da Secretaria de Sa\u00fade do Estado, 15 sobreviventes foram socorridos ap\u00f3s o acidente na [&hellip;]<\/p>\n","protected":false},"author":4,"featured_media":170294,"comment_status":"open","ping_status":"closed","sticky":false,"template":"","format":"standard","meta":{"amp_status":"","footnotes":""},"categories":[6],"tags":[231276,231277,231275,231280,231278,98251,231279,231281,231283,231285,231274,231406,231407,231408,231409,144566,231410,231411,231412,231413,231414,231273,1018,231415,231416,231417,231418,231286,231419,231420,231421,231422,231423,231424,231425,231426,231427,231428,231429,231430,231431,231432,231433,231434,231435,231436,231437,231438,231439,231284,231440,231441,231288,231287,231442,231282,231443,231329,231328,231444,231445,231446],"class_list":["post-170293","post","type-post","status-publish","format-standard","has-post-thumbnail","hentry","category-br","tag-acidente-com-onibus-da-star-turismo","tag-acidente-com-onibus-da-stattus-jeans","tag-acidente-com-onibus-da-viacao-star","tag-acidente-com-onibus-em-taguai","tag-acidente-com-trabalhadores-da-stattus-jeans","tag-acidente-em-sao-paulo","tag-acidente-em-taguai","tag-acidente-entre-taguai-e-taquarituba","tag-acidente-na-regiao-de-avare","tag-acidente-na-rodovia-alfredo-de-oliveira-carvalho","tag-acidente-no-interior-de-sao-paulo","tag-adriel-calebe-alves-de-oliveira","tag-aline-fernanda-de-oliveira-antunes","tag-ana-claudia-dos-santos","tag-andressa-aparecida-espadia","tag-avare","tag-beatriz-monteiro-da-silva","tag-bruno-de-oliveira-faustino","tag-camila-cristina-franco-vergueiro","tag-carolina-coelho-batista","tag-claudinei-carlos-barboza","tag-colisao-entre-onibus-e-caminhao-provoca-dezenas-de-mortes-no-interior-de-sao-paulo","tag-destaque","tag-edina-madalena-da-silva","tag-edna-aparecida-lobo-batista","tag-elisangela-aparecida-mingote","tag-fabiana-gois-vieira","tag-fartura","tag-fernanda-estefany-silva-pereira","tag-francis-kelly-aparecida-nunes","tag-geison-goncalves-machado","tag-gustavo-ferreira-de-oliveira","tag-ivonaldo-da-silva-custodio","tag-jean-soares-alves","tag-josiel-aparecido-alves","tag-joyce-dos-santos-flores","tag-leandro-maximo-pereira","tag-leda-aparecida-estevam","tag-leonardo-jose-leme","tag-luciana-da-silva-soares","tag-lucielem-firmino-dos-santos","tag-lucineia-benedita-soldeira-de-melo","tag-marciele-pedroso-nunes","tag-marcio-lima-de-freitas","tag-maria-lucia-martins-rocha","tag-niveo-dos-santos-venancio","tag-osani-lucio","tag-ramon-pereira-de-lima","tag-regina-goncalves-domingues","tag-rodovia-alfredo-de-oliveira-carvalho","tag-ronivan-vilhena-augusto","tag-rosana-rodrigues-de-oliveira","tag-star-turismo","tag-stattus-jeans","tag-tais-aparecida-de-oliveira-ceara","tag-taquarituba","tag-tiago-aparecido-aulfs","tag-tragedia-com-onibus-em-sao-paulo","tag-tragedia-em-sao-paulo","tag-valquiria-de-oliveira-cruz","tag-vanessa-carolina-vieira-dos-santos","tag-wellington-aparecido-correa"],"yoast_head":"<!-- This site is optimized with the Yoast SEO plugin v28.3 - https:\/\/yoast.com\/product\/yoast-seo-wordpress\/ -->\n<title>Morre a 42\u00aa v\u00edtima do acidente entre \u00f4nibus e caminh\u00e3o em S\u00e3o Paulo - Aconteceu no Vale<\/title>\n<meta name=\"robots\" content=\"index, follow, max-snippet:-1, max-image-preview:large, max-video-preview:-1\" \/>\n<link rel=\"canonical\" href=\"https:\/\/aconteceunovale.com.br\/portal\/?p=170293\" \/>\n<meta property=\"og:locale\" content=\"pt_BR\" \/>\n<meta property=\"og:type\" content=\"article\" \/>\n<meta property=\"og:title\" content=\"Morre a 42\u00aa v\u00edtima do acidente entre \u00f4nibus e caminh\u00e3o em S\u00e3o Paulo - Aconteceu no Vale\" \/>\n<meta property=\"og:description\" content=\"No \u00faltimo&nbsp;domingo&nbsp;(29\/11), morreu mais uma v\u00edtima do acidente ocorrido nas proximidades de Tagua\u00ed, interior de S\u00e3o Paulo, na&nbsp;quarta-feira (25). O paciente estava internado no Pronto Socorro de Avar\u00e9 com quadro cl\u00ednico grave. Ao todo, morreram 42 pessoas no acidente. Segundo informa\u00e7\u00f5es da Secretaria de Sa\u00fade do Estado, 15 sobreviventes foram socorridos ap\u00f3s o acidente na [&hellip;]\" \/>\n<meta property=\"og:url\" content=\"https:\/\/aconteceunovale.com.br\/portal\/?p=170293\" \/>\n<meta property=\"og:site_name\" content=\"Aconteceu no Vale\" \/>\n<meta property=\"article:publisher\" content=\"https:\/\/www.facebook.com\/aconteceunovale\/\" \/>\n<meta property=\"article:published_time\" content=\"2020-11-30T23:51:43+00:00\" \/>\n<meta property=\"article:modified_time\" content=\"2020-11-30T23:52:32+00:00\" \/>\n<meta property=\"og:image\" content=\"https:\/\/aconteceunovale.com.br\/portal\/wp-content\/uploads\/2020\/11\/acidente_sp.jpg\" \/>\n\t<meta property=\"og:image:width\" content=\"678\" \/>\n\t<meta property=\"og:image:height\" content=\"406\" \/>\n\t<meta property=\"og:image:type\" content=\"image\/jpeg\" \/>\n<meta name=\"author\" content=\"Reda\u00e7\u00e3o Aconteceu no Vale\" \/>\n<meta name=\"twitter:card\" content=\"summary_large_image\" \/>\n<meta name=\"twitter:creator\" content=\"@noticiadosvales\" \/>\n<meta name=\"twitter:site\" content=\"@noticiadosvales\" \/>\n<meta name=\"twitter:label1\" content=\"Escrito por\" \/>\n\t<meta name=\"twitter:data1\" content=\"Reda\u00e7\u00e3o Aconteceu no Vale\" \/>\n\t<meta name=\"twitter:label2\" content=\"Est. tempo de leitura\" \/>\n\t<meta name=\"twitter:data2\" content=\"1 minuto\" \/>\n<script type=\"application\/ld+json\" class=\"yoast-schema-graph\">{\"@context\":\"https:\\\/\\\/schema.org\",\"@graph\":[{\"@type\":\"Article\",\"@id\":\"https:\\\/\\\/aconteceunovale.com.br\\\/portal\\\/?p=170293#article\",\"isPartOf\":{\"@id\":\"https:\\\/\\\/aconteceunovale.com.br\\\/portal\\\/?p=170293\"},\"author\":{\"name\":\"Reda\u00e7\u00e3o Aconteceu no Vale\",\"@id\":\"https:\\\/\\\/aconteceunovale.com.br\\\/portal\\\/#\\\/schema\\\/person\\\/7d2f26d1483f8a63de73da1ee0754d35\"},\"headline\":\"Morre a 42\u00aa v\u00edtima do acidente entre \u00f4nibus e caminh\u00e3o em S\u00e3o Paulo\",\"datePublished\":\"2020-11-30T23:51:43+00:00\",\"dateModified\":\"2020-11-30T23:52:32+00:00\",\"mainEntityOfPage\":{\"@id\":\"https:\\\/\\\/aconteceunovale.com.br\\\/portal\\\/?p=170293\"},\"wordCount\":228,\"commentCount\":0,\"image\":{\"@id\":\"https:\\\/\\\/aconteceunovale.com.br\\\/portal\\\/?p=170293#primaryimage\"},\"thumbnailUrl\":\"https:\\\/\\\/aconteceunovale.com.br\\\/portal\\\/wp-content\\\/uploads\\\/2020\\\/11\\\/acidente_sp.jpg\",\"keywords\":[\"Acidente com \u00f4nibus da Star Turismo\",\"Acidente com \u00f4nibus da Stattus Jeans\",\"Acidente com \u00f4nibus da Via\u00e7\u00e3o Star\",\"Acidente com \u00f4nibus em Tagua\u00ed\",\"Acidente com trabalhadores da Stattus Jeans\",\"Acidente em S\u00e3o Paulo\",\"Acidente em Tagua\u00ed\",\"Acidente entre Tagua\u00ed e Taquarituba\",\"Acidente na regi\u00e3o de Avar\u00e9\",\"Acidente na Rodovia Alfredo de Oliveira Carvalho\",\"Acidente no interior de S\u00e3o Paulo\",\"Adriel Calebe Alves de Oliveira\",\"Aline Fernanda de Oliveira Antunes\",\"Ana Claudia dos Santos\",\"Andressa Aparecida Espadia\",\"Avar\u00e9\",\"Beatriz Monteiro da Silva\",\"Bruno de Oliveira Faustino\",\"Camila Cristina Franco Vergueiro\",\"Carolina Coelho Batista\",\"Claudinei Carlos Barboza\",\"Colis\u00e3o entre \u00f4nibus e caminh\u00e3o provoca dezenas de mortes no interior de S\u00e3o Paulo\",\"destaque\",\"Edina Madalena da Silva\",\"Edna Aparecida Lobo Batista\",\"Elis\u00e2ngela Aparecida Mingote\",\"Fabiana Gois Vieira\",\"Fartura\",\"Fernanda Estefany Silva Pereira\",\"Francis Kelly Aparecida Nunes\",\"Geison Gon\u00e7alves Machado\",\"Gustavo Ferreira de Oliveira\",\"Ivonaldo da Silva Cust\u00f3dio\",\"Jean Soares Alves\",\"Josiel Aparecido Alves\",\"Joyce dos Santos Flores\",\"Leandro Maximo Pereira\",\"Leda Aparecida Estevam\",\"Leonardo Jos\u00e9 Leme\",\"Luciana da Silva Soares\",\"Lucielem Firmino dos Santos\",\"Lucineia Benedita Soldeira de Melo\",\"Marciele Pedroso Nunes\",\"Marcio Lima de Freitas\",\"Maria L\u00facia Martins Rocha\",\"Niveo dos Santos Ven\u00e2ncio\",\"Osani Lucio\",\"Ramon Pereira de Lima\",\"Regina Gon\u00e7alves Domingues\",\"Rodovia Alfredo de Oliveira Carvalho\",\"Ronivan Vilhena Augusto\",\"Rosana Rodrigues de Oliveira\",\"Star Turismo\",\"Stattus Jeans\",\"Tais Aparecida de Oliveira Ceara\",\"Taquarituba\",\"Tiago Aparecido Aulfs\",\"Trag\u00e9dia com \u00f4nibus em S\u00e3o Paulo\",\"Trag\u00e9dia em S\u00e3o Paulo\",\"Valqu\u00edria de Oliveira Cruz\",\"Vanessa Carolina Vieira dos Santos\",\"Wellington Aparecido Corr\u00eaa\"],\"articleSection\":[\"Brasil\"],\"inLanguage\":\"pt-BR\",\"potentialAction\":[{\"@type\":\"CommentAction\",\"name\":\"Comment\",\"target\":[\"https:\\\/\\\/aconteceunovale.com.br\\\/portal\\\/?p=170293#respond\"]}]},{\"@type\":\"WebPage\",\"@id\":\"https:\\\/\\\/aconteceunovale.com.br\\\/portal\\\/?p=170293\",\"url\":\"https:\\\/\\\/aconteceunovale.com.br\\\/portal\\\/?p=170293\",\"name\":\"Morre a 42\u00aa v\u00edtima do acidente entre \u00f4nibus e caminh\u00e3o em S\u00e3o Paulo - Aconteceu no Vale\",\"isPartOf\":{\"@id\":\"https:\\\/\\\/aconteceunovale.com.br\\\/portal\\\/#website\"},\"primaryImageOfPage\":{\"@id\":\"https:\\\/\\\/aconteceunovale.com.br\\\/portal\\\/?p=170293#primaryimage\"},\"image\":{\"@id\":\"https:\\\/\\\/aconteceunovale.com.br\\\/portal\\\/?p=170293#primaryimage\"},\"thumbnailUrl\":\"https:\\\/\\\/aconteceunovale.com.br\\\/portal\\\/wp-content\\\/uploads\\\/2020\\\/11\\\/acidente_sp.jpg\",\"datePublished\":\"2020-11-30T23:51:43+00:00\",\"dateModified\":\"2020-11-30T23:52:32+00:00\",\"author\":{\"@id\":\"https:\\\/\\\/aconteceunovale.com.br\\\/portal\\\/#\\\/schema\\\/person\\\/7d2f26d1483f8a63de73da1ee0754d35\"},\"breadcrumb\":{\"@id\":\"https:\\\/\\\/aconteceunovale.com.br\\\/portal\\\/?p=170293#breadcrumb\"},\"inLanguage\":\"pt-BR\",\"potentialAction\":[{\"@type\":\"ReadAction\",\"target\":[\"https:\\\/\\\/aconteceunovale.com.br\\\/portal\\\/?p=170293\"]}]},{\"@type\":\"ImageObject\",\"inLanguage\":\"pt-BR\",\"@id\":\"https:\\\/\\\/aconteceunovale.com.br\\\/portal\\\/?p=170293#primaryimage\",\"url\":\"https:\\\/\\\/aconteceunovale.com.br\\\/portal\\\/wp-content\\\/uploads\\\/2020\\\/11\\\/acidente_sp.jpg\",\"contentUrl\":\"https:\\\/\\\/aconteceunovale.com.br\\\/portal\\\/wp-content\\\/uploads\\\/2020\\\/11\\\/acidente_sp.jpg\",\"width\":678,\"height\":406,\"caption\":\"Acidente\\\/Rodovia SP 249\\\/ Tagua\u00ed\"},{\"@type\":\"BreadcrumbList\",\"@id\":\"https:\\\/\\\/aconteceunovale.com.br\\\/portal\\\/?p=170293#breadcrumb\",\"itemListElement\":[{\"@type\":\"ListItem\",\"position\":1,\"name\":\"In\u00edcio\",\"item\":\"https:\\\/\\\/aconteceunovale.com.br\\\/portal\\\/\"},{\"@type\":\"ListItem\",\"position\":2,\"name\":\"Morre a 42\u00aa v\u00edtima do acidente entre \u00f4nibus e caminh\u00e3o em S\u00e3o Paulo\"}]},{\"@type\":\"WebSite\",\"@id\":\"https:\\\/\\\/aconteceunovale.com.br\\\/portal\\\/#website\",\"url\":\"https:\\\/\\\/aconteceunovale.com.br\\\/portal\\\/\",\"name\":\"Aconteceu no Vale\",\"description\":\"Portal de Not\u00edcias\",\"potentialAction\":[{\"@type\":\"SearchAction\",\"target\":{\"@type\":\"EntryPoint\",\"urlTemplate\":\"https:\\\/\\\/aconteceunovale.com.br\\\/portal\\\/?s={search_term_string}\"},\"query-input\":{\"@type\":\"PropertyValueSpecification\",\"valueRequired\":true,\"valueName\":\"search_term_string\"}}],\"inLanguage\":\"pt-BR\"},{\"@type\":\"Person\",\"@id\":\"https:\\\/\\\/aconteceunovale.com.br\\\/portal\\\/#\\\/schema\\\/person\\\/7d2f26d1483f8a63de73da1ee0754d35\",\"name\":\"Reda\u00e7\u00e3o Aconteceu no Vale\",\"description\":\"Equipe de reportagem do Aconteceu no Vale, portal de not\u00edcias do Vale do Jequitinhonha, em Minas Gerais. Cobrimos as 51 cidades do Vale desde 2013. Sugest\u00f5es de pauta e pedidos de corre\u00e7\u00e3o: contato@aconteceunovale.com.br\",\"url\":\"https:\\\/\\\/aconteceunovale.com.br\\\/portal\\\/?author=4\"}]}<\/script>\n<!-- \/ Yoast SEO plugin. -->","yoast_head_json":{"title":"Morre a 42\u00aa v\u00edtima do acidente entre \u00f4nibus e caminh\u00e3o em S\u00e3o Paulo - Aconteceu no Vale","robots":{"index":"index","follow":"follow","max-snippet":"max-snippet:-1","max-image-preview":"max-image-preview:large","max-video-preview":"max-video-preview:-1"},"canonical":"https:\/\/aconteceunovale.com.br\/portal\/?p=170293","og_locale":"pt_BR","og_type":"article","og_title":"Morre a 42\u00aa v\u00edtima do acidente entre \u00f4nibus e caminh\u00e3o em S\u00e3o Paulo - Aconteceu no Vale","og_description":"No \u00faltimo&nbsp;domingo&nbsp;(29\/11), morreu mais uma v\u00edtima do acidente ocorrido nas proximidades de Tagua\u00ed, interior de S\u00e3o Paulo, na&nbsp;quarta-feira (25). O paciente estava internado no Pronto Socorro de Avar\u00e9 com quadro cl\u00ednico grave. Ao todo, morreram 42 pessoas no acidente. Segundo informa\u00e7\u00f5es da Secretaria de Sa\u00fade do Estado, 15 sobreviventes foram socorridos ap\u00f3s o acidente na [&hellip;]","og_url":"https:\/\/aconteceunovale.com.br\/portal\/?p=170293","og_site_name":"Aconteceu no Vale","article_publisher":"https:\/\/www.facebook.com\/aconteceunovale\/","article_published_time":"2020-11-30T23:51:43+00:00","article_modified_time":"2020-11-30T23:52:32+00:00","og_image":[{"width":678,"height":406,"url":"https:\/\/aconteceunovale.com.br\/portal\/wp-content\/uploads\/2020\/11\/acidente_sp.jpg","type":"image\/jpeg"}],"author":"Reda\u00e7\u00e3o Aconteceu no Vale","twitter_card":"summary_large_image","twitter_creator":"@noticiadosvales","twitter_site":"@noticiadosvales","twitter_misc":{"Escrito por":"Reda\u00e7\u00e3o Aconteceu no Vale","Est. tempo de leitura":"1 minuto"},"schema":{"@context":"https:\/\/schema.org","@graph":[{"@type":"Article","@id":"https:\/\/aconteceunovale.com.br\/portal\/?p=170293#article","isPartOf":{"@id":"https:\/\/aconteceunovale.com.br\/portal\/?p=170293"},"author":{"name":"Reda\u00e7\u00e3o Aconteceu no Vale","@id":"https:\/\/aconteceunovale.com.br\/portal\/#\/schema\/person\/7d2f26d1483f8a63de73da1ee0754d35"},"headline":"Morre a 42\u00aa v\u00edtima do acidente entre \u00f4nibus e caminh\u00e3o em S\u00e3o Paulo","datePublished":"2020-11-30T23:51:43+00:00","dateModified":"2020-11-30T23:52:32+00:00","mainEntityOfPage":{"@id":"https:\/\/aconteceunovale.com.br\/portal\/?p=170293"},"wordCount":228,"commentCount":0,"image":{"@id":"https:\/\/aconteceunovale.com.br\/portal\/?p=170293#primaryimage"},"thumbnailUrl":"https:\/\/aconteceunovale.com.br\/portal\/wp-content\/uploads\/2020\/11\/acidente_sp.jpg","keywords":["Acidente com \u00f4nibus da Star Turismo","Acidente com \u00f4nibus da Stattus Jeans","Acidente com \u00f4nibus da Via\u00e7\u00e3o Star","Acidente com \u00f4nibus em Tagua\u00ed","Acidente com trabalhadores da Stattus Jeans","Acidente em S\u00e3o Paulo","Acidente em Tagua\u00ed","Acidente entre Tagua\u00ed e Taquarituba","Acidente na regi\u00e3o de Avar\u00e9","Acidente na Rodovia Alfredo de Oliveira Carvalho","Acidente no interior de S\u00e3o Paulo","Adriel Calebe Alves de Oliveira","Aline Fernanda de Oliveira Antunes","Ana Claudia dos Santos","Andressa Aparecida Espadia","Avar\u00e9","Beatriz Monteiro da Silva","Bruno de Oliveira Faustino","Camila Cristina Franco Vergueiro","Carolina Coelho Batista","Claudinei Carlos Barboza","Colis\u00e3o entre \u00f4nibus e caminh\u00e3o provoca dezenas de mortes no interior de S\u00e3o Paulo","destaque","Edina Madalena da Silva","Edna Aparecida Lobo Batista","Elis\u00e2ngela Aparecida Mingote","Fabiana Gois Vieira","Fartura","Fernanda Estefany Silva Pereira","Francis Kelly Aparecida Nunes","Geison Gon\u00e7alves Machado","Gustavo Ferreira de Oliveira","Ivonaldo da Silva Cust\u00f3dio","Jean Soares Alves","Josiel Aparecido Alves","Joyce dos Santos Flores","Leandro Maximo Pereira","Leda Aparecida Estevam","Leonardo Jos\u00e9 Leme","Luciana da Silva Soares","Lucielem Firmino dos Santos","Lucineia Benedita Soldeira de Melo","Marciele Pedroso Nunes","Marcio Lima de Freitas","Maria L\u00facia Martins Rocha","Niveo dos Santos Ven\u00e2ncio","Osani Lucio","Ramon Pereira de Lima","Regina Gon\u00e7alves Domingues","Rodovia Alfredo de Oliveira Carvalho","Ronivan Vilhena Augusto","Rosana Rodrigues de Oliveira","Star Turismo","Stattus Jeans","Tais Aparecida de Oliveira Ceara","Taquarituba","Tiago Aparecido Aulfs","Trag\u00e9dia com \u00f4nibus em S\u00e3o Paulo","Trag\u00e9dia em S\u00e3o Paulo","Valqu\u00edria de Oliveira Cruz","Vanessa Carolina Vieira dos Santos","Wellington Aparecido Corr\u00eaa"],"articleSection":["Brasil"],"inLanguage":"pt-BR","potentialAction":[{"@type":"CommentAction","name":"Comment","target":["https:\/\/aconteceunovale.com.br\/portal\/?p=170293#respond"]}]},{"@type":"WebPage","@id":"https:\/\/aconteceunovale.com.br\/portal\/?p=170293","url":"https:\/\/aconteceunovale.com.br\/portal\/?p=170293","name":"Morre a 42\u00aa v\u00edtima do acidente entre \u00f4nibus e caminh\u00e3o em S\u00e3o Paulo - Aconteceu no Vale","isPartOf":{"@id":"https:\/\/aconteceunovale.com.br\/portal\/#website"},"primaryImageOfPage":{"@id":"https:\/\/aconteceunovale.com.br\/portal\/?p=170293#primaryimage"},"image":{"@id":"https:\/\/aconteceunovale.com.br\/portal\/?p=170293#primaryimage"},"thumbnailUrl":"https:\/\/aconteceunovale.com.br\/portal\/wp-content\/uploads\/2020\/11\/acidente_sp.jpg","datePublished":"2020-11-30T23:51:43+00:00","dateModified":"2020-11-30T23:52:32+00:00","author":{"@id":"https:\/\/aconteceunovale.com.br\/portal\/#\/schema\/person\/7d2f26d1483f8a63de73da1ee0754d35"},"breadcrumb":{"@id":"https:\/\/aconteceunovale.com.br\/portal\/?p=170293#breadcrumb"},"inLanguage":"pt-BR","potentialAction":[{"@type":"ReadAction","target":["https:\/\/aconteceunovale.com.br\/portal\/?p=170293"]}]},{"@type":"ImageObject","inLanguage":"pt-BR","@id":"https:\/\/aconteceunovale.com.br\/portal\/?p=170293#primaryimage","url":"https:\/\/aconteceunovale.com.br\/portal\/wp-content\/uploads\/2020\/11\/acidente_sp.jpg","contentUrl":"https:\/\/aconteceunovale.com.br\/portal\/wp-content\/uploads\/2020\/11\/acidente_sp.jpg","width":678,"height":406,"caption":"Acidente\/Rodovia SP 249\/ Tagua\u00ed"},{"@type":"BreadcrumbList","@id":"https:\/\/aconteceunovale.com.br\/portal\/?p=170293#breadcrumb","itemListElement":[{"@type":"ListItem","position":1,"name":"In\u00edcio","item":"https:\/\/aconteceunovale.com.br\/portal\/"},{"@type":"ListItem","position":2,"name":"Morre a 42\u00aa v\u00edtima do acidente entre \u00f4nibus e caminh\u00e3o em S\u00e3o Paulo"}]},{"@type":"WebSite","@id":"https:\/\/aconteceunovale.com.br\/portal\/#website","url":"https:\/\/aconteceunovale.com.br\/portal\/","name":"Aconteceu no Vale","description":"Portal de Not\u00edcias","potentialAction":[{"@type":"SearchAction","target":{"@type":"EntryPoint","urlTemplate":"https:\/\/aconteceunovale.com.br\/portal\/?s={search_term_string}"},"query-input":{"@type":"PropertyValueSpecification","valueRequired":true,"valueName":"search_term_string"}}],"inLanguage":"pt-BR"},{"@type":"Person","@id":"https:\/\/aconteceunovale.com.br\/portal\/#\/schema\/person\/7d2f26d1483f8a63de73da1ee0754d35","name":"Reda\u00e7\u00e3o Aconteceu no Vale","description":"Equipe de reportagem do Aconteceu no Vale, portal de not\u00edcias do Vale do Jequitinhonha, em Minas Gerais. Cobrimos as 51 cidades do Vale desde 2013. Sugest\u00f5es de pauta e pedidos de corre\u00e7\u00e3o: contato@aconteceunovale.com.br","url":"https:\/\/aconteceunovale.com.br\/portal\/?author=4"}]}},"_links":{"self":[{"href":"https:\/\/aconteceunovale.com.br\/portal\/index.php?rest_route=\/wp\/v2\/posts\/170293","targetHints":{"allow":["GET"]}}],"collection":[{"href":"https:\/\/aconteceunovale.com.br\/portal\/index.php?rest_route=\/wp\/v2\/posts"}],"about":[{"href":"https:\/\/aconteceunovale.com.br\/portal\/index.php?rest_route=\/wp\/v2\/types\/post"}],"author":[{"embeddable":true,"href":"https:\/\/aconteceunovale.com.br\/portal\/index.php?rest_route=\/wp\/v2\/users\/4"}],"replies":[{"embeddable":true,"href":"https:\/\/aconteceunovale.com.br\/portal\/index.php?rest_route=%2Fwp%2Fv2%2Fcomments&post=170293"}],"version-history":[{"count":1,"href":"https:\/\/aconteceunovale.com.br\/portal\/index.php?rest_route=\/wp\/v2\/posts\/170293\/revisions"}],"predecessor-version":[{"id":170295,"href":"https:\/\/aconteceunovale.com.br\/portal\/index.php?rest_route=\/wp\/v2\/posts\/170293\/revisions\/170295"}],"wp:featuredmedia":[{"embeddable":true,"href":"https:\/\/aconteceunovale.com.br\/portal\/index.php?rest_route=\/wp\/v2\/media\/170294"}],"wp:attachment":[{"href":"https:\/\/aconteceunovale.com.br\/portal\/index.php?rest_route=%2Fwp%2Fv2%2Fmedia&parent=170293"}],"wp:term":[{"taxonomy":"category","embeddable":true,"href":"https:\/\/aconteceunovale.com.br\/portal\/index.php?rest_route=%2Fwp%2Fv2%2Fcategories&post=170293"},{"taxonomy":"post_tag","embeddable":true,"href":"https:\/\/aconteceunovale.com.br\/portal\/index.php?rest_route=%2Fwp%2Fv2%2Ftags&post=170293"}],"curies":[{"name":"wp","href":"https:\/\/api.w.org\/{rel}","templated":true}]}}