{"id":170155,"date":"2020-11-27T19:56:04","date_gmt":"2020-11-27T22:56:04","guid":{"rendered":"https:\/\/aconteceunovale.com.br\/portal\/?p=170155"},"modified":"2020-11-27T19:56:27","modified_gmt":"2020-11-27T22:56:27","slug":"carlos-moises-e-absolvido-em-processo-de-impeachment","status":"publish","type":"post","link":"https:\/\/aconteceunovale.com.br\/portal\/?p=170155","title":{"rendered":"Carlos Mois\u00e9s \u00e9 absolvido em processo de impeachment"},"content":{"rendered":"\n<p class=\"wp-block-paragraph\">Por 6 votos a 3, o Tribunal Especial de Julgamento absolveu hoje (27\/11\/2020) o governador de Santa Catarina, Carlos Mois\u00e9s, acusado de crime de responsabilidade na concess\u00e3o de reajuste salarial aos procuradores do estado.<\/p>\n\n\n\n<p class=\"wp-block-paragraph\">Composto por cinco deputados estaduais e cinco desembargadores, o tribunal inocentou Mois\u00e9s da acusa\u00e7\u00e3o, mas ele \u00e9 alvo de outro pedido de&nbsp;<em>impeachment<\/em>, em an\u00e1lise na Assembleia Legislativa. Neste, o governador \u00e9 acusado de irregularidades na compra de aparelhos respiradores e na tentativa de contrata\u00e7\u00e3o de um hospital de campanha para atender a pacientes com covid-19.<\/p>\n\n\n\n<p class=\"wp-block-paragraph\">No Tribunal Especial, dois parlamentares e um deputado entenderam que Mois\u00e9s foi omisso e deveria ser definitivamente afastado do cargo. O deputado Luiz Fernando Vampiro absteve-se de votar.<\/p>\n\n\n\n<p class=\"wp-block-paragraph\">Com a decis\u00e3o anunciada no in\u00edcio da tarde, Mois\u00e9s reassumir\u00e1 o cargo, do qual estava afastado desde o dia 27 de outubro.<\/p>\n\n\n\n<p class=\"wp-block-paragraph\">Durante a sess\u00e3o de julgamento, que durou cerca de cinco horas, o relator do processo, deputado Kennedy Nunes, chegou a propor um pedido de vistas coletivo ao processo, alegando que precisava de pelo menos mais cinco dias \u00fateis para analisar os fatos \u00e0 luz de dois fatos recentes: a anula\u00e7\u00e3o, pela vice-governadora Daniela Reinehr (que vinha respondendo, interinamente, pelo governo estadual), do reajuste salarial dos procuradores; e a decis\u00e3o do Tribunal de Justi\u00e7a de Santa Catarina, que, na quarta-feira (25), segundo a qual a equipara\u00e7\u00e3o salarial n\u00e3o infringiu nenhuma lei.<\/p>\n\n\n\n<figure class=\"wp-block-gallery columns-1 is-cropped wp-block-gallery-1 is-layout-flex wp-block-gallery-is-layout-flex\"><ul class=\"blocks-gallery-grid\"><li class=\"blocks-gallery-item\"><figure><img loading=\"lazy\" decoding=\"async\" width=\"678\" height=\"406\" src=\"https:\/\/aconteceunovale.com.br\/portal\/wp-content\/uploads\/2020\/11\/carlos_moises.jpg\" alt=\"\" data-id=\"170156\" data-full-url=\"https:\/\/aconteceunovale.com.br\/portal\/wp-content\/uploads\/2020\/11\/carlos_moises.jpg\" data-link=\"https:\/\/aconteceunovale.com.br\/portal\/?attachment_id=170156\" class=\"wp-image-170156\" srcset=\"https:\/\/aconteceunovale.com.br\/portal\/wp-content\/uploads\/2020\/11\/carlos_moises.jpg 678w, https:\/\/aconteceunovale.com.br\/portal\/wp-content\/uploads\/2020\/11\/carlos_moises-300x180.jpg 300w\" sizes=\"auto, (max-width: 678px) 100vw, 678px\" \/><figcaption class=\"blocks-gallery-item__caption\"><em>Foto: Ricardo Wolffenb\u00fcttel\/Secom\/Santa Catarina<\/em><\/figcaption><\/figure><\/li><\/ul><\/figure>\n\n\n\n<p class=\"wp-block-paragraph\">A sugest\u00e3o de Nunes foi rejeitada por outros membros do tribunal especial que argumentaram que, passado um m\u00eas da aceita\u00e7\u00e3o da den\u00fancia, a sociedade n\u00e3o podia mais esperar por uma decis\u00e3o definitiva sobre o assunto. Com isso, Nunes retirou a proposta e votou pela condena\u00e7\u00e3o de Mois\u00e9s.<\/p>\n\n\n\n<p class=\"wp-block-paragraph\">Para que Mois\u00e9s fosse condenado e afastado definitivamente do cargo, seriam necess\u00e1rios elo menos 7 votos.<\/p>\n\n\n\n<p class=\"wp-block-paragraph\">Antes do in\u00edcio da vota\u00e7\u00e3o, o defensor p\u00fablico Ralf Zimmer J\u00fanior, autor da representa\u00e7\u00e3o contra o governador, tentou convencer os dez membros do tribunal de que, como chefe do Poder Executivo, Mois\u00e9s tinha responsabilidade administrativa pela concess\u00e3o do reajuste equiparando os vencimentos dos procuradores estaduais aos dos procuradores da Assembleia Legislativa. Para a acusa\u00e7\u00e3o, tal iniciativa contraria a Constitui\u00e7\u00e3o Federal, que pro\u00edbe a equipara\u00e7\u00e3o remunerat\u00f3ria entre categorias distintas. Zimmer disse que, al\u00e9m de n\u00e3o impedir o aumento, o governador nada fez posteriormente para punir os respons\u00e1veis. Zimmer tamb\u00e9m questionou o fato de o reajuste ter sido concedido sem aprova\u00e7\u00e3o de uma lei espec\u00edfica, afirmando que isso configurava uma \u201cilegalidade ululante\u201d.<\/p>\n\n\n\n<p class=\"wp-block-paragraph\">O advogado de defesa, Marcos Probst, afirmou, por\u00e9m, que n\u00e3o havia nos autos qualquer prova de ato ilegal que tenha sido cometido. Segundo Probst, a equipara\u00e7\u00e3o salarial foi autorizada pela Procuradoria-Geral do Estado, e s\u00f3 posteriormente o Tribunal de Contas do estado manifestou-se contra a decis\u00e3o.<\/p>\n\n\n\n<p class=\"wp-block-paragraph\">Assim como o relator do processo, o deputado Kennedy Nunes, que votou contra Mois\u00e9s, o defensor mencionou a complexidade do assunto \u2013 neste caso, para afirmar a inoc\u00eancia do governador. \u201cQueriam o qu\u00ea? Que o governador sustasse abruptamente aquilo que \u00f3rg\u00e3o colegiado maior de assessoramento e representa\u00e7\u00e3o judicial do estado [a PGE] havia deliberado? Este argumento n\u00e3o se sustenta em p\u00e9\u201d, enfatizou Probst.<\/p>\n\n\n\n<p class=\"has-white-color has-vivid-cyan-blue-background-color has-text-color has-background wp-block-paragraph\">Quer saber as not\u00edcias do <strong>Aconteceu no Vale<\/strong> em primeira m\u00e3o? Siga-nos no Facebook <a rel=\"noreferrer noopener\" href=\"http:\/\/facebook.com\/aconteceunovale\" target=\"_blank\">@aconteceunovale<\/a>, Twitter <a rel=\"noreferrer noopener\" href=\"https:\/\/twitter.com\/noticiadosvales\" target=\"_blank\">@noticiadosvales<\/a> e Instagram <a rel=\"noreferrer noopener\" href=\"https:\/\/www.instagram.com\/aconteceunovale\" target=\"_blank\">@aconteceunovale<\/a>.<\/p>\n","protected":false},"excerpt":{"rendered":"<p>Por 6 votos a 3, o Tribunal Especial de Julgamento absolveu hoje (27\/11\/2020) o governador de Santa Catarina, Carlos Mois\u00e9s, acusado de crime de responsabilidade na concess\u00e3o de reajuste salarial aos procuradores do estado. Composto por cinco deputados estaduais e cinco desembargadores, o tribunal inocentou Mois\u00e9s da acusa\u00e7\u00e3o, mas ele \u00e9 alvo de outro pedido [&hellip;]<\/p>\n","protected":false},"author":4,"featured_media":170156,"comment_status":"open","ping_status":"closed","sticky":false,"template":"","format":"standard","meta":{"amp_status":"","footnotes":""},"categories":[6,40240],"tags":[231582,231581,231578,231577,196961,231574,184313,231576,231580,231575,231579],"class_list":["post-170155","post","type-post","status-publish","format-standard","has-post-thumbnail","hentry","category-br","category-politica","tag-absolvicao-de-carlos-moises","tag-absolvicao-do-governador-de-santa-catarina","tag-afastamento-carlos-moises","tag-afastamento-governador-de-santa-catarina","tag-carlos-moises","tag-carlos-moises-e-absolvido-em-processo-de-impeachment","tag-governador-de-santa-catarina","tag-impeachment-governador-de-santa-catarina","tag-processo-carlos-moises","tag-processo-de-impeachment-de-carlos-moises","tag-processo-governador-de-santa-catarina"],"yoast_head":"<!-- This site is optimized with the Yoast SEO plugin v28.3 - https:\/\/yoast.com\/product\/yoast-seo-wordpress\/ -->\n<title>Carlos Mois\u00e9s \u00e9 absolvido em processo de impeachment - Aconteceu no Vale<\/title>\n<meta name=\"robots\" content=\"index, follow, max-snippet:-1, max-image-preview:large, max-video-preview:-1\" \/>\n<link rel=\"canonical\" href=\"https:\/\/aconteceunovale.com.br\/portal\/?p=170155\" \/>\n<meta property=\"og:locale\" content=\"pt_BR\" \/>\n<meta property=\"og:type\" content=\"article\" \/>\n<meta property=\"og:title\" content=\"Carlos Mois\u00e9s \u00e9 absolvido em processo de impeachment - Aconteceu no Vale\" \/>\n<meta property=\"og:description\" content=\"Por 6 votos a 3, o Tribunal Especial de Julgamento absolveu hoje (27\/11\/2020) o governador de Santa Catarina, Carlos Mois\u00e9s, acusado de crime de responsabilidade na concess\u00e3o de reajuste salarial aos procuradores do estado. Composto por cinco deputados estaduais e cinco desembargadores, o tribunal inocentou Mois\u00e9s da acusa\u00e7\u00e3o, mas ele \u00e9 alvo de outro pedido [&hellip;]\" \/>\n<meta property=\"og:url\" content=\"https:\/\/aconteceunovale.com.br\/portal\/?p=170155\" \/>\n<meta property=\"og:site_name\" content=\"Aconteceu no Vale\" \/>\n<meta property=\"article:publisher\" content=\"https:\/\/www.facebook.com\/aconteceunovale\/\" \/>\n<meta property=\"article:published_time\" content=\"2020-11-27T22:56:04+00:00\" \/>\n<meta property=\"article:modified_time\" content=\"2020-11-27T22:56:27+00:00\" \/>\n<meta property=\"og:image\" content=\"https:\/\/aconteceunovale.com.br\/portal\/wp-content\/uploads\/2020\/11\/carlos_moises.jpg\" \/>\n\t<meta property=\"og:image:width\" content=\"678\" \/>\n\t<meta property=\"og:image:height\" content=\"406\" \/>\n\t<meta property=\"og:image:type\" content=\"image\/jpeg\" \/>\n<meta name=\"author\" content=\"Reda\u00e7\u00e3o Aconteceu no Vale\" \/>\n<meta name=\"twitter:card\" content=\"summary_large_image\" \/>\n<meta name=\"twitter:creator\" content=\"@noticiadosvales\" \/>\n<meta name=\"twitter:site\" content=\"@noticiadosvales\" \/>\n<meta name=\"twitter:label1\" content=\"Escrito por\" \/>\n\t<meta name=\"twitter:data1\" content=\"Reda\u00e7\u00e3o Aconteceu no Vale\" \/>\n\t<meta name=\"twitter:label2\" content=\"Est. tempo de leitura\" \/>\n\t<meta name=\"twitter:data2\" content=\"3 minutos\" \/>\n<script type=\"application\/ld+json\" class=\"yoast-schema-graph\">{\"@context\":\"https:\\\/\\\/schema.org\",\"@graph\":[{\"@type\":\"Article\",\"@id\":\"https:\\\/\\\/aconteceunovale.com.br\\\/portal\\\/?p=170155#article\",\"isPartOf\":{\"@id\":\"https:\\\/\\\/aconteceunovale.com.br\\\/portal\\\/?p=170155\"},\"author\":{\"name\":\"Reda\u00e7\u00e3o Aconteceu no Vale\",\"@id\":\"https:\\\/\\\/aconteceunovale.com.br\\\/portal\\\/#\\\/schema\\\/person\\\/7d2f26d1483f8a63de73da1ee0754d35\"},\"headline\":\"Carlos Mois\u00e9s \u00e9 absolvido em processo de impeachment\",\"datePublished\":\"2020-11-27T22:56:04+00:00\",\"dateModified\":\"2020-11-27T22:56:27+00:00\",\"mainEntityOfPage\":{\"@id\":\"https:\\\/\\\/aconteceunovale.com.br\\\/portal\\\/?p=170155\"},\"wordCount\":593,\"commentCount\":0,\"image\":{\"@id\":\"https:\\\/\\\/aconteceunovale.com.br\\\/portal\\\/?p=170155#primaryimage\"},\"thumbnailUrl\":\"https:\\\/\\\/aconteceunovale.com.br\\\/portal\\\/wp-content\\\/uploads\\\/2020\\\/11\\\/carlos_moises.jpg\",\"keywords\":[\"Absolvi\u00e7\u00e3o de Carlos Mois\u00e9s\",\"Absolvi\u00e7\u00e3o do governador de Santa Catarina\",\"Afastamento Carlos Mois\u00e9s\",\"Afastamento governador de Santa Catarina\",\"Carlos Mois\u00e9s\",\"Carlos Mois\u00e9s \u00e9 absolvido em processo de impeachment\",\"Governador de Santa Catarina\",\"Impeachment governador de Santa Catarina\",\"Processo Carlos Mois\u00e9s\",\"Processo de impeachment de Carlos Mois\u00e9s\",\"Processo governador de Santa Catarina\"],\"articleSection\":[\"Brasil\",\"Pol\u00edtica\"],\"inLanguage\":\"pt-BR\",\"potentialAction\":[{\"@type\":\"CommentAction\",\"name\":\"Comment\",\"target\":[\"https:\\\/\\\/aconteceunovale.com.br\\\/portal\\\/?p=170155#respond\"]}]},{\"@type\":\"WebPage\",\"@id\":\"https:\\\/\\\/aconteceunovale.com.br\\\/portal\\\/?p=170155\",\"url\":\"https:\\\/\\\/aconteceunovale.com.br\\\/portal\\\/?p=170155\",\"name\":\"Carlos Mois\u00e9s \u00e9 absolvido em processo de impeachment - Aconteceu no Vale\",\"isPartOf\":{\"@id\":\"https:\\\/\\\/aconteceunovale.com.br\\\/portal\\\/#website\"},\"primaryImageOfPage\":{\"@id\":\"https:\\\/\\\/aconteceunovale.com.br\\\/portal\\\/?p=170155#primaryimage\"},\"image\":{\"@id\":\"https:\\\/\\\/aconteceunovale.com.br\\\/portal\\\/?p=170155#primaryimage\"},\"thumbnailUrl\":\"https:\\\/\\\/aconteceunovale.com.br\\\/portal\\\/wp-content\\\/uploads\\\/2020\\\/11\\\/carlos_moises.jpg\",\"datePublished\":\"2020-11-27T22:56:04+00:00\",\"dateModified\":\"2020-11-27T22:56:27+00:00\",\"author\":{\"@id\":\"https:\\\/\\\/aconteceunovale.com.br\\\/portal\\\/#\\\/schema\\\/person\\\/7d2f26d1483f8a63de73da1ee0754d35\"},\"breadcrumb\":{\"@id\":\"https:\\\/\\\/aconteceunovale.com.br\\\/portal\\\/?p=170155#breadcrumb\"},\"inLanguage\":\"pt-BR\",\"potentialAction\":[{\"@type\":\"ReadAction\",\"target\":[\"https:\\\/\\\/aconteceunovale.com.br\\\/portal\\\/?p=170155\"]}]},{\"@type\":\"ImageObject\",\"inLanguage\":\"pt-BR\",\"@id\":\"https:\\\/\\\/aconteceunovale.com.br\\\/portal\\\/?p=170155#primaryimage\",\"url\":\"https:\\\/\\\/aconteceunovale.com.br\\\/portal\\\/wp-content\\\/uploads\\\/2020\\\/11\\\/carlos_moises.jpg\",\"contentUrl\":\"https:\\\/\\\/aconteceunovale.com.br\\\/portal\\\/wp-content\\\/uploads\\\/2020\\\/11\\\/carlos_moises.jpg\",\"width\":678,\"height\":406},{\"@type\":\"BreadcrumbList\",\"@id\":\"https:\\\/\\\/aconteceunovale.com.br\\\/portal\\\/?p=170155#breadcrumb\",\"itemListElement\":[{\"@type\":\"ListItem\",\"position\":1,\"name\":\"In\u00edcio\",\"item\":\"https:\\\/\\\/aconteceunovale.com.br\\\/portal\\\/\"},{\"@type\":\"ListItem\",\"position\":2,\"name\":\"Carlos Mois\u00e9s \u00e9 absolvido em processo de impeachment\"}]},{\"@type\":\"WebSite\",\"@id\":\"https:\\\/\\\/aconteceunovale.com.br\\\/portal\\\/#website\",\"url\":\"https:\\\/\\\/aconteceunovale.com.br\\\/portal\\\/\",\"name\":\"Aconteceu no Vale\",\"description\":\"Portal de Not\u00edcias\",\"potentialAction\":[{\"@type\":\"SearchAction\",\"target\":{\"@type\":\"EntryPoint\",\"urlTemplate\":\"https:\\\/\\\/aconteceunovale.com.br\\\/portal\\\/?s={search_term_string}\"},\"query-input\":{\"@type\":\"PropertyValueSpecification\",\"valueRequired\":true,\"valueName\":\"search_term_string\"}}],\"inLanguage\":\"pt-BR\"},{\"@type\":\"Person\",\"@id\":\"https:\\\/\\\/aconteceunovale.com.br\\\/portal\\\/#\\\/schema\\\/person\\\/7d2f26d1483f8a63de73da1ee0754d35\",\"name\":\"Reda\u00e7\u00e3o Aconteceu no Vale\",\"description\":\"Equipe de reportagem do Aconteceu no Vale, portal de not\u00edcias do Vale do Jequitinhonha, em Minas Gerais. Cobrimos as 51 cidades do Vale desde 2013. Sugest\u00f5es de pauta e pedidos de corre\u00e7\u00e3o: contato@aconteceunovale.com.br\",\"url\":\"https:\\\/\\\/aconteceunovale.com.br\\\/portal\\\/?author=4\"}]}<\/script>\n<!-- \/ Yoast SEO plugin. -->","yoast_head_json":{"title":"Carlos Mois\u00e9s \u00e9 absolvido em processo de impeachment - Aconteceu no Vale","robots":{"index":"index","follow":"follow","max-snippet":"max-snippet:-1","max-image-preview":"max-image-preview:large","max-video-preview":"max-video-preview:-1"},"canonical":"https:\/\/aconteceunovale.com.br\/portal\/?p=170155","og_locale":"pt_BR","og_type":"article","og_title":"Carlos Mois\u00e9s \u00e9 absolvido em processo de impeachment - Aconteceu no Vale","og_description":"Por 6 votos a 3, o Tribunal Especial de Julgamento absolveu hoje (27\/11\/2020) o governador de Santa Catarina, Carlos Mois\u00e9s, acusado de crime de responsabilidade na concess\u00e3o de reajuste salarial aos procuradores do estado. Composto por cinco deputados estaduais e cinco desembargadores, o tribunal inocentou Mois\u00e9s da acusa\u00e7\u00e3o, mas ele \u00e9 alvo de outro pedido [&hellip;]","og_url":"https:\/\/aconteceunovale.com.br\/portal\/?p=170155","og_site_name":"Aconteceu no Vale","article_publisher":"https:\/\/www.facebook.com\/aconteceunovale\/","article_published_time":"2020-11-27T22:56:04+00:00","article_modified_time":"2020-11-27T22:56:27+00:00","og_image":[{"width":678,"height":406,"url":"https:\/\/aconteceunovale.com.br\/portal\/wp-content\/uploads\/2020\/11\/carlos_moises.jpg","type":"image\/jpeg"}],"author":"Reda\u00e7\u00e3o Aconteceu no Vale","twitter_card":"summary_large_image","twitter_creator":"@noticiadosvales","twitter_site":"@noticiadosvales","twitter_misc":{"Escrito por":"Reda\u00e7\u00e3o Aconteceu no Vale","Est. tempo de leitura":"3 minutos"},"schema":{"@context":"https:\/\/schema.org","@graph":[{"@type":"Article","@id":"https:\/\/aconteceunovale.com.br\/portal\/?p=170155#article","isPartOf":{"@id":"https:\/\/aconteceunovale.com.br\/portal\/?p=170155"},"author":{"name":"Reda\u00e7\u00e3o Aconteceu no Vale","@id":"https:\/\/aconteceunovale.com.br\/portal\/#\/schema\/person\/7d2f26d1483f8a63de73da1ee0754d35"},"headline":"Carlos Mois\u00e9s \u00e9 absolvido em processo de impeachment","datePublished":"2020-11-27T22:56:04+00:00","dateModified":"2020-11-27T22:56:27+00:00","mainEntityOfPage":{"@id":"https:\/\/aconteceunovale.com.br\/portal\/?p=170155"},"wordCount":593,"commentCount":0,"image":{"@id":"https:\/\/aconteceunovale.com.br\/portal\/?p=170155#primaryimage"},"thumbnailUrl":"https:\/\/aconteceunovale.com.br\/portal\/wp-content\/uploads\/2020\/11\/carlos_moises.jpg","keywords":["Absolvi\u00e7\u00e3o de Carlos Mois\u00e9s","Absolvi\u00e7\u00e3o do governador de Santa Catarina","Afastamento Carlos Mois\u00e9s","Afastamento governador de Santa Catarina","Carlos Mois\u00e9s","Carlos Mois\u00e9s \u00e9 absolvido em processo de impeachment","Governador de Santa Catarina","Impeachment governador de Santa Catarina","Processo Carlos Mois\u00e9s","Processo de impeachment de Carlos Mois\u00e9s","Processo governador de Santa Catarina"],"articleSection":["Brasil","Pol\u00edtica"],"inLanguage":"pt-BR","potentialAction":[{"@type":"CommentAction","name":"Comment","target":["https:\/\/aconteceunovale.com.br\/portal\/?p=170155#respond"]}]},{"@type":"WebPage","@id":"https:\/\/aconteceunovale.com.br\/portal\/?p=170155","url":"https:\/\/aconteceunovale.com.br\/portal\/?p=170155","name":"Carlos Mois\u00e9s \u00e9 absolvido em processo de impeachment - Aconteceu no Vale","isPartOf":{"@id":"https:\/\/aconteceunovale.com.br\/portal\/#website"},"primaryImageOfPage":{"@id":"https:\/\/aconteceunovale.com.br\/portal\/?p=170155#primaryimage"},"image":{"@id":"https:\/\/aconteceunovale.com.br\/portal\/?p=170155#primaryimage"},"thumbnailUrl":"https:\/\/aconteceunovale.com.br\/portal\/wp-content\/uploads\/2020\/11\/carlos_moises.jpg","datePublished":"2020-11-27T22:56:04+00:00","dateModified":"2020-11-27T22:56:27+00:00","author":{"@id":"https:\/\/aconteceunovale.com.br\/portal\/#\/schema\/person\/7d2f26d1483f8a63de73da1ee0754d35"},"breadcrumb":{"@id":"https:\/\/aconteceunovale.com.br\/portal\/?p=170155#breadcrumb"},"inLanguage":"pt-BR","potentialAction":[{"@type":"ReadAction","target":["https:\/\/aconteceunovale.com.br\/portal\/?p=170155"]}]},{"@type":"ImageObject","inLanguage":"pt-BR","@id":"https:\/\/aconteceunovale.com.br\/portal\/?p=170155#primaryimage","url":"https:\/\/aconteceunovale.com.br\/portal\/wp-content\/uploads\/2020\/11\/carlos_moises.jpg","contentUrl":"https:\/\/aconteceunovale.com.br\/portal\/wp-content\/uploads\/2020\/11\/carlos_moises.jpg","width":678,"height":406},{"@type":"BreadcrumbList","@id":"https:\/\/aconteceunovale.com.br\/portal\/?p=170155#breadcrumb","itemListElement":[{"@type":"ListItem","position":1,"name":"In\u00edcio","item":"https:\/\/aconteceunovale.com.br\/portal\/"},{"@type":"ListItem","position":2,"name":"Carlos Mois\u00e9s \u00e9 absolvido em processo de impeachment"}]},{"@type":"WebSite","@id":"https:\/\/aconteceunovale.com.br\/portal\/#website","url":"https:\/\/aconteceunovale.com.br\/portal\/","name":"Aconteceu no Vale","description":"Portal de Not\u00edcias","potentialAction":[{"@type":"SearchAction","target":{"@type":"EntryPoint","urlTemplate":"https:\/\/aconteceunovale.com.br\/portal\/?s={search_term_string}"},"query-input":{"@type":"PropertyValueSpecification","valueRequired":true,"valueName":"search_term_string"}}],"inLanguage":"pt-BR"},{"@type":"Person","@id":"https:\/\/aconteceunovale.com.br\/portal\/#\/schema\/person\/7d2f26d1483f8a63de73da1ee0754d35","name":"Reda\u00e7\u00e3o Aconteceu no Vale","description":"Equipe de reportagem do Aconteceu no Vale, portal de not\u00edcias do Vale do Jequitinhonha, em Minas Gerais. Cobrimos as 51 cidades do Vale desde 2013. Sugest\u00f5es de pauta e pedidos de corre\u00e7\u00e3o: contato@aconteceunovale.com.br","url":"https:\/\/aconteceunovale.com.br\/portal\/?author=4"}]}},"_links":{"self":[{"href":"https:\/\/aconteceunovale.com.br\/portal\/index.php?rest_route=\/wp\/v2\/posts\/170155","targetHints":{"allow":["GET"]}}],"collection":[{"href":"https:\/\/aconteceunovale.com.br\/portal\/index.php?rest_route=\/wp\/v2\/posts"}],"about":[{"href":"https:\/\/aconteceunovale.com.br\/portal\/index.php?rest_route=\/wp\/v2\/types\/post"}],"author":[{"embeddable":true,"href":"https:\/\/aconteceunovale.com.br\/portal\/index.php?rest_route=\/wp\/v2\/users\/4"}],"replies":[{"embeddable":true,"href":"https:\/\/aconteceunovale.com.br\/portal\/index.php?rest_route=%2Fwp%2Fv2%2Fcomments&post=170155"}],"version-history":[{"count":1,"href":"https:\/\/aconteceunovale.com.br\/portal\/index.php?rest_route=\/wp\/v2\/posts\/170155\/revisions"}],"predecessor-version":[{"id":170157,"href":"https:\/\/aconteceunovale.com.br\/portal\/index.php?rest_route=\/wp\/v2\/posts\/170155\/revisions\/170157"}],"wp:featuredmedia":[{"embeddable":true,"href":"https:\/\/aconteceunovale.com.br\/portal\/index.php?rest_route=\/wp\/v2\/media\/170156"}],"wp:attachment":[{"href":"https:\/\/aconteceunovale.com.br\/portal\/index.php?rest_route=%2Fwp%2Fv2%2Fmedia&parent=170155"}],"wp:term":[{"taxonomy":"category","embeddable":true,"href":"https:\/\/aconteceunovale.com.br\/portal\/index.php?rest_route=%2Fwp%2Fv2%2Fcategories&post=170155"},{"taxonomy":"post_tag","embeddable":true,"href":"https:\/\/aconteceunovale.com.br\/portal\/index.php?rest_route=%2Fwp%2Fv2%2Ftags&post=170155"}],"curies":[{"name":"wp","href":"https:\/\/api.w.org\/{rel}","templated":true}]}}