{"id":170149,"date":"2020-11-27T17:18:12","date_gmt":"2020-11-27T20:18:12","guid":{"rendered":"https:\/\/aconteceunovale.com.br\/portal\/?p=170149"},"modified":"2020-11-27T17:19:39","modified_gmt":"2020-11-27T20:19:39","slug":"governo-de-minas-gerais-pagara-folha-de-novembro-e-parte-do-13o-antes-do-natal","status":"publish","type":"post","link":"https:\/\/aconteceunovale.com.br\/portal\/?p=170149","title":{"rendered":"Governo de Minas Gerais pagar\u00e1 folha de novembro e parte do 13\u00ba antes do Natal"},"content":{"rendered":"\n<p class=\"wp-block-paragraph\">O\u00a0<a rel=\"noreferrer noopener\" href=\"http:\/\/www.mg.gov.br\/\" target=\"_blank\">Governo de Minas Gerais<\/a>\u00a0informou nesta sexta-feira (27\/11\/2020) que pagar\u00e1 uma parcela do 13\u00ba sal\u00e1rio a todos os servidores p\u00fablicos no dia 23 de dezembro, antes do Natal. Ser\u00e1 feito dep\u00f3sito de at\u00e9 R$ 2 mil na conta de todos os funcion\u00e1rios da ativa, inativos e pensionistas.<\/p>\n\n\n\n<p class=\"wp-block-paragraph\">Com isso, 39% da folha ser\u00e1 quitada antes do Natal. Receber\u00e3o integralmente no dia 23 de dezembro 252 mil pagamentos (sendo 147 mil para servidores ativos e 105 mil para servidores inativos e pensionistas). O custo total ser\u00e1 de R$ 1,1 bilh\u00e3o.<\/p>\n\n\n\n<p class=\"wp-block-paragraph\">O crit\u00e9rio adotado foi o de isonomia, uma vez que todos os servidores ser\u00e3o contemplados. Essa \u00e9 a primeira vez, em tr\u00eas anos, que o governo realiza parte do pagamento do 13\u00ba sal\u00e1rio a todo o contingente de servidores antes do Natal.<\/p>\n\n\n\n<h2 class=\"wp-block-heading\"><strong>Restante do 13\u00ba<\/strong><\/h2>\n\n\n\n<p class=\"wp-block-paragraph\">O Estado est\u00e1 empenhado em garantir o restante do pagamento aos servidores que recebem valor superior a R$ 2 mil. Dentre as alternativas em an\u00e1lise para a obten\u00e7\u00e3o de recursos est\u00e1 a privatiza\u00e7\u00e3o da\u00a0<a rel=\"noreferrer noopener\" href=\"http:\/\/www.codemig.com.br\/\" target=\"_blank\">Codemig<\/a> (Companhia de Desenvolvimento Econ\u00f4mico de Minas Gerais).\u00a0O governo federal se comprometeu a adiantar parte dos recursos oriundos da poss\u00edvel venda, que depende de autoriza\u00e7\u00e3o do Legislativo.<\/p>\n\n\n\n<h2 class=\"wp-block-heading\"><strong>Folha de novembro<\/strong><\/h2>\n\n\n\n<p class=\"wp-block-paragraph\">O governo tamb\u00e9m pagar\u00e1 o sal\u00e1rio de dezembro (relativo \u00e0 folha de novembro) antes do Natal. A primeira parcela ser\u00e1 paga no dia 10 de dezembro e a segunda no dia 18 do mesmo m\u00eas. <\/p>\n\n\n\n<p class=\"wp-block-paragraph\">Os crit\u00e9rios ser\u00e3o os mesmos adotados em meses anteriores: R$ 2 mil para todos os servidores na primeira parcela e o restante na segunda. Servidores da Sa\u00fade e Seguran\u00e7a recebem integralmente na primeira parcela.<\/p>\n\n\n\n<p class=\"has-white-color has-vivid-cyan-blue-background-color has-text-color has-background wp-block-paragraph\">Quer saber as not\u00edcias do <strong>Aconteceu no Vale<\/strong> em primeira m\u00e3o? Siga-nos no Facebook <a rel=\"noreferrer noopener\" href=\"http:\/\/facebook.com\/aconteceunovale\" target=\"_blank\">@aconteceunovale<\/a>, Twitter <a rel=\"noreferrer noopener\" href=\"https:\/\/twitter.com\/noticiadosvales\" target=\"_blank\">@noticiadosvales<\/a> e Instagram <a rel=\"noreferrer noopener\" href=\"https:\/\/www.instagram.com\/aconteceunovale\" target=\"_blank\">@aconteceunovale<\/a>.<\/p>\n","protected":false},"excerpt":{"rendered":"<p>O\u00a0Governo de Minas Gerais\u00a0informou nesta sexta-feira (27\/11\/2020) que pagar\u00e1 uma parcela do 13\u00ba sal\u00e1rio a todos os servidores p\u00fablicos no dia 23 de dezembro, antes do Natal. Ser\u00e1 feito dep\u00f3sito de at\u00e9 R$ 2 mil na conta de todos os funcion\u00e1rios da ativa, inativos e pensionistas. Com isso, 39% da folha ser\u00e1 quitada antes do [&hellip;]<\/p>\n","protected":false},"author":4,"featured_media":157588,"comment_status":"open","ping_status":"closed","sticky":false,"template":"","format":"standard","meta":{"amp_status":"","footnotes":""},"categories":[123],"tags":[231557,165568,231560,1018,181409,181410,179027,179026,208032,208033,231558,208034,51191,224971,222083,181407,231555,231556,165569,231559,229837,177628,208035,208036,229838],"class_list":["post-170149","post","type-post","status-publish","format-standard","has-post-thumbnail","hentry","category-gerais","tag-13o-de-2020-governo-de-minas","tag-13o-governo-de-minas","tag-decimo-terceiro-governo-de-minas","tag-destaque","tag-escala-de-pagamento-do-mes-de-outubro-para-os-servidores-publicos","tag-escala-de-pagamento-do-mes-de-outubro-para-os-servidores-publicos-de-minas-gerais","tag-escala-de-pagamento-governo-de-minas-gerais","tag-escala-governo-de-minas-gerais","tag-governo-de-minas-anuncia-escala-de-pagamento-para-o-mes-de-outubro","tag-governo-de-minas-anuncia-escala-de-pagamento-para-outubro","tag-governo-de-minas-anuncia-escala-de-pagamento-para-outubro-e-quitacao-integral-do-13o-de-2020","tag-governo-de-minas-divulga-a-escala-de-pagamento-do-mes-de-outubro","tag-governo-de-minas-gerais","tag-governo-de-minas-gerais-anuncia-escala-de-pagamento-dos-servidores","tag-governo-de-minas-gerais-anuncia-escala-de-pagamento-para-servidores","tag-governo-de-minas-gerais-divulga-escala-de-pagamento-de-outubro-aos-servidores","tag-governo-de-minas-gerais-pagara-folha-de-dezembro-e-parte-do-13o-a-todos-os-servidores-antes-do-natal","tag-governo-de-minas-gerais-pagara-folha-de-dezembro-e-parte-do-13o-antes-do-natal","tag-pagamento-13o-governo-de-minas","tag-pagamento-do-13o-governo-de-minas","tag-pagamento-do-salario-de-outubro-do-governo-de-minas","tag-pagamento-governo-de-minas-gerais","tag-pagamento-governo-de-minas-outubro","tag-pagamento-outubro-governo-de-minas","tag-salario-de-outubro-governo-de-minas"],"yoast_head":"<!-- This site is optimized with the Yoast SEO plugin v28.3 - https:\/\/yoast.com\/product\/yoast-seo-wordpress\/ -->\n<title>Governo de Minas Gerais pagar\u00e1 folha de novembro e parte do 13\u00ba antes do Natal - Aconteceu no Vale<\/title>\n<meta name=\"robots\" content=\"index, follow, max-snippet:-1, max-image-preview:large, max-video-preview:-1\" \/>\n<link rel=\"canonical\" href=\"https:\/\/aconteceunovale.com.br\/portal\/?p=170149\" \/>\n<meta property=\"og:locale\" content=\"pt_BR\" \/>\n<meta property=\"og:type\" content=\"article\" \/>\n<meta property=\"og:title\" content=\"Governo de Minas Gerais pagar\u00e1 folha de novembro e parte do 13\u00ba antes do Natal - Aconteceu no Vale\" \/>\n<meta property=\"og:description\" content=\"O\u00a0Governo de Minas Gerais\u00a0informou nesta sexta-feira (27\/11\/2020) que pagar\u00e1 uma parcela do 13\u00ba sal\u00e1rio a todos os servidores p\u00fablicos no dia 23 de dezembro, antes do Natal. Ser\u00e1 feito dep\u00f3sito de at\u00e9 R$ 2 mil na conta de todos os funcion\u00e1rios da ativa, inativos e pensionistas. Com isso, 39% da folha ser\u00e1 quitada antes do [&hellip;]\" \/>\n<meta property=\"og:url\" content=\"https:\/\/aconteceunovale.com.br\/portal\/?p=170149\" \/>\n<meta property=\"og:site_name\" content=\"Aconteceu no Vale\" \/>\n<meta property=\"article:publisher\" content=\"https:\/\/www.facebook.com\/aconteceunovale\/\" \/>\n<meta property=\"article:published_time\" content=\"2020-11-27T20:18:12+00:00\" \/>\n<meta property=\"article:modified_time\" content=\"2020-11-27T20:19:39+00:00\" \/>\n<meta property=\"og:image\" content=\"https:\/\/aconteceunovale.com.br\/portal\/wp-content\/uploads\/2020\/01\/cidade_adm_governo_mg.jpg\" \/>\n\t<meta property=\"og:image:width\" content=\"674\" \/>\n\t<meta property=\"og:image:height\" content=\"450\" \/>\n\t<meta property=\"og:image:type\" content=\"image\/jpeg\" \/>\n<meta name=\"author\" content=\"Reda\u00e7\u00e3o Aconteceu no Vale\" \/>\n<meta name=\"twitter:card\" content=\"summary_large_image\" \/>\n<meta name=\"twitter:creator\" content=\"@noticiadosvales\" \/>\n<meta name=\"twitter:site\" content=\"@noticiadosvales\" \/>\n<meta name=\"twitter:label1\" content=\"Escrito por\" \/>\n\t<meta name=\"twitter:data1\" content=\"Reda\u00e7\u00e3o Aconteceu no Vale\" \/>\n\t<meta name=\"twitter:label2\" content=\"Est. tempo de leitura\" \/>\n\t<meta name=\"twitter:data2\" content=\"1 minuto\" \/>\n<script type=\"application\/ld+json\" class=\"yoast-schema-graph\">{\"@context\":\"https:\\\/\\\/schema.org\",\"@graph\":[{\"@type\":\"Article\",\"@id\":\"https:\\\/\\\/aconteceunovale.com.br\\\/portal\\\/?p=170149#article\",\"isPartOf\":{\"@id\":\"https:\\\/\\\/aconteceunovale.com.br\\\/portal\\\/?p=170149\"},\"author\":{\"name\":\"Reda\u00e7\u00e3o Aconteceu no Vale\",\"@id\":\"https:\\\/\\\/aconteceunovale.com.br\\\/portal\\\/#\\\/schema\\\/person\\\/7d2f26d1483f8a63de73da1ee0754d35\"},\"headline\":\"Governo de Minas Gerais pagar\u00e1 folha de novembro e parte do 13\u00ba antes do Natal\",\"datePublished\":\"2020-11-27T20:18:12+00:00\",\"dateModified\":\"2020-11-27T20:19:39+00:00\",\"mainEntityOfPage\":{\"@id\":\"https:\\\/\\\/aconteceunovale.com.br\\\/portal\\\/?p=170149\"},\"wordCount\":310,\"commentCount\":0,\"image\":{\"@id\":\"https:\\\/\\\/aconteceunovale.com.br\\\/portal\\\/?p=170149#primaryimage\"},\"thumbnailUrl\":\"https:\\\/\\\/aconteceunovale.com.br\\\/portal\\\/wp-content\\\/uploads\\\/2020\\\/01\\\/cidade_adm_governo_mg.jpg\",\"keywords\":[\"13\u00ba de 2020 Governo de Minas\",\"13\u00ba Governo de Minas\",\"D\u00e9cimo terceiro Governo de Minas\",\"destaque\",\"escala de pagamento do m\u00eas de outubro para os servidores p\u00fablicos\",\"escala de pagamento do m\u00eas de outubro para os servidores p\u00fablicos de Minas Gerais\",\"Escala de pagamento Governo de Minas Gerais\",\"Escala Governo de Minas Gerais\",\"Governo de Minas anuncia escala de pagamento para o m\u00eas de outubro\",\"Governo de Minas anuncia escala de pagamento para outubro\",\"Governo de Minas anuncia escala de pagamento para outubro e quita\u00e7\u00e3o integral do 13\u00ba de 2020\",\"Governo de Minas divulga a escala de pagamento do m\u00eas de outubro\",\"Governo de Minas Gerais\",\"Governo de Minas Gerais anuncia escala de pagamento dos servidores\",\"Governo de Minas Gerais anuncia escala de pagamento para servidores\",\"Governo de Minas Gerais divulga escala de pagamento de outubro aos servidores\",\"Governo de Minas Gerais pagar\u00e1 folha de dezembro e parte do 13\u00ba a todos os servidores antes do Natal\",\"Governo de Minas Gerais pagar\u00e1 folha de dezembro e parte do 13\u00ba antes do Natal\",\"Pagamento 13\u00ba Governo de Minas\",\"Pagamento do 13\u00ba Governo de Minas\",\"Pagamento do sal\u00e1rio de outubro do governo de Minas\",\"Pagamento Governo de Minas Gerais\",\"Pagamento governo de Minas outubro\",\"Pagamento outubro governo de minas\",\"Sal\u00e1rio de outubro governo de Minas\"],\"articleSection\":[\"Minas Gerais\"],\"inLanguage\":\"pt-BR\",\"potentialAction\":[{\"@type\":\"CommentAction\",\"name\":\"Comment\",\"target\":[\"https:\\\/\\\/aconteceunovale.com.br\\\/portal\\\/?p=170149#respond\"]}]},{\"@type\":\"WebPage\",\"@id\":\"https:\\\/\\\/aconteceunovale.com.br\\\/portal\\\/?p=170149\",\"url\":\"https:\\\/\\\/aconteceunovale.com.br\\\/portal\\\/?p=170149\",\"name\":\"Governo de Minas Gerais pagar\u00e1 folha de novembro e parte do 13\u00ba antes do Natal - Aconteceu no Vale\",\"isPartOf\":{\"@id\":\"https:\\\/\\\/aconteceunovale.com.br\\\/portal\\\/#website\"},\"primaryImageOfPage\":{\"@id\":\"https:\\\/\\\/aconteceunovale.com.br\\\/portal\\\/?p=170149#primaryimage\"},\"image\":{\"@id\":\"https:\\\/\\\/aconteceunovale.com.br\\\/portal\\\/?p=170149#primaryimage\"},\"thumbnailUrl\":\"https:\\\/\\\/aconteceunovale.com.br\\\/portal\\\/wp-content\\\/uploads\\\/2020\\\/01\\\/cidade_adm_governo_mg.jpg\",\"datePublished\":\"2020-11-27T20:18:12+00:00\",\"dateModified\":\"2020-11-27T20:19:39+00:00\",\"author\":{\"@id\":\"https:\\\/\\\/aconteceunovale.com.br\\\/portal\\\/#\\\/schema\\\/person\\\/7d2f26d1483f8a63de73da1ee0754d35\"},\"breadcrumb\":{\"@id\":\"https:\\\/\\\/aconteceunovale.com.br\\\/portal\\\/?p=170149#breadcrumb\"},\"inLanguage\":\"pt-BR\",\"potentialAction\":[{\"@type\":\"ReadAction\",\"target\":[\"https:\\\/\\\/aconteceunovale.com.br\\\/portal\\\/?p=170149\"]}]},{\"@type\":\"ImageObject\",\"inLanguage\":\"pt-BR\",\"@id\":\"https:\\\/\\\/aconteceunovale.com.br\\\/portal\\\/?p=170149#primaryimage\",\"url\":\"https:\\\/\\\/aconteceunovale.com.br\\\/portal\\\/wp-content\\\/uploads\\\/2020\\\/01\\\/cidade_adm_governo_mg.jpg\",\"contentUrl\":\"https:\\\/\\\/aconteceunovale.com.br\\\/portal\\\/wp-content\\\/uploads\\\/2020\\\/01\\\/cidade_adm_governo_mg.jpg\",\"width\":674,\"height\":450,\"caption\":\"Cidade Administrativa Presidente Tancredo Neves. Credito: Gil Leonardi\\\/Imprensa MG Data: 13-08-2013 Local: Belo Horizonte - MG\"},{\"@type\":\"BreadcrumbList\",\"@id\":\"https:\\\/\\\/aconteceunovale.com.br\\\/portal\\\/?p=170149#breadcrumb\",\"itemListElement\":[{\"@type\":\"ListItem\",\"position\":1,\"name\":\"In\u00edcio\",\"item\":\"https:\\\/\\\/aconteceunovale.com.br\\\/portal\\\/\"},{\"@type\":\"ListItem\",\"position\":2,\"name\":\"Governo de Minas Gerais pagar\u00e1 folha de novembro e parte do 13\u00ba antes do Natal\"}]},{\"@type\":\"WebSite\",\"@id\":\"https:\\\/\\\/aconteceunovale.com.br\\\/portal\\\/#website\",\"url\":\"https:\\\/\\\/aconteceunovale.com.br\\\/portal\\\/\",\"name\":\"Aconteceu no Vale\",\"description\":\"Portal de Not\u00edcias\",\"potentialAction\":[{\"@type\":\"SearchAction\",\"target\":{\"@type\":\"EntryPoint\",\"urlTemplate\":\"https:\\\/\\\/aconteceunovale.com.br\\\/portal\\\/?s={search_term_string}\"},\"query-input\":{\"@type\":\"PropertyValueSpecification\",\"valueRequired\":true,\"valueName\":\"search_term_string\"}}],\"inLanguage\":\"pt-BR\"},{\"@type\":\"Person\",\"@id\":\"https:\\\/\\\/aconteceunovale.com.br\\\/portal\\\/#\\\/schema\\\/person\\\/7d2f26d1483f8a63de73da1ee0754d35\",\"name\":\"Reda\u00e7\u00e3o Aconteceu no Vale\",\"description\":\"Equipe de reportagem do Aconteceu no Vale, portal de not\u00edcias do Vale do Jequitinhonha, em Minas Gerais. Cobrimos as 51 cidades do Vale desde 2013. Sugest\u00f5es de pauta e pedidos de corre\u00e7\u00e3o: contato@aconteceunovale.com.br\",\"url\":\"https:\\\/\\\/aconteceunovale.com.br\\\/portal\\\/?author=4\"}]}<\/script>\n<!-- \/ Yoast SEO plugin. -->","yoast_head_json":{"title":"Governo de Minas Gerais pagar\u00e1 folha de novembro e parte do 13\u00ba antes do Natal - Aconteceu no Vale","robots":{"index":"index","follow":"follow","max-snippet":"max-snippet:-1","max-image-preview":"max-image-preview:large","max-video-preview":"max-video-preview:-1"},"canonical":"https:\/\/aconteceunovale.com.br\/portal\/?p=170149","og_locale":"pt_BR","og_type":"article","og_title":"Governo de Minas Gerais pagar\u00e1 folha de novembro e parte do 13\u00ba antes do Natal - Aconteceu no Vale","og_description":"O\u00a0Governo de Minas Gerais\u00a0informou nesta sexta-feira (27\/11\/2020) que pagar\u00e1 uma parcela do 13\u00ba sal\u00e1rio a todos os servidores p\u00fablicos no dia 23 de dezembro, antes do Natal. Ser\u00e1 feito dep\u00f3sito de at\u00e9 R$ 2 mil na conta de todos os funcion\u00e1rios da ativa, inativos e pensionistas. Com isso, 39% da folha ser\u00e1 quitada antes do [&hellip;]","og_url":"https:\/\/aconteceunovale.com.br\/portal\/?p=170149","og_site_name":"Aconteceu no Vale","article_publisher":"https:\/\/www.facebook.com\/aconteceunovale\/","article_published_time":"2020-11-27T20:18:12+00:00","article_modified_time":"2020-11-27T20:19:39+00:00","og_image":[{"width":674,"height":450,"url":"https:\/\/aconteceunovale.com.br\/portal\/wp-content\/uploads\/2020\/01\/cidade_adm_governo_mg.jpg","type":"image\/jpeg"}],"author":"Reda\u00e7\u00e3o Aconteceu no Vale","twitter_card":"summary_large_image","twitter_creator":"@noticiadosvales","twitter_site":"@noticiadosvales","twitter_misc":{"Escrito por":"Reda\u00e7\u00e3o Aconteceu no Vale","Est. tempo de leitura":"1 minuto"},"schema":{"@context":"https:\/\/schema.org","@graph":[{"@type":"Article","@id":"https:\/\/aconteceunovale.com.br\/portal\/?p=170149#article","isPartOf":{"@id":"https:\/\/aconteceunovale.com.br\/portal\/?p=170149"},"author":{"name":"Reda\u00e7\u00e3o Aconteceu no Vale","@id":"https:\/\/aconteceunovale.com.br\/portal\/#\/schema\/person\/7d2f26d1483f8a63de73da1ee0754d35"},"headline":"Governo de Minas Gerais pagar\u00e1 folha de novembro e parte do 13\u00ba antes do Natal","datePublished":"2020-11-27T20:18:12+00:00","dateModified":"2020-11-27T20:19:39+00:00","mainEntityOfPage":{"@id":"https:\/\/aconteceunovale.com.br\/portal\/?p=170149"},"wordCount":310,"commentCount":0,"image":{"@id":"https:\/\/aconteceunovale.com.br\/portal\/?p=170149#primaryimage"},"thumbnailUrl":"https:\/\/aconteceunovale.com.br\/portal\/wp-content\/uploads\/2020\/01\/cidade_adm_governo_mg.jpg","keywords":["13\u00ba de 2020 Governo de Minas","13\u00ba Governo de Minas","D\u00e9cimo terceiro Governo de Minas","destaque","escala de pagamento do m\u00eas de outubro para os servidores p\u00fablicos","escala de pagamento do m\u00eas de outubro para os servidores p\u00fablicos de Minas Gerais","Escala de pagamento Governo de Minas Gerais","Escala Governo de Minas Gerais","Governo de Minas anuncia escala de pagamento para o m\u00eas de outubro","Governo de Minas anuncia escala de pagamento para outubro","Governo de Minas anuncia escala de pagamento para outubro e quita\u00e7\u00e3o integral do 13\u00ba de 2020","Governo de Minas divulga a escala de pagamento do m\u00eas de outubro","Governo de Minas Gerais","Governo de Minas Gerais anuncia escala de pagamento dos servidores","Governo de Minas Gerais anuncia escala de pagamento para servidores","Governo de Minas Gerais divulga escala de pagamento de outubro aos servidores","Governo de Minas Gerais pagar\u00e1 folha de dezembro e parte do 13\u00ba a todos os servidores antes do Natal","Governo de Minas Gerais pagar\u00e1 folha de dezembro e parte do 13\u00ba antes do Natal","Pagamento 13\u00ba Governo de Minas","Pagamento do 13\u00ba Governo de Minas","Pagamento do sal\u00e1rio de outubro do governo de Minas","Pagamento Governo de Minas Gerais","Pagamento governo de Minas outubro","Pagamento outubro governo de minas","Sal\u00e1rio de outubro governo de Minas"],"articleSection":["Minas Gerais"],"inLanguage":"pt-BR","potentialAction":[{"@type":"CommentAction","name":"Comment","target":["https:\/\/aconteceunovale.com.br\/portal\/?p=170149#respond"]}]},{"@type":"WebPage","@id":"https:\/\/aconteceunovale.com.br\/portal\/?p=170149","url":"https:\/\/aconteceunovale.com.br\/portal\/?p=170149","name":"Governo de Minas Gerais pagar\u00e1 folha de novembro e parte do 13\u00ba antes do Natal - Aconteceu no Vale","isPartOf":{"@id":"https:\/\/aconteceunovale.com.br\/portal\/#website"},"primaryImageOfPage":{"@id":"https:\/\/aconteceunovale.com.br\/portal\/?p=170149#primaryimage"},"image":{"@id":"https:\/\/aconteceunovale.com.br\/portal\/?p=170149#primaryimage"},"thumbnailUrl":"https:\/\/aconteceunovale.com.br\/portal\/wp-content\/uploads\/2020\/01\/cidade_adm_governo_mg.jpg","datePublished":"2020-11-27T20:18:12+00:00","dateModified":"2020-11-27T20:19:39+00:00","author":{"@id":"https:\/\/aconteceunovale.com.br\/portal\/#\/schema\/person\/7d2f26d1483f8a63de73da1ee0754d35"},"breadcrumb":{"@id":"https:\/\/aconteceunovale.com.br\/portal\/?p=170149#breadcrumb"},"inLanguage":"pt-BR","potentialAction":[{"@type":"ReadAction","target":["https:\/\/aconteceunovale.com.br\/portal\/?p=170149"]}]},{"@type":"ImageObject","inLanguage":"pt-BR","@id":"https:\/\/aconteceunovale.com.br\/portal\/?p=170149#primaryimage","url":"https:\/\/aconteceunovale.com.br\/portal\/wp-content\/uploads\/2020\/01\/cidade_adm_governo_mg.jpg","contentUrl":"https:\/\/aconteceunovale.com.br\/portal\/wp-content\/uploads\/2020\/01\/cidade_adm_governo_mg.jpg","width":674,"height":450,"caption":"Cidade Administrativa Presidente Tancredo Neves. Credito: Gil Leonardi\/Imprensa MG Data: 13-08-2013 Local: Belo Horizonte - MG"},{"@type":"BreadcrumbList","@id":"https:\/\/aconteceunovale.com.br\/portal\/?p=170149#breadcrumb","itemListElement":[{"@type":"ListItem","position":1,"name":"In\u00edcio","item":"https:\/\/aconteceunovale.com.br\/portal\/"},{"@type":"ListItem","position":2,"name":"Governo de Minas Gerais pagar\u00e1 folha de novembro e parte do 13\u00ba antes do Natal"}]},{"@type":"WebSite","@id":"https:\/\/aconteceunovale.com.br\/portal\/#website","url":"https:\/\/aconteceunovale.com.br\/portal\/","name":"Aconteceu no Vale","description":"Portal de Not\u00edcias","potentialAction":[{"@type":"SearchAction","target":{"@type":"EntryPoint","urlTemplate":"https:\/\/aconteceunovale.com.br\/portal\/?s={search_term_string}"},"query-input":{"@type":"PropertyValueSpecification","valueRequired":true,"valueName":"search_term_string"}}],"inLanguage":"pt-BR"},{"@type":"Person","@id":"https:\/\/aconteceunovale.com.br\/portal\/#\/schema\/person\/7d2f26d1483f8a63de73da1ee0754d35","name":"Reda\u00e7\u00e3o Aconteceu no Vale","description":"Equipe de reportagem do Aconteceu no Vale, portal de not\u00edcias do Vale do Jequitinhonha, em Minas Gerais. Cobrimos as 51 cidades do Vale desde 2013. Sugest\u00f5es de pauta e pedidos de corre\u00e7\u00e3o: contato@aconteceunovale.com.br","url":"https:\/\/aconteceunovale.com.br\/portal\/?author=4"}]}},"_links":{"self":[{"href":"https:\/\/aconteceunovale.com.br\/portal\/index.php?rest_route=\/wp\/v2\/posts\/170149","targetHints":{"allow":["GET"]}}],"collection":[{"href":"https:\/\/aconteceunovale.com.br\/portal\/index.php?rest_route=\/wp\/v2\/posts"}],"about":[{"href":"https:\/\/aconteceunovale.com.br\/portal\/index.php?rest_route=\/wp\/v2\/types\/post"}],"author":[{"embeddable":true,"href":"https:\/\/aconteceunovale.com.br\/portal\/index.php?rest_route=\/wp\/v2\/users\/4"}],"replies":[{"embeddable":true,"href":"https:\/\/aconteceunovale.com.br\/portal\/index.php?rest_route=%2Fwp%2Fv2%2Fcomments&post=170149"}],"version-history":[{"count":1,"href":"https:\/\/aconteceunovale.com.br\/portal\/index.php?rest_route=\/wp\/v2\/posts\/170149\/revisions"}],"predecessor-version":[{"id":170150,"href":"https:\/\/aconteceunovale.com.br\/portal\/index.php?rest_route=\/wp\/v2\/posts\/170149\/revisions\/170150"}],"wp:featuredmedia":[{"embeddable":true,"href":"https:\/\/aconteceunovale.com.br\/portal\/index.php?rest_route=\/wp\/v2\/media\/157588"}],"wp:attachment":[{"href":"https:\/\/aconteceunovale.com.br\/portal\/index.php?rest_route=%2Fwp%2Fv2%2Fmedia&parent=170149"}],"wp:term":[{"taxonomy":"category","embeddable":true,"href":"https:\/\/aconteceunovale.com.br\/portal\/index.php?rest_route=%2Fwp%2Fv2%2Fcategories&post=170149"},{"taxonomy":"post_tag","embeddable":true,"href":"https:\/\/aconteceunovale.com.br\/portal\/index.php?rest_route=%2Fwp%2Fv2%2Ftags&post=170149"}],"curies":[{"name":"wp","href":"https:\/\/api.w.org\/{rel}","templated":true}]}}