{"id":170145,"date":"2020-11-27T13:25:28","date_gmt":"2020-11-27T16:25:28","guid":{"rendered":"https:\/\/aconteceunovale.com.br\/portal\/?p=170145"},"modified":"2026-09-02T12:13:23","modified_gmt":"2026-09-02T15:13:23","slug":"ifnmg-campus-aracuai-inscreve-para-selecao-de-professor-substituto-de-lingua-portuguesa-literatura-ate-30-de-novembro","status":"publish","type":"post","link":"https:\/\/aconteceunovale.com.br\/portal\/?p=170145","title":{"rendered":"IFNMG-Campus Ara\u00e7ua\u00ed inscreve para sele\u00e7\u00e3o de professor substituto de L\u00edngua Portuguesa\/Literatura at\u00e9 30 de novembro"},"content":{"rendered":"\n<p class=\"wp-block-paragraph\">Por meio do&nbsp;<a href=\"https:\/\/www.ifnmg.edu.br\/professor-substituto\/47-portal\/aracuai\/aracuai-institucional\/20643-concurso-professor-substituto-aracuai\">Edital n\u00ba 51\/2020<\/a>, o&nbsp;IFNMG-Campus Ara\u00e7ua\u00ed abriu processo seletivo simplificado para preenchimento de uma vaga para professor substituto de L\u00edngua Portuguesa\/Literatura, para 40 horas semanais.&nbsp;Para concorrer, \u00e9 necess\u00e1rio que o candidato seja graduado em Letras Portugu\u00eas, Letras Portugu\u00eas-Ingl\u00eas ou Letras Portugu\u00eas-Espanhol.<\/p>\n\n\n\n<p class=\"wp-block-paragraph\">As inscri\u00e7\u00f5es seguem abertas at\u00e9 a pr\u00f3xima segunda-feira, 30\/11\/2020, por meio do envio de documentos por e-mail, conforme orienta\u00e7\u00f5es expressas no&nbsp;<a href=\"https:\/\/www.ifnmg.edu.br\/professor-substituto\/47-portal\/aracuai\/aracuai-institucional\/20643-concurso-professor-substituto-aracuai\">edital de sele\u00e7\u00e3o<\/a>. O endere\u00e7o de e-mail informado no ato da inscri\u00e7\u00e3o dever\u00e1 ser obrigatoriamente de uma conta do Gmail, visando \u00e0 utiliza\u00e7\u00e3o do Google Meet como ferramenta para a prova de desempenho did\u00e1tico, que consistir\u00e1 na segunda etapa da sele\u00e7\u00e3o. A primeira etapa ser\u00e1 a prova de t\u00edtulos e experi\u00eancia docente. Ambas as fases da sele\u00e7\u00e3o ser\u00e3o de car\u00e1ter eliminat\u00f3rio e classificat\u00f3rio.<\/p>\n\n\n\n<p class=\"wp-block-paragraph\">Dependendo da titula\u00e7\u00e3o do contratado, a remunera\u00e7\u00e3o mensal poder\u00e1 variar de R$ 3.130,85 at\u00e9 R$ 5.831,21. O professor substituto tamb\u00e9m ter\u00e1 direito a aux\u00edlio-alimenta\u00e7\u00e3o e aux\u00edlio pr\u00e9-escolar (por dependente de at\u00e9 5 anos de idade).<\/p>\n\n\n\n<p class=\"wp-block-paragraph\">Para mais informa\u00e7\u00f5es, consulte o\u00a0<a href=\"https:\/\/www.ifnmg.edu.br\/professor-substituto\/47-portal\/aracuai\/aracuai-institucional\/20643-concurso-professor-substituto-aracuai\">Edital n\u00ba 51\/2020 do IFNMG-Campus Ara\u00e7ua\u00ed<\/a>.<\/p>\n\n\n\n<p class=\"has-white-color has-vivid-cyan-blue-background-color has-text-color has-background wp-block-paragraph\">Quer saber as not\u00edcias do <strong>Aconteceu no Vale<\/strong> em primeira m\u00e3o? Siga-nos no Facebook <a rel=\"noreferrer noopener\" href=\"http:\/\/facebook.com\/aconteceunovale\" target=\"_blank\">@aconteceunovale<\/a>, Twitter <a rel=\"noreferrer noopener\" href=\"https:\/\/twitter.com\/noticiadosvales\" target=\"_blank\">@noticiadosvales<\/a> e Instagram <a rel=\"noreferrer noopener\" href=\"https:\/\/www.instagram.com\/aconteceunovale\" target=\"_blank\">@aconteceunovale<\/a>.<\/p>\n","protected":false},"excerpt":{"rendered":"<p>Por meio do&nbsp;Edital n\u00ba 51\/2020, o&nbsp;IFNMG-Campus Ara\u00e7ua\u00ed abriu processo seletivo simplificado para preenchimento de uma vaga para professor substituto de L\u00edngua Portuguesa\/Literatura, para 40 horas semanais.&nbsp;Para concorrer, \u00e9 necess\u00e1rio que o candidato seja graduado em Letras Portugu\u00eas, Letras Portugu\u00eas-Ingl\u00eas ou Letras Portugu\u00eas-Espanhol. As inscri\u00e7\u00f5es seguem abertas at\u00e9 a pr\u00f3xima segunda-feira, 30\/11\/2020, por meio do envio [&hellip;]<\/p>\n","protected":false},"author":4,"featured_media":154712,"comment_status":"open","ping_status":"closed","sticky":false,"template":"","format":"standard","meta":{"amp_status":"","footnotes":""},"categories":[272530,40237,40238,40236,120],"tags":[186,231544,255,208217,231545,231546,231547,231548,231549],"class_list":["post-170145","post","type-post","status-publish","format-standard","has-post-thumbnail","hentry","category-aracuai","category-concursos","category-educacao-2","category-empregos-2","category-jequi","tag-aracuai","tag-emprego-ifnmg-campus-aracuai","tag-ifnmg","tag-ifnmg-campus-aracuai-2","tag-ifnmg-campus-aracuai-selecionara-professor-substituto-de-lingua-portuguesa","tag-oportunidade-ifnmg-campus-aracuai","tag-vaga-ifnmg-campus-aracuai","tag-vaga-para-professor-de-lingua-portuguesa","tag-vaga-para-professor-de-lingua-portuguesa-no-ifnmg-campus-aracuai"],"yoast_head":"<!-- This site is optimized with the Yoast SEO plugin v28.3 - https:\/\/yoast.com\/product\/yoast-seo-wordpress\/ -->\n<title>IFNMG-Campus Ara\u00e7ua\u00ed inscreve para sele\u00e7\u00e3o de professor substituto de L\u00edngua Portuguesa\/Literatura at\u00e9 30 de novembro - Aconteceu no Vale<\/title>\n<meta name=\"robots\" content=\"index, follow, max-snippet:-1, max-image-preview:large, max-video-preview:-1\" \/>\n<link rel=\"canonical\" href=\"https:\/\/aconteceunovale.com.br\/portal\/?p=170145\" \/>\n<meta property=\"og:locale\" content=\"pt_BR\" \/>\n<meta property=\"og:type\" content=\"article\" \/>\n<meta property=\"og:title\" content=\"IFNMG-Campus Ara\u00e7ua\u00ed inscreve para sele\u00e7\u00e3o de professor substituto de L\u00edngua Portuguesa\/Literatura at\u00e9 30 de novembro - Aconteceu no Vale\" \/>\n<meta property=\"og:description\" content=\"Por meio do&nbsp;Edital n\u00ba 51\/2020, o&nbsp;IFNMG-Campus Ara\u00e7ua\u00ed abriu processo seletivo simplificado para preenchimento de uma vaga para professor substituto de L\u00edngua Portuguesa\/Literatura, para 40 horas semanais.&nbsp;Para concorrer, \u00e9 necess\u00e1rio que o candidato seja graduado em Letras Portugu\u00eas, Letras Portugu\u00eas-Ingl\u00eas ou Letras Portugu\u00eas-Espanhol. As inscri\u00e7\u00f5es seguem abertas at\u00e9 a pr\u00f3xima segunda-feira, 30\/11\/2020, por meio do envio [&hellip;]\" \/>\n<meta property=\"og:url\" content=\"https:\/\/aconteceunovale.com.br\/portal\/?p=170145\" \/>\n<meta property=\"og:site_name\" content=\"Aconteceu no Vale\" \/>\n<meta property=\"article:publisher\" content=\"https:\/\/www.facebook.com\/aconteceunovale\/\" \/>\n<meta property=\"article:published_time\" content=\"2020-11-27T16:25:28+00:00\" \/>\n<meta property=\"article:modified_time\" content=\"2026-09-02T15:13:23+00:00\" \/>\n<meta property=\"og:image\" content=\"https:\/\/aconteceunovale.com.br\/portal\/wp-content\/uploads\/2019\/11\/professor_substituto.png\" \/>\n\t<meta property=\"og:image:width\" content=\"641\" \/>\n\t<meta property=\"og:image:height\" content=\"320\" \/>\n\t<meta property=\"og:image:type\" content=\"image\/png\" \/>\n<meta name=\"author\" content=\"Reda\u00e7\u00e3o Aconteceu no Vale\" \/>\n<meta name=\"twitter:card\" content=\"summary_large_image\" \/>\n<meta name=\"twitter:creator\" content=\"@noticiadosvales\" \/>\n<meta name=\"twitter:site\" content=\"@noticiadosvales\" \/>\n<meta name=\"twitter:label1\" content=\"Escrito por\" \/>\n\t<meta name=\"twitter:data1\" content=\"Reda\u00e7\u00e3o Aconteceu no Vale\" \/>\n\t<meta name=\"twitter:label2\" content=\"Est. tempo de leitura\" \/>\n\t<meta name=\"twitter:data2\" content=\"1 minuto\" \/>\n<script type=\"application\/ld+json\" class=\"yoast-schema-graph\">{\"@context\":\"https:\\\/\\\/schema.org\",\"@graph\":[{\"@type\":\"Article\",\"@id\":\"https:\\\/\\\/aconteceunovale.com.br\\\/portal\\\/?p=170145#article\",\"isPartOf\":{\"@id\":\"https:\\\/\\\/aconteceunovale.com.br\\\/portal\\\/?p=170145\"},\"author\":{\"name\":\"Reda\u00e7\u00e3o Aconteceu no Vale\",\"@id\":\"https:\\\/\\\/aconteceunovale.com.br\\\/portal\\\/#\\\/schema\\\/person\\\/7d2f26d1483f8a63de73da1ee0754d35\"},\"headline\":\"IFNMG-Campus Ara\u00e7ua\u00ed inscreve para sele\u00e7\u00e3o de professor substituto de L\u00edngua Portuguesa\\\/Literatura at\u00e9 30 de novembro\",\"datePublished\":\"2020-11-27T16:25:28+00:00\",\"dateModified\":\"2026-09-02T15:13:23+00:00\",\"mainEntityOfPage\":{\"@id\":\"https:\\\/\\\/aconteceunovale.com.br\\\/portal\\\/?p=170145\"},\"wordCount\":243,\"commentCount\":0,\"image\":{\"@id\":\"https:\\\/\\\/aconteceunovale.com.br\\\/portal\\\/?p=170145#primaryimage\"},\"thumbnailUrl\":\"https:\\\/\\\/aconteceunovale.com.br\\\/portal\\\/wp-content\\\/uploads\\\/2019\\\/11\\\/professor_substituto.png\",\"keywords\":[\"Ara\u00e7ua\u00ed\",\"Emprego IFNMG-Campus Ara\u00e7ua\u00ed\",\"IFNMG\",\"IFNMG-Campus Ara\u00e7ua\u00ed\",\"IFNMG-Campus Ara\u00e7ua\u00ed selecionar\u00e1 professor substituto de L\u00edngua Portuguesa\",\"Oportunidade IFNMG-Campus Ara\u00e7ua\u00ed\",\"Vaga IFNMG-Campus Ara\u00e7ua\u00ed\",\"Vaga para professor de L\u00edngua Portuguesa\",\"Vaga para professor de L\u00edngua Portuguesa no IFNMG Campus Ara\u00e7ua\u00ed\"],\"articleSection\":[\"Ara\u00e7ua\u00ed\",\"Concursos\",\"Educa\u00e7\u00e3o\",\"Empregos\",\"Vale do Jequitinhonha\"],\"inLanguage\":\"pt-BR\",\"potentialAction\":[{\"@type\":\"CommentAction\",\"name\":\"Comment\",\"target\":[\"https:\\\/\\\/aconteceunovale.com.br\\\/portal\\\/?p=170145#respond\"]}]},{\"@type\":\"WebPage\",\"@id\":\"https:\\\/\\\/aconteceunovale.com.br\\\/portal\\\/?p=170145\",\"url\":\"https:\\\/\\\/aconteceunovale.com.br\\\/portal\\\/?p=170145\",\"name\":\"IFNMG-Campus Ara\u00e7ua\u00ed inscreve para sele\u00e7\u00e3o de professor substituto de L\u00edngua Portuguesa\\\/Literatura at\u00e9 30 de novembro - Aconteceu no Vale\",\"isPartOf\":{\"@id\":\"https:\\\/\\\/aconteceunovale.com.br\\\/portal\\\/#website\"},\"primaryImageOfPage\":{\"@id\":\"https:\\\/\\\/aconteceunovale.com.br\\\/portal\\\/?p=170145#primaryimage\"},\"image\":{\"@id\":\"https:\\\/\\\/aconteceunovale.com.br\\\/portal\\\/?p=170145#primaryimage\"},\"thumbnailUrl\":\"https:\\\/\\\/aconteceunovale.com.br\\\/portal\\\/wp-content\\\/uploads\\\/2019\\\/11\\\/professor_substituto.png\",\"datePublished\":\"2020-11-27T16:25:28+00:00\",\"dateModified\":\"2026-09-02T15:13:23+00:00\",\"author\":{\"@id\":\"https:\\\/\\\/aconteceunovale.com.br\\\/portal\\\/#\\\/schema\\\/person\\\/7d2f26d1483f8a63de73da1ee0754d35\"},\"breadcrumb\":{\"@id\":\"https:\\\/\\\/aconteceunovale.com.br\\\/portal\\\/?p=170145#breadcrumb\"},\"inLanguage\":\"pt-BR\",\"potentialAction\":[{\"@type\":\"ReadAction\",\"target\":[\"https:\\\/\\\/aconteceunovale.com.br\\\/portal\\\/?p=170145\"]}]},{\"@type\":\"ImageObject\",\"inLanguage\":\"pt-BR\",\"@id\":\"https:\\\/\\\/aconteceunovale.com.br\\\/portal\\\/?p=170145#primaryimage\",\"url\":\"https:\\\/\\\/aconteceunovale.com.br\\\/portal\\\/wp-content\\\/uploads\\\/2019\\\/11\\\/professor_substituto.png\",\"contentUrl\":\"https:\\\/\\\/aconteceunovale.com.br\\\/portal\\\/wp-content\\\/uploads\\\/2019\\\/11\\\/professor_substituto.png\",\"width\":641,\"height\":320},{\"@type\":\"BreadcrumbList\",\"@id\":\"https:\\\/\\\/aconteceunovale.com.br\\\/portal\\\/?p=170145#breadcrumb\",\"itemListElement\":[{\"@type\":\"ListItem\",\"position\":1,\"name\":\"In\u00edcio\",\"item\":\"https:\\\/\\\/aconteceunovale.com.br\\\/portal\\\/\"},{\"@type\":\"ListItem\",\"position\":2,\"name\":\"IFNMG-Campus Ara\u00e7ua\u00ed inscreve para sele\u00e7\u00e3o de professor substituto de L\u00edngua Portuguesa\\\/Literatura at\u00e9 30 de novembro\"}]},{\"@type\":\"WebSite\",\"@id\":\"https:\\\/\\\/aconteceunovale.com.br\\\/portal\\\/#website\",\"url\":\"https:\\\/\\\/aconteceunovale.com.br\\\/portal\\\/\",\"name\":\"Aconteceu no Vale\",\"description\":\"Portal de Not\u00edcias\",\"potentialAction\":[{\"@type\":\"SearchAction\",\"target\":{\"@type\":\"EntryPoint\",\"urlTemplate\":\"https:\\\/\\\/aconteceunovale.com.br\\\/portal\\\/?s={search_term_string}\"},\"query-input\":{\"@type\":\"PropertyValueSpecification\",\"valueRequired\":true,\"valueName\":\"search_term_string\"}}],\"inLanguage\":\"pt-BR\"},{\"@type\":\"Person\",\"@id\":\"https:\\\/\\\/aconteceunovale.com.br\\\/portal\\\/#\\\/schema\\\/person\\\/7d2f26d1483f8a63de73da1ee0754d35\",\"name\":\"Reda\u00e7\u00e3o Aconteceu no Vale\",\"description\":\"Equipe de reportagem do Aconteceu no Vale, portal de not\u00edcias do Vale do Jequitinhonha, em Minas Gerais. Cobrimos as 51 cidades do Vale desde 2013. Sugest\u00f5es de pauta e pedidos de corre\u00e7\u00e3o: contato@aconteceunovale.com.br\",\"url\":\"https:\\\/\\\/aconteceunovale.com.br\\\/portal\\\/?author=4\"}]}<\/script>\n<!-- \/ Yoast SEO plugin. -->","yoast_head_json":{"title":"IFNMG-Campus Ara\u00e7ua\u00ed inscreve para sele\u00e7\u00e3o de professor substituto de L\u00edngua Portuguesa\/Literatura at\u00e9 30 de novembro - Aconteceu no Vale","robots":{"index":"index","follow":"follow","max-snippet":"max-snippet:-1","max-image-preview":"max-image-preview:large","max-video-preview":"max-video-preview:-1"},"canonical":"https:\/\/aconteceunovale.com.br\/portal\/?p=170145","og_locale":"pt_BR","og_type":"article","og_title":"IFNMG-Campus Ara\u00e7ua\u00ed inscreve para sele\u00e7\u00e3o de professor substituto de L\u00edngua Portuguesa\/Literatura at\u00e9 30 de novembro - Aconteceu no Vale","og_description":"Por meio do&nbsp;Edital n\u00ba 51\/2020, o&nbsp;IFNMG-Campus Ara\u00e7ua\u00ed abriu processo seletivo simplificado para preenchimento de uma vaga para professor substituto de L\u00edngua Portuguesa\/Literatura, para 40 horas semanais.&nbsp;Para concorrer, \u00e9 necess\u00e1rio que o candidato seja graduado em Letras Portugu\u00eas, Letras Portugu\u00eas-Ingl\u00eas ou Letras Portugu\u00eas-Espanhol. As inscri\u00e7\u00f5es seguem abertas at\u00e9 a pr\u00f3xima segunda-feira, 30\/11\/2020, por meio do envio [&hellip;]","og_url":"https:\/\/aconteceunovale.com.br\/portal\/?p=170145","og_site_name":"Aconteceu no Vale","article_publisher":"https:\/\/www.facebook.com\/aconteceunovale\/","article_published_time":"2020-11-27T16:25:28+00:00","article_modified_time":"2026-09-02T15:13:23+00:00","og_image":[{"width":641,"height":320,"url":"https:\/\/aconteceunovale.com.br\/portal\/wp-content\/uploads\/2019\/11\/professor_substituto.png","type":"image\/png"}],"author":"Reda\u00e7\u00e3o Aconteceu no Vale","twitter_card":"summary_large_image","twitter_creator":"@noticiadosvales","twitter_site":"@noticiadosvales","twitter_misc":{"Escrito por":"Reda\u00e7\u00e3o Aconteceu no Vale","Est. tempo de leitura":"1 minuto"},"schema":{"@context":"https:\/\/schema.org","@graph":[{"@type":"Article","@id":"https:\/\/aconteceunovale.com.br\/portal\/?p=170145#article","isPartOf":{"@id":"https:\/\/aconteceunovale.com.br\/portal\/?p=170145"},"author":{"name":"Reda\u00e7\u00e3o Aconteceu no Vale","@id":"https:\/\/aconteceunovale.com.br\/portal\/#\/schema\/person\/7d2f26d1483f8a63de73da1ee0754d35"},"headline":"IFNMG-Campus Ara\u00e7ua\u00ed inscreve para sele\u00e7\u00e3o de professor substituto de L\u00edngua Portuguesa\/Literatura at\u00e9 30 de novembro","datePublished":"2020-11-27T16:25:28+00:00","dateModified":"2026-09-02T15:13:23+00:00","mainEntityOfPage":{"@id":"https:\/\/aconteceunovale.com.br\/portal\/?p=170145"},"wordCount":243,"commentCount":0,"image":{"@id":"https:\/\/aconteceunovale.com.br\/portal\/?p=170145#primaryimage"},"thumbnailUrl":"https:\/\/aconteceunovale.com.br\/portal\/wp-content\/uploads\/2019\/11\/professor_substituto.png","keywords":["Ara\u00e7ua\u00ed","Emprego IFNMG-Campus Ara\u00e7ua\u00ed","IFNMG","IFNMG-Campus Ara\u00e7ua\u00ed","IFNMG-Campus Ara\u00e7ua\u00ed selecionar\u00e1 professor substituto de L\u00edngua Portuguesa","Oportunidade IFNMG-Campus Ara\u00e7ua\u00ed","Vaga IFNMG-Campus Ara\u00e7ua\u00ed","Vaga para professor de L\u00edngua Portuguesa","Vaga para professor de L\u00edngua Portuguesa no IFNMG Campus Ara\u00e7ua\u00ed"],"articleSection":["Ara\u00e7ua\u00ed","Concursos","Educa\u00e7\u00e3o","Empregos","Vale do Jequitinhonha"],"inLanguage":"pt-BR","potentialAction":[{"@type":"CommentAction","name":"Comment","target":["https:\/\/aconteceunovale.com.br\/portal\/?p=170145#respond"]}]},{"@type":"WebPage","@id":"https:\/\/aconteceunovale.com.br\/portal\/?p=170145","url":"https:\/\/aconteceunovale.com.br\/portal\/?p=170145","name":"IFNMG-Campus Ara\u00e7ua\u00ed inscreve para sele\u00e7\u00e3o de professor substituto de L\u00edngua Portuguesa\/Literatura at\u00e9 30 de novembro - Aconteceu no Vale","isPartOf":{"@id":"https:\/\/aconteceunovale.com.br\/portal\/#website"},"primaryImageOfPage":{"@id":"https:\/\/aconteceunovale.com.br\/portal\/?p=170145#primaryimage"},"image":{"@id":"https:\/\/aconteceunovale.com.br\/portal\/?p=170145#primaryimage"},"thumbnailUrl":"https:\/\/aconteceunovale.com.br\/portal\/wp-content\/uploads\/2019\/11\/professor_substituto.png","datePublished":"2020-11-27T16:25:28+00:00","dateModified":"2026-09-02T15:13:23+00:00","author":{"@id":"https:\/\/aconteceunovale.com.br\/portal\/#\/schema\/person\/7d2f26d1483f8a63de73da1ee0754d35"},"breadcrumb":{"@id":"https:\/\/aconteceunovale.com.br\/portal\/?p=170145#breadcrumb"},"inLanguage":"pt-BR","potentialAction":[{"@type":"ReadAction","target":["https:\/\/aconteceunovale.com.br\/portal\/?p=170145"]}]},{"@type":"ImageObject","inLanguage":"pt-BR","@id":"https:\/\/aconteceunovale.com.br\/portal\/?p=170145#primaryimage","url":"https:\/\/aconteceunovale.com.br\/portal\/wp-content\/uploads\/2019\/11\/professor_substituto.png","contentUrl":"https:\/\/aconteceunovale.com.br\/portal\/wp-content\/uploads\/2019\/11\/professor_substituto.png","width":641,"height":320},{"@type":"BreadcrumbList","@id":"https:\/\/aconteceunovale.com.br\/portal\/?p=170145#breadcrumb","itemListElement":[{"@type":"ListItem","position":1,"name":"In\u00edcio","item":"https:\/\/aconteceunovale.com.br\/portal\/"},{"@type":"ListItem","position":2,"name":"IFNMG-Campus Ara\u00e7ua\u00ed inscreve para sele\u00e7\u00e3o de professor substituto de L\u00edngua Portuguesa\/Literatura at\u00e9 30 de novembro"}]},{"@type":"WebSite","@id":"https:\/\/aconteceunovale.com.br\/portal\/#website","url":"https:\/\/aconteceunovale.com.br\/portal\/","name":"Aconteceu no Vale","description":"Portal de Not\u00edcias","potentialAction":[{"@type":"SearchAction","target":{"@type":"EntryPoint","urlTemplate":"https:\/\/aconteceunovale.com.br\/portal\/?s={search_term_string}"},"query-input":{"@type":"PropertyValueSpecification","valueRequired":true,"valueName":"search_term_string"}}],"inLanguage":"pt-BR"},{"@type":"Person","@id":"https:\/\/aconteceunovale.com.br\/portal\/#\/schema\/person\/7d2f26d1483f8a63de73da1ee0754d35","name":"Reda\u00e7\u00e3o Aconteceu no Vale","description":"Equipe de reportagem do Aconteceu no Vale, portal de not\u00edcias do Vale do Jequitinhonha, em Minas Gerais. Cobrimos as 51 cidades do Vale desde 2013. Sugest\u00f5es de pauta e pedidos de corre\u00e7\u00e3o: contato@aconteceunovale.com.br","url":"https:\/\/aconteceunovale.com.br\/portal\/?author=4"}]}},"_links":{"self":[{"href":"https:\/\/aconteceunovale.com.br\/portal\/index.php?rest_route=\/wp\/v2\/posts\/170145","targetHints":{"allow":["GET"]}}],"collection":[{"href":"https:\/\/aconteceunovale.com.br\/portal\/index.php?rest_route=\/wp\/v2\/posts"}],"about":[{"href":"https:\/\/aconteceunovale.com.br\/portal\/index.php?rest_route=\/wp\/v2\/types\/post"}],"author":[{"embeddable":true,"href":"https:\/\/aconteceunovale.com.br\/portal\/index.php?rest_route=\/wp\/v2\/users\/4"}],"replies":[{"embeddable":true,"href":"https:\/\/aconteceunovale.com.br\/portal\/index.php?rest_route=%2Fwp%2Fv2%2Fcomments&post=170145"}],"version-history":[{"count":1,"href":"https:\/\/aconteceunovale.com.br\/portal\/index.php?rest_route=\/wp\/v2\/posts\/170145\/revisions"}],"predecessor-version":[{"id":170146,"href":"https:\/\/aconteceunovale.com.br\/portal\/index.php?rest_route=\/wp\/v2\/posts\/170145\/revisions\/170146"}],"wp:featuredmedia":[{"embeddable":true,"href":"https:\/\/aconteceunovale.com.br\/portal\/index.php?rest_route=\/wp\/v2\/media\/154712"}],"wp:attachment":[{"href":"https:\/\/aconteceunovale.com.br\/portal\/index.php?rest_route=%2Fwp%2Fv2%2Fmedia&parent=170145"}],"wp:term":[{"taxonomy":"category","embeddable":true,"href":"https:\/\/aconteceunovale.com.br\/portal\/index.php?rest_route=%2Fwp%2Fv2%2Fcategories&post=170145"},{"taxonomy":"post_tag","embeddable":true,"href":"https:\/\/aconteceunovale.com.br\/portal\/index.php?rest_route=%2Fwp%2Fv2%2Ftags&post=170145"}],"curies":[{"name":"wp","href":"https:\/\/api.w.org\/{rel}","templated":true}]}}