{"id":170143,"date":"2020-11-27T13:03:52","date_gmt":"2020-11-27T16:03:52","guid":{"rendered":"https:\/\/aconteceunovale.com.br\/portal\/?p=170143"},"modified":"2020-11-27T13:08:08","modified_gmt":"2020-11-27T16:08:08","slug":"governo-federal-detalha-pagamentos-e-saques-do-auxilio-emergencial","status":"publish","type":"post","link":"https:\/\/aconteceunovale.com.br\/portal\/?p=170143","title":{"rendered":"Governo federal detalha pagamentos e saques do aux\u00edlio emergencial"},"content":{"rendered":"\n<p class=\"wp-block-paragraph\">O Minist\u00e9rio da Cidadania publicou, no\u00a0<em>Di\u00e1rio Oficial da Uni\u00e3o<\/em>\u00a0de hoje (27\/11\/2020), portaria com detalhes sobre o calend\u00e1rio de pagamentos e saques do aux\u00edlio emergencial, institu\u00eddo pela Lei n\u00ba 13.982.<\/p>\n\n\n\n<p class=\"wp-block-paragraph\">Segundo a portaria, a primeira parcela (Ciclo 5) do aux\u00edlio ser\u00e1 paga a partir do dia 30 de novembro aos eleg\u00edveis nos procedimentos de contesta\u00e7\u00e3o via plataforma digital; via endere\u00e7o eletr\u00f4nico da Dataprev; e para aqueles que tiveram o pagamento reavaliado em novembro de 2020, decorrente de atualiza\u00e7\u00f5es de dados governamentais e verifica\u00e7\u00f5es por meio de bases de dados oficiais.<\/p>\n\n\n\n<p class=\"wp-block-paragraph\">J\u00e1 os cr\u00e9ditos do Ciclo 6 (segunda, terceira, quarta e quinta parcelas do aux\u00edlio emergencial) ser\u00e3o disponibilizados entre os dias 13 e 29 de dezembro.<\/p>\n\n\n\n<p class=\"wp-block-paragraph\">O dia exato para recebimento do benef\u00edcio varia em fun\u00e7\u00e3o do m\u00eas de nascimento do benefici\u00e1rio. Para saber o dia em que os valores ser\u00e3o depositados, veja&nbsp;<a href=\"http:\/\/www.in.gov.br\/en\/web\/dou\/-\/portaria-n-546-de-26-de-novembro-de-2020-290831090\" target=\"_blank\" rel=\"noreferrer noopener\">o anexo da portaria<\/a>.<\/p>\n\n\n\n<h2 class=\"wp-block-heading\">Saques<\/h2>\n\n\n\n<p class=\"wp-block-paragraph\">A fim de evitar aglomera\u00e7\u00f5es em ag\u00eancias banc\u00e1rias, o m\u00eas de nascimento do beneficiado foi tamb\u00e9m o crit\u00e9rio adotado para saques em dinheiro &#8211; neste caso, entre 19 de dezembro de 2020 e 27 de janeiro de 2021, tanto para o Ciclo 5 como para o 6.<\/p>\n\n\n\n<p class=\"wp-block-paragraph\">Segundo a portaria, eventuais saldos existentes nas poupan\u00e7as sociais digitais ser\u00e3o transferidos automaticamente para a conta em que o benefici\u00e1rio houver indicado por meio da plataforma digital.<\/p>\n\n\n\n<p class=\"wp-block-paragraph\">Criado em abril pelo governo federal, o aux\u00edlio emergencial, pago em cinco parcelas de R$ 600 ou R$ 1,2 mil para m\u00e3es solteiras, foi estendido at\u00e9 31 de dezembro por meio da Medida Provis\u00f3ria (MP) 1000. O aux\u00edlio emergencial extens\u00e3o ser\u00e1 pago em at\u00e9 quatro parcelas de R$ 300 cada e, no caso das m\u00e3es chefes de fam\u00edlia monoparental, o valor \u00e9 de R$ 600.<\/p>\n\n\n\n<p class=\"wp-block-paragraph\">Quanto aos benefici\u00e1rios do Bolsa Fam\u00edlia, eles recebem o valor do programa complementado pela extens\u00e3o do aux\u00edlio emergencial em at\u00e9 R$ 300 ou R$ 600 para m\u00e3es solteiras. Se o valor do Bolsa Fam\u00edlia for igual ou maior que R$ 300 ou R$ 600, o benefici\u00e1rio receber\u00e1 o valor do Bolsa Fam\u00edlia, sempre privilegiando o benef\u00edcio de maior valor.<\/p>\n\n\n\n<p class=\"wp-block-paragraph\">O dinheiro pode ser sacado nas ag\u00eancias da Caixa Econ\u00f4mica Federal e lot\u00e9ricas, entre outros pontos.<\/p>\n\n\n\n<p class=\"has-white-color has-vivid-cyan-blue-background-color has-text-color has-background wp-block-paragraph\">Quer saber as not\u00edcias do <strong>Aconteceu no Vale<\/strong> em primeira m\u00e3o? Siga-nos no Facebook <a rel=\"noreferrer noopener\" href=\"http:\/\/facebook.com\/aconteceunovale\" target=\"_blank\">@aconteceunovale<\/a>, Twitter <a rel=\"noreferrer noopener\" href=\"https:\/\/twitter.com\/noticiadosvales\" target=\"_blank\">@noticiadosvales<\/a> e Instagram <a rel=\"noreferrer noopener\" href=\"https:\/\/www.instagram.com\/aconteceunovale\" target=\"_blank\">@aconteceunovale<\/a>.<\/p>\n","protected":false},"excerpt":{"rendered":"<p>O Minist\u00e9rio da Cidadania publicou, no\u00a0Di\u00e1rio Oficial da Uni\u00e3o\u00a0de hoje (27\/11\/2020), portaria com detalhes sobre o calend\u00e1rio de pagamentos e saques do aux\u00edlio emergencial, institu\u00eddo pela Lei n\u00ba 13.982. Segundo a portaria, a primeira parcela (Ciclo 5) do aux\u00edlio ser\u00e1 paga a partir do dia 30 de novembro aos eleg\u00edveis nos procedimentos de contesta\u00e7\u00e3o via [&hellip;]<\/p>\n","protected":false},"author":4,"featured_media":161592,"comment_status":"open","ping_status":"closed","sticky":false,"template":"","format":"standard","meta":{"amp_status":"","footnotes":""},"categories":[6],"tags":[219405,219383,225996,219292,225074,225788,225789,225075,225949,219977,100375,225948,227485,227055,226016,228349,228081,225732,223087,226744,225178,225552,225551,20922,225787,229938,225176,230001,225962,226017,226018,1018,223269,221649,223267,228779,184405,4610,228713,26436,225826,228714,184661,224350,225077,225076,228715,229939,228778,223181,225550,225549,225961,225177,225548],"class_list":["post-170143","post","type-post","status-publish","format-standard","has-post-thumbnail","hentry","category-br","tag-auxilio-de-r-600","tag-auxilio-emergencial","tag-auxilio-emergencial-chega-a-29-milhoes-de-domicilios","tag-auxilio-emergencial-de-r-600","tag-auxilio-emergencial-de-r-600-elevou-padrao-de-vida-em-23-milhoes-de-domicilios","tag-auxilio-emergencial-para-agricultor-familiar","tag-auxilio-para-agricultor-familiar","tag-beneficio-do-auxilio-emergencial-de-r-600","tag-bloqueio-de-contas-da-poupanca-social","tag-bloqueio-do-auxilio-emergencial","tag-bolsonaro","tag-caixa-bloqueia-contas-da-poupanca-social","tag-caixa-credita-auxilio-emergencial-para-4-milhoes-nascidos-em-agosto","tag-caixa-credita-auxilio-emergencial-para-nascidos-em-junho","tag-caixa-divulga-orientacao-para-desbloqueio-de-contas","tag-caixa-inicia-amanha-ciclo-2-de-pagamentos-do-auxilio-emergencial","tag-caixa-paga-auxilio-emergencial-de-r-600-a-beneficiarios-do-bolsa-familia","tag-caixa-paga-quarta-parcela-do-auxilio-emergencial-a-beneficiarios-do-bolsa-familia","tag-caixa-tem","tag-caixa-vai-pagar-auxilio-emergencial-de-r-600-a-805-mil-novos-beneficiarios","tag-calendario-para-saque-em-dinheiro-do-auxilio-emergencial","tag-calendario-quarta-parcela-do-auxilio-emergencial","tag-calendario-quinta-parcela-do-auxilio-emergencial","tag-camara-dos-deputados","tag-camara-dos-deputados-aprova-auxilio-emergencial-para-agricultor-familiar-durante-a-pandemia","tag-ciclo-3-do-auxilio-emergencial","tag-confira-o-calendario-para-saque-em-dinheiro-do-auxilio-emergencial-de-r-600","tag-contestar-suspensao-de-auxilio-emergencial","tag-desbloquear-as-contas-digitais-do-auxilio-emergencial","tag-desbloqueio-caixa-tem","tag-desbloqueio-de-contas-caixa-tem","tag-destaque","tag-fraude-auxilio-emergencial","tag-fraude-no-auxilio-emergencial","tag-fraudes-no-auxilio-emergencial","tag-fraudes-no-recebimento-de-auxilio-emergencial","tag-governo-bolsonaro","tag-governo-federal","tag-governo-federal-prorroga-auxilio-emergencial-ate-o-fim-do-ano","tag-jair-bolsonaro","tag-mais-de-700-mil-receberao-amanha-primeira-parcela-do-auxilio-emergencial","tag-mais-quatro-parcelas-do-auxilio-emergencial","tag-ministerio-da-economia","tag-novas-parcelas-do-auxilio-emergencial","tag-padrao-de-vida-auxilio-emergencial","tag-padrao-de-vida-auxilio-emergencial-de-r-600","tag-pagamento-de-mais-parcelas-do-auxilio-emergencial","tag-pagamento-do-ciclo-3-do-auxilio-emergencial","tag-policia-federal-apura-fraudes-no-recebimento-de-auxilio-emergencial","tag-prorrogacao-do-auxilio-emergencial","tag-quarta-parcela-auxilio-emergencial","tag-quinta-parcela-auxilio-emergencial","tag-saiba-como-desbloquear-as-contas-digitais-do-auxilio-emergencial","tag-saque-em-dinheiro-do-auxilio-emergencial","tag-veja-os-calendarios-dos-novos-pagamentos-do-auxilio-emergencial-de-r-600"],"yoast_head":"<!-- This site is optimized with the Yoast SEO plugin v28.3 - https:\/\/yoast.com\/product\/yoast-seo-wordpress\/ -->\n<title>Governo federal detalha pagamentos e saques do aux\u00edlio emergencial - Aconteceu no Vale<\/title>\n<meta name=\"robots\" content=\"index, follow, max-snippet:-1, max-image-preview:large, max-video-preview:-1\" \/>\n<link rel=\"canonical\" href=\"https:\/\/aconteceunovale.com.br\/portal\/?p=170143\" \/>\n<meta property=\"og:locale\" content=\"pt_BR\" \/>\n<meta property=\"og:type\" content=\"article\" \/>\n<meta property=\"og:title\" content=\"Governo federal detalha pagamentos e saques do aux\u00edlio emergencial - Aconteceu no Vale\" \/>\n<meta property=\"og:description\" content=\"O Minist\u00e9rio da Cidadania publicou, no\u00a0Di\u00e1rio Oficial da Uni\u00e3o\u00a0de hoje (27\/11\/2020), portaria com detalhes sobre o calend\u00e1rio de pagamentos e saques do aux\u00edlio emergencial, institu\u00eddo pela Lei n\u00ba 13.982. Segundo a portaria, a primeira parcela (Ciclo 5) do aux\u00edlio ser\u00e1 paga a partir do dia 30 de novembro aos eleg\u00edveis nos procedimentos de contesta\u00e7\u00e3o via [&hellip;]\" \/>\n<meta property=\"og:url\" content=\"https:\/\/aconteceunovale.com.br\/portal\/?p=170143\" \/>\n<meta property=\"og:site_name\" content=\"Aconteceu no Vale\" \/>\n<meta property=\"article:publisher\" content=\"https:\/\/www.facebook.com\/aconteceunovale\/\" \/>\n<meta property=\"article:published_time\" content=\"2020-11-27T16:03:52+00:00\" \/>\n<meta property=\"article:modified_time\" content=\"2020-11-27T16:08:08+00:00\" \/>\n<meta property=\"og:image\" content=\"https:\/\/aconteceunovale.com.br\/portal\/wp-content\/uploads\/2020\/04\/auxilio_caixa.jpg\" \/>\n\t<meta property=\"og:image:width\" content=\"780\" \/>\n\t<meta property=\"og:image:height\" content=\"500\" \/>\n\t<meta property=\"og:image:type\" content=\"image\/jpeg\" \/>\n<meta name=\"author\" content=\"Reda\u00e7\u00e3o Aconteceu no Vale\" \/>\n<meta name=\"twitter:card\" content=\"summary_large_image\" \/>\n<meta name=\"twitter:creator\" content=\"@noticiadosvales\" \/>\n<meta name=\"twitter:site\" content=\"@noticiadosvales\" \/>\n<meta name=\"twitter:label1\" content=\"Escrito por\" \/>\n\t<meta name=\"twitter:data1\" content=\"Reda\u00e7\u00e3o Aconteceu no Vale\" \/>\n\t<meta name=\"twitter:label2\" content=\"Est. tempo de leitura\" \/>\n\t<meta name=\"twitter:data2\" content=\"2 minutos\" \/>\n<script type=\"application\/ld+json\" class=\"yoast-schema-graph\">{\"@context\":\"https:\\\/\\\/schema.org\",\"@graph\":[{\"@type\":\"Article\",\"@id\":\"https:\\\/\\\/aconteceunovale.com.br\\\/portal\\\/?p=170143#article\",\"isPartOf\":{\"@id\":\"https:\\\/\\\/aconteceunovale.com.br\\\/portal\\\/?p=170143\"},\"author\":{\"name\":\"Reda\u00e7\u00e3o Aconteceu no Vale\",\"@id\":\"https:\\\/\\\/aconteceunovale.com.br\\\/portal\\\/#\\\/schema\\\/person\\\/7d2f26d1483f8a63de73da1ee0754d35\"},\"headline\":\"Governo federal detalha pagamentos e saques do aux\u00edlio emergencial\",\"datePublished\":\"2020-11-27T16:03:52+00:00\",\"dateModified\":\"2020-11-27T16:08:08+00:00\",\"mainEntityOfPage\":{\"@id\":\"https:\\\/\\\/aconteceunovale.com.br\\\/portal\\\/?p=170143\"},\"wordCount\":419,\"commentCount\":0,\"image\":{\"@id\":\"https:\\\/\\\/aconteceunovale.com.br\\\/portal\\\/?p=170143#primaryimage\"},\"thumbnailUrl\":\"https:\\\/\\\/aconteceunovale.com.br\\\/portal\\\/wp-content\\\/uploads\\\/2020\\\/04\\\/auxilio_caixa.jpg\",\"keywords\":[\"Aux\u00edlio de R$ 600\",\"aux\u00edlio emergencial\",\"Aux\u00edlio emergencial chega a 29 milh\u00f5es de domic\u00edlios\",\"Aux\u00edlio emergencial de R$ 600\",\"Aux\u00edlio emergencial de R$ 600 elevou padr\u00e3o de vida em 23 milh\u00f5es de domic\u00edlios\",\"Aux\u00edlio emergencial para agricultor familiar\",\"Aux\u00edlio para agricultor familiar\",\"Benef\u00edcio do Aux\u00edlio emergencial de R$ 600\",\"Bloqueio de contas da poupan\u00e7a social\",\"Bloqueio do aux\u00edlio emergencial\",\"Bolsonaro\",\"Caixa bloqueia contas da poupan\u00e7a social\",\"Caixa credita aux\u00edlio emergencial para 4 milh\u00f5es nascidos em agosto\",\"Caixa credita aux\u00edlio emergencial para nascidos em junho\",\"Caixa divulga orienta\u00e7\u00e3o para desbloqueio de contas\",\"Caixa inicia amanh\u00e3 Ciclo 2 de pagamentos do aux\u00edlio emergencial\",\"Caixa paga aux\u00edlio emergencial de R$ 600 a benefici\u00e1rios do Bolsa Fam\u00edlia\",\"Caixa paga quarta parcela do aux\u00edlio emergencial a benefici\u00e1rios do Bolsa Fam\u00edlia\",\"Caixa Tem\",\"Caixa vai pagar aux\u00edlio emergencial de R$ 600 a 805 mil novos benefici\u00e1rios\",\"Calend\u00e1rio para saque em dinheiro do aux\u00edlio emergencial\",\"Calend\u00e1rio quarta parcela do aux\u00edlio emergencial\",\"Calend\u00e1rio quinta parcela do aux\u00edlio emergencial\",\"C\u00e2mara dos Deputados\",\"C\u00e2mara dos Deputados aprova aux\u00edlio emergencial para agricultor familiar durante a pandemia\",\"Ciclo 3 do aux\u00edlio emergencial\",\"Confira o calend\u00e1rio para saque em dinheiro do aux\u00edlio emergencial de R$ 600\",\"Contestar suspens\u00e3o de aux\u00edlio emergencial\",\"Desbloquear as contas digitais do aux\u00edlio emergencial\",\"Desbloqueio Caixa Tem\",\"Desbloqueio de contas Caixa Tem\",\"destaque\",\"Fraude aux\u00edlio emergencial\",\"Fraude no aux\u00edlio emergencial\",\"Fraudes no aux\u00edlio emergencial\",\"Fraudes no recebimento de aux\u00edlio emergencial\",\"Governo Bolsonaro\",\"Governo Federal\",\"Governo federal prorroga aux\u00edlio emergencial at\u00e9 o fim do ano\",\"Jair Bolsonaro\",\"Mais de 700 mil receber\u00e3o amanh\u00e3 primeira parcela do auxilio emergencial\",\"Mais quatro parcelas do aux\u00edlio emergencial\",\"Minist\u00e9rio da Economia\",\"Novas parcelas do Aux\u00edlio emergencial\",\"Padr\u00e3o de vida Aux\u00edlio emergencial\",\"Padr\u00e3o de vida Aux\u00edlio emergencial de R$ 600\",\"Pagamento de mais parcelas do aux\u00edlio emergencial\",\"Pagamento do Ciclo 3 do aux\u00edlio emergencial\",\"Pol\u00edcia Federal apura fraudes no recebimento de aux\u00edlio emergencial\",\"Prorroga\u00e7\u00e3o do aux\u00edlio emergencial\",\"Quarta parcela aux\u00edlio emergencial\",\"Quinta parcela aux\u00edlio emergencial\",\"Saiba como desbloquear as contas digitais do aux\u00edlio emergencial\",\"Saque em dinheiro do aux\u00edlio emergencial\",\"Veja os calend\u00e1rios dos novos pagamentos do aux\u00edlio emergencial de R$ 600\"],\"articleSection\":[\"Brasil\"],\"inLanguage\":\"pt-BR\",\"potentialAction\":[{\"@type\":\"CommentAction\",\"name\":\"Comment\",\"target\":[\"https:\\\/\\\/aconteceunovale.com.br\\\/portal\\\/?p=170143#respond\"]}]},{\"@type\":\"WebPage\",\"@id\":\"https:\\\/\\\/aconteceunovale.com.br\\\/portal\\\/?p=170143\",\"url\":\"https:\\\/\\\/aconteceunovale.com.br\\\/portal\\\/?p=170143\",\"name\":\"Governo federal detalha pagamentos e saques do aux\u00edlio emergencial - Aconteceu no Vale\",\"isPartOf\":{\"@id\":\"https:\\\/\\\/aconteceunovale.com.br\\\/portal\\\/#website\"},\"primaryImageOfPage\":{\"@id\":\"https:\\\/\\\/aconteceunovale.com.br\\\/portal\\\/?p=170143#primaryimage\"},\"image\":{\"@id\":\"https:\\\/\\\/aconteceunovale.com.br\\\/portal\\\/?p=170143#primaryimage\"},\"thumbnailUrl\":\"https:\\\/\\\/aconteceunovale.com.br\\\/portal\\\/wp-content\\\/uploads\\\/2020\\\/04\\\/auxilio_caixa.jpg\",\"datePublished\":\"2020-11-27T16:03:52+00:00\",\"dateModified\":\"2020-11-27T16:08:08+00:00\",\"author\":{\"@id\":\"https:\\\/\\\/aconteceunovale.com.br\\\/portal\\\/#\\\/schema\\\/person\\\/7d2f26d1483f8a63de73da1ee0754d35\"},\"breadcrumb\":{\"@id\":\"https:\\\/\\\/aconteceunovale.com.br\\\/portal\\\/?p=170143#breadcrumb\"},\"inLanguage\":\"pt-BR\",\"potentialAction\":[{\"@type\":\"ReadAction\",\"target\":[\"https:\\\/\\\/aconteceunovale.com.br\\\/portal\\\/?p=170143\"]}]},{\"@type\":\"ImageObject\",\"inLanguage\":\"pt-BR\",\"@id\":\"https:\\\/\\\/aconteceunovale.com.br\\\/portal\\\/?p=170143#primaryimage\",\"url\":\"https:\\\/\\\/aconteceunovale.com.br\\\/portal\\\/wp-content\\\/uploads\\\/2020\\\/04\\\/auxilio_caixa.jpg\",\"contentUrl\":\"https:\\\/\\\/aconteceunovale.com.br\\\/portal\\\/wp-content\\\/uploads\\\/2020\\\/04\\\/auxilio_caixa.jpg\",\"width\":780,\"height\":500},{\"@type\":\"BreadcrumbList\",\"@id\":\"https:\\\/\\\/aconteceunovale.com.br\\\/portal\\\/?p=170143#breadcrumb\",\"itemListElement\":[{\"@type\":\"ListItem\",\"position\":1,\"name\":\"In\u00edcio\",\"item\":\"https:\\\/\\\/aconteceunovale.com.br\\\/portal\\\/\"},{\"@type\":\"ListItem\",\"position\":2,\"name\":\"Governo federal detalha pagamentos e saques do aux\u00edlio emergencial\"}]},{\"@type\":\"WebSite\",\"@id\":\"https:\\\/\\\/aconteceunovale.com.br\\\/portal\\\/#website\",\"url\":\"https:\\\/\\\/aconteceunovale.com.br\\\/portal\\\/\",\"name\":\"Aconteceu no Vale\",\"description\":\"Portal de Not\u00edcias\",\"potentialAction\":[{\"@type\":\"SearchAction\",\"target\":{\"@type\":\"EntryPoint\",\"urlTemplate\":\"https:\\\/\\\/aconteceunovale.com.br\\\/portal\\\/?s={search_term_string}\"},\"query-input\":{\"@type\":\"PropertyValueSpecification\",\"valueRequired\":true,\"valueName\":\"search_term_string\"}}],\"inLanguage\":\"pt-BR\"},{\"@type\":\"Person\",\"@id\":\"https:\\\/\\\/aconteceunovale.com.br\\\/portal\\\/#\\\/schema\\\/person\\\/7d2f26d1483f8a63de73da1ee0754d35\",\"name\":\"Reda\u00e7\u00e3o Aconteceu no Vale\",\"description\":\"Equipe de reportagem do Aconteceu no Vale, portal de not\u00edcias do Vale do Jequitinhonha, em Minas Gerais. Cobrimos as 51 cidades do Vale desde 2013. Sugest\u00f5es de pauta e pedidos de corre\u00e7\u00e3o: contato@aconteceunovale.com.br\",\"url\":\"https:\\\/\\\/aconteceunovale.com.br\\\/portal\\\/?author=4\"}]}<\/script>\n<!-- \/ Yoast SEO plugin. -->","yoast_head_json":{"title":"Governo federal detalha pagamentos e saques do aux\u00edlio emergencial - Aconteceu no Vale","robots":{"index":"index","follow":"follow","max-snippet":"max-snippet:-1","max-image-preview":"max-image-preview:large","max-video-preview":"max-video-preview:-1"},"canonical":"https:\/\/aconteceunovale.com.br\/portal\/?p=170143","og_locale":"pt_BR","og_type":"article","og_title":"Governo federal detalha pagamentos e saques do aux\u00edlio emergencial - Aconteceu no Vale","og_description":"O Minist\u00e9rio da Cidadania publicou, no\u00a0Di\u00e1rio Oficial da Uni\u00e3o\u00a0de hoje (27\/11\/2020), portaria com detalhes sobre o calend\u00e1rio de pagamentos e saques do aux\u00edlio emergencial, institu\u00eddo pela Lei n\u00ba 13.982. Segundo a portaria, a primeira parcela (Ciclo 5) do aux\u00edlio ser\u00e1 paga a partir do dia 30 de novembro aos eleg\u00edveis nos procedimentos de contesta\u00e7\u00e3o via [&hellip;]","og_url":"https:\/\/aconteceunovale.com.br\/portal\/?p=170143","og_site_name":"Aconteceu no Vale","article_publisher":"https:\/\/www.facebook.com\/aconteceunovale\/","article_published_time":"2020-11-27T16:03:52+00:00","article_modified_time":"2020-11-27T16:08:08+00:00","og_image":[{"width":780,"height":500,"url":"https:\/\/aconteceunovale.com.br\/portal\/wp-content\/uploads\/2020\/04\/auxilio_caixa.jpg","type":"image\/jpeg"}],"author":"Reda\u00e7\u00e3o Aconteceu no Vale","twitter_card":"summary_large_image","twitter_creator":"@noticiadosvales","twitter_site":"@noticiadosvales","twitter_misc":{"Escrito por":"Reda\u00e7\u00e3o Aconteceu no Vale","Est. tempo de leitura":"2 minutos"},"schema":{"@context":"https:\/\/schema.org","@graph":[{"@type":"Article","@id":"https:\/\/aconteceunovale.com.br\/portal\/?p=170143#article","isPartOf":{"@id":"https:\/\/aconteceunovale.com.br\/portal\/?p=170143"},"author":{"name":"Reda\u00e7\u00e3o Aconteceu no Vale","@id":"https:\/\/aconteceunovale.com.br\/portal\/#\/schema\/person\/7d2f26d1483f8a63de73da1ee0754d35"},"headline":"Governo federal detalha pagamentos e saques do aux\u00edlio emergencial","datePublished":"2020-11-27T16:03:52+00:00","dateModified":"2020-11-27T16:08:08+00:00","mainEntityOfPage":{"@id":"https:\/\/aconteceunovale.com.br\/portal\/?p=170143"},"wordCount":419,"commentCount":0,"image":{"@id":"https:\/\/aconteceunovale.com.br\/portal\/?p=170143#primaryimage"},"thumbnailUrl":"https:\/\/aconteceunovale.com.br\/portal\/wp-content\/uploads\/2020\/04\/auxilio_caixa.jpg","keywords":["Aux\u00edlio de R$ 600","aux\u00edlio emergencial","Aux\u00edlio emergencial chega a 29 milh\u00f5es de domic\u00edlios","Aux\u00edlio emergencial de R$ 600","Aux\u00edlio emergencial de R$ 600 elevou padr\u00e3o de vida em 23 milh\u00f5es de domic\u00edlios","Aux\u00edlio emergencial para agricultor familiar","Aux\u00edlio para agricultor familiar","Benef\u00edcio do Aux\u00edlio emergencial de R$ 600","Bloqueio de contas da poupan\u00e7a social","Bloqueio do aux\u00edlio emergencial","Bolsonaro","Caixa bloqueia contas da poupan\u00e7a social","Caixa credita aux\u00edlio emergencial para 4 milh\u00f5es nascidos em agosto","Caixa credita aux\u00edlio emergencial para nascidos em junho","Caixa divulga orienta\u00e7\u00e3o para desbloqueio de contas","Caixa inicia amanh\u00e3 Ciclo 2 de pagamentos do aux\u00edlio emergencial","Caixa paga aux\u00edlio emergencial de R$ 600 a benefici\u00e1rios do Bolsa Fam\u00edlia","Caixa paga quarta parcela do aux\u00edlio emergencial a benefici\u00e1rios do Bolsa Fam\u00edlia","Caixa Tem","Caixa vai pagar aux\u00edlio emergencial de R$ 600 a 805 mil novos benefici\u00e1rios","Calend\u00e1rio para saque em dinheiro do aux\u00edlio emergencial","Calend\u00e1rio quarta parcela do aux\u00edlio emergencial","Calend\u00e1rio quinta parcela do aux\u00edlio emergencial","C\u00e2mara dos Deputados","C\u00e2mara dos Deputados aprova aux\u00edlio emergencial para agricultor familiar durante a pandemia","Ciclo 3 do aux\u00edlio emergencial","Confira o calend\u00e1rio para saque em dinheiro do aux\u00edlio emergencial de R$ 600","Contestar suspens\u00e3o de aux\u00edlio emergencial","Desbloquear as contas digitais do aux\u00edlio emergencial","Desbloqueio Caixa Tem","Desbloqueio de contas Caixa Tem","destaque","Fraude aux\u00edlio emergencial","Fraude no aux\u00edlio emergencial","Fraudes no aux\u00edlio emergencial","Fraudes no recebimento de aux\u00edlio emergencial","Governo Bolsonaro","Governo Federal","Governo federal prorroga aux\u00edlio emergencial at\u00e9 o fim do ano","Jair Bolsonaro","Mais de 700 mil receber\u00e3o amanh\u00e3 primeira parcela do auxilio emergencial","Mais quatro parcelas do aux\u00edlio emergencial","Minist\u00e9rio da Economia","Novas parcelas do Aux\u00edlio emergencial","Padr\u00e3o de vida Aux\u00edlio emergencial","Padr\u00e3o de vida Aux\u00edlio emergencial de R$ 600","Pagamento de mais parcelas do aux\u00edlio emergencial","Pagamento do Ciclo 3 do aux\u00edlio emergencial","Pol\u00edcia Federal apura fraudes no recebimento de aux\u00edlio emergencial","Prorroga\u00e7\u00e3o do aux\u00edlio emergencial","Quarta parcela aux\u00edlio emergencial","Quinta parcela aux\u00edlio emergencial","Saiba como desbloquear as contas digitais do aux\u00edlio emergencial","Saque em dinheiro do aux\u00edlio emergencial","Veja os calend\u00e1rios dos novos pagamentos do aux\u00edlio emergencial de R$ 600"],"articleSection":["Brasil"],"inLanguage":"pt-BR","potentialAction":[{"@type":"CommentAction","name":"Comment","target":["https:\/\/aconteceunovale.com.br\/portal\/?p=170143#respond"]}]},{"@type":"WebPage","@id":"https:\/\/aconteceunovale.com.br\/portal\/?p=170143","url":"https:\/\/aconteceunovale.com.br\/portal\/?p=170143","name":"Governo federal detalha pagamentos e saques do aux\u00edlio emergencial - Aconteceu no Vale","isPartOf":{"@id":"https:\/\/aconteceunovale.com.br\/portal\/#website"},"primaryImageOfPage":{"@id":"https:\/\/aconteceunovale.com.br\/portal\/?p=170143#primaryimage"},"image":{"@id":"https:\/\/aconteceunovale.com.br\/portal\/?p=170143#primaryimage"},"thumbnailUrl":"https:\/\/aconteceunovale.com.br\/portal\/wp-content\/uploads\/2020\/04\/auxilio_caixa.jpg","datePublished":"2020-11-27T16:03:52+00:00","dateModified":"2020-11-27T16:08:08+00:00","author":{"@id":"https:\/\/aconteceunovale.com.br\/portal\/#\/schema\/person\/7d2f26d1483f8a63de73da1ee0754d35"},"breadcrumb":{"@id":"https:\/\/aconteceunovale.com.br\/portal\/?p=170143#breadcrumb"},"inLanguage":"pt-BR","potentialAction":[{"@type":"ReadAction","target":["https:\/\/aconteceunovale.com.br\/portal\/?p=170143"]}]},{"@type":"ImageObject","inLanguage":"pt-BR","@id":"https:\/\/aconteceunovale.com.br\/portal\/?p=170143#primaryimage","url":"https:\/\/aconteceunovale.com.br\/portal\/wp-content\/uploads\/2020\/04\/auxilio_caixa.jpg","contentUrl":"https:\/\/aconteceunovale.com.br\/portal\/wp-content\/uploads\/2020\/04\/auxilio_caixa.jpg","width":780,"height":500},{"@type":"BreadcrumbList","@id":"https:\/\/aconteceunovale.com.br\/portal\/?p=170143#breadcrumb","itemListElement":[{"@type":"ListItem","position":1,"name":"In\u00edcio","item":"https:\/\/aconteceunovale.com.br\/portal\/"},{"@type":"ListItem","position":2,"name":"Governo federal detalha pagamentos e saques do aux\u00edlio emergencial"}]},{"@type":"WebSite","@id":"https:\/\/aconteceunovale.com.br\/portal\/#website","url":"https:\/\/aconteceunovale.com.br\/portal\/","name":"Aconteceu no Vale","description":"Portal de Not\u00edcias","potentialAction":[{"@type":"SearchAction","target":{"@type":"EntryPoint","urlTemplate":"https:\/\/aconteceunovale.com.br\/portal\/?s={search_term_string}"},"query-input":{"@type":"PropertyValueSpecification","valueRequired":true,"valueName":"search_term_string"}}],"inLanguage":"pt-BR"},{"@type":"Person","@id":"https:\/\/aconteceunovale.com.br\/portal\/#\/schema\/person\/7d2f26d1483f8a63de73da1ee0754d35","name":"Reda\u00e7\u00e3o Aconteceu no Vale","description":"Equipe de reportagem do Aconteceu no Vale, portal de not\u00edcias do Vale do Jequitinhonha, em Minas Gerais. Cobrimos as 51 cidades do Vale desde 2013. Sugest\u00f5es de pauta e pedidos de corre\u00e7\u00e3o: contato@aconteceunovale.com.br","url":"https:\/\/aconteceunovale.com.br\/portal\/?author=4"}]}},"_links":{"self":[{"href":"https:\/\/aconteceunovale.com.br\/portal\/index.php?rest_route=\/wp\/v2\/posts\/170143","targetHints":{"allow":["GET"]}}],"collection":[{"href":"https:\/\/aconteceunovale.com.br\/portal\/index.php?rest_route=\/wp\/v2\/posts"}],"about":[{"href":"https:\/\/aconteceunovale.com.br\/portal\/index.php?rest_route=\/wp\/v2\/types\/post"}],"author":[{"embeddable":true,"href":"https:\/\/aconteceunovale.com.br\/portal\/index.php?rest_route=\/wp\/v2\/users\/4"}],"replies":[{"embeddable":true,"href":"https:\/\/aconteceunovale.com.br\/portal\/index.php?rest_route=%2Fwp%2Fv2%2Fcomments&post=170143"}],"version-history":[{"count":1,"href":"https:\/\/aconteceunovale.com.br\/portal\/index.php?rest_route=\/wp\/v2\/posts\/170143\/revisions"}],"predecessor-version":[{"id":170144,"href":"https:\/\/aconteceunovale.com.br\/portal\/index.php?rest_route=\/wp\/v2\/posts\/170143\/revisions\/170144"}],"wp:featuredmedia":[{"embeddable":true,"href":"https:\/\/aconteceunovale.com.br\/portal\/index.php?rest_route=\/wp\/v2\/media\/161592"}],"wp:attachment":[{"href":"https:\/\/aconteceunovale.com.br\/portal\/index.php?rest_route=%2Fwp%2Fv2%2Fmedia&parent=170143"}],"wp:term":[{"taxonomy":"category","embeddable":true,"href":"https:\/\/aconteceunovale.com.br\/portal\/index.php?rest_route=%2Fwp%2Fv2%2Fcategories&post=170143"},{"taxonomy":"post_tag","embeddable":true,"href":"https:\/\/aconteceunovale.com.br\/portal\/index.php?rest_route=%2Fwp%2Fv2%2Ftags&post=170143"}],"curies":[{"name":"wp","href":"https:\/\/api.w.org\/{rel}","templated":true}]}}