{"id":170136,"date":"2020-11-27T12:03:52","date_gmt":"2020-11-27T15:03:52","guid":{"rendered":"https:\/\/aconteceunovale.com.br\/portal\/?p=170136"},"modified":"2020-11-27T12:05:18","modified_gmt":"2020-11-27T15:05:18","slug":"tribunal-de-justica-e-governo-de-minas-leiloam-40-veiculos","status":"publish","type":"post","link":"https:\/\/aconteceunovale.com.br\/portal\/?p=170136","title":{"rendered":"Tribunal de Justi\u00e7a e Governo de Minas leiloam 40 ve\u00edculos"},"content":{"rendered":"\n<p class=\"wp-block-paragraph\">Para modernizar sua frota com efici\u00eancia e economia, o Tribunal de Justi\u00e7a de Minas Gerais (TJMG), em parceria com o Governo do Estado de Minas Gerais, promove mais uma vez um leil\u00e3o de autom\u00f3veis. Das 8h de 1\u00ba de dezembro ao dia 9 do mesmo m\u00eas, os interessados podem fazer propostas. Os modelos s\u00e3o 39 Palio Fire 2016 e um Astra Sedan 2009, com lances iniciais entre R$ 3.550 e R$ 4.100.<\/p>\n\n\n\n<p class=\"wp-block-paragraph\">O procedimento licitat\u00f3rio, vencido por quem oferecer o maior valor, ser\u00e1 todo feito por plataforma virtual, o Sistema Eletr\u00f4nico de Leil\u00f5es (SEL-MG), que \u00e9 operado pela Secretaria de Estado de Planejamento e Gest\u00e3o. Al\u00e9m dos lotes do TJMG, haver\u00e1 itens de outros \u00f3rg\u00e3os do Executivo estadual.<\/p>\n\n\n\n<p class=\"wp-block-paragraph\">Habilitam-se a participar pessoas f\u00edsicas e jur\u00eddicas, desde que n\u00e3o estejam impedidas de contratar com o poder p\u00fablico. Confira o\u00a0<a rel=\"noreferrer noopener\" href=\"http:\/\/www.tjmg.jus.br\/data\/files\/A7\/50\/28\/B8\/966067108C2C7D575ECB08A8\/Edital%20de%20Leilao.052.2020%20TJMG.pdf\" target=\"_blank\"><strong>edital<\/strong><\/a><strong>\u00a0<\/strong>com informa\u00e7\u00f5es detalhadas \u2014\u00a0condi\u00e7\u00f5es para\u00a0participa\u00e7\u00e3o do leil\u00e3o, lance inicial,\u00a0estado de conserva\u00e7\u00e3o dos carros,\u00a0hor\u00e1rio de encerramento da disputa, possibilidade de recursos, retirada dos bens etc.<\/p>\n\n\n\n<p class=\"wp-block-paragraph\">Os autom\u00f3veis postos \u00e0 venda, diante da caracter\u00edstica do uso cont\u00ednuo e intenso imposto pela administra\u00e7\u00e3o p\u00fablica, s\u00e3o considerados antiecon\u00f4micos devido ao custo de manuten\u00e7\u00e3o que representam. Todavia, ainda s\u00e3o pass\u00edveis de destina\u00e7\u00f5es diversas, o que configura medida sustent\u00e1vel e oportunidade de empreendimento para o cidad\u00e3o.<\/p>\n\n\n\n<p class=\"wp-block-paragraph\">Os itens podem ser vistos pelos interessados, nos dias 3 e 4 de dezembro, das 8h \u00e0s 12h e das&nbsp;14h \u00e0s 17h, na Rua S\u00f3crates Alvim, 10, Bairro Camargos, na capital. A entrada \u00e9 pela lateral direita, conforme placas indicativas.<\/p>\n\n\n\n<p class=\"wp-block-paragraph\">N\u00e3o h\u00e1 necessidade de agendamento pr\u00e9vio, mas os visitantes dever\u00e3o obedecer \u00e0s recomenda\u00e7\u00f5es de seguran\u00e7a e sa\u00fade adotadas, no local, para preven\u00e7\u00e3o \u00e0 dissemina\u00e7\u00e3o da\u00a0covid-19. Para d\u00favidas, contatar a Seplag, pelo\u00a0telefone\u00a0(31) 3915-0826.<\/p>\n\n\n\n<p class=\"has-white-color has-vivid-cyan-blue-background-color has-text-color has-background wp-block-paragraph\">Quer saber as not\u00edcias do <strong>Aconteceu no Vale<\/strong> em primeira m\u00e3o? Siga-nos no Facebook <a rel=\"noreferrer noopener\" href=\"http:\/\/facebook.com\/aconteceunovale\" target=\"_blank\">@aconteceunovale<\/a>, Twitter <a rel=\"noreferrer noopener\" href=\"https:\/\/twitter.com\/noticiadosvales\" target=\"_blank\">@noticiadosvales<\/a> e Instagram <a rel=\"noreferrer noopener\" href=\"https:\/\/www.instagram.com\/aconteceunovale\" target=\"_blank\">@aconteceunovale<\/a>.<\/p>\n","protected":false},"excerpt":{"rendered":"<p>Para modernizar sua frota com efici\u00eancia e economia, o Tribunal de Justi\u00e7a de Minas Gerais (TJMG), em parceria com o Governo do Estado de Minas Gerais, promove mais uma vez um leil\u00e3o de autom\u00f3veis. Das 8h de 1\u00ba de dezembro ao dia 9 do mesmo m\u00eas, os interessados podem fazer propostas. Os modelos s\u00e3o 39 [&hellip;]<\/p>\n","protected":false},"author":4,"featured_media":170137,"comment_status":"open","ping_status":"closed","sticky":false,"template":"","format":"standard","meta":{"amp_status":"","footnotes":""},"categories":[155260,123],"tags":[231533,231531,231534,231532,147957,231535,187756,231536,147956,231530],"class_list":["post-170136","post","type-post","status-publish","format-standard","has-post-thumbnail","hentry","category-editais","category-gerais","tag-leilao-de-carros-do-governo-de-minas","tag-leilao-de-carros-do-tjmg","tag-leilao-de-carros-minas-gerais","tag-leilao-de-veiculos-do-governo-de-minas","tag-leilao-de-veiculos-do-tjmg","tag-leilao-de-veiculos-minas-gerais","tag-leilao-governo-de-minas","tag-leilao-minas-gerais","tag-leilao-tjmg","tag-tribunal-de-justica-e-governo-de-minas-leiloam-40-veiculos"],"yoast_head":"<!-- This site is optimized with the Yoast SEO plugin v28.3 - https:\/\/yoast.com\/product\/yoast-seo-wordpress\/ -->\n<title>Tribunal de Justi\u00e7a e Governo de Minas leiloam 40 ve\u00edculos - Aconteceu no Vale<\/title>\n<meta name=\"robots\" content=\"index, follow, max-snippet:-1, max-image-preview:large, max-video-preview:-1\" \/>\n<link rel=\"canonical\" href=\"https:\/\/aconteceunovale.com.br\/portal\/?p=170136\" \/>\n<meta property=\"og:locale\" content=\"pt_BR\" \/>\n<meta property=\"og:type\" content=\"article\" \/>\n<meta property=\"og:title\" content=\"Tribunal de Justi\u00e7a e Governo de Minas leiloam 40 ve\u00edculos - Aconteceu no Vale\" \/>\n<meta property=\"og:description\" content=\"Para modernizar sua frota com efici\u00eancia e economia, o Tribunal de Justi\u00e7a de Minas Gerais (TJMG), em parceria com o Governo do Estado de Minas Gerais, promove mais uma vez um leil\u00e3o de autom\u00f3veis. Das 8h de 1\u00ba de dezembro ao dia 9 do mesmo m\u00eas, os interessados podem fazer propostas. Os modelos s\u00e3o 39 [&hellip;]\" \/>\n<meta property=\"og:url\" content=\"https:\/\/aconteceunovale.com.br\/portal\/?p=170136\" \/>\n<meta property=\"og:site_name\" content=\"Aconteceu no Vale\" \/>\n<meta property=\"article:publisher\" content=\"https:\/\/www.facebook.com\/aconteceunovale\/\" \/>\n<meta property=\"article:published_time\" content=\"2020-11-27T15:03:52+00:00\" \/>\n<meta property=\"article:modified_time\" content=\"2020-11-27T15:05:18+00:00\" \/>\n<meta property=\"og:image\" content=\"https:\/\/aconteceunovale.com.br\/portal\/wp-content\/uploads\/2020\/11\/veiculo_tjmg.jpg\" \/>\n\t<meta property=\"og:image:width\" content=\"675\" \/>\n\t<meta property=\"og:image:height\" content=\"450\" \/>\n\t<meta property=\"og:image:type\" content=\"image\/jpeg\" \/>\n<meta name=\"author\" content=\"Reda\u00e7\u00e3o Aconteceu no Vale\" \/>\n<meta name=\"twitter:card\" content=\"summary_large_image\" \/>\n<meta name=\"twitter:creator\" content=\"@noticiadosvales\" \/>\n<meta name=\"twitter:site\" content=\"@noticiadosvales\" \/>\n<meta name=\"twitter:label1\" content=\"Escrito por\" \/>\n\t<meta name=\"twitter:data1\" content=\"Reda\u00e7\u00e3o Aconteceu no Vale\" \/>\n\t<meta name=\"twitter:label2\" content=\"Est. tempo de leitura\" \/>\n\t<meta name=\"twitter:data2\" content=\"2 minutos\" \/>\n<script type=\"application\/ld+json\" class=\"yoast-schema-graph\">{\"@context\":\"https:\\\/\\\/schema.org\",\"@graph\":[{\"@type\":\"Article\",\"@id\":\"https:\\\/\\\/aconteceunovale.com.br\\\/portal\\\/?p=170136#article\",\"isPartOf\":{\"@id\":\"https:\\\/\\\/aconteceunovale.com.br\\\/portal\\\/?p=170136\"},\"author\":{\"name\":\"Reda\u00e7\u00e3o Aconteceu no Vale\",\"@id\":\"https:\\\/\\\/aconteceunovale.com.br\\\/portal\\\/#\\\/schema\\\/person\\\/7d2f26d1483f8a63de73da1ee0754d35\"},\"headline\":\"Tribunal de Justi\u00e7a e Governo de Minas leiloam 40 ve\u00edculos\",\"datePublished\":\"2020-11-27T15:03:52+00:00\",\"dateModified\":\"2020-11-27T15:05:18+00:00\",\"mainEntityOfPage\":{\"@id\":\"https:\\\/\\\/aconteceunovale.com.br\\\/portal\\\/?p=170136\"},\"wordCount\":352,\"commentCount\":0,\"image\":{\"@id\":\"https:\\\/\\\/aconteceunovale.com.br\\\/portal\\\/?p=170136#primaryimage\"},\"thumbnailUrl\":\"https:\\\/\\\/aconteceunovale.com.br\\\/portal\\\/wp-content\\\/uploads\\\/2020\\\/11\\\/veiculo_tjmg.jpg\",\"keywords\":[\"Leil\u00e3o de carros do Governo de Minas\",\"Leil\u00e3o de carros do TJMG\",\"Leil\u00e3o de carros Minas Gerais\",\"Leil\u00e3o de ve\u00edculos do Governo de Minas\",\"Leil\u00e3o de ve\u00edculos do TJMG\",\"Leil\u00e3o de ve\u00edculos Minas Gerais\",\"Leil\u00e3o governo de Minas\",\"Leil\u00e3o Minas Gerais\",\"Leil\u00e3o TJMG\",\"Tribunal de Justi\u00e7a e Governo de Minas leiloam 40 ve\u00edculos\"],\"articleSection\":[\"Editais\",\"Minas Gerais\"],\"inLanguage\":\"pt-BR\",\"potentialAction\":[{\"@type\":\"CommentAction\",\"name\":\"Comment\",\"target\":[\"https:\\\/\\\/aconteceunovale.com.br\\\/portal\\\/?p=170136#respond\"]}]},{\"@type\":\"WebPage\",\"@id\":\"https:\\\/\\\/aconteceunovale.com.br\\\/portal\\\/?p=170136\",\"url\":\"https:\\\/\\\/aconteceunovale.com.br\\\/portal\\\/?p=170136\",\"name\":\"Tribunal de Justi\u00e7a e Governo de Minas leiloam 40 ve\u00edculos - Aconteceu no Vale\",\"isPartOf\":{\"@id\":\"https:\\\/\\\/aconteceunovale.com.br\\\/portal\\\/#website\"},\"primaryImageOfPage\":{\"@id\":\"https:\\\/\\\/aconteceunovale.com.br\\\/portal\\\/?p=170136#primaryimage\"},\"image\":{\"@id\":\"https:\\\/\\\/aconteceunovale.com.br\\\/portal\\\/?p=170136#primaryimage\"},\"thumbnailUrl\":\"https:\\\/\\\/aconteceunovale.com.br\\\/portal\\\/wp-content\\\/uploads\\\/2020\\\/11\\\/veiculo_tjmg.jpg\",\"datePublished\":\"2020-11-27T15:03:52+00:00\",\"dateModified\":\"2020-11-27T15:05:18+00:00\",\"author\":{\"@id\":\"https:\\\/\\\/aconteceunovale.com.br\\\/portal\\\/#\\\/schema\\\/person\\\/7d2f26d1483f8a63de73da1ee0754d35\"},\"breadcrumb\":{\"@id\":\"https:\\\/\\\/aconteceunovale.com.br\\\/portal\\\/?p=170136#breadcrumb\"},\"inLanguage\":\"pt-BR\",\"potentialAction\":[{\"@type\":\"ReadAction\",\"target\":[\"https:\\\/\\\/aconteceunovale.com.br\\\/portal\\\/?p=170136\"]}]},{\"@type\":\"ImageObject\",\"inLanguage\":\"pt-BR\",\"@id\":\"https:\\\/\\\/aconteceunovale.com.br\\\/portal\\\/?p=170136#primaryimage\",\"url\":\"https:\\\/\\\/aconteceunovale.com.br\\\/portal\\\/wp-content\\\/uploads\\\/2020\\\/11\\\/veiculo_tjmg.jpg\",\"contentUrl\":\"https:\\\/\\\/aconteceunovale.com.br\\\/portal\\\/wp-content\\\/uploads\\\/2020\\\/11\\\/veiculo_tjmg.jpg\",\"width\":675,\"height\":450},{\"@type\":\"BreadcrumbList\",\"@id\":\"https:\\\/\\\/aconteceunovale.com.br\\\/portal\\\/?p=170136#breadcrumb\",\"itemListElement\":[{\"@type\":\"ListItem\",\"position\":1,\"name\":\"In\u00edcio\",\"item\":\"https:\\\/\\\/aconteceunovale.com.br\\\/portal\\\/\"},{\"@type\":\"ListItem\",\"position\":2,\"name\":\"Tribunal de Justi\u00e7a e Governo de Minas leiloam 40 ve\u00edculos\"}]},{\"@type\":\"WebSite\",\"@id\":\"https:\\\/\\\/aconteceunovale.com.br\\\/portal\\\/#website\",\"url\":\"https:\\\/\\\/aconteceunovale.com.br\\\/portal\\\/\",\"name\":\"Aconteceu no Vale\",\"description\":\"Portal de Not\u00edcias\",\"potentialAction\":[{\"@type\":\"SearchAction\",\"target\":{\"@type\":\"EntryPoint\",\"urlTemplate\":\"https:\\\/\\\/aconteceunovale.com.br\\\/portal\\\/?s={search_term_string}\"},\"query-input\":{\"@type\":\"PropertyValueSpecification\",\"valueRequired\":true,\"valueName\":\"search_term_string\"}}],\"inLanguage\":\"pt-BR\"},{\"@type\":\"Person\",\"@id\":\"https:\\\/\\\/aconteceunovale.com.br\\\/portal\\\/#\\\/schema\\\/person\\\/7d2f26d1483f8a63de73da1ee0754d35\",\"name\":\"Reda\u00e7\u00e3o Aconteceu no Vale\",\"description\":\"Equipe de reportagem do Aconteceu no Vale, portal de not\u00edcias do Vale do Jequitinhonha, em Minas Gerais. Cobrimos as 51 cidades do Vale desde 2013. Sugest\u00f5es de pauta e pedidos de corre\u00e7\u00e3o: contato@aconteceunovale.com.br\",\"url\":\"https:\\\/\\\/aconteceunovale.com.br\\\/portal\\\/?author=4\"}]}<\/script>\n<!-- \/ Yoast SEO plugin. -->","yoast_head_json":{"title":"Tribunal de Justi\u00e7a e Governo de Minas leiloam 40 ve\u00edculos - Aconteceu no Vale","robots":{"index":"index","follow":"follow","max-snippet":"max-snippet:-1","max-image-preview":"max-image-preview:large","max-video-preview":"max-video-preview:-1"},"canonical":"https:\/\/aconteceunovale.com.br\/portal\/?p=170136","og_locale":"pt_BR","og_type":"article","og_title":"Tribunal de Justi\u00e7a e Governo de Minas leiloam 40 ve\u00edculos - Aconteceu no Vale","og_description":"Para modernizar sua frota com efici\u00eancia e economia, o Tribunal de Justi\u00e7a de Minas Gerais (TJMG), em parceria com o Governo do Estado de Minas Gerais, promove mais uma vez um leil\u00e3o de autom\u00f3veis. Das 8h de 1\u00ba de dezembro ao dia 9 do mesmo m\u00eas, os interessados podem fazer propostas. Os modelos s\u00e3o 39 [&hellip;]","og_url":"https:\/\/aconteceunovale.com.br\/portal\/?p=170136","og_site_name":"Aconteceu no Vale","article_publisher":"https:\/\/www.facebook.com\/aconteceunovale\/","article_published_time":"2020-11-27T15:03:52+00:00","article_modified_time":"2020-11-27T15:05:18+00:00","og_image":[{"width":675,"height":450,"url":"https:\/\/aconteceunovale.com.br\/portal\/wp-content\/uploads\/2020\/11\/veiculo_tjmg.jpg","type":"image\/jpeg"}],"author":"Reda\u00e7\u00e3o Aconteceu no Vale","twitter_card":"summary_large_image","twitter_creator":"@noticiadosvales","twitter_site":"@noticiadosvales","twitter_misc":{"Escrito por":"Reda\u00e7\u00e3o Aconteceu no Vale","Est. tempo de leitura":"2 minutos"},"schema":{"@context":"https:\/\/schema.org","@graph":[{"@type":"Article","@id":"https:\/\/aconteceunovale.com.br\/portal\/?p=170136#article","isPartOf":{"@id":"https:\/\/aconteceunovale.com.br\/portal\/?p=170136"},"author":{"name":"Reda\u00e7\u00e3o Aconteceu no Vale","@id":"https:\/\/aconteceunovale.com.br\/portal\/#\/schema\/person\/7d2f26d1483f8a63de73da1ee0754d35"},"headline":"Tribunal de Justi\u00e7a e Governo de Minas leiloam 40 ve\u00edculos","datePublished":"2020-11-27T15:03:52+00:00","dateModified":"2020-11-27T15:05:18+00:00","mainEntityOfPage":{"@id":"https:\/\/aconteceunovale.com.br\/portal\/?p=170136"},"wordCount":352,"commentCount":0,"image":{"@id":"https:\/\/aconteceunovale.com.br\/portal\/?p=170136#primaryimage"},"thumbnailUrl":"https:\/\/aconteceunovale.com.br\/portal\/wp-content\/uploads\/2020\/11\/veiculo_tjmg.jpg","keywords":["Leil\u00e3o de carros do Governo de Minas","Leil\u00e3o de carros do TJMG","Leil\u00e3o de carros Minas Gerais","Leil\u00e3o de ve\u00edculos do Governo de Minas","Leil\u00e3o de ve\u00edculos do TJMG","Leil\u00e3o de ve\u00edculos Minas Gerais","Leil\u00e3o governo de Minas","Leil\u00e3o Minas Gerais","Leil\u00e3o TJMG","Tribunal de Justi\u00e7a e Governo de Minas leiloam 40 ve\u00edculos"],"articleSection":["Editais","Minas Gerais"],"inLanguage":"pt-BR","potentialAction":[{"@type":"CommentAction","name":"Comment","target":["https:\/\/aconteceunovale.com.br\/portal\/?p=170136#respond"]}]},{"@type":"WebPage","@id":"https:\/\/aconteceunovale.com.br\/portal\/?p=170136","url":"https:\/\/aconteceunovale.com.br\/portal\/?p=170136","name":"Tribunal de Justi\u00e7a e Governo de Minas leiloam 40 ve\u00edculos - Aconteceu no Vale","isPartOf":{"@id":"https:\/\/aconteceunovale.com.br\/portal\/#website"},"primaryImageOfPage":{"@id":"https:\/\/aconteceunovale.com.br\/portal\/?p=170136#primaryimage"},"image":{"@id":"https:\/\/aconteceunovale.com.br\/portal\/?p=170136#primaryimage"},"thumbnailUrl":"https:\/\/aconteceunovale.com.br\/portal\/wp-content\/uploads\/2020\/11\/veiculo_tjmg.jpg","datePublished":"2020-11-27T15:03:52+00:00","dateModified":"2020-11-27T15:05:18+00:00","author":{"@id":"https:\/\/aconteceunovale.com.br\/portal\/#\/schema\/person\/7d2f26d1483f8a63de73da1ee0754d35"},"breadcrumb":{"@id":"https:\/\/aconteceunovale.com.br\/portal\/?p=170136#breadcrumb"},"inLanguage":"pt-BR","potentialAction":[{"@type":"ReadAction","target":["https:\/\/aconteceunovale.com.br\/portal\/?p=170136"]}]},{"@type":"ImageObject","inLanguage":"pt-BR","@id":"https:\/\/aconteceunovale.com.br\/portal\/?p=170136#primaryimage","url":"https:\/\/aconteceunovale.com.br\/portal\/wp-content\/uploads\/2020\/11\/veiculo_tjmg.jpg","contentUrl":"https:\/\/aconteceunovale.com.br\/portal\/wp-content\/uploads\/2020\/11\/veiculo_tjmg.jpg","width":675,"height":450},{"@type":"BreadcrumbList","@id":"https:\/\/aconteceunovale.com.br\/portal\/?p=170136#breadcrumb","itemListElement":[{"@type":"ListItem","position":1,"name":"In\u00edcio","item":"https:\/\/aconteceunovale.com.br\/portal\/"},{"@type":"ListItem","position":2,"name":"Tribunal de Justi\u00e7a e Governo de Minas leiloam 40 ve\u00edculos"}]},{"@type":"WebSite","@id":"https:\/\/aconteceunovale.com.br\/portal\/#website","url":"https:\/\/aconteceunovale.com.br\/portal\/","name":"Aconteceu no Vale","description":"Portal de Not\u00edcias","potentialAction":[{"@type":"SearchAction","target":{"@type":"EntryPoint","urlTemplate":"https:\/\/aconteceunovale.com.br\/portal\/?s={search_term_string}"},"query-input":{"@type":"PropertyValueSpecification","valueRequired":true,"valueName":"search_term_string"}}],"inLanguage":"pt-BR"},{"@type":"Person","@id":"https:\/\/aconteceunovale.com.br\/portal\/#\/schema\/person\/7d2f26d1483f8a63de73da1ee0754d35","name":"Reda\u00e7\u00e3o Aconteceu no Vale","description":"Equipe de reportagem do Aconteceu no Vale, portal de not\u00edcias do Vale do Jequitinhonha, em Minas Gerais. Cobrimos as 51 cidades do Vale desde 2013. Sugest\u00f5es de pauta e pedidos de corre\u00e7\u00e3o: contato@aconteceunovale.com.br","url":"https:\/\/aconteceunovale.com.br\/portal\/?author=4"}]}},"_links":{"self":[{"href":"https:\/\/aconteceunovale.com.br\/portal\/index.php?rest_route=\/wp\/v2\/posts\/170136","targetHints":{"allow":["GET"]}}],"collection":[{"href":"https:\/\/aconteceunovale.com.br\/portal\/index.php?rest_route=\/wp\/v2\/posts"}],"about":[{"href":"https:\/\/aconteceunovale.com.br\/portal\/index.php?rest_route=\/wp\/v2\/types\/post"}],"author":[{"embeddable":true,"href":"https:\/\/aconteceunovale.com.br\/portal\/index.php?rest_route=\/wp\/v2\/users\/4"}],"replies":[{"embeddable":true,"href":"https:\/\/aconteceunovale.com.br\/portal\/index.php?rest_route=%2Fwp%2Fv2%2Fcomments&post=170136"}],"version-history":[{"count":1,"href":"https:\/\/aconteceunovale.com.br\/portal\/index.php?rest_route=\/wp\/v2\/posts\/170136\/revisions"}],"predecessor-version":[{"id":170138,"href":"https:\/\/aconteceunovale.com.br\/portal\/index.php?rest_route=\/wp\/v2\/posts\/170136\/revisions\/170138"}],"wp:featuredmedia":[{"embeddable":true,"href":"https:\/\/aconteceunovale.com.br\/portal\/index.php?rest_route=\/wp\/v2\/media\/170137"}],"wp:attachment":[{"href":"https:\/\/aconteceunovale.com.br\/portal\/index.php?rest_route=%2Fwp%2Fv2%2Fmedia&parent=170136"}],"wp:term":[{"taxonomy":"category","embeddable":true,"href":"https:\/\/aconteceunovale.com.br\/portal\/index.php?rest_route=%2Fwp%2Fv2%2Fcategories&post=170136"},{"taxonomy":"post_tag","embeddable":true,"href":"https:\/\/aconteceunovale.com.br\/portal\/index.php?rest_route=%2Fwp%2Fv2%2Ftags&post=170136"}],"curies":[{"name":"wp","href":"https:\/\/api.w.org\/{rel}","templated":true}]}}