{"id":170134,"date":"2020-11-27T10:52:00","date_gmt":"2020-11-27T13:52:00","guid":{"rendered":"https:\/\/aconteceunovale.com.br\/portal\/?p=170134"},"modified":"2020-11-27T10:52:25","modified_gmt":"2020-11-27T13:52:25","slug":"taxa-de-desemprego-passa-de-133-para-146-no-terceiro-trimestre","status":"publish","type":"post","link":"https:\/\/aconteceunovale.com.br\/portal\/?p=170134","title":{"rendered":"Taxa de desemprego passa de 13,3% para 14,6% no terceiro trimestre"},"content":{"rendered":"\n<p class=\"wp-block-paragraph\">A taxa de desemprego no Brasil chegou a 14,6% no terceiro trimestre do ano, o que representa alta de 1,3 ponto percentual na compara\u00e7\u00e3o com o trimestre anterior, quando ficou em 13,3%. Segundo informou hoje (27) o Instituto Brasileiro de Geografia e Estat\u00edstica (IBGE), \u00e9 a maior taxa da s\u00e9rie hist\u00f3rica, que come\u00e7ou em 2012, e corresponde a 14,1 milh\u00f5es de pessoas.&nbsp;<img decoding=\"async\" src=\"https:\/\/agenciabrasil.ebc.com.br\/ebc.png?id=1394700&amp;o=node\"><img decoding=\"async\" src=\"https:\/\/agenciabrasil.ebc.com.br\/ebc.gif?id=1394700&amp;o=node\"><\/p>\n\n\n\n<p class=\"wp-block-paragraph\">\u201cForam mais de 1,3 milh\u00e3o de desempregados que entraram na fila em busca de um trabalho no pa\u00eds\u201d, disse o IBGE, que divulgou, no Rio de Janeiro, a Pesquisa Nacional por Amostra de Domic\u00edlios Cont\u00ednua (PNAD Cont\u00ednua) Trimestral, referente ao per\u00edodo entre julho e setembro de 2020.<\/p>\n\n\n\n<p class=\"wp-block-paragraph\">Ainda conforme o estudo, a taxa de desocupa\u00e7\u00e3o cresceu em dez estados e manteve a estabilidade nos demais. Os maiores \u00edndices foram anotados na Bahia (20,7%), Sergipe (20,3%) e Alagoas (20,0%).&nbsp;<\/p>\n\n\n\n<p class=\"wp-block-paragraph\">Santa Catarina (6,6%) teve a menor. Segundo o IBGE, os maiores crescimentos da taxa de desocupa\u00e7\u00e3o foram registrados na Para\u00edba (4 p.p.), Amap\u00e1 (3,8 p.p.) e Pernambuco (3.8 p.p.).<\/p>\n\n\n\n<p class=\"wp-block-paragraph\">Para Adriana Beringuy, analista da pesquisa, esse aumento no desemprego reflete a flexibiliza\u00e7\u00e3o das medidas de isolamento social para controle da pandemia de covid-19. Segundo ela, houve maior press\u00e3o sobre o mercado de trabalho no terceiro trimestre.&nbsp;<\/p>\n\n\n\n<p class=\"wp-block-paragraph\">\u201cEm abril e maio, as medidas de distanciamento social ainda influenciavam a decis\u00e3o das pessoas de n\u00e3o procurar trabalho. Com o relaxamento dessas medidas, come\u00e7amos a perceber um maior contingente em busca de uma ocupa\u00e7\u00e3o\u201d, observou.<\/p>\n\n\n\n<h2 class=\"wp-block-heading\">Ocupa\u00e7\u00e3o<\/h2>\n\n\n\n<p class=\"wp-block-paragraph\">O contingente de ocupados caiu 1,1% na compara\u00e7\u00e3o com o segundo trimestre, somando 82,5 milh\u00f5es de pessoas. Esse, para o IBGE, \u00e9 o menor patamar da s\u00e9rie hist\u00f3rica iniciada em 2012.&nbsp;<\/p>\n\n\n\n<p class=\"wp-block-paragraph\">A pesquisa apontou uma retra\u00e7\u00e3o de 883 mil pessoas, o que resultou em um n\u00edvel de ocupa\u00e7\u00e3o de 47,1%, que tamb\u00e9m \u00e9 o menor da s\u00e9rie e significa recuo de 0,8 ponto percentual frente ao trimestre anterior (47,9%). Conforme os dados do IBGE, desde o trimestre encerrado em maio, o n\u00edvel de ocupa\u00e7\u00e3o est\u00e1 abaixo de 50%, \u201co que aponta que menos da metade da popula\u00e7\u00e3o em idade para trabalhar est\u00e1 ocupada no pa\u00eds\u201d.<\/p>\n\n\n\n<p class=\"wp-block-paragraph\">Segundo Adriana Beringuy, todas as categorias perderam ocupa\u00e7\u00e3o. Al\u00e9m disso, o n\u00famero de pessoas com carteira assinada caiu 2,6% no terceiro trimestre na compara\u00e7\u00e3o com o anterior. A perda \u00e9 de 788 mil postos, alcan\u00e7ando 29,4 milh\u00f5es de empregados com carteira assinada no pa\u00eds.<\/p>\n\n\n\n<h2 class=\"wp-block-heading\">Carteira assinada<\/h2>\n\n\n\n<p class=\"wp-block-paragraph\">No terceiro trimestre o percentual das pessoas com carteira de trabalho assinada atingiu 76,5% dos empregados do setor privado. Os maiores percentuais foram registrados em Santa Catarina (90,5%), no Paran\u00e1 (85,1%), no Rio Grande do Sul (84,3%) e em S\u00e3o Paulo (82,3%). Os menores no Maranh\u00e3o (51,3%),&nbsp; Par\u00e1 (53,9%) e Piau\u00ed (54,1%).<\/p>\n\n\n\n<h2 class=\"wp-block-heading\">Informalidade<\/h2>\n\n\n\n<p class=\"wp-block-paragraph\">A taxa de informalidade ficou em 38,4% no trimestre encerrado em setembro. O percentual equivale a 31,6 milh\u00f5es de pessoas sem carteira assinada, que s\u00e3o empregados do setor privado ou trabalhadores dom\u00e9sticos, sem CNPJ (empregadores ou empregados por conta pr\u00f3pria) ou trabalhadores sem remunera\u00e7\u00e3o. No trimestre anterior, o percentual era de 36,9%.<\/p>\n\n\n\n<p class=\"has-white-color has-vivid-cyan-blue-background-color has-text-color has-background wp-block-paragraph\">Quer saber as not\u00edcias do <strong>Aconteceu no Vale<\/strong> em primeira m\u00e3o? Siga-nos no Facebook <a rel=\"noreferrer noopener\" href=\"http:\/\/facebook.com\/aconteceunovale\" target=\"_blank\">@aconteceunovale<\/a>, Twitter <a rel=\"noreferrer noopener\" href=\"https:\/\/twitter.com\/noticiadosvales\" target=\"_blank\">@noticiadosvales<\/a> e Instagram <a rel=\"noreferrer noopener\" href=\"https:\/\/www.instagram.com\/aconteceunovale\" target=\"_blank\">@aconteceunovale<\/a>.<\/p>\n","protected":false},"excerpt":{"rendered":"<p>A taxa de desemprego no Brasil chegou a 14,6% no terceiro trimestre do ano, o que representa alta de 1,3 ponto percentual na compara\u00e7\u00e3o com o trimestre anterior, quando ficou em 13,3%. Segundo informou hoje (27) o Instituto Brasileiro de Geografia e Estat\u00edstica (IBGE), \u00e9 a maior taxa da s\u00e9rie hist\u00f3rica, que come\u00e7ou em 2012, [&hellip;]<\/p>\n","protected":false},"author":4,"featured_media":75756,"comment_status":"open","ping_status":"closed","sticky":false,"template":"","format":"standard","meta":{"amp_status":"","footnotes":""},"categories":[6,40236],"tags":[53907,1062,73963,107723,71997,231529],"class_list":["post-170134","post","type-post","status-publish","format-standard","has-post-thumbnail","hentry","category-br","category-empregos-2","tag-desemprego-no-brasil","tag-ibge","tag-informalidade-no-brasil","tag-taxa-de-desemprego","tag-taxa-de-desemprego-no-brasil","tag-trabalho-com-carteira-assinada"],"yoast_head":"<!-- This site is optimized with the Yoast SEO plugin v28.3 - https:\/\/yoast.com\/product\/yoast-seo-wordpress\/ -->\n<title>Taxa de desemprego passa de 13,3% para 14,6% no terceiro trimestre - Aconteceu no Vale<\/title>\n<meta name=\"robots\" content=\"index, follow, max-snippet:-1, max-image-preview:large, max-video-preview:-1\" \/>\n<link rel=\"canonical\" href=\"https:\/\/aconteceunovale.com.br\/portal\/?p=170134\" \/>\n<meta property=\"og:locale\" content=\"pt_BR\" \/>\n<meta property=\"og:type\" content=\"article\" \/>\n<meta property=\"og:title\" content=\"Taxa de desemprego passa de 13,3% para 14,6% no terceiro trimestre - Aconteceu no Vale\" \/>\n<meta property=\"og:description\" content=\"A taxa de desemprego no Brasil chegou a 14,6% no terceiro trimestre do ano, o que representa alta de 1,3 ponto percentual na compara\u00e7\u00e3o com o trimestre anterior, quando ficou em 13,3%. Segundo informou hoje (27) o Instituto Brasileiro de Geografia e Estat\u00edstica (IBGE), \u00e9 a maior taxa da s\u00e9rie hist\u00f3rica, que come\u00e7ou em 2012, [&hellip;]\" \/>\n<meta property=\"og:url\" content=\"https:\/\/aconteceunovale.com.br\/portal\/?p=170134\" \/>\n<meta property=\"og:site_name\" content=\"Aconteceu no Vale\" \/>\n<meta property=\"article:publisher\" content=\"https:\/\/www.facebook.com\/aconteceunovale\/\" \/>\n<meta property=\"article:published_time\" content=\"2020-11-27T13:52:00+00:00\" \/>\n<meta property=\"article:modified_time\" content=\"2020-11-27T13:52:25+00:00\" \/>\n<meta property=\"og:image\" content=\"https:\/\/aconteceunovale.com.br\/portal\/wp-content\/uploads\/2015\/12\/desemprego.jpg\" \/>\n\t<meta property=\"og:image:width\" content=\"600\" \/>\n\t<meta property=\"og:image:height\" content=\"450\" \/>\n\t<meta property=\"og:image:type\" content=\"image\/jpeg\" \/>\n<meta name=\"author\" content=\"Reda\u00e7\u00e3o Aconteceu no Vale\" \/>\n<meta name=\"twitter:card\" content=\"summary_large_image\" \/>\n<meta name=\"twitter:creator\" content=\"@noticiadosvales\" \/>\n<meta name=\"twitter:site\" content=\"@noticiadosvales\" \/>\n<meta name=\"twitter:label1\" content=\"Escrito por\" \/>\n\t<meta name=\"twitter:data1\" content=\"Reda\u00e7\u00e3o Aconteceu no Vale\" \/>\n\t<meta name=\"twitter:label2\" content=\"Est. tempo de leitura\" \/>\n\t<meta name=\"twitter:data2\" content=\"3 minutos\" \/>\n<script type=\"application\/ld+json\" class=\"yoast-schema-graph\">{\"@context\":\"https:\\\/\\\/schema.org\",\"@graph\":[{\"@type\":\"Article\",\"@id\":\"https:\\\/\\\/aconteceunovale.com.br\\\/portal\\\/?p=170134#article\",\"isPartOf\":{\"@id\":\"https:\\\/\\\/aconteceunovale.com.br\\\/portal\\\/?p=170134\"},\"author\":{\"name\":\"Reda\u00e7\u00e3o Aconteceu no Vale\",\"@id\":\"https:\\\/\\\/aconteceunovale.com.br\\\/portal\\\/#\\\/schema\\\/person\\\/7d2f26d1483f8a63de73da1ee0754d35\"},\"headline\":\"Taxa de desemprego passa de 13,3% para 14,6% no terceiro trimestre\",\"datePublished\":\"2020-11-27T13:52:00+00:00\",\"dateModified\":\"2020-11-27T13:52:25+00:00\",\"mainEntityOfPage\":{\"@id\":\"https:\\\/\\\/aconteceunovale.com.br\\\/portal\\\/?p=170134\"},\"wordCount\":546,\"commentCount\":0,\"image\":{\"@id\":\"https:\\\/\\\/aconteceunovale.com.br\\\/portal\\\/?p=170134#primaryimage\"},\"thumbnailUrl\":\"https:\\\/\\\/aconteceunovale.com.br\\\/portal\\\/wp-content\\\/uploads\\\/2015\\\/12\\\/desemprego.jpg\",\"keywords\":[\"desemprego no brasil\",\"ibge\",\"Informalidade no brasil\",\"Taxa de desemprego\",\"taxa de desemprego no Brasil\",\"Trabalho com carteira assinada\"],\"articleSection\":[\"Brasil\",\"Empregos\"],\"inLanguage\":\"pt-BR\",\"potentialAction\":[{\"@type\":\"CommentAction\",\"name\":\"Comment\",\"target\":[\"https:\\\/\\\/aconteceunovale.com.br\\\/portal\\\/?p=170134#respond\"]}]},{\"@type\":\"WebPage\",\"@id\":\"https:\\\/\\\/aconteceunovale.com.br\\\/portal\\\/?p=170134\",\"url\":\"https:\\\/\\\/aconteceunovale.com.br\\\/portal\\\/?p=170134\",\"name\":\"Taxa de desemprego passa de 13,3% para 14,6% no terceiro trimestre - Aconteceu no Vale\",\"isPartOf\":{\"@id\":\"https:\\\/\\\/aconteceunovale.com.br\\\/portal\\\/#website\"},\"primaryImageOfPage\":{\"@id\":\"https:\\\/\\\/aconteceunovale.com.br\\\/portal\\\/?p=170134#primaryimage\"},\"image\":{\"@id\":\"https:\\\/\\\/aconteceunovale.com.br\\\/portal\\\/?p=170134#primaryimage\"},\"thumbnailUrl\":\"https:\\\/\\\/aconteceunovale.com.br\\\/portal\\\/wp-content\\\/uploads\\\/2015\\\/12\\\/desemprego.jpg\",\"datePublished\":\"2020-11-27T13:52:00+00:00\",\"dateModified\":\"2020-11-27T13:52:25+00:00\",\"author\":{\"@id\":\"https:\\\/\\\/aconteceunovale.com.br\\\/portal\\\/#\\\/schema\\\/person\\\/7d2f26d1483f8a63de73da1ee0754d35\"},\"breadcrumb\":{\"@id\":\"https:\\\/\\\/aconteceunovale.com.br\\\/portal\\\/?p=170134#breadcrumb\"},\"inLanguage\":\"pt-BR\",\"potentialAction\":[{\"@type\":\"ReadAction\",\"target\":[\"https:\\\/\\\/aconteceunovale.com.br\\\/portal\\\/?p=170134\"]}]},{\"@type\":\"ImageObject\",\"inLanguage\":\"pt-BR\",\"@id\":\"https:\\\/\\\/aconteceunovale.com.br\\\/portal\\\/?p=170134#primaryimage\",\"url\":\"https:\\\/\\\/aconteceunovale.com.br\\\/portal\\\/wp-content\\\/uploads\\\/2015\\\/12\\\/desemprego.jpg\",\"contentUrl\":\"https:\\\/\\\/aconteceunovale.com.br\\\/portal\\\/wp-content\\\/uploads\\\/2015\\\/12\\\/desemprego.jpg\",\"width\":600,\"height\":450},{\"@type\":\"BreadcrumbList\",\"@id\":\"https:\\\/\\\/aconteceunovale.com.br\\\/portal\\\/?p=170134#breadcrumb\",\"itemListElement\":[{\"@type\":\"ListItem\",\"position\":1,\"name\":\"In\u00edcio\",\"item\":\"https:\\\/\\\/aconteceunovale.com.br\\\/portal\\\/\"},{\"@type\":\"ListItem\",\"position\":2,\"name\":\"Taxa de desemprego passa de 13,3% para 14,6% no terceiro trimestre\"}]},{\"@type\":\"WebSite\",\"@id\":\"https:\\\/\\\/aconteceunovale.com.br\\\/portal\\\/#website\",\"url\":\"https:\\\/\\\/aconteceunovale.com.br\\\/portal\\\/\",\"name\":\"Aconteceu no Vale\",\"description\":\"Portal de Not\u00edcias\",\"potentialAction\":[{\"@type\":\"SearchAction\",\"target\":{\"@type\":\"EntryPoint\",\"urlTemplate\":\"https:\\\/\\\/aconteceunovale.com.br\\\/portal\\\/?s={search_term_string}\"},\"query-input\":{\"@type\":\"PropertyValueSpecification\",\"valueRequired\":true,\"valueName\":\"search_term_string\"}}],\"inLanguage\":\"pt-BR\"},{\"@type\":\"Person\",\"@id\":\"https:\\\/\\\/aconteceunovale.com.br\\\/portal\\\/#\\\/schema\\\/person\\\/7d2f26d1483f8a63de73da1ee0754d35\",\"name\":\"Reda\u00e7\u00e3o Aconteceu no Vale\",\"description\":\"Equipe de reportagem do Aconteceu no Vale, portal de not\u00edcias do Vale do Jequitinhonha, em Minas Gerais. Cobrimos as 51 cidades do Vale desde 2013. Sugest\u00f5es de pauta e pedidos de corre\u00e7\u00e3o: contato@aconteceunovale.com.br\",\"url\":\"https:\\\/\\\/aconteceunovale.com.br\\\/portal\\\/?author=4\"}]}<\/script>\n<!-- \/ Yoast SEO plugin. -->","yoast_head_json":{"title":"Taxa de desemprego passa de 13,3% para 14,6% no terceiro trimestre - Aconteceu no Vale","robots":{"index":"index","follow":"follow","max-snippet":"max-snippet:-1","max-image-preview":"max-image-preview:large","max-video-preview":"max-video-preview:-1"},"canonical":"https:\/\/aconteceunovale.com.br\/portal\/?p=170134","og_locale":"pt_BR","og_type":"article","og_title":"Taxa de desemprego passa de 13,3% para 14,6% no terceiro trimestre - Aconteceu no Vale","og_description":"A taxa de desemprego no Brasil chegou a 14,6% no terceiro trimestre do ano, o que representa alta de 1,3 ponto percentual na compara\u00e7\u00e3o com o trimestre anterior, quando ficou em 13,3%. Segundo informou hoje (27) o Instituto Brasileiro de Geografia e Estat\u00edstica (IBGE), \u00e9 a maior taxa da s\u00e9rie hist\u00f3rica, que come\u00e7ou em 2012, [&hellip;]","og_url":"https:\/\/aconteceunovale.com.br\/portal\/?p=170134","og_site_name":"Aconteceu no Vale","article_publisher":"https:\/\/www.facebook.com\/aconteceunovale\/","article_published_time":"2020-11-27T13:52:00+00:00","article_modified_time":"2020-11-27T13:52:25+00:00","og_image":[{"width":600,"height":450,"url":"https:\/\/aconteceunovale.com.br\/portal\/wp-content\/uploads\/2015\/12\/desemprego.jpg","type":"image\/jpeg"}],"author":"Reda\u00e7\u00e3o Aconteceu no Vale","twitter_card":"summary_large_image","twitter_creator":"@noticiadosvales","twitter_site":"@noticiadosvales","twitter_misc":{"Escrito por":"Reda\u00e7\u00e3o Aconteceu no Vale","Est. tempo de leitura":"3 minutos"},"schema":{"@context":"https:\/\/schema.org","@graph":[{"@type":"Article","@id":"https:\/\/aconteceunovale.com.br\/portal\/?p=170134#article","isPartOf":{"@id":"https:\/\/aconteceunovale.com.br\/portal\/?p=170134"},"author":{"name":"Reda\u00e7\u00e3o Aconteceu no Vale","@id":"https:\/\/aconteceunovale.com.br\/portal\/#\/schema\/person\/7d2f26d1483f8a63de73da1ee0754d35"},"headline":"Taxa de desemprego passa de 13,3% para 14,6% no terceiro trimestre","datePublished":"2020-11-27T13:52:00+00:00","dateModified":"2020-11-27T13:52:25+00:00","mainEntityOfPage":{"@id":"https:\/\/aconteceunovale.com.br\/portal\/?p=170134"},"wordCount":546,"commentCount":0,"image":{"@id":"https:\/\/aconteceunovale.com.br\/portal\/?p=170134#primaryimage"},"thumbnailUrl":"https:\/\/aconteceunovale.com.br\/portal\/wp-content\/uploads\/2015\/12\/desemprego.jpg","keywords":["desemprego no brasil","ibge","Informalidade no brasil","Taxa de desemprego","taxa de desemprego no Brasil","Trabalho com carteira assinada"],"articleSection":["Brasil","Empregos"],"inLanguage":"pt-BR","potentialAction":[{"@type":"CommentAction","name":"Comment","target":["https:\/\/aconteceunovale.com.br\/portal\/?p=170134#respond"]}]},{"@type":"WebPage","@id":"https:\/\/aconteceunovale.com.br\/portal\/?p=170134","url":"https:\/\/aconteceunovale.com.br\/portal\/?p=170134","name":"Taxa de desemprego passa de 13,3% para 14,6% no terceiro trimestre - Aconteceu no Vale","isPartOf":{"@id":"https:\/\/aconteceunovale.com.br\/portal\/#website"},"primaryImageOfPage":{"@id":"https:\/\/aconteceunovale.com.br\/portal\/?p=170134#primaryimage"},"image":{"@id":"https:\/\/aconteceunovale.com.br\/portal\/?p=170134#primaryimage"},"thumbnailUrl":"https:\/\/aconteceunovale.com.br\/portal\/wp-content\/uploads\/2015\/12\/desemprego.jpg","datePublished":"2020-11-27T13:52:00+00:00","dateModified":"2020-11-27T13:52:25+00:00","author":{"@id":"https:\/\/aconteceunovale.com.br\/portal\/#\/schema\/person\/7d2f26d1483f8a63de73da1ee0754d35"},"breadcrumb":{"@id":"https:\/\/aconteceunovale.com.br\/portal\/?p=170134#breadcrumb"},"inLanguage":"pt-BR","potentialAction":[{"@type":"ReadAction","target":["https:\/\/aconteceunovale.com.br\/portal\/?p=170134"]}]},{"@type":"ImageObject","inLanguage":"pt-BR","@id":"https:\/\/aconteceunovale.com.br\/portal\/?p=170134#primaryimage","url":"https:\/\/aconteceunovale.com.br\/portal\/wp-content\/uploads\/2015\/12\/desemprego.jpg","contentUrl":"https:\/\/aconteceunovale.com.br\/portal\/wp-content\/uploads\/2015\/12\/desemprego.jpg","width":600,"height":450},{"@type":"BreadcrumbList","@id":"https:\/\/aconteceunovale.com.br\/portal\/?p=170134#breadcrumb","itemListElement":[{"@type":"ListItem","position":1,"name":"In\u00edcio","item":"https:\/\/aconteceunovale.com.br\/portal\/"},{"@type":"ListItem","position":2,"name":"Taxa de desemprego passa de 13,3% para 14,6% no terceiro trimestre"}]},{"@type":"WebSite","@id":"https:\/\/aconteceunovale.com.br\/portal\/#website","url":"https:\/\/aconteceunovale.com.br\/portal\/","name":"Aconteceu no Vale","description":"Portal de Not\u00edcias","potentialAction":[{"@type":"SearchAction","target":{"@type":"EntryPoint","urlTemplate":"https:\/\/aconteceunovale.com.br\/portal\/?s={search_term_string}"},"query-input":{"@type":"PropertyValueSpecification","valueRequired":true,"valueName":"search_term_string"}}],"inLanguage":"pt-BR"},{"@type":"Person","@id":"https:\/\/aconteceunovale.com.br\/portal\/#\/schema\/person\/7d2f26d1483f8a63de73da1ee0754d35","name":"Reda\u00e7\u00e3o Aconteceu no Vale","description":"Equipe de reportagem do Aconteceu no Vale, portal de not\u00edcias do Vale do Jequitinhonha, em Minas Gerais. Cobrimos as 51 cidades do Vale desde 2013. Sugest\u00f5es de pauta e pedidos de corre\u00e7\u00e3o: contato@aconteceunovale.com.br","url":"https:\/\/aconteceunovale.com.br\/portal\/?author=4"}]}},"_links":{"self":[{"href":"https:\/\/aconteceunovale.com.br\/portal\/index.php?rest_route=\/wp\/v2\/posts\/170134","targetHints":{"allow":["GET"]}}],"collection":[{"href":"https:\/\/aconteceunovale.com.br\/portal\/index.php?rest_route=\/wp\/v2\/posts"}],"about":[{"href":"https:\/\/aconteceunovale.com.br\/portal\/index.php?rest_route=\/wp\/v2\/types\/post"}],"author":[{"embeddable":true,"href":"https:\/\/aconteceunovale.com.br\/portal\/index.php?rest_route=\/wp\/v2\/users\/4"}],"replies":[{"embeddable":true,"href":"https:\/\/aconteceunovale.com.br\/portal\/index.php?rest_route=%2Fwp%2Fv2%2Fcomments&post=170134"}],"version-history":[{"count":1,"href":"https:\/\/aconteceunovale.com.br\/portal\/index.php?rest_route=\/wp\/v2\/posts\/170134\/revisions"}],"predecessor-version":[{"id":170135,"href":"https:\/\/aconteceunovale.com.br\/portal\/index.php?rest_route=\/wp\/v2\/posts\/170134\/revisions\/170135"}],"wp:featuredmedia":[{"embeddable":true,"href":"https:\/\/aconteceunovale.com.br\/portal\/index.php?rest_route=\/wp\/v2\/media\/75756"}],"wp:attachment":[{"href":"https:\/\/aconteceunovale.com.br\/portal\/index.php?rest_route=%2Fwp%2Fv2%2Fmedia&parent=170134"}],"wp:term":[{"taxonomy":"category","embeddable":true,"href":"https:\/\/aconteceunovale.com.br\/portal\/index.php?rest_route=%2Fwp%2Fv2%2Fcategories&post=170134"},{"taxonomy":"post_tag","embeddable":true,"href":"https:\/\/aconteceunovale.com.br\/portal\/index.php?rest_route=%2Fwp%2Fv2%2Ftags&post=170134"}],"curies":[{"name":"wp","href":"https:\/\/api.w.org\/{rel}","templated":true}]}}