{"id":170119,"date":"2020-11-26T21:43:50","date_gmt":"2020-11-27T00:43:50","guid":{"rendered":"https:\/\/aconteceunovale.com.br\/portal\/?p=170119"},"modified":"2020-11-26T21:44:06","modified_gmt":"2020-11-27T00:44:06","slug":"funcionaria-de-prefeitura-sera-indenizada-por-cair-em-escada-no-trabalho","status":"publish","type":"post","link":"https:\/\/aconteceunovale.com.br\/portal\/?p=170119","title":{"rendered":"Funcion\u00e1ria de prefeitura ser\u00e1 indenizada por cair em escada no trabalho"},"content":{"rendered":"\n<p class=\"wp-block-paragraph\">Na cidade de Itabira, regi\u00e3o Central do estado, uma funcion\u00e1ria do munic\u00edpio receber\u00e1 R$ 20 mil por danos morais, al\u00e9m de ressarcimento pelas despesas m\u00e9dicas, por ter sofrido&nbsp;um acidente em uma escada no local de trabalho. A decis\u00e3o \u00e9 da 4\u00aa C\u00e2mara C\u00edvel do Tribunal de Justi\u00e7a de Minas Gerais (TJMG), que reformou a senten\u00e7a no que diz respeito \u00e0 corre\u00e7\u00e3o monet\u00e1ria.<\/p>\n\n\n\n<p class=\"wp-block-paragraph\">A funcion\u00e1ria, que trabalhava como assistente t\u00e9cnica&nbsp;administrativa&nbsp;numa unidade do munic\u00edpio, afirma que, em raz\u00e3o da queda, sofreu politraumatismo, al\u00e9m de um corte profundo na cabe\u00e7a, que ocasionou a perda do paladar e do olfato. Ainda como consequ\u00eancia do acidente, segundo seu relato,&nbsp;passou a sofrer&nbsp;de&nbsp;crises de labirintite.<\/p>\n\n\n\n<p class=\"wp-block-paragraph\">De acordo com a autora da a\u00e7\u00e3o, o local do acidente \u00e9 perigoso, uma vez que a escada n\u00e3o possui corrim\u00e3o ou qualquer prote\u00e7\u00e3o, e o piso de ard\u00f3sia n\u00e3o tem&nbsp;material antiderrapante. Ela requer na a\u00e7\u00e3o que o munic\u00edpio seja responsabilizado em raz\u00e3o dos danos materiais, relativos \u00e0s despesas m\u00e9dicas, e morais.<\/p>\n\n\n\n<p class=\"wp-block-paragraph\">J\u00e1 o Munic\u00edpio de Itabira afirma que n\u00e3o ficou evidenciado dolo ou culpa do ente p\u00fablico. Ressalta que a culpa do acidente foi exclusiva da v\u00edtima, e que a mulher n\u00e3o comprovou os danos materiais que est\u00e3o sendo cobrados, tampouco demonstrou que sofreu danos morais.<\/p>\n\n\n\n<p class=\"wp-block-paragraph\"><strong>Senten\u00e7a<\/strong><\/p>\n\n\n\n<p class=\"wp-block-paragraph\">O juiz Dalmo Luiz Silva Bueno, da 2\u00aa Vara C\u00edvel de Itabira, condenou o munic\u00edpio a pagar a indeniza\u00e7\u00e3o por danos materiais, no valor de R$ 2.692,42. A repara\u00e7\u00e3o por danos morais foi fixada em R$ 20 mil. As duas partes recorreram.<\/p>\n\n\n\n<p class=\"wp-block-paragraph\"><strong>Recurso<\/strong><\/p>\n\n\n\n<p class=\"wp-block-paragraph\">O munic\u00edpio interp\u00f4s recurso pedindo pela reforma da senten\u00e7a, a fim de que se reduzisse&nbsp;o montante arbitrado para as indeniza\u00e7\u00f5es, fosse reconhecida a&nbsp;culpa concorrente da funcion\u00e1ria&nbsp;e se reduzissem tamb\u00e9m os honor\u00e1rios advocat\u00edcios.<\/p>\n\n\n\n<p class=\"wp-block-paragraph\">Para tanto, defende, entre outras raz\u00f5es, que n\u00e3o possui qualquer culpa pelo acidente&nbsp;e que o valor de R$ 20 mil a t\u00edtulo de danos morais \u00e9 excessivo, considerando&nbsp;a recupera\u00e7\u00e3o satisfat\u00f3ria da v\u00edtima.<\/p>\n\n\n\n<p class=\"wp-block-paragraph\">A funcion\u00e1ria tamb\u00e9m moveu um recurso pugnando pela reforma da senten\u00e7a, a fim de que fosse modificada a forma de corre\u00e7\u00e3o dos valores.<\/p>\n\n\n\n<p class=\"wp-block-paragraph\"><strong>Decis\u00e3o<\/strong><\/p>\n\n\n\n<p class=\"wp-block-paragraph\">O desembargador Kildare Carvalho deu provimento ao recurso da v\u00edtima e negou o pedido do ente p\u00fablico. O relator aponta que tanto o acidente ocorrido em local de trabalho, numa escada desprotegida, quanto os danos advindos da queda&nbsp;restam devidamente comprovados pela vasta documenta\u00e7\u00e3o anexada ao processo.<\/p>\n\n\n\n<p class=\"wp-block-paragraph\">Est\u00e1 comprovada, portanto, a responsabilidade civil e o consequente dever do munic\u00edpio de indenizar a v\u00edtima, seja pelos danos de ordem moral, seja pelos danos de ordem material.<\/p>\n\n\n\n<p class=\"wp-block-paragraph\">Acompanharam o voto do relator os desembargadores Moreira Diniz e D\u00e1rcio Lopardi Mendes.<\/p>\n\n\n\n<p class=\"has-white-color has-vivid-cyan-blue-background-color has-text-color has-background wp-block-paragraph\">Quer saber as not\u00edcias do <strong>Aconteceu no Vale<\/strong> em primeira m\u00e3o? Siga-nos no Facebook <a rel=\"noreferrer noopener\" href=\"http:\/\/facebook.com\/aconteceunovale\" target=\"_blank\">@aconteceunovale<\/a>, Twitter <a rel=\"noreferrer noopener\" href=\"https:\/\/twitter.com\/noticiadosvales\" target=\"_blank\">@noticiadosvales<\/a> e Instagram <a rel=\"noreferrer noopener\" href=\"https:\/\/www.instagram.com\/aconteceunovale\" target=\"_blank\">@aconteceunovale<\/a>.<\/p>\n","protected":false},"excerpt":{"rendered":"<p>Na cidade de Itabira, regi\u00e3o Central do estado, uma funcion\u00e1ria do munic\u00edpio receber\u00e1 R$ 20 mil por danos morais, al\u00e9m de ressarcimento pelas despesas m\u00e9dicas, por ter sofrido&nbsp;um acidente em uma escada no local de trabalho. A decis\u00e3o \u00e9 da 4\u00aa C\u00e2mara C\u00edvel do Tribunal de Justi\u00e7a de Minas Gerais (TJMG), que reformou a senten\u00e7a [&hellip;]<\/p>\n","protected":false},"author":4,"featured_media":133438,"comment_status":"open","ping_status":"closed","sticky":false,"template":"","format":"standard","meta":{"amp_status":"","footnotes":""},"categories":[123],"tags":[231504,231503,231502,202,142020,231505,270],"class_list":["post-170119","post","type-post","status-publish","format-standard","has-post-thumbnail","hentry","category-gerais","tag-acao-contra-a-prefeitura-de-itabira","tag-funcionaria-da-prefeitura-de-itabira-sera-indenizada-por-cair-em-escada-no-trabalho","tag-funcionaria-de-prefeitura-sera-indenizada-por-cair-em-escada-no-trabalho","tag-itabira","tag-prefeitura-de-itabira","tag-processo-contra-a-prefeitura-de-itabira","tag-tjmg"],"yoast_head":"<!-- This site is optimized with the Yoast SEO plugin v28.3 - https:\/\/yoast.com\/product\/yoast-seo-wordpress\/ -->\n<title>Funcion\u00e1ria de prefeitura ser\u00e1 indenizada por cair em escada no trabalho - Aconteceu no Vale<\/title>\n<meta name=\"robots\" content=\"index, follow, max-snippet:-1, max-image-preview:large, max-video-preview:-1\" \/>\n<link rel=\"canonical\" href=\"https:\/\/aconteceunovale.com.br\/portal\/?p=170119\" \/>\n<meta property=\"og:locale\" content=\"pt_BR\" \/>\n<meta property=\"og:type\" content=\"article\" \/>\n<meta property=\"og:title\" content=\"Funcion\u00e1ria de prefeitura ser\u00e1 indenizada por cair em escada no trabalho - Aconteceu no Vale\" \/>\n<meta property=\"og:description\" content=\"Na cidade de Itabira, regi\u00e3o Central do estado, uma funcion\u00e1ria do munic\u00edpio receber\u00e1 R$ 20 mil por danos morais, al\u00e9m de ressarcimento pelas despesas m\u00e9dicas, por ter sofrido&nbsp;um acidente em uma escada no local de trabalho. A decis\u00e3o \u00e9 da 4\u00aa C\u00e2mara C\u00edvel do Tribunal de Justi\u00e7a de Minas Gerais (TJMG), que reformou a senten\u00e7a [&hellip;]\" \/>\n<meta property=\"og:url\" content=\"https:\/\/aconteceunovale.com.br\/portal\/?p=170119\" \/>\n<meta property=\"og:site_name\" content=\"Aconteceu no Vale\" \/>\n<meta property=\"article:publisher\" content=\"https:\/\/www.facebook.com\/aconteceunovale\/\" \/>\n<meta property=\"article:published_time\" content=\"2020-11-27T00:43:50+00:00\" \/>\n<meta property=\"article:modified_time\" content=\"2020-11-27T00:44:06+00:00\" \/>\n<meta property=\"og:image\" content=\"https:\/\/aconteceunovale.com.br\/portal\/wp-content\/uploads\/2018\/07\/prefeitura_de_itabira.jpg\" \/>\n\t<meta property=\"og:image:width\" content=\"620\" \/>\n\t<meta property=\"og:image:height\" content=\"301\" \/>\n\t<meta property=\"og:image:type\" content=\"image\/jpeg\" \/>\n<meta name=\"author\" content=\"Reda\u00e7\u00e3o Aconteceu no Vale\" \/>\n<meta name=\"twitter:card\" content=\"summary_large_image\" \/>\n<meta name=\"twitter:creator\" content=\"@noticiadosvales\" \/>\n<meta name=\"twitter:site\" content=\"@noticiadosvales\" \/>\n<meta name=\"twitter:label1\" content=\"Escrito por\" \/>\n\t<meta name=\"twitter:data1\" content=\"Reda\u00e7\u00e3o Aconteceu no Vale\" \/>\n\t<meta name=\"twitter:label2\" content=\"Est. tempo de leitura\" \/>\n\t<meta name=\"twitter:data2\" content=\"3 minutos\" \/>\n<script type=\"application\/ld+json\" class=\"yoast-schema-graph\">{\"@context\":\"https:\\\/\\\/schema.org\",\"@graph\":[{\"@type\":\"Article\",\"@id\":\"https:\\\/\\\/aconteceunovale.com.br\\\/portal\\\/?p=170119#article\",\"isPartOf\":{\"@id\":\"https:\\\/\\\/aconteceunovale.com.br\\\/portal\\\/?p=170119\"},\"author\":{\"name\":\"Reda\u00e7\u00e3o Aconteceu no Vale\",\"@id\":\"https:\\\/\\\/aconteceunovale.com.br\\\/portal\\\/#\\\/schema\\\/person\\\/7d2f26d1483f8a63de73da1ee0754d35\"},\"headline\":\"Funcion\u00e1ria de prefeitura ser\u00e1 indenizada por cair em escada no trabalho\",\"datePublished\":\"2020-11-27T00:43:50+00:00\",\"dateModified\":\"2020-11-27T00:44:06+00:00\",\"mainEntityOfPage\":{\"@id\":\"https:\\\/\\\/aconteceunovale.com.br\\\/portal\\\/?p=170119\"},\"wordCount\":539,\"commentCount\":0,\"image\":{\"@id\":\"https:\\\/\\\/aconteceunovale.com.br\\\/portal\\\/?p=170119#primaryimage\"},\"thumbnailUrl\":\"https:\\\/\\\/aconteceunovale.com.br\\\/portal\\\/wp-content\\\/uploads\\\/2018\\\/07\\\/prefeitura_de_itabira.jpg\",\"keywords\":[\"A\u00e7\u00e3o contra a Prefeitura de Itabira\",\"Funcion\u00e1ria da Prefeitura de Itabira ser\u00e1 indenizada por cair em escada no trabalho\",\"Funcion\u00e1ria de prefeitura ser\u00e1 indenizada por cair em escada no trabalho\",\"Itabira\",\"Prefeitura de Itabira\",\"Processo contra a Prefeitura de Itabira\",\"TJMG\"],\"articleSection\":[\"Minas Gerais\"],\"inLanguage\":\"pt-BR\",\"potentialAction\":[{\"@type\":\"CommentAction\",\"name\":\"Comment\",\"target\":[\"https:\\\/\\\/aconteceunovale.com.br\\\/portal\\\/?p=170119#respond\"]}]},{\"@type\":\"WebPage\",\"@id\":\"https:\\\/\\\/aconteceunovale.com.br\\\/portal\\\/?p=170119\",\"url\":\"https:\\\/\\\/aconteceunovale.com.br\\\/portal\\\/?p=170119\",\"name\":\"Funcion\u00e1ria de prefeitura ser\u00e1 indenizada por cair em escada no trabalho - Aconteceu no Vale\",\"isPartOf\":{\"@id\":\"https:\\\/\\\/aconteceunovale.com.br\\\/portal\\\/#website\"},\"primaryImageOfPage\":{\"@id\":\"https:\\\/\\\/aconteceunovale.com.br\\\/portal\\\/?p=170119#primaryimage\"},\"image\":{\"@id\":\"https:\\\/\\\/aconteceunovale.com.br\\\/portal\\\/?p=170119#primaryimage\"},\"thumbnailUrl\":\"https:\\\/\\\/aconteceunovale.com.br\\\/portal\\\/wp-content\\\/uploads\\\/2018\\\/07\\\/prefeitura_de_itabira.jpg\",\"datePublished\":\"2020-11-27T00:43:50+00:00\",\"dateModified\":\"2020-11-27T00:44:06+00:00\",\"author\":{\"@id\":\"https:\\\/\\\/aconteceunovale.com.br\\\/portal\\\/#\\\/schema\\\/person\\\/7d2f26d1483f8a63de73da1ee0754d35\"},\"breadcrumb\":{\"@id\":\"https:\\\/\\\/aconteceunovale.com.br\\\/portal\\\/?p=170119#breadcrumb\"},\"inLanguage\":\"pt-BR\",\"potentialAction\":[{\"@type\":\"ReadAction\",\"target\":[\"https:\\\/\\\/aconteceunovale.com.br\\\/portal\\\/?p=170119\"]}]},{\"@type\":\"ImageObject\",\"inLanguage\":\"pt-BR\",\"@id\":\"https:\\\/\\\/aconteceunovale.com.br\\\/portal\\\/?p=170119#primaryimage\",\"url\":\"https:\\\/\\\/aconteceunovale.com.br\\\/portal\\\/wp-content\\\/uploads\\\/2018\\\/07\\\/prefeitura_de_itabira.jpg\",\"contentUrl\":\"https:\\\/\\\/aconteceunovale.com.br\\\/portal\\\/wp-content\\\/uploads\\\/2018\\\/07\\\/prefeitura_de_itabira.jpg\",\"width\":620,\"height\":301},{\"@type\":\"BreadcrumbList\",\"@id\":\"https:\\\/\\\/aconteceunovale.com.br\\\/portal\\\/?p=170119#breadcrumb\",\"itemListElement\":[{\"@type\":\"ListItem\",\"position\":1,\"name\":\"In\u00edcio\",\"item\":\"https:\\\/\\\/aconteceunovale.com.br\\\/portal\\\/\"},{\"@type\":\"ListItem\",\"position\":2,\"name\":\"Funcion\u00e1ria de prefeitura ser\u00e1 indenizada por cair em escada no trabalho\"}]},{\"@type\":\"WebSite\",\"@id\":\"https:\\\/\\\/aconteceunovale.com.br\\\/portal\\\/#website\",\"url\":\"https:\\\/\\\/aconteceunovale.com.br\\\/portal\\\/\",\"name\":\"Aconteceu no Vale\",\"description\":\"Portal de Not\u00edcias\",\"potentialAction\":[{\"@type\":\"SearchAction\",\"target\":{\"@type\":\"EntryPoint\",\"urlTemplate\":\"https:\\\/\\\/aconteceunovale.com.br\\\/portal\\\/?s={search_term_string}\"},\"query-input\":{\"@type\":\"PropertyValueSpecification\",\"valueRequired\":true,\"valueName\":\"search_term_string\"}}],\"inLanguage\":\"pt-BR\"},{\"@type\":\"Person\",\"@id\":\"https:\\\/\\\/aconteceunovale.com.br\\\/portal\\\/#\\\/schema\\\/person\\\/7d2f26d1483f8a63de73da1ee0754d35\",\"name\":\"Reda\u00e7\u00e3o Aconteceu no Vale\",\"description\":\"Equipe de reportagem do Aconteceu no Vale, portal de not\u00edcias do Vale do Jequitinhonha, em Minas Gerais. Cobrimos as 51 cidades do Vale desde 2013. Sugest\u00f5es de pauta e pedidos de corre\u00e7\u00e3o: contato@aconteceunovale.com.br\",\"url\":\"https:\\\/\\\/aconteceunovale.com.br\\\/portal\\\/?author=4\"}]}<\/script>\n<!-- \/ Yoast SEO plugin. -->","yoast_head_json":{"title":"Funcion\u00e1ria de prefeitura ser\u00e1 indenizada por cair em escada no trabalho - Aconteceu no Vale","robots":{"index":"index","follow":"follow","max-snippet":"max-snippet:-1","max-image-preview":"max-image-preview:large","max-video-preview":"max-video-preview:-1"},"canonical":"https:\/\/aconteceunovale.com.br\/portal\/?p=170119","og_locale":"pt_BR","og_type":"article","og_title":"Funcion\u00e1ria de prefeitura ser\u00e1 indenizada por cair em escada no trabalho - Aconteceu no Vale","og_description":"Na cidade de Itabira, regi\u00e3o Central do estado, uma funcion\u00e1ria do munic\u00edpio receber\u00e1 R$ 20 mil por danos morais, al\u00e9m de ressarcimento pelas despesas m\u00e9dicas, por ter sofrido&nbsp;um acidente em uma escada no local de trabalho. A decis\u00e3o \u00e9 da 4\u00aa C\u00e2mara C\u00edvel do Tribunal de Justi\u00e7a de Minas Gerais (TJMG), que reformou a senten\u00e7a [&hellip;]","og_url":"https:\/\/aconteceunovale.com.br\/portal\/?p=170119","og_site_name":"Aconteceu no Vale","article_publisher":"https:\/\/www.facebook.com\/aconteceunovale\/","article_published_time":"2020-11-27T00:43:50+00:00","article_modified_time":"2020-11-27T00:44:06+00:00","og_image":[{"width":620,"height":301,"url":"https:\/\/aconteceunovale.com.br\/portal\/wp-content\/uploads\/2018\/07\/prefeitura_de_itabira.jpg","type":"image\/jpeg"}],"author":"Reda\u00e7\u00e3o Aconteceu no Vale","twitter_card":"summary_large_image","twitter_creator":"@noticiadosvales","twitter_site":"@noticiadosvales","twitter_misc":{"Escrito por":"Reda\u00e7\u00e3o Aconteceu no Vale","Est. tempo de leitura":"3 minutos"},"schema":{"@context":"https:\/\/schema.org","@graph":[{"@type":"Article","@id":"https:\/\/aconteceunovale.com.br\/portal\/?p=170119#article","isPartOf":{"@id":"https:\/\/aconteceunovale.com.br\/portal\/?p=170119"},"author":{"name":"Reda\u00e7\u00e3o Aconteceu no Vale","@id":"https:\/\/aconteceunovale.com.br\/portal\/#\/schema\/person\/7d2f26d1483f8a63de73da1ee0754d35"},"headline":"Funcion\u00e1ria de prefeitura ser\u00e1 indenizada por cair em escada no trabalho","datePublished":"2020-11-27T00:43:50+00:00","dateModified":"2020-11-27T00:44:06+00:00","mainEntityOfPage":{"@id":"https:\/\/aconteceunovale.com.br\/portal\/?p=170119"},"wordCount":539,"commentCount":0,"image":{"@id":"https:\/\/aconteceunovale.com.br\/portal\/?p=170119#primaryimage"},"thumbnailUrl":"https:\/\/aconteceunovale.com.br\/portal\/wp-content\/uploads\/2018\/07\/prefeitura_de_itabira.jpg","keywords":["A\u00e7\u00e3o contra a Prefeitura de Itabira","Funcion\u00e1ria da Prefeitura de Itabira ser\u00e1 indenizada por cair em escada no trabalho","Funcion\u00e1ria de prefeitura ser\u00e1 indenizada por cair em escada no trabalho","Itabira","Prefeitura de Itabira","Processo contra a Prefeitura de Itabira","TJMG"],"articleSection":["Minas Gerais"],"inLanguage":"pt-BR","potentialAction":[{"@type":"CommentAction","name":"Comment","target":["https:\/\/aconteceunovale.com.br\/portal\/?p=170119#respond"]}]},{"@type":"WebPage","@id":"https:\/\/aconteceunovale.com.br\/portal\/?p=170119","url":"https:\/\/aconteceunovale.com.br\/portal\/?p=170119","name":"Funcion\u00e1ria de prefeitura ser\u00e1 indenizada por cair em escada no trabalho - Aconteceu no Vale","isPartOf":{"@id":"https:\/\/aconteceunovale.com.br\/portal\/#website"},"primaryImageOfPage":{"@id":"https:\/\/aconteceunovale.com.br\/portal\/?p=170119#primaryimage"},"image":{"@id":"https:\/\/aconteceunovale.com.br\/portal\/?p=170119#primaryimage"},"thumbnailUrl":"https:\/\/aconteceunovale.com.br\/portal\/wp-content\/uploads\/2018\/07\/prefeitura_de_itabira.jpg","datePublished":"2020-11-27T00:43:50+00:00","dateModified":"2020-11-27T00:44:06+00:00","author":{"@id":"https:\/\/aconteceunovale.com.br\/portal\/#\/schema\/person\/7d2f26d1483f8a63de73da1ee0754d35"},"breadcrumb":{"@id":"https:\/\/aconteceunovale.com.br\/portal\/?p=170119#breadcrumb"},"inLanguage":"pt-BR","potentialAction":[{"@type":"ReadAction","target":["https:\/\/aconteceunovale.com.br\/portal\/?p=170119"]}]},{"@type":"ImageObject","inLanguage":"pt-BR","@id":"https:\/\/aconteceunovale.com.br\/portal\/?p=170119#primaryimage","url":"https:\/\/aconteceunovale.com.br\/portal\/wp-content\/uploads\/2018\/07\/prefeitura_de_itabira.jpg","contentUrl":"https:\/\/aconteceunovale.com.br\/portal\/wp-content\/uploads\/2018\/07\/prefeitura_de_itabira.jpg","width":620,"height":301},{"@type":"BreadcrumbList","@id":"https:\/\/aconteceunovale.com.br\/portal\/?p=170119#breadcrumb","itemListElement":[{"@type":"ListItem","position":1,"name":"In\u00edcio","item":"https:\/\/aconteceunovale.com.br\/portal\/"},{"@type":"ListItem","position":2,"name":"Funcion\u00e1ria de prefeitura ser\u00e1 indenizada por cair em escada no trabalho"}]},{"@type":"WebSite","@id":"https:\/\/aconteceunovale.com.br\/portal\/#website","url":"https:\/\/aconteceunovale.com.br\/portal\/","name":"Aconteceu no Vale","description":"Portal de Not\u00edcias","potentialAction":[{"@type":"SearchAction","target":{"@type":"EntryPoint","urlTemplate":"https:\/\/aconteceunovale.com.br\/portal\/?s={search_term_string}"},"query-input":{"@type":"PropertyValueSpecification","valueRequired":true,"valueName":"search_term_string"}}],"inLanguage":"pt-BR"},{"@type":"Person","@id":"https:\/\/aconteceunovale.com.br\/portal\/#\/schema\/person\/7d2f26d1483f8a63de73da1ee0754d35","name":"Reda\u00e7\u00e3o Aconteceu no Vale","description":"Equipe de reportagem do Aconteceu no Vale, portal de not\u00edcias do Vale do Jequitinhonha, em Minas Gerais. Cobrimos as 51 cidades do Vale desde 2013. Sugest\u00f5es de pauta e pedidos de corre\u00e7\u00e3o: contato@aconteceunovale.com.br","url":"https:\/\/aconteceunovale.com.br\/portal\/?author=4"}]}},"_links":{"self":[{"href":"https:\/\/aconteceunovale.com.br\/portal\/index.php?rest_route=\/wp\/v2\/posts\/170119","targetHints":{"allow":["GET"]}}],"collection":[{"href":"https:\/\/aconteceunovale.com.br\/portal\/index.php?rest_route=\/wp\/v2\/posts"}],"about":[{"href":"https:\/\/aconteceunovale.com.br\/portal\/index.php?rest_route=\/wp\/v2\/types\/post"}],"author":[{"embeddable":true,"href":"https:\/\/aconteceunovale.com.br\/portal\/index.php?rest_route=\/wp\/v2\/users\/4"}],"replies":[{"embeddable":true,"href":"https:\/\/aconteceunovale.com.br\/portal\/index.php?rest_route=%2Fwp%2Fv2%2Fcomments&post=170119"}],"version-history":[{"count":1,"href":"https:\/\/aconteceunovale.com.br\/portal\/index.php?rest_route=\/wp\/v2\/posts\/170119\/revisions"}],"predecessor-version":[{"id":170120,"href":"https:\/\/aconteceunovale.com.br\/portal\/index.php?rest_route=\/wp\/v2\/posts\/170119\/revisions\/170120"}],"wp:featuredmedia":[{"embeddable":true,"href":"https:\/\/aconteceunovale.com.br\/portal\/index.php?rest_route=\/wp\/v2\/media\/133438"}],"wp:attachment":[{"href":"https:\/\/aconteceunovale.com.br\/portal\/index.php?rest_route=%2Fwp%2Fv2%2Fmedia&parent=170119"}],"wp:term":[{"taxonomy":"category","embeddable":true,"href":"https:\/\/aconteceunovale.com.br\/portal\/index.php?rest_route=%2Fwp%2Fv2%2Fcategories&post=170119"},{"taxonomy":"post_tag","embeddable":true,"href":"https:\/\/aconteceunovale.com.br\/portal\/index.php?rest_route=%2Fwp%2Fv2%2Ftags&post=170119"}],"curies":[{"name":"wp","href":"https:\/\/api.w.org\/{rel}","templated":true}]}}