{"id":170114,"date":"2020-11-26T21:11:35","date_gmt":"2020-11-27T00:11:35","guid":{"rendered":"https:\/\/aconteceunovale.com.br\/portal\/?p=170114"},"modified":"2020-11-26T21:11:49","modified_gmt":"2020-11-27T00:11:49","slug":"eleitores-de-governador-valadares-e-outros-tres-municipios-mineiros-voltam-as-urnas-no-domingo","status":"publish","type":"post","link":"https:\/\/aconteceunovale.com.br\/portal\/?p=170114","title":{"rendered":"Eleitores de Governador Valadares e outros tr\u00eas munic\u00edpios mineiros voltam \u00e0s urnas no domingo"},"content":{"rendered":"\n<p class=\"wp-block-paragraph\">No pr\u00f3ximo domingo (29), cerca de 1 milh\u00e3o e 277 mil eleitores mineiros votar\u00e3o para escolher novos prefeitos e vice-prefeitos em quatro cidades de Minas Gerais: Contagem, Governador Valadares, Juiz de Fora e Uberaba. Nesses munic\u00edpios, nenhum candidato obteve mais de 50% dos votos v\u00e1lidos no 1\u00ba turno das Elei\u00e7\u00f5es 2020, por isso, ser\u00e1 necess\u00e1ria uma nova vota\u00e7\u00e3o, com os dois candidatos mais bem colocados em cada cidade disputando a prefer\u00eancia dos eleitores.<\/p>\n\n\n\n<p class=\"wp-block-paragraph\">No 2\u00ba turno, a vota\u00e7\u00e3o tamb\u00e9m ser\u00e1 das 7h \u00e0s 17h, sendo que o per\u00edodo das 7h \u00e0s 10h \u00e9 preferencial para os eleitores a partir dos 60 anos. Outras regras do 1\u00ba turno continuam v\u00e1lidas, incluindo o uso obrigat\u00f3rio de m\u00e1scaras de prote\u00e7\u00e3o nos locais de vota\u00e7\u00e3o, a recomenda\u00e7\u00e3o de o eleitor levar sua pr\u00f3pria caneta e ir votar sozinho e a n\u00e3o utiliza\u00e7\u00e3o da biometria para identificar os eleitores.<\/p>\n\n\n\n<p class=\"wp-block-paragraph\">Uma recomenda\u00e7\u00e3o muito importante \u00e9 que os eleitores \u2013 principalmente os que n\u00e3o votaram no 1\u00ba turno ou que tiveram dificuldades para localizar a se\u00e7\u00e3o eleitoral \u2013 chequem com anteced\u00eancia o local de vota\u00e7\u00e3o, evitando transtornos do domingo. Essa consulta pode ser feita no e-T\u00edtulo, pelo Disque-Eleitor (148), no\u00a0<a rel=\"noreferrer noopener\" href=\"https:\/\/www.tre-mg.jus.br\/eleitor\/titulo-e-local-de-votacao\/titulo-e-local-de-votacao\" target=\"_blank\">site do TRE<\/a>\u00a0ou pelo\u00a0<a href=\"http:\/\/wa.me\/556196371078\" target=\"_blank\" rel=\"noreferrer noopener\">chatbot do TSE no WhatsApp<\/a>\u00a0(telefone +55 61 9637-1078).<\/p>\n\n\n\n<p class=\"wp-block-paragraph\"><strong>Justificativa<\/strong><\/p>\n\n\n\n<p class=\"wp-block-paragraph\">O eleitor desses quatro munic\u00edpios que estiver fora do domic\u00edlio eleitoral poder\u00e1 justificar a aus\u00eancia no pr\u00f3prio dia 29, no aplicativo e-T\u00edtulo. Quem n\u00e3o justificar no dia da vota\u00e7\u00e3o e quem deixar de votar por outros motivos ter\u00e1 at\u00e9 o dia 28 de janeiro de 2021 para fazer a justificativa. Nesse per\u00edodo, a justificativa poder\u00e1 ser feita no e-T\u00edtulo ou no\u00a0<a href=\"https:\/\/justifica.tse.jus.br\/\" target=\"_blank\" rel=\"noreferrer noopener\">sistema Justifica<\/a>, e \u00e9 necess\u00e1rio apresentar um documento que comprove o motivo da aus\u00eancia. Os eleitores que n\u00e3o votarem e n\u00e3o justificarem ficar\u00e3o em situa\u00e7\u00e3o irregular perante a Justi\u00e7a Eleitoral e precisar\u00e3o pagar uma multa de R$3,51.<\/p>\n\n\n\n<p class=\"wp-block-paragraph\"><strong>e-T\u00edtulo<\/strong><\/p>\n\n\n\n<p class=\"wp-block-paragraph\">O TSE informou que os eleitores que ainda n\u00e3o t\u00eam o aplicativo no smartphone devem fazer o download at\u00e9 as 23h59 do s\u00e1bado (28). Quem j\u00e1 tem o e-T\u00edtulo instalado deve atualiz\u00e1-lo.<\/p>\n\n\n\n<p class=\"has-white-color has-vivid-cyan-blue-background-color has-text-color has-background wp-block-paragraph\">Quer saber as not\u00edcias do <strong>Aconteceu no Vale<\/strong> em primeira m\u00e3o? Siga-nos no Facebook <a rel=\"noreferrer noopener\" href=\"http:\/\/facebook.com\/aconteceunovale\" target=\"_blank\">@aconteceunovale<\/a>, Twitter <a rel=\"noreferrer noopener\" href=\"https:\/\/twitter.com\/noticiadosvales\" target=\"_blank\">@noticiadosvales<\/a> e Instagram <a rel=\"noreferrer noopener\" href=\"https:\/\/www.instagram.com\/aconteceunovale\" target=\"_blank\">@aconteceunovale<\/a>.<\/p>\n","protected":false},"excerpt":{"rendered":"<p>No pr\u00f3ximo domingo (29), cerca de 1 milh\u00e3o e 277 mil eleitores mineiros votar\u00e3o para escolher novos prefeitos e vice-prefeitos em quatro cidades de Minas Gerais: Contagem, Governador Valadares, Juiz de Fora e Uberaba. Nesses munic\u00edpios, nenhum candidato obteve mais de 50% dos votos v\u00e1lidos no 1\u00ba turno das Elei\u00e7\u00f5es 2020, por isso, ser\u00e1 necess\u00e1ria [&hellip;]<\/p>\n","protected":false},"author":4,"featured_media":95688,"comment_status":"open","ping_status":"closed","sticky":false,"template":"","format":"standard","meta":{"amp_status":"","footnotes":""},"categories":[215642,121,123,40240],"tags":[231495,956,205329,231488,231486,231487,218120,231489,213145,231485,231483,247,231484,231494,231490,231491,231492,119082,231493],"class_list":["post-170114","post","type-post","status-publish","format-standard","has-post-thumbnail","hentry","category-eleicoes-2020","category-leste","category-gerais","category-politica","tag-2o-turno-das-eleicoes-2020","tag-contagem","tag-eleicoes-2020","tag-eleicoes-2020-em-contagem","tag-eleicoes-2020-em-governador-valadares","tag-eleicoes-2020-em-juiz-de-fora","tag-eleicoes-2020-em-minas-gerais","tag-eleicoes-2020-em-uberaba","tag-eleicoes-municipais-2020","tag-eleicoes-municipais-em-minas-gerais","tag-eleitores-de-governador-valadares-e-outros-tres-municipios-mineiros-voltam-as-urnas-no-domingo","tag-governador-valadares","tag-juiz-de-fora-e-uberaba","tag-segundo-turno-das-eleicoes-2020","tag-segundo-turno-em-contagem","tag-segundo-turno-em-governador-valadares","tag-segundo-turno-em-juiz-de-fora","tag-segundo-turno-em-minas-gerais","tag-segundo-turno-em-uberaba"],"yoast_head":"<!-- This site is optimized with the Yoast SEO plugin v28.3 - https:\/\/yoast.com\/product\/yoast-seo-wordpress\/ -->\n<title>Eleitores de Governador Valadares e outros tr\u00eas munic\u00edpios mineiros voltam \u00e0s urnas no domingo - Aconteceu no Vale<\/title>\n<meta name=\"robots\" content=\"index, follow, max-snippet:-1, max-image-preview:large, max-video-preview:-1\" \/>\n<link rel=\"canonical\" href=\"https:\/\/aconteceunovale.com.br\/portal\/?p=170114\" \/>\n<meta property=\"og:locale\" content=\"pt_BR\" \/>\n<meta property=\"og:type\" content=\"article\" \/>\n<meta property=\"og:title\" content=\"Eleitores de Governador Valadares e outros tr\u00eas munic\u00edpios mineiros voltam \u00e0s urnas no domingo - Aconteceu no Vale\" \/>\n<meta property=\"og:description\" content=\"No pr\u00f3ximo domingo (29), cerca de 1 milh\u00e3o e 277 mil eleitores mineiros votar\u00e3o para escolher novos prefeitos e vice-prefeitos em quatro cidades de Minas Gerais: Contagem, Governador Valadares, Juiz de Fora e Uberaba. Nesses munic\u00edpios, nenhum candidato obteve mais de 50% dos votos v\u00e1lidos no 1\u00ba turno das Elei\u00e7\u00f5es 2020, por isso, ser\u00e1 necess\u00e1ria [&hellip;]\" \/>\n<meta property=\"og:url\" content=\"https:\/\/aconteceunovale.com.br\/portal\/?p=170114\" \/>\n<meta property=\"og:site_name\" content=\"Aconteceu no Vale\" \/>\n<meta property=\"article:publisher\" content=\"https:\/\/www.facebook.com\/aconteceunovale\/\" \/>\n<meta property=\"article:published_time\" content=\"2020-11-27T00:11:35+00:00\" \/>\n<meta property=\"article:modified_time\" content=\"2020-11-27T00:11:49+00:00\" \/>\n<meta property=\"og:image\" content=\"https:\/\/aconteceunovale.com.br\/portal\/wp-content\/uploads\/2016\/08\/candidato1.jpg\" \/>\n\t<meta property=\"og:image:width\" content=\"600\" \/>\n\t<meta property=\"og:image:height\" content=\"450\" \/>\n\t<meta property=\"og:image:type\" content=\"image\/jpeg\" \/>\n<meta name=\"author\" content=\"Reda\u00e7\u00e3o Aconteceu no Vale\" \/>\n<meta name=\"twitter:card\" content=\"summary_large_image\" \/>\n<meta name=\"twitter:creator\" content=\"@noticiadosvales\" \/>\n<meta name=\"twitter:site\" content=\"@noticiadosvales\" \/>\n<meta name=\"twitter:label1\" content=\"Escrito por\" \/>\n\t<meta name=\"twitter:data1\" content=\"Reda\u00e7\u00e3o Aconteceu no Vale\" \/>\n\t<meta name=\"twitter:label2\" content=\"Est. tempo de leitura\" \/>\n\t<meta name=\"twitter:data2\" content=\"2 minutos\" \/>\n<script type=\"application\/ld+json\" class=\"yoast-schema-graph\">{\"@context\":\"https:\\\/\\\/schema.org\",\"@graph\":[{\"@type\":\"Article\",\"@id\":\"https:\\\/\\\/aconteceunovale.com.br\\\/portal\\\/?p=170114#article\",\"isPartOf\":{\"@id\":\"https:\\\/\\\/aconteceunovale.com.br\\\/portal\\\/?p=170114\"},\"author\":{\"name\":\"Reda\u00e7\u00e3o Aconteceu no Vale\",\"@id\":\"https:\\\/\\\/aconteceunovale.com.br\\\/portal\\\/#\\\/schema\\\/person\\\/7d2f26d1483f8a63de73da1ee0754d35\"},\"headline\":\"Eleitores de Governador Valadares e outros tr\u00eas munic\u00edpios mineiros voltam \u00e0s urnas no domingo\",\"datePublished\":\"2020-11-27T00:11:35+00:00\",\"dateModified\":\"2020-11-27T00:11:49+00:00\",\"mainEntityOfPage\":{\"@id\":\"https:\\\/\\\/aconteceunovale.com.br\\\/portal\\\/?p=170114\"},\"wordCount\":405,\"commentCount\":0,\"image\":{\"@id\":\"https:\\\/\\\/aconteceunovale.com.br\\\/portal\\\/?p=170114#primaryimage\"},\"thumbnailUrl\":\"https:\\\/\\\/aconteceunovale.com.br\\\/portal\\\/wp-content\\\/uploads\\\/2016\\\/08\\\/candidato1.jpg\",\"keywords\":[\"2\u00ba turno das Elei\u00e7\u00f5es 2020\",\"Contagem\",\"Elei\u00e7\u00f5es 2020\",\"Elei\u00e7\u00f5es 2020 em Contagem\",\"Elei\u00e7\u00f5es 2020 em Governador Valadares\",\"Elei\u00e7\u00f5es 2020 em Juiz de Fora\",\"Elei\u00e7\u00f5es 2020 em Minas Gerais\",\"Elei\u00e7\u00f5es 2020 em Uberaba\",\"Elei\u00e7\u00f5es municipais 2020\",\"Elei\u00e7\u00f5es Municipais em Minas Gerais\",\"Eleitores de Governador Valadares e outros tr\u00eas munic\u00edpios mineiros voltam \u00e0s urnas no domingo\",\"Governador Valadares\",\"Juiz de Fora e Uberaba\",\"Segundo turno das Elei\u00e7\u00f5es 2020\",\"Segundo turno em Contagem\",\"Segundo turno em Governador Valadares\",\"Segundo turno em Juiz de Fora\",\"Segundo turno em Minas Gerais\",\"Segundo turno em Uberaba\"],\"articleSection\":[\"Elei\u00e7\u00f5es 2020\",\"Leste de Minas\",\"Minas Gerais\",\"Pol\u00edtica\"],\"inLanguage\":\"pt-BR\",\"potentialAction\":[{\"@type\":\"CommentAction\",\"name\":\"Comment\",\"target\":[\"https:\\\/\\\/aconteceunovale.com.br\\\/portal\\\/?p=170114#respond\"]}]},{\"@type\":\"WebPage\",\"@id\":\"https:\\\/\\\/aconteceunovale.com.br\\\/portal\\\/?p=170114\",\"url\":\"https:\\\/\\\/aconteceunovale.com.br\\\/portal\\\/?p=170114\",\"name\":\"Eleitores de Governador Valadares e outros tr\u00eas munic\u00edpios mineiros voltam \u00e0s urnas no domingo - Aconteceu no Vale\",\"isPartOf\":{\"@id\":\"https:\\\/\\\/aconteceunovale.com.br\\\/portal\\\/#website\"},\"primaryImageOfPage\":{\"@id\":\"https:\\\/\\\/aconteceunovale.com.br\\\/portal\\\/?p=170114#primaryimage\"},\"image\":{\"@id\":\"https:\\\/\\\/aconteceunovale.com.br\\\/portal\\\/?p=170114#primaryimage\"},\"thumbnailUrl\":\"https:\\\/\\\/aconteceunovale.com.br\\\/portal\\\/wp-content\\\/uploads\\\/2016\\\/08\\\/candidato1.jpg\",\"datePublished\":\"2020-11-27T00:11:35+00:00\",\"dateModified\":\"2020-11-27T00:11:49+00:00\",\"author\":{\"@id\":\"https:\\\/\\\/aconteceunovale.com.br\\\/portal\\\/#\\\/schema\\\/person\\\/7d2f26d1483f8a63de73da1ee0754d35\"},\"breadcrumb\":{\"@id\":\"https:\\\/\\\/aconteceunovale.com.br\\\/portal\\\/?p=170114#breadcrumb\"},\"inLanguage\":\"pt-BR\",\"potentialAction\":[{\"@type\":\"ReadAction\",\"target\":[\"https:\\\/\\\/aconteceunovale.com.br\\\/portal\\\/?p=170114\"]}]},{\"@type\":\"ImageObject\",\"inLanguage\":\"pt-BR\",\"@id\":\"https:\\\/\\\/aconteceunovale.com.br\\\/portal\\\/?p=170114#primaryimage\",\"url\":\"https:\\\/\\\/aconteceunovale.com.br\\\/portal\\\/wp-content\\\/uploads\\\/2016\\\/08\\\/candidato1.jpg\",\"contentUrl\":\"https:\\\/\\\/aconteceunovale.com.br\\\/portal\\\/wp-content\\\/uploads\\\/2016\\\/08\\\/candidato1.jpg\",\"width\":600,\"height\":450},{\"@type\":\"BreadcrumbList\",\"@id\":\"https:\\\/\\\/aconteceunovale.com.br\\\/portal\\\/?p=170114#breadcrumb\",\"itemListElement\":[{\"@type\":\"ListItem\",\"position\":1,\"name\":\"In\u00edcio\",\"item\":\"https:\\\/\\\/aconteceunovale.com.br\\\/portal\\\/\"},{\"@type\":\"ListItem\",\"position\":2,\"name\":\"Eleitores de Governador Valadares e outros tr\u00eas munic\u00edpios mineiros voltam \u00e0s urnas no domingo\"}]},{\"@type\":\"WebSite\",\"@id\":\"https:\\\/\\\/aconteceunovale.com.br\\\/portal\\\/#website\",\"url\":\"https:\\\/\\\/aconteceunovale.com.br\\\/portal\\\/\",\"name\":\"Aconteceu no Vale\",\"description\":\"Portal de Not\u00edcias\",\"potentialAction\":[{\"@type\":\"SearchAction\",\"target\":{\"@type\":\"EntryPoint\",\"urlTemplate\":\"https:\\\/\\\/aconteceunovale.com.br\\\/portal\\\/?s={search_term_string}\"},\"query-input\":{\"@type\":\"PropertyValueSpecification\",\"valueRequired\":true,\"valueName\":\"search_term_string\"}}],\"inLanguage\":\"pt-BR\"},{\"@type\":\"Person\",\"@id\":\"https:\\\/\\\/aconteceunovale.com.br\\\/portal\\\/#\\\/schema\\\/person\\\/7d2f26d1483f8a63de73da1ee0754d35\",\"name\":\"Reda\u00e7\u00e3o Aconteceu no Vale\",\"description\":\"Equipe de reportagem do Aconteceu no Vale, portal de not\u00edcias do Vale do Jequitinhonha, em Minas Gerais. Cobrimos as 51 cidades do Vale desde 2013. Sugest\u00f5es de pauta e pedidos de corre\u00e7\u00e3o: contato@aconteceunovale.com.br\",\"url\":\"https:\\\/\\\/aconteceunovale.com.br\\\/portal\\\/?author=4\"}]}<\/script>\n<!-- \/ Yoast SEO plugin. -->","yoast_head_json":{"title":"Eleitores de Governador Valadares e outros tr\u00eas munic\u00edpios mineiros voltam \u00e0s urnas no domingo - Aconteceu no Vale","robots":{"index":"index","follow":"follow","max-snippet":"max-snippet:-1","max-image-preview":"max-image-preview:large","max-video-preview":"max-video-preview:-1"},"canonical":"https:\/\/aconteceunovale.com.br\/portal\/?p=170114","og_locale":"pt_BR","og_type":"article","og_title":"Eleitores de Governador Valadares e outros tr\u00eas munic\u00edpios mineiros voltam \u00e0s urnas no domingo - Aconteceu no Vale","og_description":"No pr\u00f3ximo domingo (29), cerca de 1 milh\u00e3o e 277 mil eleitores mineiros votar\u00e3o para escolher novos prefeitos e vice-prefeitos em quatro cidades de Minas Gerais: Contagem, Governador Valadares, Juiz de Fora e Uberaba. Nesses munic\u00edpios, nenhum candidato obteve mais de 50% dos votos v\u00e1lidos no 1\u00ba turno das Elei\u00e7\u00f5es 2020, por isso, ser\u00e1 necess\u00e1ria [&hellip;]","og_url":"https:\/\/aconteceunovale.com.br\/portal\/?p=170114","og_site_name":"Aconteceu no Vale","article_publisher":"https:\/\/www.facebook.com\/aconteceunovale\/","article_published_time":"2020-11-27T00:11:35+00:00","article_modified_time":"2020-11-27T00:11:49+00:00","og_image":[{"width":600,"height":450,"url":"https:\/\/aconteceunovale.com.br\/portal\/wp-content\/uploads\/2016\/08\/candidato1.jpg","type":"image\/jpeg"}],"author":"Reda\u00e7\u00e3o Aconteceu no Vale","twitter_card":"summary_large_image","twitter_creator":"@noticiadosvales","twitter_site":"@noticiadosvales","twitter_misc":{"Escrito por":"Reda\u00e7\u00e3o Aconteceu no Vale","Est. tempo de leitura":"2 minutos"},"schema":{"@context":"https:\/\/schema.org","@graph":[{"@type":"Article","@id":"https:\/\/aconteceunovale.com.br\/portal\/?p=170114#article","isPartOf":{"@id":"https:\/\/aconteceunovale.com.br\/portal\/?p=170114"},"author":{"name":"Reda\u00e7\u00e3o Aconteceu no Vale","@id":"https:\/\/aconteceunovale.com.br\/portal\/#\/schema\/person\/7d2f26d1483f8a63de73da1ee0754d35"},"headline":"Eleitores de Governador Valadares e outros tr\u00eas munic\u00edpios mineiros voltam \u00e0s urnas no domingo","datePublished":"2020-11-27T00:11:35+00:00","dateModified":"2020-11-27T00:11:49+00:00","mainEntityOfPage":{"@id":"https:\/\/aconteceunovale.com.br\/portal\/?p=170114"},"wordCount":405,"commentCount":0,"image":{"@id":"https:\/\/aconteceunovale.com.br\/portal\/?p=170114#primaryimage"},"thumbnailUrl":"https:\/\/aconteceunovale.com.br\/portal\/wp-content\/uploads\/2016\/08\/candidato1.jpg","keywords":["2\u00ba turno das Elei\u00e7\u00f5es 2020","Contagem","Elei\u00e7\u00f5es 2020","Elei\u00e7\u00f5es 2020 em Contagem","Elei\u00e7\u00f5es 2020 em Governador Valadares","Elei\u00e7\u00f5es 2020 em Juiz de Fora","Elei\u00e7\u00f5es 2020 em Minas Gerais","Elei\u00e7\u00f5es 2020 em Uberaba","Elei\u00e7\u00f5es municipais 2020","Elei\u00e7\u00f5es Municipais em Minas Gerais","Eleitores de Governador Valadares e outros tr\u00eas munic\u00edpios mineiros voltam \u00e0s urnas no domingo","Governador Valadares","Juiz de Fora e Uberaba","Segundo turno das Elei\u00e7\u00f5es 2020","Segundo turno em Contagem","Segundo turno em Governador Valadares","Segundo turno em Juiz de Fora","Segundo turno em Minas Gerais","Segundo turno em Uberaba"],"articleSection":["Elei\u00e7\u00f5es 2020","Leste de Minas","Minas Gerais","Pol\u00edtica"],"inLanguage":"pt-BR","potentialAction":[{"@type":"CommentAction","name":"Comment","target":["https:\/\/aconteceunovale.com.br\/portal\/?p=170114#respond"]}]},{"@type":"WebPage","@id":"https:\/\/aconteceunovale.com.br\/portal\/?p=170114","url":"https:\/\/aconteceunovale.com.br\/portal\/?p=170114","name":"Eleitores de Governador Valadares e outros tr\u00eas munic\u00edpios mineiros voltam \u00e0s urnas no domingo - Aconteceu no Vale","isPartOf":{"@id":"https:\/\/aconteceunovale.com.br\/portal\/#website"},"primaryImageOfPage":{"@id":"https:\/\/aconteceunovale.com.br\/portal\/?p=170114#primaryimage"},"image":{"@id":"https:\/\/aconteceunovale.com.br\/portal\/?p=170114#primaryimage"},"thumbnailUrl":"https:\/\/aconteceunovale.com.br\/portal\/wp-content\/uploads\/2016\/08\/candidato1.jpg","datePublished":"2020-11-27T00:11:35+00:00","dateModified":"2020-11-27T00:11:49+00:00","author":{"@id":"https:\/\/aconteceunovale.com.br\/portal\/#\/schema\/person\/7d2f26d1483f8a63de73da1ee0754d35"},"breadcrumb":{"@id":"https:\/\/aconteceunovale.com.br\/portal\/?p=170114#breadcrumb"},"inLanguage":"pt-BR","potentialAction":[{"@type":"ReadAction","target":["https:\/\/aconteceunovale.com.br\/portal\/?p=170114"]}]},{"@type":"ImageObject","inLanguage":"pt-BR","@id":"https:\/\/aconteceunovale.com.br\/portal\/?p=170114#primaryimage","url":"https:\/\/aconteceunovale.com.br\/portal\/wp-content\/uploads\/2016\/08\/candidato1.jpg","contentUrl":"https:\/\/aconteceunovale.com.br\/portal\/wp-content\/uploads\/2016\/08\/candidato1.jpg","width":600,"height":450},{"@type":"BreadcrumbList","@id":"https:\/\/aconteceunovale.com.br\/portal\/?p=170114#breadcrumb","itemListElement":[{"@type":"ListItem","position":1,"name":"In\u00edcio","item":"https:\/\/aconteceunovale.com.br\/portal\/"},{"@type":"ListItem","position":2,"name":"Eleitores de Governador Valadares e outros tr\u00eas munic\u00edpios mineiros voltam \u00e0s urnas no domingo"}]},{"@type":"WebSite","@id":"https:\/\/aconteceunovale.com.br\/portal\/#website","url":"https:\/\/aconteceunovale.com.br\/portal\/","name":"Aconteceu no Vale","description":"Portal de Not\u00edcias","potentialAction":[{"@type":"SearchAction","target":{"@type":"EntryPoint","urlTemplate":"https:\/\/aconteceunovale.com.br\/portal\/?s={search_term_string}"},"query-input":{"@type":"PropertyValueSpecification","valueRequired":true,"valueName":"search_term_string"}}],"inLanguage":"pt-BR"},{"@type":"Person","@id":"https:\/\/aconteceunovale.com.br\/portal\/#\/schema\/person\/7d2f26d1483f8a63de73da1ee0754d35","name":"Reda\u00e7\u00e3o Aconteceu no Vale","description":"Equipe de reportagem do Aconteceu no Vale, portal de not\u00edcias do Vale do Jequitinhonha, em Minas Gerais. Cobrimos as 51 cidades do Vale desde 2013. Sugest\u00f5es de pauta e pedidos de corre\u00e7\u00e3o: contato@aconteceunovale.com.br","url":"https:\/\/aconteceunovale.com.br\/portal\/?author=4"}]}},"_links":{"self":[{"href":"https:\/\/aconteceunovale.com.br\/portal\/index.php?rest_route=\/wp\/v2\/posts\/170114","targetHints":{"allow":["GET"]}}],"collection":[{"href":"https:\/\/aconteceunovale.com.br\/portal\/index.php?rest_route=\/wp\/v2\/posts"}],"about":[{"href":"https:\/\/aconteceunovale.com.br\/portal\/index.php?rest_route=\/wp\/v2\/types\/post"}],"author":[{"embeddable":true,"href":"https:\/\/aconteceunovale.com.br\/portal\/index.php?rest_route=\/wp\/v2\/users\/4"}],"replies":[{"embeddable":true,"href":"https:\/\/aconteceunovale.com.br\/portal\/index.php?rest_route=%2Fwp%2Fv2%2Fcomments&post=170114"}],"version-history":[{"count":1,"href":"https:\/\/aconteceunovale.com.br\/portal\/index.php?rest_route=\/wp\/v2\/posts\/170114\/revisions"}],"predecessor-version":[{"id":170115,"href":"https:\/\/aconteceunovale.com.br\/portal\/index.php?rest_route=\/wp\/v2\/posts\/170114\/revisions\/170115"}],"wp:featuredmedia":[{"embeddable":true,"href":"https:\/\/aconteceunovale.com.br\/portal\/index.php?rest_route=\/wp\/v2\/media\/95688"}],"wp:attachment":[{"href":"https:\/\/aconteceunovale.com.br\/portal\/index.php?rest_route=%2Fwp%2Fv2%2Fmedia&parent=170114"}],"wp:term":[{"taxonomy":"category","embeddable":true,"href":"https:\/\/aconteceunovale.com.br\/portal\/index.php?rest_route=%2Fwp%2Fv2%2Fcategories&post=170114"},{"taxonomy":"post_tag","embeddable":true,"href":"https:\/\/aconteceunovale.com.br\/portal\/index.php?rest_route=%2Fwp%2Fv2%2Ftags&post=170114"}],"curies":[{"name":"wp","href":"https:\/\/api.w.org\/{rel}","templated":true}]}}