{"id":170061,"date":"2020-11-26T07:20:00","date_gmt":"2020-11-26T10:20:00","guid":{"rendered":"https:\/\/aconteceunovale.com.br\/portal\/?p=170061"},"modified":"2020-11-26T07:20:16","modified_gmt":"2020-11-26T10:20:16","slug":"governador-valadares-ausencia-de-uti-neonatal-em-hospitais-gera-indenizacao","status":"publish","type":"post","link":"https:\/\/aconteceunovale.com.br\/portal\/?p=170061","title":{"rendered":"Governador Valadares: aus\u00eancia de UTI neonatal em hospitais gera indeniza\u00e7\u00e3o"},"content":{"rendered":"\n<p class=\"wp-block-paragraph\">A Unimed de Governador Valadares foi condenada&nbsp;e ter\u00e1 que indenizar uma cliente em R$ 10 mil, por danos morais. Ela estava gr\u00e1vida e teria um&nbsp;parto prematuro, mas n\u00e3o p\u00f4de ser atendida nos hospitais conveniados da regi\u00e3o, pois nenhum deles possu\u00eda UTI neonatal. A decis\u00e3o, da 10\u00aa C\u00e2mara C\u00edvel do Tribunal de Justi\u00e7a de Minas Gerais (TJMG), manteve a senten\u00e7a da Comarca de Governador Valadares.&nbsp;<\/p>\n\n\n\n<p class=\"wp-block-paragraph\">De acordo com o processo, a mulher entrou em trabalho de parto antes do tempo previsto. Ela procurou atendimento nos hospitais conveniados \u00e0 Unimed, com a qual possui um plano de sa\u00fade com cobertura integral.&nbsp; Nenhum deles possu\u00eda uma UTI neonatal, caso fosse necess\u00e1rio. Em fun\u00e7\u00e3o disso, ela precisou procurar um hospital da rede p\u00fablica.<\/p>\n\n\n\n<p class=\"wp-block-paragraph\">Em primeira inst\u00e2ncia, o juiz da 2\u00aa Vara C\u00edvel de Governador Valadares condenou o plano de sa\u00fade a pagar indeniza\u00e7\u00e3o de R$ 10 mil, por danos morais, e a reembolsar a paciente em R$ 600.<\/p>\n\n\n\n<p class=\"wp-block-paragraph\"><strong>Recurso<\/strong><\/p>\n\n\n\n<p class=\"wp-block-paragraph\">As duas partes recorreram da decis\u00e3o. A Unimed alegou que a paciente foi devidamente examinada no primeiro hospital em que procurou atendimento e que os profissionais entenderam que ela n\u00e3o estava em trabalho de parto.<\/p>\n\n\n\n<p class=\"wp-block-paragraph\">A operadora de plano de sa\u00fade disse ainda que, ap\u00f3s ser atendida, a paciente foi orientada a ir para casa;&nbsp;mas, \u201cem virtude de seu desespero e afoba\u00e7\u00e3o, se dirigiu desnecessariamente a diversos hospitais, desconsiderando as orienta\u00e7\u00f5es m\u00e9dicas\u201d.&nbsp;<\/p>\n\n\n\n<p class=\"wp-block-paragraph\">Por fim, a empresa alegou que, ao ser internada no hospital municipal, a paciente foi submetida a uma cesariana e n\u00e3o apresentou qualquer altera\u00e7\u00e3o significativa em seu quadro cl\u00ednico, sendo liberada no dia seguinte e sem necessidade de que seu filho fosse levado para uma UTI neonatal.&nbsp;<\/p>\n\n\n\n<p class=\"wp-block-paragraph\">A autora da a\u00e7\u00e3o, por sua vez, pediu aumento no valor da indeniza\u00e7\u00e3o por danos morais. Segundo ela, o valor fixado em primeira inst\u00e2ncia n\u00e3o \u00e9 suficiente para reparar o transtorno suportado pela&nbsp; falha na presta\u00e7\u00e3o dos servi\u00e7os.&nbsp;<\/p>\n\n\n\n<p class=\"wp-block-paragraph\"><strong>Infraestrutura<\/strong>&nbsp;<\/p>\n\n\n\n<p class=\"wp-block-paragraph\">No TJMG,&nbsp;o relator do processo, desembargador Fabiano Rubinger de Queiroz, afirmou que a empresa n\u00e3o ofereceu todos os servi\u00e7os m\u00e9dico-hospitalares de natureza obstetr\u00edcia para a consumidora, conforme estava previsto no contrato.&nbsp;<\/p>\n\n\n\n<p class=\"wp-block-paragraph\">O magistrado destacou ainda que, no prontu\u00e1rio m\u00e9dico, consta que a autora foi transferida para outro hospital conforme orienta\u00e7\u00e3o do m\u00e9dico que a atendeu inicialmente, e n\u00e3o por livre e espont\u00e2nea vontade, segundo alegou a Unimed.<\/p>\n\n\n\n<p class=\"wp-block-paragraph\">Com rela\u00e7\u00e3o ao argumento de que, ao final, n\u00e3o foi necess\u00e1ria&nbsp;a utiliza\u00e7\u00e3o da UTI neonatal, o relator pontuou que, independente da necessidade, \u00e9 indispens\u00e1vel que essa estrutura esteja dispon\u00edvel para a seguran\u00e7a da gestante e do beb\u00ea.<\/p>\n\n\n\n<p class=\"wp-block-paragraph\">\u201cDessa forma (&#8230;), \u00e9 not\u00f3rio que o plano de sa\u00fade n\u00e3o disponibilizou \u00e0 paciente, no momento adequado, a infraestrutura da qual necessitava para se submeter a um parto prematuro\u201d, ressaltou o magistrado.&nbsp;<\/p>\n\n\n\n<p class=\"wp-block-paragraph\">No que diz respeito ao valor da indeniza\u00e7\u00e3o, a quantia de R$ 10 mil, fixada pelo juiz, foi julgada suficiente para reparar os transtornos sofridos pela mulher.<\/p>\n\n\n\n<p class=\"wp-block-paragraph\">Votaram de acordo com o relator os desembargadores \u00c1lvares Cabral da Silva e Mari\u00e2ngela Meyer.<\/p>\n\n\n\n<p class=\"has-white-color has-vivid-cyan-blue-background-color has-text-color has-background wp-block-paragraph\">Quer saber as not\u00edcias do <strong>Aconteceu no Vale<\/strong> em primeira m\u00e3o? Siga-nos no Facebook <a rel=\"noreferrer noopener\" href=\"http:\/\/facebook.com\/aconteceunovale\" target=\"_blank\">@aconteceunovale<\/a>, Twitter <a rel=\"noreferrer noopener\" href=\"https:\/\/twitter.com\/noticiadosvales\" target=\"_blank\">@noticiadosvales<\/a> e Instagram <a rel=\"noreferrer noopener\" href=\"https:\/\/www.instagram.com\/aconteceunovale\" target=\"_blank\">@aconteceunovale<\/a>.<\/p>\n","protected":false},"excerpt":{"rendered":"<p>A Unimed de Governador Valadares foi condenada&nbsp;e ter\u00e1 que indenizar uma cliente em R$ 10 mil, por danos morais. Ela estava gr\u00e1vida e teria um&nbsp;parto prematuro, mas n\u00e3o p\u00f4de ser atendida nos hospitais conveniados da regi\u00e3o, pois nenhum deles possu\u00eda UTI neonatal. A decis\u00e3o, da 10\u00aa C\u00e2mara C\u00edvel do Tribunal de Justi\u00e7a de Minas Gerais [&hellip;]<\/p>\n","protected":false},"author":4,"featured_media":170062,"comment_status":"open","ping_status":"closed","sticky":false,"template":"","format":"standard","meta":{"amp_status":"","footnotes":""},"categories":[121,40242],"tags":[231369,231366,247,231365,18800,231370,231368,270,92646,231367,18801],"class_list":["post-170061","post","type-post","status-publish","format-standard","has-post-thumbnail","hentry","category-leste","category-saude-2","tag-acao-contra-a-unimed-de-governador-valadares","tag-ausencia-de-uti-neonatal-em-hospitais-gera-indenizacao-em-governador-valadares","tag-governador-valadares","tag-governador-valadares-ausencia-de-uti-neonatal-em-hospitais-gera-indenizacao","tag-gv","tag-indenizacao-unimed-de-governador-valadares","tag-processo-contra-a-unimed-de-governador-valadares","tag-tjmg","tag-tribunal-de-justica-de-minas-gerais","tag-unimed-de-governador-valadares","tag-valadares"],"yoast_head":"<!-- This site is optimized with the Yoast SEO plugin v28.3 - https:\/\/yoast.com\/product\/yoast-seo-wordpress\/ -->\n<title>Governador Valadares: aus\u00eancia de UTI neonatal em hospitais gera indeniza\u00e7\u00e3o - Aconteceu no Vale<\/title>\n<meta name=\"robots\" content=\"index, follow, max-snippet:-1, max-image-preview:large, max-video-preview:-1\" \/>\n<link rel=\"canonical\" href=\"https:\/\/aconteceunovale.com.br\/portal\/?p=170061\" \/>\n<meta property=\"og:locale\" content=\"pt_BR\" \/>\n<meta property=\"og:type\" content=\"article\" \/>\n<meta property=\"og:title\" content=\"Governador Valadares: aus\u00eancia de UTI neonatal em hospitais gera indeniza\u00e7\u00e3o - Aconteceu no Vale\" \/>\n<meta property=\"og:description\" content=\"A Unimed de Governador Valadares foi condenada&nbsp;e ter\u00e1 que indenizar uma cliente em R$ 10 mil, por danos morais. Ela estava gr\u00e1vida e teria um&nbsp;parto prematuro, mas n\u00e3o p\u00f4de ser atendida nos hospitais conveniados da regi\u00e3o, pois nenhum deles possu\u00eda UTI neonatal. A decis\u00e3o, da 10\u00aa C\u00e2mara C\u00edvel do Tribunal de Justi\u00e7a de Minas Gerais [&hellip;]\" \/>\n<meta property=\"og:url\" content=\"https:\/\/aconteceunovale.com.br\/portal\/?p=170061\" \/>\n<meta property=\"og:site_name\" content=\"Aconteceu no Vale\" \/>\n<meta property=\"article:publisher\" content=\"https:\/\/www.facebook.com\/aconteceunovale\/\" \/>\n<meta property=\"article:published_time\" content=\"2020-11-26T10:20:00+00:00\" \/>\n<meta property=\"article:modified_time\" content=\"2020-11-26T10:20:16+00:00\" \/>\n<meta property=\"og:image\" content=\"https:\/\/aconteceunovale.com.br\/portal\/wp-content\/uploads\/2020\/11\/uti_neo_natal.jpg\" \/>\n\t<meta property=\"og:image:width\" content=\"678\" \/>\n\t<meta property=\"og:image:height\" content=\"395\" \/>\n\t<meta property=\"og:image:type\" content=\"image\/jpeg\" \/>\n<meta name=\"author\" content=\"Reda\u00e7\u00e3o Aconteceu no Vale\" \/>\n<meta name=\"twitter:card\" content=\"summary_large_image\" \/>\n<meta name=\"twitter:creator\" content=\"@noticiadosvales\" \/>\n<meta name=\"twitter:site\" content=\"@noticiadosvales\" \/>\n<meta name=\"twitter:label1\" content=\"Escrito por\" \/>\n\t<meta name=\"twitter:data1\" content=\"Reda\u00e7\u00e3o Aconteceu no Vale\" \/>\n\t<meta name=\"twitter:label2\" content=\"Est. tempo de leitura\" \/>\n\t<meta name=\"twitter:data2\" content=\"3 minutos\" \/>\n<script type=\"application\/ld+json\" class=\"yoast-schema-graph\">{\"@context\":\"https:\\\/\\\/schema.org\",\"@graph\":[{\"@type\":\"Article\",\"@id\":\"https:\\\/\\\/aconteceunovale.com.br\\\/portal\\\/?p=170061#article\",\"isPartOf\":{\"@id\":\"https:\\\/\\\/aconteceunovale.com.br\\\/portal\\\/?p=170061\"},\"author\":{\"name\":\"Reda\u00e7\u00e3o Aconteceu no Vale\",\"@id\":\"https:\\\/\\\/aconteceunovale.com.br\\\/portal\\\/#\\\/schema\\\/person\\\/7d2f26d1483f8a63de73da1ee0754d35\"},\"headline\":\"Governador Valadares: aus\u00eancia de UTI neonatal em hospitais gera indeniza\u00e7\u00e3o\",\"datePublished\":\"2020-11-26T10:20:00+00:00\",\"dateModified\":\"2020-11-26T10:20:16+00:00\",\"mainEntityOfPage\":{\"@id\":\"https:\\\/\\\/aconteceunovale.com.br\\\/portal\\\/?p=170061\"},\"wordCount\":589,\"commentCount\":0,\"image\":{\"@id\":\"https:\\\/\\\/aconteceunovale.com.br\\\/portal\\\/?p=170061#primaryimage\"},\"thumbnailUrl\":\"https:\\\/\\\/aconteceunovale.com.br\\\/portal\\\/wp-content\\\/uploads\\\/2020\\\/11\\\/uti_neo_natal.jpg\",\"keywords\":[\"A\u00e7\u00e3o contra a Unimed de Governador Valadares\",\"Aus\u00eancia de UTI neonatal em hospitais gera indeniza\u00e7\u00e3o em Governador Valadares\",\"Governador Valadares\",\"Governador Valadares: aus\u00eancia de UTI neonatal em hospitais gera indeniza\u00e7\u00e3o\",\"gv\",\"Indeniza\u00e7\u00e3o Unimed de Governador Valadares\",\"Processo contra a Unimed de Governador Valadares\",\"TJMG\",\"Tribunal de Justi\u00e7a de Minas Gerais\",\"Unimed de Governador Valadares\",\"valadares\"],\"articleSection\":[\"Leste de Minas\",\"Sa\u00fade\"],\"inLanguage\":\"pt-BR\",\"potentialAction\":[{\"@type\":\"CommentAction\",\"name\":\"Comment\",\"target\":[\"https:\\\/\\\/aconteceunovale.com.br\\\/portal\\\/?p=170061#respond\"]}]},{\"@type\":\"WebPage\",\"@id\":\"https:\\\/\\\/aconteceunovale.com.br\\\/portal\\\/?p=170061\",\"url\":\"https:\\\/\\\/aconteceunovale.com.br\\\/portal\\\/?p=170061\",\"name\":\"Governador Valadares: aus\u00eancia de UTI neonatal em hospitais gera indeniza\u00e7\u00e3o - Aconteceu no Vale\",\"isPartOf\":{\"@id\":\"https:\\\/\\\/aconteceunovale.com.br\\\/portal\\\/#website\"},\"primaryImageOfPage\":{\"@id\":\"https:\\\/\\\/aconteceunovale.com.br\\\/portal\\\/?p=170061#primaryimage\"},\"image\":{\"@id\":\"https:\\\/\\\/aconteceunovale.com.br\\\/portal\\\/?p=170061#primaryimage\"},\"thumbnailUrl\":\"https:\\\/\\\/aconteceunovale.com.br\\\/portal\\\/wp-content\\\/uploads\\\/2020\\\/11\\\/uti_neo_natal.jpg\",\"datePublished\":\"2020-11-26T10:20:00+00:00\",\"dateModified\":\"2020-11-26T10:20:16+00:00\",\"author\":{\"@id\":\"https:\\\/\\\/aconteceunovale.com.br\\\/portal\\\/#\\\/schema\\\/person\\\/7d2f26d1483f8a63de73da1ee0754d35\"},\"breadcrumb\":{\"@id\":\"https:\\\/\\\/aconteceunovale.com.br\\\/portal\\\/?p=170061#breadcrumb\"},\"inLanguage\":\"pt-BR\",\"potentialAction\":[{\"@type\":\"ReadAction\",\"target\":[\"https:\\\/\\\/aconteceunovale.com.br\\\/portal\\\/?p=170061\"]}]},{\"@type\":\"ImageObject\",\"inLanguage\":\"pt-BR\",\"@id\":\"https:\\\/\\\/aconteceunovale.com.br\\\/portal\\\/?p=170061#primaryimage\",\"url\":\"https:\\\/\\\/aconteceunovale.com.br\\\/portal\\\/wp-content\\\/uploads\\\/2020\\\/11\\\/uti_neo_natal.jpg\",\"contentUrl\":\"https:\\\/\\\/aconteceunovale.com.br\\\/portal\\\/wp-content\\\/uploads\\\/2020\\\/11\\\/uti_neo_natal.jpg\",\"width\":678,\"height\":395},{\"@type\":\"BreadcrumbList\",\"@id\":\"https:\\\/\\\/aconteceunovale.com.br\\\/portal\\\/?p=170061#breadcrumb\",\"itemListElement\":[{\"@type\":\"ListItem\",\"position\":1,\"name\":\"In\u00edcio\",\"item\":\"https:\\\/\\\/aconteceunovale.com.br\\\/portal\\\/\"},{\"@type\":\"ListItem\",\"position\":2,\"name\":\"Governador Valadares: aus\u00eancia de UTI neonatal em hospitais gera indeniza\u00e7\u00e3o\"}]},{\"@type\":\"WebSite\",\"@id\":\"https:\\\/\\\/aconteceunovale.com.br\\\/portal\\\/#website\",\"url\":\"https:\\\/\\\/aconteceunovale.com.br\\\/portal\\\/\",\"name\":\"Aconteceu no Vale\",\"description\":\"Portal de Not\u00edcias\",\"potentialAction\":[{\"@type\":\"SearchAction\",\"target\":{\"@type\":\"EntryPoint\",\"urlTemplate\":\"https:\\\/\\\/aconteceunovale.com.br\\\/portal\\\/?s={search_term_string}\"},\"query-input\":{\"@type\":\"PropertyValueSpecification\",\"valueRequired\":true,\"valueName\":\"search_term_string\"}}],\"inLanguage\":\"pt-BR\"},{\"@type\":\"Person\",\"@id\":\"https:\\\/\\\/aconteceunovale.com.br\\\/portal\\\/#\\\/schema\\\/person\\\/7d2f26d1483f8a63de73da1ee0754d35\",\"name\":\"Reda\u00e7\u00e3o Aconteceu no Vale\",\"description\":\"Equipe de reportagem do Aconteceu no Vale, portal de not\u00edcias do Vale do Jequitinhonha, em Minas Gerais. Cobrimos as 51 cidades do Vale desde 2013. Sugest\u00f5es de pauta e pedidos de corre\u00e7\u00e3o: contato@aconteceunovale.com.br\",\"url\":\"https:\\\/\\\/aconteceunovale.com.br\\\/portal\\\/?author=4\"}]}<\/script>\n<!-- \/ Yoast SEO plugin. -->","yoast_head_json":{"title":"Governador Valadares: aus\u00eancia de UTI neonatal em hospitais gera indeniza\u00e7\u00e3o - Aconteceu no Vale","robots":{"index":"index","follow":"follow","max-snippet":"max-snippet:-1","max-image-preview":"max-image-preview:large","max-video-preview":"max-video-preview:-1"},"canonical":"https:\/\/aconteceunovale.com.br\/portal\/?p=170061","og_locale":"pt_BR","og_type":"article","og_title":"Governador Valadares: aus\u00eancia de UTI neonatal em hospitais gera indeniza\u00e7\u00e3o - Aconteceu no Vale","og_description":"A Unimed de Governador Valadares foi condenada&nbsp;e ter\u00e1 que indenizar uma cliente em R$ 10 mil, por danos morais. Ela estava gr\u00e1vida e teria um&nbsp;parto prematuro, mas n\u00e3o p\u00f4de ser atendida nos hospitais conveniados da regi\u00e3o, pois nenhum deles possu\u00eda UTI neonatal. A decis\u00e3o, da 10\u00aa C\u00e2mara C\u00edvel do Tribunal de Justi\u00e7a de Minas Gerais [&hellip;]","og_url":"https:\/\/aconteceunovale.com.br\/portal\/?p=170061","og_site_name":"Aconteceu no Vale","article_publisher":"https:\/\/www.facebook.com\/aconteceunovale\/","article_published_time":"2020-11-26T10:20:00+00:00","article_modified_time":"2020-11-26T10:20:16+00:00","og_image":[{"width":678,"height":395,"url":"https:\/\/aconteceunovale.com.br\/portal\/wp-content\/uploads\/2020\/11\/uti_neo_natal.jpg","type":"image\/jpeg"}],"author":"Reda\u00e7\u00e3o Aconteceu no Vale","twitter_card":"summary_large_image","twitter_creator":"@noticiadosvales","twitter_site":"@noticiadosvales","twitter_misc":{"Escrito por":"Reda\u00e7\u00e3o Aconteceu no Vale","Est. tempo de leitura":"3 minutos"},"schema":{"@context":"https:\/\/schema.org","@graph":[{"@type":"Article","@id":"https:\/\/aconteceunovale.com.br\/portal\/?p=170061#article","isPartOf":{"@id":"https:\/\/aconteceunovale.com.br\/portal\/?p=170061"},"author":{"name":"Reda\u00e7\u00e3o Aconteceu no Vale","@id":"https:\/\/aconteceunovale.com.br\/portal\/#\/schema\/person\/7d2f26d1483f8a63de73da1ee0754d35"},"headline":"Governador Valadares: aus\u00eancia de UTI neonatal em hospitais gera indeniza\u00e7\u00e3o","datePublished":"2020-11-26T10:20:00+00:00","dateModified":"2020-11-26T10:20:16+00:00","mainEntityOfPage":{"@id":"https:\/\/aconteceunovale.com.br\/portal\/?p=170061"},"wordCount":589,"commentCount":0,"image":{"@id":"https:\/\/aconteceunovale.com.br\/portal\/?p=170061#primaryimage"},"thumbnailUrl":"https:\/\/aconteceunovale.com.br\/portal\/wp-content\/uploads\/2020\/11\/uti_neo_natal.jpg","keywords":["A\u00e7\u00e3o contra a Unimed de Governador Valadares","Aus\u00eancia de UTI neonatal em hospitais gera indeniza\u00e7\u00e3o em Governador Valadares","Governador Valadares","Governador Valadares: aus\u00eancia de UTI neonatal em hospitais gera indeniza\u00e7\u00e3o","gv","Indeniza\u00e7\u00e3o Unimed de Governador Valadares","Processo contra a Unimed de Governador Valadares","TJMG","Tribunal de Justi\u00e7a de Minas Gerais","Unimed de Governador Valadares","valadares"],"articleSection":["Leste de Minas","Sa\u00fade"],"inLanguage":"pt-BR","potentialAction":[{"@type":"CommentAction","name":"Comment","target":["https:\/\/aconteceunovale.com.br\/portal\/?p=170061#respond"]}]},{"@type":"WebPage","@id":"https:\/\/aconteceunovale.com.br\/portal\/?p=170061","url":"https:\/\/aconteceunovale.com.br\/portal\/?p=170061","name":"Governador Valadares: aus\u00eancia de UTI neonatal em hospitais gera indeniza\u00e7\u00e3o - Aconteceu no Vale","isPartOf":{"@id":"https:\/\/aconteceunovale.com.br\/portal\/#website"},"primaryImageOfPage":{"@id":"https:\/\/aconteceunovale.com.br\/portal\/?p=170061#primaryimage"},"image":{"@id":"https:\/\/aconteceunovale.com.br\/portal\/?p=170061#primaryimage"},"thumbnailUrl":"https:\/\/aconteceunovale.com.br\/portal\/wp-content\/uploads\/2020\/11\/uti_neo_natal.jpg","datePublished":"2020-11-26T10:20:00+00:00","dateModified":"2020-11-26T10:20:16+00:00","author":{"@id":"https:\/\/aconteceunovale.com.br\/portal\/#\/schema\/person\/7d2f26d1483f8a63de73da1ee0754d35"},"breadcrumb":{"@id":"https:\/\/aconteceunovale.com.br\/portal\/?p=170061#breadcrumb"},"inLanguage":"pt-BR","potentialAction":[{"@type":"ReadAction","target":["https:\/\/aconteceunovale.com.br\/portal\/?p=170061"]}]},{"@type":"ImageObject","inLanguage":"pt-BR","@id":"https:\/\/aconteceunovale.com.br\/portal\/?p=170061#primaryimage","url":"https:\/\/aconteceunovale.com.br\/portal\/wp-content\/uploads\/2020\/11\/uti_neo_natal.jpg","contentUrl":"https:\/\/aconteceunovale.com.br\/portal\/wp-content\/uploads\/2020\/11\/uti_neo_natal.jpg","width":678,"height":395},{"@type":"BreadcrumbList","@id":"https:\/\/aconteceunovale.com.br\/portal\/?p=170061#breadcrumb","itemListElement":[{"@type":"ListItem","position":1,"name":"In\u00edcio","item":"https:\/\/aconteceunovale.com.br\/portal\/"},{"@type":"ListItem","position":2,"name":"Governador Valadares: aus\u00eancia de UTI neonatal em hospitais gera indeniza\u00e7\u00e3o"}]},{"@type":"WebSite","@id":"https:\/\/aconteceunovale.com.br\/portal\/#website","url":"https:\/\/aconteceunovale.com.br\/portal\/","name":"Aconteceu no Vale","description":"Portal de Not\u00edcias","potentialAction":[{"@type":"SearchAction","target":{"@type":"EntryPoint","urlTemplate":"https:\/\/aconteceunovale.com.br\/portal\/?s={search_term_string}"},"query-input":{"@type":"PropertyValueSpecification","valueRequired":true,"valueName":"search_term_string"}}],"inLanguage":"pt-BR"},{"@type":"Person","@id":"https:\/\/aconteceunovale.com.br\/portal\/#\/schema\/person\/7d2f26d1483f8a63de73da1ee0754d35","name":"Reda\u00e7\u00e3o Aconteceu no Vale","description":"Equipe de reportagem do Aconteceu no Vale, portal de not\u00edcias do Vale do Jequitinhonha, em Minas Gerais. Cobrimos as 51 cidades do Vale desde 2013. Sugest\u00f5es de pauta e pedidos de corre\u00e7\u00e3o: contato@aconteceunovale.com.br","url":"https:\/\/aconteceunovale.com.br\/portal\/?author=4"}]}},"_links":{"self":[{"href":"https:\/\/aconteceunovale.com.br\/portal\/index.php?rest_route=\/wp\/v2\/posts\/170061","targetHints":{"allow":["GET"]}}],"collection":[{"href":"https:\/\/aconteceunovale.com.br\/portal\/index.php?rest_route=\/wp\/v2\/posts"}],"about":[{"href":"https:\/\/aconteceunovale.com.br\/portal\/index.php?rest_route=\/wp\/v2\/types\/post"}],"author":[{"embeddable":true,"href":"https:\/\/aconteceunovale.com.br\/portal\/index.php?rest_route=\/wp\/v2\/users\/4"}],"replies":[{"embeddable":true,"href":"https:\/\/aconteceunovale.com.br\/portal\/index.php?rest_route=%2Fwp%2Fv2%2Fcomments&post=170061"}],"version-history":[{"count":1,"href":"https:\/\/aconteceunovale.com.br\/portal\/index.php?rest_route=\/wp\/v2\/posts\/170061\/revisions"}],"predecessor-version":[{"id":170063,"href":"https:\/\/aconteceunovale.com.br\/portal\/index.php?rest_route=\/wp\/v2\/posts\/170061\/revisions\/170063"}],"wp:featuredmedia":[{"embeddable":true,"href":"https:\/\/aconteceunovale.com.br\/portal\/index.php?rest_route=\/wp\/v2\/media\/170062"}],"wp:attachment":[{"href":"https:\/\/aconteceunovale.com.br\/portal\/index.php?rest_route=%2Fwp%2Fv2%2Fmedia&parent=170061"}],"wp:term":[{"taxonomy":"category","embeddable":true,"href":"https:\/\/aconteceunovale.com.br\/portal\/index.php?rest_route=%2Fwp%2Fv2%2Fcategories&post=170061"},{"taxonomy":"post_tag","embeddable":true,"href":"https:\/\/aconteceunovale.com.br\/portal\/index.php?rest_route=%2Fwp%2Fv2%2Ftags&post=170061"}],"curies":[{"name":"wp","href":"https:\/\/api.w.org\/{rel}","templated":true}]}}