{"id":170057,"date":"2020-11-26T06:57:23","date_gmt":"2020-11-26T09:57:23","guid":{"rendered":"https:\/\/aconteceunovale.com.br\/portal\/?p=170057"},"modified":"2020-11-26T06:57:39","modified_gmt":"2020-11-26T09:57:39","slug":"policia-civil-conclui-investigacao-de-latrocinio-em-governador-valadares","status":"publish","type":"post","link":"https:\/\/aconteceunovale.com.br\/portal\/?p=170057","title":{"rendered":"Pol\u00edcia Civil conclui investiga\u00e7\u00e3o de latroc\u00ednio em Governador Valadares"},"content":{"rendered":"\n<p class=\"wp-block-paragraph\">Nesta semana, a Pol\u00edcia Civil de Minas Gerais (PCMG) solucionou um crime de latroc\u00ednio ocorrido em Governador Valadares. A v\u00edtima, um homem de 27 anos, foi encontrada morta \u00e0s margens do Rio Doce, no bairro Santa Rita, no dia 15 de agosto deste ano. Menos de 24 horas antes da localiza\u00e7\u00e3o do corpo, a fam\u00edlia registrou ocorr\u00eancia relatando o desaparecimento.<\/p>\n\n\n\n<p class=\"wp-block-paragraph\">Com dados iniciais, ainda no local do resgate do corpo, levantou-se a possibilidade de a v\u00edtima ter morrido em decorr\u00eancia de afogamento. A tese foi descartada ap\u00f3s an\u00e1lises da per\u00edcia m\u00e9dico-legal da PCMG, concluindo que o homem foi violentamente morto com disparos de arma de fogo de calibre 32, efetuados a curta dist\u00e2ncia.<\/p>\n\n\n\n<p class=\"wp-block-paragraph\">Durante as investiga\u00e7\u00f5es, o ve\u00edculo da v\u00edtima foi localizado tr\u00eas dias ap\u00f3s o desaparecimento, pr\u00f3ximo a um assentamento, no munic\u00edpio de Periquito. Foi verificada tamb\u00e9m a subtra\u00e7\u00e3o de todos os produtos que a v\u00edtima comercializava, como produtos de limpeza, cosm\u00e9ticos e ch\u00e1s.<\/p>\n\n\n\n<p class=\"wp-block-paragraph\">Por meio de trabalho t\u00e9cnico minucioso, realizado pela equipe da Delegacia Especializada em Crimes Contra a Vida e Pessoas Desaparecidas, em Governador Valadares, chegou-se \u00e0 identidade do suspeito, de 23 anos, tendo a PCMG representado pela pris\u00e3o dele.<\/p>\n\n\n\n<p class=\"wp-block-paragraph\">\u201cFoi demonstrado, durante a condu\u00e7\u00e3o do inqu\u00e9rito policial, que o suspeito esteve com a v\u00edtima, subtraiu os pertences dela e escondeu o autom\u00f3vel na zona rural de Periquito, regi\u00e3o onde possui familiares\u201d, diz a delegada Liliam de Cales. Ela ressalta que \u201ca execu\u00e7\u00e3o da v\u00edtima pode ter se dado na regi\u00e3o onde o corpo foi encontrado, pr\u00f3ximo \u00e0 resid\u00eancia do suspeito\u201d.<\/p>\n\n\n\n<p class=\"wp-block-paragraph\">Conclu\u00eddas as investiga\u00e7\u00f5es, o suspeito foi indiciado pela Pol\u00edcia Civil e pode ser denunciado pelo Minist\u00e9rio P\u00fablico pelo cometimento de crime de latroc\u00ednio e oculta\u00e7\u00e3o de cad\u00e1ver. O investigado foi preso no in\u00edcio de outubro e permanece no sistema prisional.<\/p>\n\n\n\n<p class=\"has-white-color has-vivid-cyan-blue-background-color has-text-color has-background wp-block-paragraph\">Quer saber as not\u00edcias do <strong>Aconteceu no Vale<\/strong> em primeira m\u00e3o? Siga-nos no Facebook <a rel=\"noreferrer noopener\" href=\"http:\/\/facebook.com\/aconteceunovale\" target=\"_blank\">@aconteceunovale<\/a>, Twitter <a rel=\"noreferrer noopener\" href=\"https:\/\/twitter.com\/noticiadosvales\" target=\"_blank\">@noticiadosvales<\/a> e Instagram <a rel=\"noreferrer noopener\" href=\"https:\/\/www.instagram.com\/aconteceunovale\" target=\"_blank\">@aconteceunovale<\/a>.<\/p>\n","protected":false},"excerpt":{"rendered":"<p>Nesta semana, a Pol\u00edcia Civil de Minas Gerais (PCMG) solucionou um crime de latroc\u00ednio ocorrido em Governador Valadares. A v\u00edtima, um homem de 27 anos, foi encontrada morta \u00e0s margens do Rio Doce, no bairro Santa Rita, no dia 15 de agosto deste ano. Menos de 24 horas antes da localiza\u00e7\u00e3o do corpo, a fam\u00edlia [&hellip;]<\/p>\n","protected":false},"author":4,"featured_media":162883,"comment_status":"open","ping_status":"closed","sticky":false,"template":"","format":"standard","meta":{"amp_status":"","footnotes":""},"categories":[121],"tags":[30500,231359,247,18800,207037,231357,231358,604,1670,231356,44644,18801],"class_list":["post-170057","post","type-post","status-publish","format-standard","has-post-thumbnail","hentry","category-leste","tag-corpo-encontrado-no-rio-doce-em-governador-valadares","tag-delegada-liliam-de-cales","tag-governador-valadares","tag-gv","tag-latrocinio-em-governador-valadares","tag-latrocinio-em-valadares","tag-liliam-de-cales","tag-pcmg","tag-periquito","tag-policia-civil-conclui-investigacao-de-latrocinio-em-governador-valadares","tag-policia-civil-de-minas-gerais","tag-valadares"],"yoast_head":"<!-- This site is optimized with the Yoast SEO plugin v28.3 - https:\/\/yoast.com\/product\/yoast-seo-wordpress\/ -->\n<title>Pol\u00edcia Civil conclui investiga\u00e7\u00e3o de latroc\u00ednio em Governador Valadares - Aconteceu no Vale<\/title>\n<meta name=\"robots\" content=\"index, follow, max-snippet:-1, max-image-preview:large, max-video-preview:-1\" \/>\n<link rel=\"canonical\" href=\"https:\/\/aconteceunovale.com.br\/portal\/?p=170057\" \/>\n<meta property=\"og:locale\" content=\"pt_BR\" \/>\n<meta property=\"og:type\" content=\"article\" \/>\n<meta property=\"og:title\" content=\"Pol\u00edcia Civil conclui investiga\u00e7\u00e3o de latroc\u00ednio em Governador Valadares - Aconteceu no Vale\" \/>\n<meta property=\"og:description\" content=\"Nesta semana, a Pol\u00edcia Civil de Minas Gerais (PCMG) solucionou um crime de latroc\u00ednio ocorrido em Governador Valadares. A v\u00edtima, um homem de 27 anos, foi encontrada morta \u00e0s margens do Rio Doce, no bairro Santa Rita, no dia 15 de agosto deste ano. Menos de 24 horas antes da localiza\u00e7\u00e3o do corpo, a fam\u00edlia [&hellip;]\" \/>\n<meta property=\"og:url\" content=\"https:\/\/aconteceunovale.com.br\/portal\/?p=170057\" \/>\n<meta property=\"og:site_name\" content=\"Aconteceu no Vale\" \/>\n<meta property=\"article:publisher\" content=\"https:\/\/www.facebook.com\/aconteceunovale\/\" \/>\n<meta property=\"article:published_time\" content=\"2020-11-26T09:57:23+00:00\" \/>\n<meta property=\"article:modified_time\" content=\"2020-11-26T09:57:39+00:00\" \/>\n<meta property=\"og:image\" content=\"https:\/\/aconteceunovale.com.br\/portal\/wp-content\/uploads\/2020\/05\/valadares.png\" \/>\n\t<meta property=\"og:image:width\" content=\"678\" \/>\n\t<meta property=\"og:image:height\" content=\"370\" \/>\n\t<meta property=\"og:image:type\" content=\"image\/png\" \/>\n<meta name=\"author\" content=\"Reda\u00e7\u00e3o Aconteceu no Vale\" \/>\n<meta name=\"twitter:card\" content=\"summary_large_image\" \/>\n<meta name=\"twitter:creator\" content=\"@noticiadosvales\" \/>\n<meta name=\"twitter:site\" content=\"@noticiadosvales\" \/>\n<meta name=\"twitter:label1\" content=\"Escrito por\" \/>\n\t<meta name=\"twitter:data1\" content=\"Reda\u00e7\u00e3o Aconteceu no Vale\" \/>\n\t<meta name=\"twitter:label2\" content=\"Est. tempo de leitura\" \/>\n\t<meta name=\"twitter:data2\" content=\"2 minutos\" \/>\n<script type=\"application\/ld+json\" class=\"yoast-schema-graph\">{\"@context\":\"https:\\\/\\\/schema.org\",\"@graph\":[{\"@type\":\"Article\",\"@id\":\"https:\\\/\\\/aconteceunovale.com.br\\\/portal\\\/?p=170057#article\",\"isPartOf\":{\"@id\":\"https:\\\/\\\/aconteceunovale.com.br\\\/portal\\\/?p=170057\"},\"author\":{\"name\":\"Reda\u00e7\u00e3o Aconteceu no Vale\",\"@id\":\"https:\\\/\\\/aconteceunovale.com.br\\\/portal\\\/#\\\/schema\\\/person\\\/7d2f26d1483f8a63de73da1ee0754d35\"},\"headline\":\"Pol\u00edcia Civil conclui investiga\u00e7\u00e3o de latroc\u00ednio em Governador Valadares\",\"datePublished\":\"2020-11-26T09:57:23+00:00\",\"dateModified\":\"2020-11-26T09:57:39+00:00\",\"mainEntityOfPage\":{\"@id\":\"https:\\\/\\\/aconteceunovale.com.br\\\/portal\\\/?p=170057\"},\"wordCount\":367,\"commentCount\":0,\"image\":{\"@id\":\"https:\\\/\\\/aconteceunovale.com.br\\\/portal\\\/?p=170057#primaryimage\"},\"thumbnailUrl\":\"https:\\\/\\\/aconteceunovale.com.br\\\/portal\\\/wp-content\\\/uploads\\\/2020\\\/05\\\/valadares.png\",\"keywords\":[\"Corpo encontrado no rio doce em Governador Valadares\",\"Delegada Liliam de Cales\",\"Governador Valadares\",\"gv\",\"Latroc\u00ednio em Governador Valadares\",\"Latroc\u00ednio em Valadares\",\"Liliam de Cales\",\"PCMG\",\"Periquito\",\"Pol\u00edcia Civil conclui investiga\u00e7\u00e3o de latroc\u00ednio em Governador Valadares\",\"Pol\u00edcia Civil de Minas Gerais\",\"valadares\"],\"articleSection\":[\"Leste de Minas\"],\"inLanguage\":\"pt-BR\",\"potentialAction\":[{\"@type\":\"CommentAction\",\"name\":\"Comment\",\"target\":[\"https:\\\/\\\/aconteceunovale.com.br\\\/portal\\\/?p=170057#respond\"]}]},{\"@type\":\"WebPage\",\"@id\":\"https:\\\/\\\/aconteceunovale.com.br\\\/portal\\\/?p=170057\",\"url\":\"https:\\\/\\\/aconteceunovale.com.br\\\/portal\\\/?p=170057\",\"name\":\"Pol\u00edcia Civil conclui investiga\u00e7\u00e3o de latroc\u00ednio em Governador Valadares - Aconteceu no Vale\",\"isPartOf\":{\"@id\":\"https:\\\/\\\/aconteceunovale.com.br\\\/portal\\\/#website\"},\"primaryImageOfPage\":{\"@id\":\"https:\\\/\\\/aconteceunovale.com.br\\\/portal\\\/?p=170057#primaryimage\"},\"image\":{\"@id\":\"https:\\\/\\\/aconteceunovale.com.br\\\/portal\\\/?p=170057#primaryimage\"},\"thumbnailUrl\":\"https:\\\/\\\/aconteceunovale.com.br\\\/portal\\\/wp-content\\\/uploads\\\/2020\\\/05\\\/valadares.png\",\"datePublished\":\"2020-11-26T09:57:23+00:00\",\"dateModified\":\"2020-11-26T09:57:39+00:00\",\"author\":{\"@id\":\"https:\\\/\\\/aconteceunovale.com.br\\\/portal\\\/#\\\/schema\\\/person\\\/7d2f26d1483f8a63de73da1ee0754d35\"},\"breadcrumb\":{\"@id\":\"https:\\\/\\\/aconteceunovale.com.br\\\/portal\\\/?p=170057#breadcrumb\"},\"inLanguage\":\"pt-BR\",\"potentialAction\":[{\"@type\":\"ReadAction\",\"target\":[\"https:\\\/\\\/aconteceunovale.com.br\\\/portal\\\/?p=170057\"]}]},{\"@type\":\"ImageObject\",\"inLanguage\":\"pt-BR\",\"@id\":\"https:\\\/\\\/aconteceunovale.com.br\\\/portal\\\/?p=170057#primaryimage\",\"url\":\"https:\\\/\\\/aconteceunovale.com.br\\\/portal\\\/wp-content\\\/uploads\\\/2020\\\/05\\\/valadares.png\",\"contentUrl\":\"https:\\\/\\\/aconteceunovale.com.br\\\/portal\\\/wp-content\\\/uploads\\\/2020\\\/05\\\/valadares.png\",\"width\":678,\"height\":370},{\"@type\":\"BreadcrumbList\",\"@id\":\"https:\\\/\\\/aconteceunovale.com.br\\\/portal\\\/?p=170057#breadcrumb\",\"itemListElement\":[{\"@type\":\"ListItem\",\"position\":1,\"name\":\"In\u00edcio\",\"item\":\"https:\\\/\\\/aconteceunovale.com.br\\\/portal\\\/\"},{\"@type\":\"ListItem\",\"position\":2,\"name\":\"Pol\u00edcia Civil conclui investiga\u00e7\u00e3o de latroc\u00ednio em Governador Valadares\"}]},{\"@type\":\"WebSite\",\"@id\":\"https:\\\/\\\/aconteceunovale.com.br\\\/portal\\\/#website\",\"url\":\"https:\\\/\\\/aconteceunovale.com.br\\\/portal\\\/\",\"name\":\"Aconteceu no Vale\",\"description\":\"Portal de Not\u00edcias\",\"potentialAction\":[{\"@type\":\"SearchAction\",\"target\":{\"@type\":\"EntryPoint\",\"urlTemplate\":\"https:\\\/\\\/aconteceunovale.com.br\\\/portal\\\/?s={search_term_string}\"},\"query-input\":{\"@type\":\"PropertyValueSpecification\",\"valueRequired\":true,\"valueName\":\"search_term_string\"}}],\"inLanguage\":\"pt-BR\"},{\"@type\":\"Person\",\"@id\":\"https:\\\/\\\/aconteceunovale.com.br\\\/portal\\\/#\\\/schema\\\/person\\\/7d2f26d1483f8a63de73da1ee0754d35\",\"name\":\"Reda\u00e7\u00e3o Aconteceu no Vale\",\"description\":\"Equipe de reportagem do Aconteceu no Vale, portal de not\u00edcias do Vale do Jequitinhonha, em Minas Gerais. Cobrimos as 51 cidades do Vale desde 2013. Sugest\u00f5es de pauta e pedidos de corre\u00e7\u00e3o: contato@aconteceunovale.com.br\",\"url\":\"https:\\\/\\\/aconteceunovale.com.br\\\/portal\\\/?author=4\"}]}<\/script>\n<!-- \/ Yoast SEO plugin. -->","yoast_head_json":{"title":"Pol\u00edcia Civil conclui investiga\u00e7\u00e3o de latroc\u00ednio em Governador Valadares - Aconteceu no Vale","robots":{"index":"index","follow":"follow","max-snippet":"max-snippet:-1","max-image-preview":"max-image-preview:large","max-video-preview":"max-video-preview:-1"},"canonical":"https:\/\/aconteceunovale.com.br\/portal\/?p=170057","og_locale":"pt_BR","og_type":"article","og_title":"Pol\u00edcia Civil conclui investiga\u00e7\u00e3o de latroc\u00ednio em Governador Valadares - Aconteceu no Vale","og_description":"Nesta semana, a Pol\u00edcia Civil de Minas Gerais (PCMG) solucionou um crime de latroc\u00ednio ocorrido em Governador Valadares. A v\u00edtima, um homem de 27 anos, foi encontrada morta \u00e0s margens do Rio Doce, no bairro Santa Rita, no dia 15 de agosto deste ano. Menos de 24 horas antes da localiza\u00e7\u00e3o do corpo, a fam\u00edlia [&hellip;]","og_url":"https:\/\/aconteceunovale.com.br\/portal\/?p=170057","og_site_name":"Aconteceu no Vale","article_publisher":"https:\/\/www.facebook.com\/aconteceunovale\/","article_published_time":"2020-11-26T09:57:23+00:00","article_modified_time":"2020-11-26T09:57:39+00:00","og_image":[{"width":678,"height":370,"url":"https:\/\/aconteceunovale.com.br\/portal\/wp-content\/uploads\/2020\/05\/valadares.png","type":"image\/png"}],"author":"Reda\u00e7\u00e3o Aconteceu no Vale","twitter_card":"summary_large_image","twitter_creator":"@noticiadosvales","twitter_site":"@noticiadosvales","twitter_misc":{"Escrito por":"Reda\u00e7\u00e3o Aconteceu no Vale","Est. tempo de leitura":"2 minutos"},"schema":{"@context":"https:\/\/schema.org","@graph":[{"@type":"Article","@id":"https:\/\/aconteceunovale.com.br\/portal\/?p=170057#article","isPartOf":{"@id":"https:\/\/aconteceunovale.com.br\/portal\/?p=170057"},"author":{"name":"Reda\u00e7\u00e3o Aconteceu no Vale","@id":"https:\/\/aconteceunovale.com.br\/portal\/#\/schema\/person\/7d2f26d1483f8a63de73da1ee0754d35"},"headline":"Pol\u00edcia Civil conclui investiga\u00e7\u00e3o de latroc\u00ednio em Governador Valadares","datePublished":"2020-11-26T09:57:23+00:00","dateModified":"2020-11-26T09:57:39+00:00","mainEntityOfPage":{"@id":"https:\/\/aconteceunovale.com.br\/portal\/?p=170057"},"wordCount":367,"commentCount":0,"image":{"@id":"https:\/\/aconteceunovale.com.br\/portal\/?p=170057#primaryimage"},"thumbnailUrl":"https:\/\/aconteceunovale.com.br\/portal\/wp-content\/uploads\/2020\/05\/valadares.png","keywords":["Corpo encontrado no rio doce em Governador Valadares","Delegada Liliam de Cales","Governador Valadares","gv","Latroc\u00ednio em Governador Valadares","Latroc\u00ednio em Valadares","Liliam de Cales","PCMG","Periquito","Pol\u00edcia Civil conclui investiga\u00e7\u00e3o de latroc\u00ednio em Governador Valadares","Pol\u00edcia Civil de Minas Gerais","valadares"],"articleSection":["Leste de Minas"],"inLanguage":"pt-BR","potentialAction":[{"@type":"CommentAction","name":"Comment","target":["https:\/\/aconteceunovale.com.br\/portal\/?p=170057#respond"]}]},{"@type":"WebPage","@id":"https:\/\/aconteceunovale.com.br\/portal\/?p=170057","url":"https:\/\/aconteceunovale.com.br\/portal\/?p=170057","name":"Pol\u00edcia Civil conclui investiga\u00e7\u00e3o de latroc\u00ednio em Governador Valadares - Aconteceu no Vale","isPartOf":{"@id":"https:\/\/aconteceunovale.com.br\/portal\/#website"},"primaryImageOfPage":{"@id":"https:\/\/aconteceunovale.com.br\/portal\/?p=170057#primaryimage"},"image":{"@id":"https:\/\/aconteceunovale.com.br\/portal\/?p=170057#primaryimage"},"thumbnailUrl":"https:\/\/aconteceunovale.com.br\/portal\/wp-content\/uploads\/2020\/05\/valadares.png","datePublished":"2020-11-26T09:57:23+00:00","dateModified":"2020-11-26T09:57:39+00:00","author":{"@id":"https:\/\/aconteceunovale.com.br\/portal\/#\/schema\/person\/7d2f26d1483f8a63de73da1ee0754d35"},"breadcrumb":{"@id":"https:\/\/aconteceunovale.com.br\/portal\/?p=170057#breadcrumb"},"inLanguage":"pt-BR","potentialAction":[{"@type":"ReadAction","target":["https:\/\/aconteceunovale.com.br\/portal\/?p=170057"]}]},{"@type":"ImageObject","inLanguage":"pt-BR","@id":"https:\/\/aconteceunovale.com.br\/portal\/?p=170057#primaryimage","url":"https:\/\/aconteceunovale.com.br\/portal\/wp-content\/uploads\/2020\/05\/valadares.png","contentUrl":"https:\/\/aconteceunovale.com.br\/portal\/wp-content\/uploads\/2020\/05\/valadares.png","width":678,"height":370},{"@type":"BreadcrumbList","@id":"https:\/\/aconteceunovale.com.br\/portal\/?p=170057#breadcrumb","itemListElement":[{"@type":"ListItem","position":1,"name":"In\u00edcio","item":"https:\/\/aconteceunovale.com.br\/portal\/"},{"@type":"ListItem","position":2,"name":"Pol\u00edcia Civil conclui investiga\u00e7\u00e3o de latroc\u00ednio em Governador Valadares"}]},{"@type":"WebSite","@id":"https:\/\/aconteceunovale.com.br\/portal\/#website","url":"https:\/\/aconteceunovale.com.br\/portal\/","name":"Aconteceu no Vale","description":"Portal de Not\u00edcias","potentialAction":[{"@type":"SearchAction","target":{"@type":"EntryPoint","urlTemplate":"https:\/\/aconteceunovale.com.br\/portal\/?s={search_term_string}"},"query-input":{"@type":"PropertyValueSpecification","valueRequired":true,"valueName":"search_term_string"}}],"inLanguage":"pt-BR"},{"@type":"Person","@id":"https:\/\/aconteceunovale.com.br\/portal\/#\/schema\/person\/7d2f26d1483f8a63de73da1ee0754d35","name":"Reda\u00e7\u00e3o Aconteceu no Vale","description":"Equipe de reportagem do Aconteceu no Vale, portal de not\u00edcias do Vale do Jequitinhonha, em Minas Gerais. Cobrimos as 51 cidades do Vale desde 2013. Sugest\u00f5es de pauta e pedidos de corre\u00e7\u00e3o: contato@aconteceunovale.com.br","url":"https:\/\/aconteceunovale.com.br\/portal\/?author=4"}]}},"_links":{"self":[{"href":"https:\/\/aconteceunovale.com.br\/portal\/index.php?rest_route=\/wp\/v2\/posts\/170057","targetHints":{"allow":["GET"]}}],"collection":[{"href":"https:\/\/aconteceunovale.com.br\/portal\/index.php?rest_route=\/wp\/v2\/posts"}],"about":[{"href":"https:\/\/aconteceunovale.com.br\/portal\/index.php?rest_route=\/wp\/v2\/types\/post"}],"author":[{"embeddable":true,"href":"https:\/\/aconteceunovale.com.br\/portal\/index.php?rest_route=\/wp\/v2\/users\/4"}],"replies":[{"embeddable":true,"href":"https:\/\/aconteceunovale.com.br\/portal\/index.php?rest_route=%2Fwp%2Fv2%2Fcomments&post=170057"}],"version-history":[{"count":1,"href":"https:\/\/aconteceunovale.com.br\/portal\/index.php?rest_route=\/wp\/v2\/posts\/170057\/revisions"}],"predecessor-version":[{"id":170058,"href":"https:\/\/aconteceunovale.com.br\/portal\/index.php?rest_route=\/wp\/v2\/posts\/170057\/revisions\/170058"}],"wp:featuredmedia":[{"embeddable":true,"href":"https:\/\/aconteceunovale.com.br\/portal\/index.php?rest_route=\/wp\/v2\/media\/162883"}],"wp:attachment":[{"href":"https:\/\/aconteceunovale.com.br\/portal\/index.php?rest_route=%2Fwp%2Fv2%2Fmedia&parent=170057"}],"wp:term":[{"taxonomy":"category","embeddable":true,"href":"https:\/\/aconteceunovale.com.br\/portal\/index.php?rest_route=%2Fwp%2Fv2%2Fcategories&post=170057"},{"taxonomy":"post_tag","embeddable":true,"href":"https:\/\/aconteceunovale.com.br\/portal\/index.php?rest_route=%2Fwp%2Fv2%2Ftags&post=170057"}],"curies":[{"name":"wp","href":"https:\/\/api.w.org\/{rel}","templated":true}]}}