{"id":170039,"date":"2020-11-25T19:19:13","date_gmt":"2020-11-25T22:19:13","guid":{"rendered":"https:\/\/aconteceunovale.com.br\/portal\/?p=170039"},"modified":"2020-11-25T19:19:47","modified_gmt":"2020-11-25T22:19:47","slug":"pfizer-inicia-pedido-de-registro-para-vacina-contra-covid-19-na-anvisa","status":"publish","type":"post","link":"https:\/\/aconteceunovale.com.br\/portal\/?p=170039","title":{"rendered":"Pfizer inicia pedido de registro para vacina contra Covid-19 na Anvisa"},"content":{"rendered":"\n<p class=\"wp-block-paragraph\">A farmac\u00eautica Pfizer informou&nbsp;hoje&nbsp;(25) que deu in\u00edcio ao processo de pedido de registro junto \u00e0 Ag\u00eancia Nacional de Vigil\u00e2ncia Sanit\u00e1ria (Anvisa) da vacina que desenvolve para o combate \u00e0 covid-19. \u00c9 o primeiro passo para que o tratamento possa obter a autoriza\u00e7\u00e3o da ag\u00eancia e seja disponibilizado no pa\u00eds.<img decoding=\"async\" src=\"https:\/\/agenciabrasil.ebc.com.br\/ebc.png?id=1394519&amp;o=node\"><img decoding=\"async\" src=\"https:\/\/agenciabrasil.ebc.com.br\/ebc.gif?id=1394519&amp;o=node\"><\/p>\n\n\n\n<p class=\"wp-block-paragraph\">O an\u00fancio foi feito pela companhia ap\u00f3s reuni\u00e3o com t\u00e9cnicos da Anvisa realizada&nbsp;hoje. O requerimento ser\u00e1 realizado na modalidade de \u201csubmiss\u00e3o continuada\u201d, criado pela ag\u00eancia para vacinas espec\u00edficas contra a covid-19 com o objetivo de agilizar procedimentos de an\u00e1lise.<\/p>\n\n\n\n<p class=\"wp-block-paragraph\">A vacina, denominada tecnicamente de BNT162b2, \u00e9 desenvolvida pela Pfizer e pela empresa alem\u00e3 BioNTech. Neste m\u00eas, as companhias anunciaram a conclus\u00e3o dos testes e declararam que a vacina obteve 95% de\u00a0efic\u00e1cia\u00a0no tratamento contra a doen\u00e7a causada pelo novo coronav\u00edrus.<\/p>\n\n\n\n<p class=\"wp-block-paragraph\">Os dados sobre a vacina ser\u00e3o repassados em etapas. Entre eles os resultados dos exames da fase 3, quando foram avaliados pacientes tanto infectados quanto sem o novo coronav\u00edrus. Este foi iniciado no fim&nbsp;de julho&nbsp;e contou com a participa\u00e7\u00e3o de 43,6 mil pessoas de 150 locais de pa\u00edses diversos, como Estados Unidos, \u00c1frica do Sul, Argentina e Brasil.<\/p>\n\n\n\n<p class=\"wp-block-paragraph\">Aqui, foram inclu\u00eddos no estudo 2,9 mil&nbsp;volunt\u00e1rios. O processo foi conduzido pelo Centro Paulista de Investiga\u00e7\u00e3o Cl\u00ednica, de S\u00e3o Paulo, e pelas Obras Assistenciais Irm\u00e3 Dulce, em Salvador. Tamb\u00e9m ser\u00e3o entregues informa\u00e7\u00f5es sobre amostras de 38 mil pessoas que participaram dos processos de an\u00e1lise sobre a efic\u00e1cia e a seguran\u00e7a da vacina.<\/p>\n\n\n\n<p class=\"wp-block-paragraph\">A Pfizer n\u00e3o detalhou em seu comunicado oficial se h\u00e1 previs\u00e3o para o encaminhamento do conjunto das informa\u00e7\u00f5es sobre o estudo e a oficializa\u00e7\u00e3o do requerimento, condi\u00e7\u00e3o para que a vacina comece a ser distribu\u00edda no pa\u00eds. A farmac\u00eautica apenas informou que os resultados ser\u00e3o publicados em peri\u00f3dicos acad\u00eamicos quanto o ensaio cl\u00ednico for conclu\u00eddo.<\/p>\n\n\n\n<p class=\"has-white-color has-vivid-cyan-blue-background-color has-text-color has-background wp-block-paragraph\">Quer saber as not\u00edcias do <strong>Aconteceu no Vale<\/strong> em primeira m\u00e3o? Siga-nos no Facebook <a rel=\"noreferrer noopener\" href=\"http:\/\/facebook.com\/aconteceunovale\" target=\"_blank\">@aconteceunovale<\/a>, Twitter <a rel=\"noreferrer noopener\" href=\"https:\/\/twitter.com\/noticiadosvales\" target=\"_blank\">@noticiadosvales<\/a> e Instagram <a rel=\"noreferrer noopener\" href=\"https:\/\/www.instagram.com\/aconteceunovale\" target=\"_blank\">@aconteceunovale<\/a>.<\/p>\n","protected":false},"excerpt":{"rendered":"<p>A farmac\u00eautica Pfizer informou&nbsp;hoje&nbsp;(25) que deu in\u00edcio ao processo de pedido de registro junto \u00e0 Ag\u00eancia Nacional de Vigil\u00e2ncia Sanit\u00e1ria (Anvisa) da vacina que desenvolve para o combate \u00e0 covid-19. \u00c9 o primeiro passo para que o tratamento possa obter a autoriza\u00e7\u00e3o da ag\u00eancia e seja disponibilizado no pa\u00eds. O an\u00fancio foi feito pela companhia [&hellip;]<\/p>\n","protected":false},"author":4,"featured_media":169720,"comment_status":"open","ping_status":"closed","sticky":false,"template":"","format":"standard","meta":{"amp_status":"","footnotes":""},"categories":[6,40242],"tags":[230835,214884,216498,230836,230833,140166,39755,230827,230834,21730,230832,230830,230828,230831,230829,47710],"class_list":["post-170039","post","type-post","status-publish","format-standard","has-post-thumbnail","hentry","category-br","category-saude-2","tag-biontech-se","tag-coronavirus","tag-covid-19","tag-eficacia","tag-eficacia-da-vacina-da-pfizer","tag-pandemia","tag-pfizer","tag-pfizer-conclui-testes-de-vacina-para-covid-19","tag-pfizer-inc","tag-vacina","tag-vacina-contra-coronavirus-da-pfizer","tag-vacina-contra-covid-19-da-pfizer","tag-vacina-da-pfizer","tag-vacina-para-coronavirus-da-pfizer","tag-vacina-para-covid-19-da-pfizer","tag-vacinas"],"yoast_head":"<!-- This site is optimized with the Yoast SEO plugin v28.3 - https:\/\/yoast.com\/product\/yoast-seo-wordpress\/ -->\n<title>Pfizer inicia pedido de registro para vacina contra Covid-19 na Anvisa - Aconteceu no Vale<\/title>\n<meta name=\"robots\" content=\"index, follow, max-snippet:-1, max-image-preview:large, max-video-preview:-1\" \/>\n<link rel=\"canonical\" href=\"https:\/\/aconteceunovale.com.br\/portal\/?p=170039\" \/>\n<meta property=\"og:locale\" content=\"pt_BR\" \/>\n<meta property=\"og:type\" content=\"article\" \/>\n<meta property=\"og:title\" content=\"Pfizer inicia pedido de registro para vacina contra Covid-19 na Anvisa - Aconteceu no Vale\" \/>\n<meta property=\"og:description\" content=\"A farmac\u00eautica Pfizer informou&nbsp;hoje&nbsp;(25) que deu in\u00edcio ao processo de pedido de registro junto \u00e0 Ag\u00eancia Nacional de Vigil\u00e2ncia Sanit\u00e1ria (Anvisa) da vacina que desenvolve para o combate \u00e0 covid-19. \u00c9 o primeiro passo para que o tratamento possa obter a autoriza\u00e7\u00e3o da ag\u00eancia e seja disponibilizado no pa\u00eds. O an\u00fancio foi feito pela companhia [&hellip;]\" \/>\n<meta property=\"og:url\" content=\"https:\/\/aconteceunovale.com.br\/portal\/?p=170039\" \/>\n<meta property=\"og:site_name\" content=\"Aconteceu no Vale\" \/>\n<meta property=\"article:publisher\" content=\"https:\/\/www.facebook.com\/aconteceunovale\/\" \/>\n<meta property=\"article:published_time\" content=\"2020-11-25T22:19:13+00:00\" \/>\n<meta property=\"article:modified_time\" content=\"2020-11-25T22:19:47+00:00\" \/>\n<meta property=\"og:image\" content=\"https:\/\/aconteceunovale.com.br\/portal\/wp-content\/uploads\/2020\/11\/pfizer.jpg\" \/>\n\t<meta property=\"og:image:width\" content=\"678\" \/>\n\t<meta property=\"og:image:height\" content=\"406\" \/>\n\t<meta property=\"og:image:type\" content=\"image\/jpeg\" \/>\n<meta name=\"author\" content=\"Reda\u00e7\u00e3o Aconteceu no Vale\" \/>\n<meta name=\"twitter:card\" content=\"summary_large_image\" \/>\n<meta name=\"twitter:creator\" content=\"@noticiadosvales\" \/>\n<meta name=\"twitter:site\" content=\"@noticiadosvales\" \/>\n<meta name=\"twitter:label1\" content=\"Escrito por\" \/>\n\t<meta name=\"twitter:data1\" content=\"Reda\u00e7\u00e3o Aconteceu no Vale\" \/>\n\t<meta name=\"twitter:label2\" content=\"Est. tempo de leitura\" \/>\n\t<meta name=\"twitter:data2\" content=\"2 minutos\" \/>\n<script type=\"application\/ld+json\" class=\"yoast-schema-graph\">{\"@context\":\"https:\\\/\\\/schema.org\",\"@graph\":[{\"@type\":\"Article\",\"@id\":\"https:\\\/\\\/aconteceunovale.com.br\\\/portal\\\/?p=170039#article\",\"isPartOf\":{\"@id\":\"https:\\\/\\\/aconteceunovale.com.br\\\/portal\\\/?p=170039\"},\"author\":{\"name\":\"Reda\u00e7\u00e3o Aconteceu no Vale\",\"@id\":\"https:\\\/\\\/aconteceunovale.com.br\\\/portal\\\/#\\\/schema\\\/person\\\/7d2f26d1483f8a63de73da1ee0754d35\"},\"headline\":\"Pfizer inicia pedido de registro para vacina contra Covid-19 na Anvisa\",\"datePublished\":\"2020-11-25T22:19:13+00:00\",\"dateModified\":\"2020-11-25T22:19:47+00:00\",\"mainEntityOfPage\":{\"@id\":\"https:\\\/\\\/aconteceunovale.com.br\\\/portal\\\/?p=170039\"},\"wordCount\":379,\"commentCount\":0,\"image\":{\"@id\":\"https:\\\/\\\/aconteceunovale.com.br\\\/portal\\\/?p=170039#primaryimage\"},\"thumbnailUrl\":\"https:\\\/\\\/aconteceunovale.com.br\\\/portal\\\/wp-content\\\/uploads\\\/2020\\\/11\\\/pfizer.jpg\",\"keywords\":[\"BioNTech SE\",\"Coronav\u00edrus\",\"COVID-19\",\"Efic\u00e1cia\",\"Efic\u00e1cia da vacina da Pfizer\",\"pandemia\",\"Pfizer\",\"Pfizer conclui testes de vacina para Covid-19\",\"Pfizer Inc\",\"vacina\",\"Vacina contra coronav\u00edrus da Pfizer\",\"Vacina contra covid-19 da Pfizer\",\"Vacina da Pfizer\",\"Vacina para coronav\u00edrus da Pfizer\",\"Vacina para covid-19 da Pfizer\",\"vacinas\"],\"articleSection\":[\"Brasil\",\"Sa\u00fade\"],\"inLanguage\":\"pt-BR\",\"potentialAction\":[{\"@type\":\"CommentAction\",\"name\":\"Comment\",\"target\":[\"https:\\\/\\\/aconteceunovale.com.br\\\/portal\\\/?p=170039#respond\"]}]},{\"@type\":\"WebPage\",\"@id\":\"https:\\\/\\\/aconteceunovale.com.br\\\/portal\\\/?p=170039\",\"url\":\"https:\\\/\\\/aconteceunovale.com.br\\\/portal\\\/?p=170039\",\"name\":\"Pfizer inicia pedido de registro para vacina contra Covid-19 na Anvisa - Aconteceu no Vale\",\"isPartOf\":{\"@id\":\"https:\\\/\\\/aconteceunovale.com.br\\\/portal\\\/#website\"},\"primaryImageOfPage\":{\"@id\":\"https:\\\/\\\/aconteceunovale.com.br\\\/portal\\\/?p=170039#primaryimage\"},\"image\":{\"@id\":\"https:\\\/\\\/aconteceunovale.com.br\\\/portal\\\/?p=170039#primaryimage\"},\"thumbnailUrl\":\"https:\\\/\\\/aconteceunovale.com.br\\\/portal\\\/wp-content\\\/uploads\\\/2020\\\/11\\\/pfizer.jpg\",\"datePublished\":\"2020-11-25T22:19:13+00:00\",\"dateModified\":\"2020-11-25T22:19:47+00:00\",\"author\":{\"@id\":\"https:\\\/\\\/aconteceunovale.com.br\\\/portal\\\/#\\\/schema\\\/person\\\/7d2f26d1483f8a63de73da1ee0754d35\"},\"breadcrumb\":{\"@id\":\"https:\\\/\\\/aconteceunovale.com.br\\\/portal\\\/?p=170039#breadcrumb\"},\"inLanguage\":\"pt-BR\",\"potentialAction\":[{\"@type\":\"ReadAction\",\"target\":[\"https:\\\/\\\/aconteceunovale.com.br\\\/portal\\\/?p=170039\"]}]},{\"@type\":\"ImageObject\",\"inLanguage\":\"pt-BR\",\"@id\":\"https:\\\/\\\/aconteceunovale.com.br\\\/portal\\\/?p=170039#primaryimage\",\"url\":\"https:\\\/\\\/aconteceunovale.com.br\\\/portal\\\/wp-content\\\/uploads\\\/2020\\\/11\\\/pfizer.jpg\",\"contentUrl\":\"https:\\\/\\\/aconteceunovale.com.br\\\/portal\\\/wp-content\\\/uploads\\\/2020\\\/11\\\/pfizer.jpg\",\"width\":678,\"height\":406},{\"@type\":\"BreadcrumbList\",\"@id\":\"https:\\\/\\\/aconteceunovale.com.br\\\/portal\\\/?p=170039#breadcrumb\",\"itemListElement\":[{\"@type\":\"ListItem\",\"position\":1,\"name\":\"In\u00edcio\",\"item\":\"https:\\\/\\\/aconteceunovale.com.br\\\/portal\\\/\"},{\"@type\":\"ListItem\",\"position\":2,\"name\":\"Pfizer inicia pedido de registro para vacina contra Covid-19 na Anvisa\"}]},{\"@type\":\"WebSite\",\"@id\":\"https:\\\/\\\/aconteceunovale.com.br\\\/portal\\\/#website\",\"url\":\"https:\\\/\\\/aconteceunovale.com.br\\\/portal\\\/\",\"name\":\"Aconteceu no Vale\",\"description\":\"Portal de Not\u00edcias\",\"potentialAction\":[{\"@type\":\"SearchAction\",\"target\":{\"@type\":\"EntryPoint\",\"urlTemplate\":\"https:\\\/\\\/aconteceunovale.com.br\\\/portal\\\/?s={search_term_string}\"},\"query-input\":{\"@type\":\"PropertyValueSpecification\",\"valueRequired\":true,\"valueName\":\"search_term_string\"}}],\"inLanguage\":\"pt-BR\"},{\"@type\":\"Person\",\"@id\":\"https:\\\/\\\/aconteceunovale.com.br\\\/portal\\\/#\\\/schema\\\/person\\\/7d2f26d1483f8a63de73da1ee0754d35\",\"name\":\"Reda\u00e7\u00e3o Aconteceu no Vale\",\"description\":\"Equipe de reportagem do Aconteceu no Vale, portal de not\u00edcias do Vale do Jequitinhonha, em Minas Gerais. Cobrimos as 51 cidades do Vale desde 2013. Sugest\u00f5es de pauta e pedidos de corre\u00e7\u00e3o: contato@aconteceunovale.com.br\",\"url\":\"https:\\\/\\\/aconteceunovale.com.br\\\/portal\\\/?author=4\"}]}<\/script>\n<!-- \/ Yoast SEO plugin. -->","yoast_head_json":{"title":"Pfizer inicia pedido de registro para vacina contra Covid-19 na Anvisa - Aconteceu no Vale","robots":{"index":"index","follow":"follow","max-snippet":"max-snippet:-1","max-image-preview":"max-image-preview:large","max-video-preview":"max-video-preview:-1"},"canonical":"https:\/\/aconteceunovale.com.br\/portal\/?p=170039","og_locale":"pt_BR","og_type":"article","og_title":"Pfizer inicia pedido de registro para vacina contra Covid-19 na Anvisa - Aconteceu no Vale","og_description":"A farmac\u00eautica Pfizer informou&nbsp;hoje&nbsp;(25) que deu in\u00edcio ao processo de pedido de registro junto \u00e0 Ag\u00eancia Nacional de Vigil\u00e2ncia Sanit\u00e1ria (Anvisa) da vacina que desenvolve para o combate \u00e0 covid-19. \u00c9 o primeiro passo para que o tratamento possa obter a autoriza\u00e7\u00e3o da ag\u00eancia e seja disponibilizado no pa\u00eds. O an\u00fancio foi feito pela companhia [&hellip;]","og_url":"https:\/\/aconteceunovale.com.br\/portal\/?p=170039","og_site_name":"Aconteceu no Vale","article_publisher":"https:\/\/www.facebook.com\/aconteceunovale\/","article_published_time":"2020-11-25T22:19:13+00:00","article_modified_time":"2020-11-25T22:19:47+00:00","og_image":[{"width":678,"height":406,"url":"https:\/\/aconteceunovale.com.br\/portal\/wp-content\/uploads\/2020\/11\/pfizer.jpg","type":"image\/jpeg"}],"author":"Reda\u00e7\u00e3o Aconteceu no Vale","twitter_card":"summary_large_image","twitter_creator":"@noticiadosvales","twitter_site":"@noticiadosvales","twitter_misc":{"Escrito por":"Reda\u00e7\u00e3o Aconteceu no Vale","Est. tempo de leitura":"2 minutos"},"schema":{"@context":"https:\/\/schema.org","@graph":[{"@type":"Article","@id":"https:\/\/aconteceunovale.com.br\/portal\/?p=170039#article","isPartOf":{"@id":"https:\/\/aconteceunovale.com.br\/portal\/?p=170039"},"author":{"name":"Reda\u00e7\u00e3o Aconteceu no Vale","@id":"https:\/\/aconteceunovale.com.br\/portal\/#\/schema\/person\/7d2f26d1483f8a63de73da1ee0754d35"},"headline":"Pfizer inicia pedido de registro para vacina contra Covid-19 na Anvisa","datePublished":"2020-11-25T22:19:13+00:00","dateModified":"2020-11-25T22:19:47+00:00","mainEntityOfPage":{"@id":"https:\/\/aconteceunovale.com.br\/portal\/?p=170039"},"wordCount":379,"commentCount":0,"image":{"@id":"https:\/\/aconteceunovale.com.br\/portal\/?p=170039#primaryimage"},"thumbnailUrl":"https:\/\/aconteceunovale.com.br\/portal\/wp-content\/uploads\/2020\/11\/pfizer.jpg","keywords":["BioNTech SE","Coronav\u00edrus","COVID-19","Efic\u00e1cia","Efic\u00e1cia da vacina da Pfizer","pandemia","Pfizer","Pfizer conclui testes de vacina para Covid-19","Pfizer Inc","vacina","Vacina contra coronav\u00edrus da Pfizer","Vacina contra covid-19 da Pfizer","Vacina da Pfizer","Vacina para coronav\u00edrus da Pfizer","Vacina para covid-19 da Pfizer","vacinas"],"articleSection":["Brasil","Sa\u00fade"],"inLanguage":"pt-BR","potentialAction":[{"@type":"CommentAction","name":"Comment","target":["https:\/\/aconteceunovale.com.br\/portal\/?p=170039#respond"]}]},{"@type":"WebPage","@id":"https:\/\/aconteceunovale.com.br\/portal\/?p=170039","url":"https:\/\/aconteceunovale.com.br\/portal\/?p=170039","name":"Pfizer inicia pedido de registro para vacina contra Covid-19 na Anvisa - Aconteceu no Vale","isPartOf":{"@id":"https:\/\/aconteceunovale.com.br\/portal\/#website"},"primaryImageOfPage":{"@id":"https:\/\/aconteceunovale.com.br\/portal\/?p=170039#primaryimage"},"image":{"@id":"https:\/\/aconteceunovale.com.br\/portal\/?p=170039#primaryimage"},"thumbnailUrl":"https:\/\/aconteceunovale.com.br\/portal\/wp-content\/uploads\/2020\/11\/pfizer.jpg","datePublished":"2020-11-25T22:19:13+00:00","dateModified":"2020-11-25T22:19:47+00:00","author":{"@id":"https:\/\/aconteceunovale.com.br\/portal\/#\/schema\/person\/7d2f26d1483f8a63de73da1ee0754d35"},"breadcrumb":{"@id":"https:\/\/aconteceunovale.com.br\/portal\/?p=170039#breadcrumb"},"inLanguage":"pt-BR","potentialAction":[{"@type":"ReadAction","target":["https:\/\/aconteceunovale.com.br\/portal\/?p=170039"]}]},{"@type":"ImageObject","inLanguage":"pt-BR","@id":"https:\/\/aconteceunovale.com.br\/portal\/?p=170039#primaryimage","url":"https:\/\/aconteceunovale.com.br\/portal\/wp-content\/uploads\/2020\/11\/pfizer.jpg","contentUrl":"https:\/\/aconteceunovale.com.br\/portal\/wp-content\/uploads\/2020\/11\/pfizer.jpg","width":678,"height":406},{"@type":"BreadcrumbList","@id":"https:\/\/aconteceunovale.com.br\/portal\/?p=170039#breadcrumb","itemListElement":[{"@type":"ListItem","position":1,"name":"In\u00edcio","item":"https:\/\/aconteceunovale.com.br\/portal\/"},{"@type":"ListItem","position":2,"name":"Pfizer inicia pedido de registro para vacina contra Covid-19 na Anvisa"}]},{"@type":"WebSite","@id":"https:\/\/aconteceunovale.com.br\/portal\/#website","url":"https:\/\/aconteceunovale.com.br\/portal\/","name":"Aconteceu no Vale","description":"Portal de Not\u00edcias","potentialAction":[{"@type":"SearchAction","target":{"@type":"EntryPoint","urlTemplate":"https:\/\/aconteceunovale.com.br\/portal\/?s={search_term_string}"},"query-input":{"@type":"PropertyValueSpecification","valueRequired":true,"valueName":"search_term_string"}}],"inLanguage":"pt-BR"},{"@type":"Person","@id":"https:\/\/aconteceunovale.com.br\/portal\/#\/schema\/person\/7d2f26d1483f8a63de73da1ee0754d35","name":"Reda\u00e7\u00e3o Aconteceu no Vale","description":"Equipe de reportagem do Aconteceu no Vale, portal de not\u00edcias do Vale do Jequitinhonha, em Minas Gerais. Cobrimos as 51 cidades do Vale desde 2013. Sugest\u00f5es de pauta e pedidos de corre\u00e7\u00e3o: contato@aconteceunovale.com.br","url":"https:\/\/aconteceunovale.com.br\/portal\/?author=4"}]}},"_links":{"self":[{"href":"https:\/\/aconteceunovale.com.br\/portal\/index.php?rest_route=\/wp\/v2\/posts\/170039","targetHints":{"allow":["GET"]}}],"collection":[{"href":"https:\/\/aconteceunovale.com.br\/portal\/index.php?rest_route=\/wp\/v2\/posts"}],"about":[{"href":"https:\/\/aconteceunovale.com.br\/portal\/index.php?rest_route=\/wp\/v2\/types\/post"}],"author":[{"embeddable":true,"href":"https:\/\/aconteceunovale.com.br\/portal\/index.php?rest_route=\/wp\/v2\/users\/4"}],"replies":[{"embeddable":true,"href":"https:\/\/aconteceunovale.com.br\/portal\/index.php?rest_route=%2Fwp%2Fv2%2Fcomments&post=170039"}],"version-history":[{"count":1,"href":"https:\/\/aconteceunovale.com.br\/portal\/index.php?rest_route=\/wp\/v2\/posts\/170039\/revisions"}],"predecessor-version":[{"id":170040,"href":"https:\/\/aconteceunovale.com.br\/portal\/index.php?rest_route=\/wp\/v2\/posts\/170039\/revisions\/170040"}],"wp:featuredmedia":[{"embeddable":true,"href":"https:\/\/aconteceunovale.com.br\/portal\/index.php?rest_route=\/wp\/v2\/media\/169720"}],"wp:attachment":[{"href":"https:\/\/aconteceunovale.com.br\/portal\/index.php?rest_route=%2Fwp%2Fv2%2Fmedia&parent=170039"}],"wp:term":[{"taxonomy":"category","embeddable":true,"href":"https:\/\/aconteceunovale.com.br\/portal\/index.php?rest_route=%2Fwp%2Fv2%2Fcategories&post=170039"},{"taxonomy":"post_tag","embeddable":true,"href":"https:\/\/aconteceunovale.com.br\/portal\/index.php?rest_route=%2Fwp%2Fv2%2Ftags&post=170039"}],"curies":[{"name":"wp","href":"https:\/\/api.w.org\/{rel}","templated":true}]}}