{"id":170025,"date":"2020-11-25T18:19:51","date_gmt":"2020-11-25T21:19:51","guid":{"rendered":"https:\/\/aconteceunovale.com.br\/portal\/?p=170025"},"modified":"2020-11-25T18:20:40","modified_gmt":"2020-11-25T21:20:40","slug":"governo-do-estado-atualiza-situacao-das-macrorregioes-no-plano-minas-consciente","status":"publish","type":"post","link":"https:\/\/aconteceunovale.com.br\/portal\/?p=170025","title":{"rendered":"Governo do Estado atualiza situa\u00e7\u00e3o das macrorregi\u00f5es no plano Minas Consciente"},"content":{"rendered":"\n<p class=\"wp-block-paragraph\">A macrorregi\u00e3o de Sa\u00fade\u00a0Sul\u00a0vai regredir para uma fase mais restritiva do\u00a0<a rel=\"noreferrer noopener\" href=\"http:\/\/www.mg.gov.br\/minasconsciente\" target=\"_blank\">Minas Consciente<\/a>, plano elaborado pelo\u00a0Governo do Estado\u00a0para garantir a retomada gradual e segura da economia nos munic\u00edpios mineiros.<br><br>O an\u00fancio foi feito durante delibera\u00e7\u00e3o do Comit\u00ea Extraordin\u00e1rio Covid-19, nesta quarta-feira (25\/11), que constatou o aumento de 50% da incid\u00eancia da covid-19 nos \u00faltimos 14 dias no estado. J\u00e1 considerando os \u00faltimos sete dias, a taxa subiu 17%.<br><br>Com a mudan\u00e7a, a macrorregi\u00e3o\u00a0Sul\u00a0passa da onda verde para amarela,\u00a0que permite a abertura de servi\u00e7os n\u00e3o essenciais com menor risco de cont\u00e1gio, como lojas de roupas e sal\u00f5es de beleza. A justificativa para o retrocesso foi a piora nos \u00edndices relacionados \u00e0 doen\u00e7a, como aumento de casos na localidade.<\/p>\n\n\n\n<h2 class=\"wp-block-heading\"><strong>Retifica\u00e7\u00e3o<\/strong><\/h2>\n\n\n\n<p class=\"wp-block-paragraph\">O Comit\u00ea Extraordin\u00e1rio Covid-19 tamb\u00e9m publicou uma retifica\u00e7\u00e3o em rela\u00e7\u00e3o \u00e0 cidade de Te\u00f3filo Otoni. O munic\u00edpio identificou um equ\u00edvoco na duplicidade do preenchimento de novos casos da semana anterior. Desta forma, a macrorregi\u00e3o\u00a0Nordeste, que estava na onda vermelha, passa para a onda amarela.<\/p>\n\n\n\n<h2 class=\"wp-block-heading\"><strong>Mudan\u00e7a<\/strong><\/h2>\n\n\n\n<p class=\"wp-block-paragraph\">As demais regi\u00f5es na onda amarela s\u00e3o\u00a0Vale do A\u00e7o,\u00a0Leste do Sul,\u00a0Sudeste\u00a0e\u00a0Nordeste.<br><br>J\u00e1 as regi\u00f5es que fazem parte da onda verde s\u00e3o\u00a0Tri\u00e2ngulo do Norte,\u00a0Tri\u00e2ngulo do Sul,\u00a0Oeste,\u00a0Centro,\u00a0Noroeste,\u00a0Norte,\u00a0Jequitinhonha\u00a0e\u00a0Centro-Sul, fase que possibilita a abertura de servi\u00e7os n\u00e3o essenciais com alto risco de cont\u00e1gio, como cinemas e bares com m\u00fasica ao vivo.<br><br>A regi\u00e3o\u00a0Leste\u00a0\u00e9 a \u00fanica que permanece na onda vermelha, onde somente os servi\u00e7os essenciais, como supermercados e farm\u00e1cias, est\u00e3o autorizados a funcionar.<\/p>\n\n\n\n<h2 class=\"wp-block-heading\"><strong>Monitoramento<\/strong><\/h2>\n\n\n\n<p class=\"wp-block-paragraph\">De acordo com o secret\u00e1rio de Estado de Sa\u00fade, o m\u00e9dico Carlos Eduardo Amaral, o Governo de Minas monitora 24 horas o comportamento da pandemia em todas as regi\u00f5es, cabendo ao Comit\u00ea deliberar o avan\u00e7o ou regress\u00e3o das macrorregi\u00f5es que comp\u00f5em o estado.<\/p>\n\n\n\n<p class=\"wp-block-paragraph\">\u201cA vigil\u00e2ncia em rela\u00e7\u00e3o aos diferentes cen\u00e1rios em Minas \u00e9 permanente. Novas altera\u00e7\u00f5es podem ser anunciadas a qualquer momento\u201d, afirmou.<\/p>\n\n\n\n<p class=\"wp-block-paragraph\">O secret\u00e1rio aproveitou para enfatizar sobre a necessidade de manter os cuidados b\u00e1sicos de preven\u00e7\u00e3o \u00e0 doen\u00e7a. \u201cAinda precisamos manter o distanciamento, uso de m\u00e1scaras e higieniza\u00e7\u00e3o das m\u00e3os, conforme orienta\u00e7\u00e3o desde o in\u00edcio da pandemia\u201d, alertou.<\/p>\n\n\n\n<figure class=\"wp-block-image size-large\"><img loading=\"lazy\" decoding=\"async\" width=\"678\" height=\"422\" src=\"https:\/\/aconteceunovale.com.br\/portal\/wp-content\/uploads\/2020\/11\/minas_cosciente_25nov_1.png\" alt=\"\" class=\"wp-image-170026\" srcset=\"https:\/\/aconteceunovale.com.br\/portal\/wp-content\/uploads\/2020\/11\/minas_cosciente_25nov_1.png 678w, https:\/\/aconteceunovale.com.br\/portal\/wp-content\/uploads\/2020\/11\/minas_cosciente_25nov_1-300x187.png 300w, https:\/\/aconteceunovale.com.br\/portal\/wp-content\/uploads\/2020\/11\/minas_cosciente_25nov_1-675x420.png 675w\" sizes=\"auto, (max-width: 678px) 100vw, 678px\" \/><\/figure>\n\n\n\n<h2 class=\"wp-block-heading\"><strong>Balan\u00e7o<\/strong><\/h2>\n\n\n\n<p class=\"wp-block-paragraph\">At\u00e9 o momento, 657 cidades mineiras aderiram ao plano Minas Consciente, impactando 13,4 milh\u00f5es de pessoas. Neste contexto, 537 cidades do estado com menos de 30 mil habitantes registraram incid\u00eancia da covid-19 abaixo de 50 casos por 100 mil habitantes nos \u00faltimos 14 dias.<\/p>\n\n\n\n<h2 class=\"wp-block-heading\"><strong>Onda verde<\/strong><\/h2>\n\n\n\n<figure class=\"wp-block-image size-large\"><img loading=\"lazy\" decoding=\"async\" width=\"678\" height=\"422\" src=\"https:\/\/aconteceunovale.com.br\/portal\/wp-content\/uploads\/2020\/11\/minas_cosciente_25nov_2.png\" alt=\"\" class=\"wp-image-170027\" srcset=\"https:\/\/aconteceunovale.com.br\/portal\/wp-content\/uploads\/2020\/11\/minas_cosciente_25nov_2.png 678w, https:\/\/aconteceunovale.com.br\/portal\/wp-content\/uploads\/2020\/11\/minas_cosciente_25nov_2-300x187.png 300w, https:\/\/aconteceunovale.com.br\/portal\/wp-content\/uploads\/2020\/11\/minas_cosciente_25nov_2-675x420.png 675w\" sizes=\"auto, (max-width: 678px) 100vw, 678px\" \/><\/figure>\n\n\n\n<p class=\"wp-block-paragraph\">As regi\u00f5es&nbsp;<a href=\"http:\/\/www.agenciaminas.mg.gov.br\/ckeditor_assets\/attachments\/8147\/12_-_regional_triangulo_norte.pdf\" target=\"_blank\" rel=\"noreferrer noopener\">Tri\u00e2ngulo do Norte<\/a>,&nbsp;<a href=\"http:\/\/www.agenciaminas.mg.gov.br\/ckeditor_assets\/attachments\/8148\/13_-_regional_triangulo_sul.pdf\" target=\"_blank\" rel=\"noreferrer noopener\">Tri\u00e2ngulo do Sul<\/a>,&nbsp;<a href=\"http:\/\/www.agenciaminas.mg.gov.br\/ckeditor_assets\/attachments\/8144\/09_-_regional_oeste.pdf\" target=\"_blank\" rel=\"noreferrer noopener\">Oeste<\/a>,&nbsp;<a href=\"http:\/\/www.agenciaminas.mg.gov.br\/ckeditor_assets\/attachments\/8231\/01_-_regional_centro_vr.pdf\" target=\"_blank\" rel=\"noreferrer noopener\">Centro<\/a>,&nbsp;<a href=\"http:\/\/www.agenciaminas.mg.gov.br\/ckeditor_assets\/attachments\/9538\/07_-_regional_noroeste.pdf\" target=\"_blank\" rel=\"noreferrer noopener\">Noroeste<\/a>,&nbsp;<a href=\"http:\/\/www.agenciaminas.mg.gov.br\/ckeditor_assets\/attachments\/8143\/08_-_regional_norte.pdf\" target=\"_blank\" rel=\"noreferrer noopener\">Norte<\/a>,&nbsp;<a href=\"http:\/\/www.agenciaminas.mg.gov.br\/ckeditor_assets\/attachments\/8138\/03_-_regional_jequitinhonha.pdf\" target=\"_blank\" rel=\"noreferrer noopener\">Jequitinhonha<\/a>&nbsp;e&nbsp;<a href=\"http:\/\/www.agenciaminas.mg.gov.br\/ckeditor_assets\/attachments\/8137\/02_-_regional_centro_sul.pdf\" target=\"_blank\" rel=\"noreferrer noopener\">Centro-Sul<\/a>&nbsp;permaneceram na onda verde*&nbsp;do Minas Consciente. Essa fase possibilita a abertura de servi\u00e7os n\u00e3o essenciais com alto risco de cont\u00e1gio. S\u00e3o eles:<\/p>\n\n\n\n<p class=\"wp-block-paragraph\">&#8211; Atividades art\u00edsticas, como produ\u00e7\u00e3o teatral, musical e de dan\u00e7a e circo;<\/p>\n\n\n\n<p class=\"wp-block-paragraph\">&#8211; Cinemas, bibliotecas, museus, arquivos;<\/p>\n\n\n\n<p class=\"wp-block-paragraph\">&#8211; Parques, zool\u00f3gicos e jardins;<\/p>\n\n\n\n<p class=\"wp-block-paragraph\">&#8211; Feiras, congressos, exposi\u00e7\u00f5es, filmagens de festas, casas de festas, buf\u00ea;<\/p>\n\n\n\n<p class=\"wp-block-paragraph\">&#8211; Parques de divers\u00e3o, discotecas, boliches, sinuca;<\/p>\n\n\n\n<p class=\"wp-block-paragraph\">&#8211; Bares com entretenimento (shows e espet\u00e1culos);<\/p>\n\n\n\n<p class=\"wp-block-paragraph\">&#8211; Servi\u00e7os de coloca\u00e7\u00e3o de piercings e tatuagens.<\/p>\n\n\n\n<h2 class=\"wp-block-heading\"><strong>Onda Amarela<\/strong><\/h2>\n\n\n\n<figure class=\"wp-block-image size-large\"><img loading=\"lazy\" decoding=\"async\" width=\"678\" height=\"422\" src=\"https:\/\/aconteceunovale.com.br\/portal\/wp-content\/uploads\/2020\/11\/minas_cosciente_25nov_3.png\" alt=\"\" class=\"wp-image-170028\" srcset=\"https:\/\/aconteceunovale.com.br\/portal\/wp-content\/uploads\/2020\/11\/minas_cosciente_25nov_3.png 678w, https:\/\/aconteceunovale.com.br\/portal\/wp-content\/uploads\/2020\/11\/minas_cosciente_25nov_3-300x187.png 300w, https:\/\/aconteceunovale.com.br\/portal\/wp-content\/uploads\/2020\/11\/minas_cosciente_25nov_3-675x420.png 675w\" sizes=\"auto, (max-width: 678px) 100vw, 678px\" \/><\/figure>\n\n\n\n<p class=\"wp-block-paragraph\">A regi\u00e3o&nbsp;<a href=\"http:\/\/www.agenciaminas.mg.gov.br\/ckeditor_assets\/attachments\/8146\/11_-_regional_sul.pdf\" target=\"_blank\" rel=\"noreferrer noopener\">Sul<\/a>&nbsp;se junta ao&nbsp;<a href=\"http:\/\/www.agenciaminas.mg.gov.br\/ckeditor_assets\/attachments\/8149\/14_-_regional_vale_do_aco.pdf\" target=\"_blank\" rel=\"noreferrer noopener\">Vale do A\u00e7o<\/a>,&nbsp;<a href=\"http:\/\/www.agenciaminas.mg.gov.br\/ckeditor_assets\/attachments\/8140\/05_-_regional_leste_do_sul.pdf\" target=\"_blank\" rel=\"noreferrer noopener\">Leste do Sul<\/a>,&nbsp;<a href=\"http:\/\/www.agenciaminas.mg.gov.br\/ckeditor_assets\/attachments\/8145\/10_-_regional_sudeste.pdf\" target=\"_blank\" rel=\"noreferrer noopener\">Sudeste<\/a>&nbsp;e&nbsp;<a href=\"http:\/\/www.agenciaminas.mg.gov.br\/ckeditor_assets\/attachments\/9540\/06_-_regional_nordeste.pdf\" target=\"_blank\" rel=\"noreferrer noopener\">Nordeste<\/a>&nbsp;na onda amarela, fase onde \u00e9 permitida a abertura de servi\u00e7os n\u00e3o ess\u00eancias, como:<\/p>\n\n\n\n<p class=\"wp-block-paragraph\">&#8211; Bares (consumo no local);<\/p>\n\n\n\n<p class=\"wp-block-paragraph\">&#8211; Autoescolas e cursos de pilotagem;<\/p>\n\n\n\n<p class=\"wp-block-paragraph\">&#8211; Sal\u00f5es de beleza e atividades de est\u00e9tica;<\/p>\n\n\n\n<p class=\"wp-block-paragraph\">&#8211; Com\u00e9rcio de eletrodom\u00e9sticos e equipamentos de \u00e1udio e v\u00eddeo;<\/p>\n\n\n\n<p class=\"wp-block-paragraph\">&#8211; Papelarias, lojas de livros, discos e revistas;<\/p>\n\n\n\n<p class=\"wp-block-paragraph\">&#8211; Lojas de roupas, bijuterias, joias, cal\u00e7ados, e artigos de viagem;<\/p>\n\n\n\n<p class=\"wp-block-paragraph\">&#8211; Com\u00e9rcio de itens de cama, mesa e banho;<\/p>\n\n\n\n<p class=\"wp-block-paragraph\">&#8211; Lojas de m\u00f3veis e lustres;<\/p>\n\n\n\n<p class=\"wp-block-paragraph\">&#8211; Imobili\u00e1rias;<\/p>\n\n\n\n<p class=\"wp-block-paragraph\">&#8211; Lojas de departamento e duty free;<\/p>\n\n\n\n<p class=\"wp-block-paragraph\">&#8211; Lojas de brinquedos;<\/p>\n\n\n\n<p class=\"wp-block-paragraph\">&#8211; Academias (com restri\u00e7\u00f5es);<\/p>\n\n\n\n<p class=\"wp-block-paragraph\">&#8211; Ag\u00eancias de viagem;<\/p>\n\n\n\n<p class=\"wp-block-paragraph\">&#8211; Clubes.<\/p>\n\n\n\n<h2 class=\"wp-block-heading\"><strong>Onda Vermelha<\/strong><\/h2>\n\n\n\n<figure class=\"wp-block-image size-large\"><img loading=\"lazy\" decoding=\"async\" width=\"678\" height=\"422\" src=\"https:\/\/aconteceunovale.com.br\/portal\/wp-content\/uploads\/2020\/11\/minas_cosciente_25nov_4.png\" alt=\"\" class=\"wp-image-170029\" srcset=\"https:\/\/aconteceunovale.com.br\/portal\/wp-content\/uploads\/2020\/11\/minas_cosciente_25nov_4.png 678w, https:\/\/aconteceunovale.com.br\/portal\/wp-content\/uploads\/2020\/11\/minas_cosciente_25nov_4-300x187.png 300w, https:\/\/aconteceunovale.com.br\/portal\/wp-content\/uploads\/2020\/11\/minas_cosciente_25nov_4-675x420.png 675w\" sizes=\"auto, (max-width: 678px) 100vw, 678px\" \/><\/figure>\n\n\n\n<p class=\"wp-block-paragraph\">A&nbsp;<a href=\"http:\/\/www.agenciaminas.mg.gov.br\/ckeditor_assets\/attachments\/8139\/04_-_regional_leste.pdf\" target=\"_blank\" rel=\"noreferrer noopener\">Leste<\/a>&nbsp;permanece na onda vermelha, a mais restritiva do Minas Consciente, onde somente os servi\u00e7os considerados essenciais s\u00e3o permitidos, como:<\/p>\n\n\n\n<p class=\"wp-block-paragraph\">&#8211; Supermercados, padarias, restaurantes, lanchonetes, lojas de conveni\u00eancia;<\/p>\n\n\n\n<p class=\"wp-block-paragraph\">&#8211; Bares (somente para delivery ou retirada no balc\u00e3o);<\/p>\n\n\n\n<p class=\"wp-block-paragraph\">&#8211; A\u00e7ougues, peixarias, hortifrutigranjeiros;<\/p>\n\n\n\n<p class=\"wp-block-paragraph\">&#8211; Servi\u00e7os de ambulantes de alimenta\u00e7\u00e3o;<\/p>\n\n\n\n<p class=\"wp-block-paragraph\">&#8211; Farm\u00e1cias, drogarias, lojas de cosm\u00e9ticos, lavanderias, pet shop;<\/p>\n\n\n\n<p class=\"wp-block-paragraph\">&#8211; Bancos, casas lot\u00e9ricas, cooperativas de cr\u00e9dito;<\/p>\n\n\n\n<p class=\"wp-block-paragraph\">&#8211; Vigil\u00e2ncia e seguran\u00e7a privada;<\/p>\n\n\n\n<p class=\"wp-block-paragraph\">&#8211; Servi\u00e7os de reparo e manuten\u00e7\u00e3o;<\/p>\n\n\n\n<p class=\"wp-block-paragraph\">&#8211; Lojas de inform\u00e1tica e aparelhos de comunica\u00e7\u00e3o;<\/p>\n\n\n\n<p class=\"wp-block-paragraph\">&#8211; Hot\u00e9is, mot\u00e9is, campings, alojamentos e pens\u00f5es;<\/p>\n\n\n\n<p class=\"wp-block-paragraph\">&#8211; Constru\u00e7\u00e3o civil e obras de infraestrutura;<\/p>\n\n\n\n<p class=\"wp-block-paragraph\">&#8211; Com\u00e9rcio de ve\u00edculos, pe\u00e7as e acess\u00f3rios automotores.<\/p>\n\n\n\n<p class=\"has-white-color has-vivid-cyan-blue-background-color has-text-color has-background wp-block-paragraph\">Quer saber as not\u00edcias do <strong>Aconteceu no Vale<\/strong> em primeira m\u00e3o? Siga-nos no Facebook <a rel=\"noreferrer noopener\" href=\"http:\/\/facebook.com\/aconteceunovale\" target=\"_blank\">@aconteceunovale<\/a>, Twitter <a rel=\"noreferrer noopener\" href=\"https:\/\/twitter.com\/noticiadosvales\" target=\"_blank\">@noticiadosvales<\/a> e Instagram <a rel=\"noreferrer noopener\" href=\"https:\/\/www.instagram.com\/aconteceunovale\" target=\"_blank\">@aconteceunovale<\/a>.<\/p>\n","protected":false},"excerpt":{"rendered":"<p>A macrorregi\u00e3o de Sa\u00fade\u00a0Sul\u00a0vai regredir para uma fase mais restritiva do\u00a0Minas Consciente, plano elaborado pelo\u00a0Governo do Estado\u00a0para garantir a retomada gradual e segura da economia nos munic\u00edpios mineiros. O an\u00fancio foi feito durante delibera\u00e7\u00e3o do Comit\u00ea Extraordin\u00e1rio Covid-19, nesta quarta-feira (25\/11), que constatou o aumento de 50% da incid\u00eancia da covid-19 nos \u00faltimos 14 dias [&hellip;]<\/p>\n","protected":false},"author":4,"featured_media":170030,"comment_status":"open","ping_status":"closed","sticky":false,"template":"","format":"standard","meta":{"amp_status":"","footnotes":""},"categories":[123,40242],"tags":[226899,227899,227901,752,226639,217799,219851,219853,225459,214884,216498,221718,1018,226771,226773,225458,226298,228272,226455,219855,226300,226452,226453,226451,226299,226772,215653,226301,226535,221717,219854,219852,217692,222637,227897,230864,227898,227900,221719,226454,220285,220287,220286],"class_list":["post-170025","post","type-post","status-publish","format-standard","has-post-thumbnail","hentry","category-gerais","category-saude-2","tag-362-cidades-de-pequeno-porte-passarao-automaticamente-para-a-onda-amarela-do-minas-consciente","tag-abertura-das-academias-de-ginastica","tag-abertura-das-agencias-de-turismo","tag-almg","tag-atividades-economicas-terao-protocolo-unico-na-nova-fase-do-plano-minas-consciente","tag-casos-de-coronavirus-em-minas-gerais","tag-casos-de-covid-19-em-minas-gerais","tag-cidades-com-casos-de-coronavirus-em-minas-gerais","tag-consulta-publica-minas-consciente","tag-coronavirus","tag-covid-19","tag-curados-do-coronavirus-em-minas-gerais","tag-destaque","tag-entenda-a-divisao-por-ondas-nas-novas-regras-do-plano-minas-consciente","tag-entenda-as-ondas-do-minas-consciente","tag-governo-lanca-consulta-publica-sobre-o-plano-minas-consciente","tag-governo-lanca-novas-regras-para-o-plano-minas-consciente","tag-mais-quatro-regioes-poderao-avancar-para-a-onda-amarela-do-plano-minas-consciente","tag-microrregioes-minas-consciente","tag-mortes-por-coronavirus-em-minas-gerais","tag-mudancas-no-minas-consciente","tag-municipios-pequenos","tag-municipios-pequenos-minas-consciente","tag-municipios-receberao-tratamento-individualizado-na-nova-fase-do-minas-consciente","tag-novas-regras-do-minas-consciente","tag-novas-regras-do-plano-minas-consciente","tag-novo-coronavirus","tag-novo-minas-consciente","tag-novos-indicadores-do-plano-minas-consciente-vao-simplificar-tomada-de-decisao-de-prefeitos","tag-numero-de-curados-do-coronavirus-em-minas-gerais","tag-numeros-do-coronavirus-em-minas-gerais","tag-obitos-por-coronavirus-em-minas-gerias","tag-pandemia-de-coronavirus","tag-plano-minas-consciente","tag-plano-minas-consciente-tera-protocolo-para-academias-de-ginastica-e-agencias-de-turismo-na-onda-amarela","tag-quatro-macrorregioes-regridem-para-fases-mais-restritivas-do-plano-minas-consciente","tag-reabertura-das-academias-de-ginastica","tag-reabertura-das-agencia-de-turismo","tag-recuperados-do-coronavirus-em-minas-gerais","tag-regioes-minas-consciente","tag-secretaria-de-saude-atualiza-numeros-do-coronavirus-em-minas-gerais","tag-secretaria-de-saude-de-minas-gerais-atualiza-numeros-do-coronavirus","tag-ses-mg-atualiza-numeros-do-coronavirus"],"yoast_head":"<!-- This site is optimized with the Yoast SEO plugin v28.3 - https:\/\/yoast.com\/product\/yoast-seo-wordpress\/ -->\n<title>Governo do Estado atualiza situa\u00e7\u00e3o das macrorregi\u00f5es no plano Minas Consciente - Aconteceu no Vale<\/title>\n<meta name=\"robots\" content=\"index, follow, max-snippet:-1, max-image-preview:large, max-video-preview:-1\" \/>\n<link rel=\"canonical\" href=\"https:\/\/aconteceunovale.com.br\/portal\/?p=170025\" \/>\n<meta property=\"og:locale\" content=\"pt_BR\" \/>\n<meta property=\"og:type\" content=\"article\" \/>\n<meta property=\"og:title\" content=\"Governo do Estado atualiza situa\u00e7\u00e3o das macrorregi\u00f5es no plano Minas Consciente - Aconteceu no Vale\" \/>\n<meta property=\"og:description\" content=\"A macrorregi\u00e3o de Sa\u00fade\u00a0Sul\u00a0vai regredir para uma fase mais restritiva do\u00a0Minas Consciente, plano elaborado pelo\u00a0Governo do Estado\u00a0para garantir a retomada gradual e segura da economia nos munic\u00edpios mineiros. O an\u00fancio foi feito durante delibera\u00e7\u00e3o do Comit\u00ea Extraordin\u00e1rio Covid-19, nesta quarta-feira (25\/11), que constatou o aumento de 50% da incid\u00eancia da covid-19 nos \u00faltimos 14 dias [&hellip;]\" \/>\n<meta property=\"og:url\" content=\"https:\/\/aconteceunovale.com.br\/portal\/?p=170025\" \/>\n<meta property=\"og:site_name\" content=\"Aconteceu no Vale\" \/>\n<meta property=\"article:publisher\" content=\"https:\/\/www.facebook.com\/aconteceunovale\/\" \/>\n<meta property=\"article:published_time\" content=\"2020-11-25T21:19:51+00:00\" \/>\n<meta property=\"article:modified_time\" content=\"2020-11-25T21:20:40+00:00\" \/>\n<meta property=\"og:image\" content=\"https:\/\/aconteceunovale.com.br\/portal\/wp-content\/uploads\/2020\/11\/minas_cosciente_25nov_5.png\" \/>\n\t<meta property=\"og:image:width\" content=\"638\" \/>\n\t<meta property=\"og:image:height\" content=\"450\" \/>\n\t<meta property=\"og:image:type\" content=\"image\/png\" \/>\n<meta name=\"author\" content=\"Reda\u00e7\u00e3o Aconteceu no Vale\" \/>\n<meta name=\"twitter:card\" content=\"summary_large_image\" \/>\n<meta name=\"twitter:creator\" content=\"@noticiadosvales\" \/>\n<meta name=\"twitter:site\" content=\"@noticiadosvales\" \/>\n<meta name=\"twitter:label1\" content=\"Escrito por\" \/>\n\t<meta name=\"twitter:data1\" content=\"Reda\u00e7\u00e3o Aconteceu no Vale\" \/>\n\t<meta name=\"twitter:label2\" content=\"Est. tempo de leitura\" \/>\n\t<meta name=\"twitter:data2\" content=\"4 minutos\" \/>\n<script type=\"application\/ld+json\" class=\"yoast-schema-graph\">{\"@context\":\"https:\\\/\\\/schema.org\",\"@graph\":[{\"@type\":\"Article\",\"@id\":\"https:\\\/\\\/aconteceunovale.com.br\\\/portal\\\/?p=170025#article\",\"isPartOf\":{\"@id\":\"https:\\\/\\\/aconteceunovale.com.br\\\/portal\\\/?p=170025\"},\"author\":{\"name\":\"Reda\u00e7\u00e3o Aconteceu no Vale\",\"@id\":\"https:\\\/\\\/aconteceunovale.com.br\\\/portal\\\/#\\\/schema\\\/person\\\/7d2f26d1483f8a63de73da1ee0754d35\"},\"headline\":\"Governo do Estado atualiza situa\u00e7\u00e3o das macrorregi\u00f5es no plano Minas Consciente\",\"datePublished\":\"2020-11-25T21:19:51+00:00\",\"dateModified\":\"2020-11-25T21:20:40+00:00\",\"mainEntityOfPage\":{\"@id\":\"https:\\\/\\\/aconteceunovale.com.br\\\/portal\\\/?p=170025\"},\"wordCount\":879,\"commentCount\":0,\"image\":{\"@id\":\"https:\\\/\\\/aconteceunovale.com.br\\\/portal\\\/?p=170025#primaryimage\"},\"thumbnailUrl\":\"https:\\\/\\\/aconteceunovale.com.br\\\/portal\\\/wp-content\\\/uploads\\\/2020\\\/11\\\/minas_cosciente_25nov_5.png\",\"keywords\":[\"362 cidades de pequeno porte passar\u00e3o automaticamente para a onda amarela do Minas Consciente\",\"Abertura das academias de gin\u00e1stica\",\"Abertura das ag\u00eancias de turismo\",\"ALMG\",\"Atividades econ\u00f4micas ter\u00e3o protocolo \u00fanico na nova fase do plano Minas Consciente\",\"Casos de coronav\u00edrus em Minas Gerais\",\"Casos de covid-19 em Minas Gerais\",\"Cidades com casos de coronav\u00edrus em Minas Gerais\",\"Consulta p\u00fablica Minas Consciente\",\"Coronav\u00edrus\",\"COVID-19\",\"Curados do coronav\u00edrus em Minas Gerais\",\"destaque\",\"Entenda a divis\u00e3o por ondas nas novas regras do plano Minas Consciente\",\"Entenda as ondas do Minas Consciente\",\"Governo lan\u00e7a consulta p\u00fablica sobre o plano Minas Consciente\",\"Governo lan\u00e7a novas regras para o plano Minas Consciente\",\"Mais quatro regi\u00f5es poder\u00e3o avan\u00e7ar para a Onda Amarela do plano Minas Consciente\",\"Microrregi\u00f5es Minas Consciente\",\"Mortes por coronav\u00edrus em Minas Gerais\",\"Mudan\u00e7as no Minas Consciente\",\"Munic\u00edpios pequenos\",\"Munic\u00edpios pequenos Minas Consciente\",\"Munic\u00edpios receber\u00e3o tratamento individualizado na nova fase do Minas Consciente\",\"Novas regras do Minas Consciente\",\"Novas regras do plano Minas Consciente\",\"Novo coronav\u00edrus\",\"Novo Minas Consciente\",\"Novos indicadores do plano Minas Consciente v\u00e3o simplificar tomada de decis\u00e3o de prefeitos\",\"N\u00famero de curados do coronav\u00edrus em Minas Gerais\",\"N\u00fameros do coronav\u00edrus em Minas Gerais\",\"\u00d3bitos por coronav\u00edrus em Minas Gerias\",\"Pandemia de coronav\u00edrus\",\"Plano Minas Consciente\",\"Plano Minas Consciente ter\u00e1 protocolo para academias de gin\u00e1stica e ag\u00eancias de turismo na Onda Amarela\",\"Quatro macrorregi\u00f5es regridem para fases mais restritivas do plano Minas Consciente\",\"Reabertura das academias de gin\u00e1stica\",\"Reabertura das ag\u00eancia de turismo\",\"Recuperados do coronav\u00edrus em Minas Gerais\",\"Regi\u00f5es Minas Consciente\",\"Secretaria de Sa\u00fade atualiza n\u00fameros do coronav\u00edrus em Minas Gerais\",\"Secretaria de Sa\u00fade de Minas Gerais atualiza n\u00fameros do coronav\u00edrus\",\"SES-MG atualiza n\u00fameros do coronav\u00edrus\"],\"articleSection\":[\"Minas Gerais\",\"Sa\u00fade\"],\"inLanguage\":\"pt-BR\",\"potentialAction\":[{\"@type\":\"CommentAction\",\"name\":\"Comment\",\"target\":[\"https:\\\/\\\/aconteceunovale.com.br\\\/portal\\\/?p=170025#respond\"]}]},{\"@type\":\"WebPage\",\"@id\":\"https:\\\/\\\/aconteceunovale.com.br\\\/portal\\\/?p=170025\",\"url\":\"https:\\\/\\\/aconteceunovale.com.br\\\/portal\\\/?p=170025\",\"name\":\"Governo do Estado atualiza situa\u00e7\u00e3o das macrorregi\u00f5es no plano Minas Consciente - Aconteceu no Vale\",\"isPartOf\":{\"@id\":\"https:\\\/\\\/aconteceunovale.com.br\\\/portal\\\/#website\"},\"primaryImageOfPage\":{\"@id\":\"https:\\\/\\\/aconteceunovale.com.br\\\/portal\\\/?p=170025#primaryimage\"},\"image\":{\"@id\":\"https:\\\/\\\/aconteceunovale.com.br\\\/portal\\\/?p=170025#primaryimage\"},\"thumbnailUrl\":\"https:\\\/\\\/aconteceunovale.com.br\\\/portal\\\/wp-content\\\/uploads\\\/2020\\\/11\\\/minas_cosciente_25nov_5.png\",\"datePublished\":\"2020-11-25T21:19:51+00:00\",\"dateModified\":\"2020-11-25T21:20:40+00:00\",\"author\":{\"@id\":\"https:\\\/\\\/aconteceunovale.com.br\\\/portal\\\/#\\\/schema\\\/person\\\/7d2f26d1483f8a63de73da1ee0754d35\"},\"breadcrumb\":{\"@id\":\"https:\\\/\\\/aconteceunovale.com.br\\\/portal\\\/?p=170025#breadcrumb\"},\"inLanguage\":\"pt-BR\",\"potentialAction\":[{\"@type\":\"ReadAction\",\"target\":[\"https:\\\/\\\/aconteceunovale.com.br\\\/portal\\\/?p=170025\"]}]},{\"@type\":\"ImageObject\",\"inLanguage\":\"pt-BR\",\"@id\":\"https:\\\/\\\/aconteceunovale.com.br\\\/portal\\\/?p=170025#primaryimage\",\"url\":\"https:\\\/\\\/aconteceunovale.com.br\\\/portal\\\/wp-content\\\/uploads\\\/2020\\\/11\\\/minas_cosciente_25nov_5.png\",\"contentUrl\":\"https:\\\/\\\/aconteceunovale.com.br\\\/portal\\\/wp-content\\\/uploads\\\/2020\\\/11\\\/minas_cosciente_25nov_5.png\",\"width\":638,\"height\":450},{\"@type\":\"BreadcrumbList\",\"@id\":\"https:\\\/\\\/aconteceunovale.com.br\\\/portal\\\/?p=170025#breadcrumb\",\"itemListElement\":[{\"@type\":\"ListItem\",\"position\":1,\"name\":\"In\u00edcio\",\"item\":\"https:\\\/\\\/aconteceunovale.com.br\\\/portal\\\/\"},{\"@type\":\"ListItem\",\"position\":2,\"name\":\"Governo do Estado atualiza situa\u00e7\u00e3o das macrorregi\u00f5es no plano Minas Consciente\"}]},{\"@type\":\"WebSite\",\"@id\":\"https:\\\/\\\/aconteceunovale.com.br\\\/portal\\\/#website\",\"url\":\"https:\\\/\\\/aconteceunovale.com.br\\\/portal\\\/\",\"name\":\"Aconteceu no Vale\",\"description\":\"Portal de Not\u00edcias\",\"potentialAction\":[{\"@type\":\"SearchAction\",\"target\":{\"@type\":\"EntryPoint\",\"urlTemplate\":\"https:\\\/\\\/aconteceunovale.com.br\\\/portal\\\/?s={search_term_string}\"},\"query-input\":{\"@type\":\"PropertyValueSpecification\",\"valueRequired\":true,\"valueName\":\"search_term_string\"}}],\"inLanguage\":\"pt-BR\"},{\"@type\":\"Person\",\"@id\":\"https:\\\/\\\/aconteceunovale.com.br\\\/portal\\\/#\\\/schema\\\/person\\\/7d2f26d1483f8a63de73da1ee0754d35\",\"name\":\"Reda\u00e7\u00e3o Aconteceu no Vale\",\"description\":\"Equipe de reportagem do Aconteceu no Vale, portal de not\u00edcias do Vale do Jequitinhonha, em Minas Gerais. Cobrimos as 51 cidades do Vale desde 2013. Sugest\u00f5es de pauta e pedidos de corre\u00e7\u00e3o: contato@aconteceunovale.com.br\",\"url\":\"https:\\\/\\\/aconteceunovale.com.br\\\/portal\\\/?author=4\"}]}<\/script>\n<!-- \/ Yoast SEO plugin. -->","yoast_head_json":{"title":"Governo do Estado atualiza situa\u00e7\u00e3o das macrorregi\u00f5es no plano Minas Consciente - Aconteceu no Vale","robots":{"index":"index","follow":"follow","max-snippet":"max-snippet:-1","max-image-preview":"max-image-preview:large","max-video-preview":"max-video-preview:-1"},"canonical":"https:\/\/aconteceunovale.com.br\/portal\/?p=170025","og_locale":"pt_BR","og_type":"article","og_title":"Governo do Estado atualiza situa\u00e7\u00e3o das macrorregi\u00f5es no plano Minas Consciente - Aconteceu no Vale","og_description":"A macrorregi\u00e3o de Sa\u00fade\u00a0Sul\u00a0vai regredir para uma fase mais restritiva do\u00a0Minas Consciente, plano elaborado pelo\u00a0Governo do Estado\u00a0para garantir a retomada gradual e segura da economia nos munic\u00edpios mineiros. O an\u00fancio foi feito durante delibera\u00e7\u00e3o do Comit\u00ea Extraordin\u00e1rio Covid-19, nesta quarta-feira (25\/11), que constatou o aumento de 50% da incid\u00eancia da covid-19 nos \u00faltimos 14 dias [&hellip;]","og_url":"https:\/\/aconteceunovale.com.br\/portal\/?p=170025","og_site_name":"Aconteceu no Vale","article_publisher":"https:\/\/www.facebook.com\/aconteceunovale\/","article_published_time":"2020-11-25T21:19:51+00:00","article_modified_time":"2020-11-25T21:20:40+00:00","og_image":[{"width":638,"height":450,"url":"https:\/\/aconteceunovale.com.br\/portal\/wp-content\/uploads\/2020\/11\/minas_cosciente_25nov_5.png","type":"image\/png"}],"author":"Reda\u00e7\u00e3o Aconteceu no Vale","twitter_card":"summary_large_image","twitter_creator":"@noticiadosvales","twitter_site":"@noticiadosvales","twitter_misc":{"Escrito por":"Reda\u00e7\u00e3o Aconteceu no Vale","Est. tempo de leitura":"4 minutos"},"schema":{"@context":"https:\/\/schema.org","@graph":[{"@type":"Article","@id":"https:\/\/aconteceunovale.com.br\/portal\/?p=170025#article","isPartOf":{"@id":"https:\/\/aconteceunovale.com.br\/portal\/?p=170025"},"author":{"name":"Reda\u00e7\u00e3o Aconteceu no Vale","@id":"https:\/\/aconteceunovale.com.br\/portal\/#\/schema\/person\/7d2f26d1483f8a63de73da1ee0754d35"},"headline":"Governo do Estado atualiza situa\u00e7\u00e3o das macrorregi\u00f5es no plano Minas Consciente","datePublished":"2020-11-25T21:19:51+00:00","dateModified":"2020-11-25T21:20:40+00:00","mainEntityOfPage":{"@id":"https:\/\/aconteceunovale.com.br\/portal\/?p=170025"},"wordCount":879,"commentCount":0,"image":{"@id":"https:\/\/aconteceunovale.com.br\/portal\/?p=170025#primaryimage"},"thumbnailUrl":"https:\/\/aconteceunovale.com.br\/portal\/wp-content\/uploads\/2020\/11\/minas_cosciente_25nov_5.png","keywords":["362 cidades de pequeno porte passar\u00e3o automaticamente para a onda amarela do Minas Consciente","Abertura das academias de gin\u00e1stica","Abertura das ag\u00eancias de turismo","ALMG","Atividades econ\u00f4micas ter\u00e3o protocolo \u00fanico na nova fase do plano Minas Consciente","Casos de coronav\u00edrus em Minas Gerais","Casos de covid-19 em Minas Gerais","Cidades com casos de coronav\u00edrus em Minas Gerais","Consulta p\u00fablica Minas Consciente","Coronav\u00edrus","COVID-19","Curados do coronav\u00edrus em Minas Gerais","destaque","Entenda a divis\u00e3o por ondas nas novas regras do plano Minas Consciente","Entenda as ondas do Minas Consciente","Governo lan\u00e7a consulta p\u00fablica sobre o plano Minas Consciente","Governo lan\u00e7a novas regras para o plano Minas Consciente","Mais quatro regi\u00f5es poder\u00e3o avan\u00e7ar para a Onda Amarela do plano Minas Consciente","Microrregi\u00f5es Minas Consciente","Mortes por coronav\u00edrus em Minas Gerais","Mudan\u00e7as no Minas Consciente","Munic\u00edpios pequenos","Munic\u00edpios pequenos Minas Consciente","Munic\u00edpios receber\u00e3o tratamento individualizado na nova fase do Minas Consciente","Novas regras do Minas Consciente","Novas regras do plano Minas Consciente","Novo coronav\u00edrus","Novo Minas Consciente","Novos indicadores do plano Minas Consciente v\u00e3o simplificar tomada de decis\u00e3o de prefeitos","N\u00famero de curados do coronav\u00edrus em Minas Gerais","N\u00fameros do coronav\u00edrus em Minas Gerais","\u00d3bitos por coronav\u00edrus em Minas Gerias","Pandemia de coronav\u00edrus","Plano Minas Consciente","Plano Minas Consciente ter\u00e1 protocolo para academias de gin\u00e1stica e ag\u00eancias de turismo na Onda Amarela","Quatro macrorregi\u00f5es regridem para fases mais restritivas do plano Minas Consciente","Reabertura das academias de gin\u00e1stica","Reabertura das ag\u00eancia de turismo","Recuperados do coronav\u00edrus em Minas Gerais","Regi\u00f5es Minas Consciente","Secretaria de Sa\u00fade atualiza n\u00fameros do coronav\u00edrus em Minas Gerais","Secretaria de Sa\u00fade de Minas Gerais atualiza n\u00fameros do coronav\u00edrus","SES-MG atualiza n\u00fameros do coronav\u00edrus"],"articleSection":["Minas Gerais","Sa\u00fade"],"inLanguage":"pt-BR","potentialAction":[{"@type":"CommentAction","name":"Comment","target":["https:\/\/aconteceunovale.com.br\/portal\/?p=170025#respond"]}]},{"@type":"WebPage","@id":"https:\/\/aconteceunovale.com.br\/portal\/?p=170025","url":"https:\/\/aconteceunovale.com.br\/portal\/?p=170025","name":"Governo do Estado atualiza situa\u00e7\u00e3o das macrorregi\u00f5es no plano Minas Consciente - Aconteceu no Vale","isPartOf":{"@id":"https:\/\/aconteceunovale.com.br\/portal\/#website"},"primaryImageOfPage":{"@id":"https:\/\/aconteceunovale.com.br\/portal\/?p=170025#primaryimage"},"image":{"@id":"https:\/\/aconteceunovale.com.br\/portal\/?p=170025#primaryimage"},"thumbnailUrl":"https:\/\/aconteceunovale.com.br\/portal\/wp-content\/uploads\/2020\/11\/minas_cosciente_25nov_5.png","datePublished":"2020-11-25T21:19:51+00:00","dateModified":"2020-11-25T21:20:40+00:00","author":{"@id":"https:\/\/aconteceunovale.com.br\/portal\/#\/schema\/person\/7d2f26d1483f8a63de73da1ee0754d35"},"breadcrumb":{"@id":"https:\/\/aconteceunovale.com.br\/portal\/?p=170025#breadcrumb"},"inLanguage":"pt-BR","potentialAction":[{"@type":"ReadAction","target":["https:\/\/aconteceunovale.com.br\/portal\/?p=170025"]}]},{"@type":"ImageObject","inLanguage":"pt-BR","@id":"https:\/\/aconteceunovale.com.br\/portal\/?p=170025#primaryimage","url":"https:\/\/aconteceunovale.com.br\/portal\/wp-content\/uploads\/2020\/11\/minas_cosciente_25nov_5.png","contentUrl":"https:\/\/aconteceunovale.com.br\/portal\/wp-content\/uploads\/2020\/11\/minas_cosciente_25nov_5.png","width":638,"height":450},{"@type":"BreadcrumbList","@id":"https:\/\/aconteceunovale.com.br\/portal\/?p=170025#breadcrumb","itemListElement":[{"@type":"ListItem","position":1,"name":"In\u00edcio","item":"https:\/\/aconteceunovale.com.br\/portal\/"},{"@type":"ListItem","position":2,"name":"Governo do Estado atualiza situa\u00e7\u00e3o das macrorregi\u00f5es no plano Minas Consciente"}]},{"@type":"WebSite","@id":"https:\/\/aconteceunovale.com.br\/portal\/#website","url":"https:\/\/aconteceunovale.com.br\/portal\/","name":"Aconteceu no Vale","description":"Portal de Not\u00edcias","potentialAction":[{"@type":"SearchAction","target":{"@type":"EntryPoint","urlTemplate":"https:\/\/aconteceunovale.com.br\/portal\/?s={search_term_string}"},"query-input":{"@type":"PropertyValueSpecification","valueRequired":true,"valueName":"search_term_string"}}],"inLanguage":"pt-BR"},{"@type":"Person","@id":"https:\/\/aconteceunovale.com.br\/portal\/#\/schema\/person\/7d2f26d1483f8a63de73da1ee0754d35","name":"Reda\u00e7\u00e3o Aconteceu no Vale","description":"Equipe de reportagem do Aconteceu no Vale, portal de not\u00edcias do Vale do Jequitinhonha, em Minas Gerais. Cobrimos as 51 cidades do Vale desde 2013. Sugest\u00f5es de pauta e pedidos de corre\u00e7\u00e3o: contato@aconteceunovale.com.br","url":"https:\/\/aconteceunovale.com.br\/portal\/?author=4"}]}},"_links":{"self":[{"href":"https:\/\/aconteceunovale.com.br\/portal\/index.php?rest_route=\/wp\/v2\/posts\/170025","targetHints":{"allow":["GET"]}}],"collection":[{"href":"https:\/\/aconteceunovale.com.br\/portal\/index.php?rest_route=\/wp\/v2\/posts"}],"about":[{"href":"https:\/\/aconteceunovale.com.br\/portal\/index.php?rest_route=\/wp\/v2\/types\/post"}],"author":[{"embeddable":true,"href":"https:\/\/aconteceunovale.com.br\/portal\/index.php?rest_route=\/wp\/v2\/users\/4"}],"replies":[{"embeddable":true,"href":"https:\/\/aconteceunovale.com.br\/portal\/index.php?rest_route=%2Fwp%2Fv2%2Fcomments&post=170025"}],"version-history":[{"count":1,"href":"https:\/\/aconteceunovale.com.br\/portal\/index.php?rest_route=\/wp\/v2\/posts\/170025\/revisions"}],"predecessor-version":[{"id":170031,"href":"https:\/\/aconteceunovale.com.br\/portal\/index.php?rest_route=\/wp\/v2\/posts\/170025\/revisions\/170031"}],"wp:featuredmedia":[{"embeddable":true,"href":"https:\/\/aconteceunovale.com.br\/portal\/index.php?rest_route=\/wp\/v2\/media\/170030"}],"wp:attachment":[{"href":"https:\/\/aconteceunovale.com.br\/portal\/index.php?rest_route=%2Fwp%2Fv2%2Fmedia&parent=170025"}],"wp:term":[{"taxonomy":"category","embeddable":true,"href":"https:\/\/aconteceunovale.com.br\/portal\/index.php?rest_route=%2Fwp%2Fv2%2Fcategories&post=170025"},{"taxonomy":"post_tag","embeddable":true,"href":"https:\/\/aconteceunovale.com.br\/portal\/index.php?rest_route=%2Fwp%2Fv2%2Ftags&post=170025"}],"curies":[{"name":"wp","href":"https:\/\/api.w.org\/{rel}","templated":true}]}}