{"id":170023,"date":"2020-11-25T16:41:47","date_gmt":"2020-11-25T19:41:47","guid":{"rendered":"https:\/\/aconteceunovale.com.br\/portal\/?p=170023"},"modified":"2020-11-25T16:42:36","modified_gmt":"2020-11-25T19:42:36","slug":"sao-paulo-monta-forca-tarefa-para-liberar-corpos-de-vitimas-de-acidente","status":"publish","type":"post","link":"https:\/\/aconteceunovale.com.br\/portal\/?p=170023","title":{"rendered":"S\u00e3o Paulo monta for\u00e7a-tarefa para liberar corpos de v\u00edtimas de acidente"},"content":{"rendered":"\n<p class=\"wp-block-paragraph\">O governo de S\u00e3o Paulo montou uma for\u00e7a-tarefa para identificar e liberar os corpos das v\u00edtimas da trag\u00e9dia na Rodovia Alfredo de Oliveira Carvalho (SP-249), em Tagua\u00ed, no interior do Estado. Os institutos m\u00e9dico-legais (IMLs) das cidades de Avar\u00e9, Botucatu e Itapetininga foram acionados para atender mais rapidamente ao n\u00famero de mortos no acidente.<\/p>\n\n\n\n<p class=\"wp-block-paragraph\">Segundo a Pol\u00edcia Militar, at\u00e9 o momento j\u00e1 foram registradas 41 mortes, sendo 37 no local e quatro nos prontos-socorros da regi\u00e3o. Os feridos foram levados para hospitais em Taquarituba, Tagua\u00ed e Fartura. Os ocupantes do \u00f4nibus eram funcion\u00e1rios de uma empresa t\u00eaxtil da cidade de Tagua\u00ed.<\/p>\n\n\n\n<p class=\"wp-block-paragraph\">Os hospitais est\u00e3o pedindo doa\u00e7\u00f5es de sangue para as v\u00edtimas. Para doar \u00e9 preciso entrar em contato com o Hemocentro de Botucatu pelos n\u00fameros\u00a0(14) 3811-6041\u00a0(ramal 240) ou pelo WhatsApp\u00a0(14) 99624-7055\u00a0e\u00a0(14) 99631-5650.\u00a0<\/p>\n\n\n\n<figure class=\"wp-block-gallery columns-1 is-cropped wp-block-gallery-1 is-layout-flex wp-block-gallery-is-layout-flex\"><ul class=\"blocks-gallery-grid\"><li class=\"blocks-gallery-item\"><figure><img loading=\"lazy\" decoding=\"async\" width=\"640\" height=\"440\" src=\"https:\/\/aconteceunovale.com.br\/portal\/wp-content\/uploads\/2020\/11\/acidente_taguai_sp_4.jpeg\" alt=\"\" data-id=\"170006\" class=\"wp-image-170006\" srcset=\"https:\/\/aconteceunovale.com.br\/portal\/wp-content\/uploads\/2020\/11\/acidente_taguai_sp_4.jpeg 640w, https:\/\/aconteceunovale.com.br\/portal\/wp-content\/uploads\/2020\/11\/acidente_taguai_sp_4-300x206.jpeg 300w, https:\/\/aconteceunovale.com.br\/portal\/wp-content\/uploads\/2020\/11\/acidente_taguai_sp_4-100x70.jpeg 100w, https:\/\/aconteceunovale.com.br\/portal\/wp-content\/uploads\/2020\/11\/acidente_taguai_sp_4-218x150.jpeg 218w, https:\/\/aconteceunovale.com.br\/portal\/wp-content\/uploads\/2020\/11\/acidente_taguai_sp_4-611x420.jpeg 611w\" sizes=\"auto, (max-width: 640px) 100vw, 640px\" \/><figcaption class=\"blocks-gallery-item__caption\"><em>Foto: Reprodu\u00e7\u00e3o \/ WhatsApp<\/em><\/figcaption><\/figure><\/li><\/ul><\/figure>\n\n\n\n<p class=\"has-white-color has-vivid-cyan-blue-background-color has-text-color has-background wp-block-paragraph\">Quer saber as not\u00edcias do <strong>Aconteceu no Vale<\/strong> em primeira m\u00e3o? Siga-nos no Facebook <a rel=\"noreferrer noopener\" href=\"http:\/\/facebook.com\/aconteceunovale\" target=\"_blank\">@aconteceunovale<\/a>, Twitter <a rel=\"noreferrer noopener\" href=\"https:\/\/twitter.com\/noticiadosvales\" target=\"_blank\">@noticiadosvales<\/a> e Instagram <a rel=\"noreferrer noopener\" href=\"https:\/\/www.instagram.com\/aconteceunovale\" target=\"_blank\">@aconteceunovale<\/a>.<\/p>\n","protected":false},"excerpt":{"rendered":"<p>O governo de S\u00e3o Paulo montou uma for\u00e7a-tarefa para identificar e liberar os corpos das v\u00edtimas da trag\u00e9dia na Rodovia Alfredo de Oliveira Carvalho (SP-249), em Tagua\u00ed, no interior do Estado. Os institutos m\u00e9dico-legais (IMLs) das cidades de Avar\u00e9, Botucatu e Itapetininga foram acionados para atender mais rapidamente ao n\u00famero de mortos no acidente. Segundo [&hellip;]<\/p>\n","protected":false},"author":4,"featured_media":170004,"comment_status":"open","ping_status":"closed","sticky":false,"template":"","format":"standard","meta":{"amp_status":"","footnotes":""},"categories":[6],"tags":[231276,231277,231275,231280,231278,98251,231279,231281,231283,231285,231274,144566,231273,231286,231284,231288,231287,231282,231329,231328],"class_list":["post-170023","post","type-post","status-publish","format-standard","has-post-thumbnail","hentry","category-br","tag-acidente-com-onibus-da-star-turismo","tag-acidente-com-onibus-da-stattus-jeans","tag-acidente-com-onibus-da-viacao-star","tag-acidente-com-onibus-em-taguai","tag-acidente-com-trabalhadores-da-stattus-jeans","tag-acidente-em-sao-paulo","tag-acidente-em-taguai","tag-acidente-entre-taguai-e-taquarituba","tag-acidente-na-regiao-de-avare","tag-acidente-na-rodovia-alfredo-de-oliveira-carvalho","tag-acidente-no-interior-de-sao-paulo","tag-avare","tag-colisao-entre-onibus-e-caminhao-provoca-dezenas-de-mortes-no-interior-de-sao-paulo","tag-fartura","tag-rodovia-alfredo-de-oliveira-carvalho","tag-star-turismo","tag-stattus-jeans","tag-taquarituba","tag-tragedia-com-onibus-em-sao-paulo","tag-tragedia-em-sao-paulo"],"yoast_head":"<!-- This site is optimized with the Yoast SEO plugin v28.3 - https:\/\/yoast.com\/product\/yoast-seo-wordpress\/ -->\n<title>S\u00e3o Paulo monta for\u00e7a-tarefa para liberar corpos de v\u00edtimas de acidente - Aconteceu no Vale<\/title>\n<meta name=\"robots\" content=\"index, follow, max-snippet:-1, max-image-preview:large, max-video-preview:-1\" \/>\n<link rel=\"canonical\" href=\"https:\/\/aconteceunovale.com.br\/portal\/?p=170023\" \/>\n<meta property=\"og:locale\" content=\"pt_BR\" \/>\n<meta property=\"og:type\" content=\"article\" \/>\n<meta property=\"og:title\" content=\"S\u00e3o Paulo monta for\u00e7a-tarefa para liberar corpos de v\u00edtimas de acidente - Aconteceu no Vale\" \/>\n<meta property=\"og:description\" content=\"O governo de S\u00e3o Paulo montou uma for\u00e7a-tarefa para identificar e liberar os corpos das v\u00edtimas da trag\u00e9dia na Rodovia Alfredo de Oliveira Carvalho (SP-249), em Tagua\u00ed, no interior do Estado. Os institutos m\u00e9dico-legais (IMLs) das cidades de Avar\u00e9, Botucatu e Itapetininga foram acionados para atender mais rapidamente ao n\u00famero de mortos no acidente. Segundo [&hellip;]\" \/>\n<meta property=\"og:url\" content=\"https:\/\/aconteceunovale.com.br\/portal\/?p=170023\" \/>\n<meta property=\"og:site_name\" content=\"Aconteceu no Vale\" \/>\n<meta property=\"article:publisher\" content=\"https:\/\/www.facebook.com\/aconteceunovale\/\" \/>\n<meta property=\"article:published_time\" content=\"2020-11-25T19:41:47+00:00\" \/>\n<meta property=\"article:modified_time\" content=\"2020-11-25T19:42:36+00:00\" \/>\n<meta property=\"og:image\" content=\"https:\/\/aconteceunovale.com.br\/portal\/wp-content\/uploads\/2020\/11\/acidente_taguai_sp_2.jpg\" \/>\n\t<meta property=\"og:image:width\" content=\"678\" \/>\n\t<meta property=\"og:image:height\" content=\"382\" \/>\n\t<meta property=\"og:image:type\" content=\"image\/jpeg\" \/>\n<meta name=\"author\" content=\"Reda\u00e7\u00e3o Aconteceu no Vale\" \/>\n<meta name=\"twitter:card\" content=\"summary_large_image\" \/>\n<meta name=\"twitter:creator\" content=\"@noticiadosvales\" \/>\n<meta name=\"twitter:site\" content=\"@noticiadosvales\" \/>\n<meta name=\"twitter:label1\" content=\"Escrito por\" \/>\n\t<meta name=\"twitter:data1\" content=\"Reda\u00e7\u00e3o Aconteceu no Vale\" \/>\n\t<meta name=\"twitter:label2\" content=\"Est. tempo de leitura\" \/>\n\t<meta name=\"twitter:data2\" content=\"1 minuto\" \/>\n<script type=\"application\/ld+json\" class=\"yoast-schema-graph\">{\"@context\":\"https:\\\/\\\/schema.org\",\"@graph\":[{\"@type\":\"Article\",\"@id\":\"https:\\\/\\\/aconteceunovale.com.br\\\/portal\\\/?p=170023#article\",\"isPartOf\":{\"@id\":\"https:\\\/\\\/aconteceunovale.com.br\\\/portal\\\/?p=170023\"},\"author\":{\"name\":\"Reda\u00e7\u00e3o Aconteceu no Vale\",\"@id\":\"https:\\\/\\\/aconteceunovale.com.br\\\/portal\\\/#\\\/schema\\\/person\\\/7d2f26d1483f8a63de73da1ee0754d35\"},\"headline\":\"S\u00e3o Paulo monta for\u00e7a-tarefa para liberar corpos de v\u00edtimas de acidente\",\"datePublished\":\"2020-11-25T19:41:47+00:00\",\"dateModified\":\"2020-11-25T19:42:36+00:00\",\"mainEntityOfPage\":{\"@id\":\"https:\\\/\\\/aconteceunovale.com.br\\\/portal\\\/?p=170023\"},\"wordCount\":184,\"commentCount\":0,\"image\":{\"@id\":\"https:\\\/\\\/aconteceunovale.com.br\\\/portal\\\/?p=170023#primaryimage\"},\"thumbnailUrl\":\"https:\\\/\\\/aconteceunovale.com.br\\\/portal\\\/wp-content\\\/uploads\\\/2020\\\/11\\\/acidente_taguai_sp_2.jpg\",\"keywords\":[\"Acidente com \u00f4nibus da Star Turismo\",\"Acidente com \u00f4nibus da Stattus Jeans\",\"Acidente com \u00f4nibus da Via\u00e7\u00e3o Star\",\"Acidente com \u00f4nibus em Tagua\u00ed\",\"Acidente com trabalhadores da Stattus Jeans\",\"Acidente em S\u00e3o Paulo\",\"Acidente em Tagua\u00ed\",\"Acidente entre Tagua\u00ed e Taquarituba\",\"Acidente na regi\u00e3o de Avar\u00e9\",\"Acidente na Rodovia Alfredo de Oliveira Carvalho\",\"Acidente no interior de S\u00e3o Paulo\",\"Avar\u00e9\",\"Colis\u00e3o entre \u00f4nibus e caminh\u00e3o provoca dezenas de mortes no interior de S\u00e3o Paulo\",\"Fartura\",\"Rodovia Alfredo de Oliveira Carvalho\",\"Star Turismo\",\"Stattus Jeans\",\"Taquarituba\",\"Trag\u00e9dia com \u00f4nibus em S\u00e3o Paulo\",\"Trag\u00e9dia em S\u00e3o Paulo\"],\"articleSection\":[\"Brasil\"],\"inLanguage\":\"pt-BR\",\"potentialAction\":[{\"@type\":\"CommentAction\",\"name\":\"Comment\",\"target\":[\"https:\\\/\\\/aconteceunovale.com.br\\\/portal\\\/?p=170023#respond\"]}]},{\"@type\":\"WebPage\",\"@id\":\"https:\\\/\\\/aconteceunovale.com.br\\\/portal\\\/?p=170023\",\"url\":\"https:\\\/\\\/aconteceunovale.com.br\\\/portal\\\/?p=170023\",\"name\":\"S\u00e3o Paulo monta for\u00e7a-tarefa para liberar corpos de v\u00edtimas de acidente - Aconteceu no Vale\",\"isPartOf\":{\"@id\":\"https:\\\/\\\/aconteceunovale.com.br\\\/portal\\\/#website\"},\"primaryImageOfPage\":{\"@id\":\"https:\\\/\\\/aconteceunovale.com.br\\\/portal\\\/?p=170023#primaryimage\"},\"image\":{\"@id\":\"https:\\\/\\\/aconteceunovale.com.br\\\/portal\\\/?p=170023#primaryimage\"},\"thumbnailUrl\":\"https:\\\/\\\/aconteceunovale.com.br\\\/portal\\\/wp-content\\\/uploads\\\/2020\\\/11\\\/acidente_taguai_sp_2.jpg\",\"datePublished\":\"2020-11-25T19:41:47+00:00\",\"dateModified\":\"2020-11-25T19:42:36+00:00\",\"author\":{\"@id\":\"https:\\\/\\\/aconteceunovale.com.br\\\/portal\\\/#\\\/schema\\\/person\\\/7d2f26d1483f8a63de73da1ee0754d35\"},\"breadcrumb\":{\"@id\":\"https:\\\/\\\/aconteceunovale.com.br\\\/portal\\\/?p=170023#breadcrumb\"},\"inLanguage\":\"pt-BR\",\"potentialAction\":[{\"@type\":\"ReadAction\",\"target\":[\"https:\\\/\\\/aconteceunovale.com.br\\\/portal\\\/?p=170023\"]}]},{\"@type\":\"ImageObject\",\"inLanguage\":\"pt-BR\",\"@id\":\"https:\\\/\\\/aconteceunovale.com.br\\\/portal\\\/?p=170023#primaryimage\",\"url\":\"https:\\\/\\\/aconteceunovale.com.br\\\/portal\\\/wp-content\\\/uploads\\\/2020\\\/11\\\/acidente_taguai_sp_2.jpg\",\"contentUrl\":\"https:\\\/\\\/aconteceunovale.com.br\\\/portal\\\/wp-content\\\/uploads\\\/2020\\\/11\\\/acidente_taguai_sp_2.jpg\",\"width\":678,\"height\":382},{\"@type\":\"BreadcrumbList\",\"@id\":\"https:\\\/\\\/aconteceunovale.com.br\\\/portal\\\/?p=170023#breadcrumb\",\"itemListElement\":[{\"@type\":\"ListItem\",\"position\":1,\"name\":\"In\u00edcio\",\"item\":\"https:\\\/\\\/aconteceunovale.com.br\\\/portal\\\/\"},{\"@type\":\"ListItem\",\"position\":2,\"name\":\"S\u00e3o Paulo monta for\u00e7a-tarefa para liberar corpos de v\u00edtimas de acidente\"}]},{\"@type\":\"WebSite\",\"@id\":\"https:\\\/\\\/aconteceunovale.com.br\\\/portal\\\/#website\",\"url\":\"https:\\\/\\\/aconteceunovale.com.br\\\/portal\\\/\",\"name\":\"Aconteceu no Vale\",\"description\":\"Portal de Not\u00edcias\",\"potentialAction\":[{\"@type\":\"SearchAction\",\"target\":{\"@type\":\"EntryPoint\",\"urlTemplate\":\"https:\\\/\\\/aconteceunovale.com.br\\\/portal\\\/?s={search_term_string}\"},\"query-input\":{\"@type\":\"PropertyValueSpecification\",\"valueRequired\":true,\"valueName\":\"search_term_string\"}}],\"inLanguage\":\"pt-BR\"},{\"@type\":\"Person\",\"@id\":\"https:\\\/\\\/aconteceunovale.com.br\\\/portal\\\/#\\\/schema\\\/person\\\/7d2f26d1483f8a63de73da1ee0754d35\",\"name\":\"Reda\u00e7\u00e3o Aconteceu no Vale\",\"description\":\"Equipe de reportagem do Aconteceu no Vale, portal de not\u00edcias do Vale do Jequitinhonha, em Minas Gerais. Cobrimos as 51 cidades do Vale desde 2013. Sugest\u00f5es de pauta e pedidos de corre\u00e7\u00e3o: contato@aconteceunovale.com.br\",\"url\":\"https:\\\/\\\/aconteceunovale.com.br\\\/portal\\\/?author=4\"}]}<\/script>\n<!-- \/ Yoast SEO plugin. -->","yoast_head_json":{"title":"S\u00e3o Paulo monta for\u00e7a-tarefa para liberar corpos de v\u00edtimas de acidente - Aconteceu no Vale","robots":{"index":"index","follow":"follow","max-snippet":"max-snippet:-1","max-image-preview":"max-image-preview:large","max-video-preview":"max-video-preview:-1"},"canonical":"https:\/\/aconteceunovale.com.br\/portal\/?p=170023","og_locale":"pt_BR","og_type":"article","og_title":"S\u00e3o Paulo monta for\u00e7a-tarefa para liberar corpos de v\u00edtimas de acidente - Aconteceu no Vale","og_description":"O governo de S\u00e3o Paulo montou uma for\u00e7a-tarefa para identificar e liberar os corpos das v\u00edtimas da trag\u00e9dia na Rodovia Alfredo de Oliveira Carvalho (SP-249), em Tagua\u00ed, no interior do Estado. Os institutos m\u00e9dico-legais (IMLs) das cidades de Avar\u00e9, Botucatu e Itapetininga foram acionados para atender mais rapidamente ao n\u00famero de mortos no acidente. Segundo [&hellip;]","og_url":"https:\/\/aconteceunovale.com.br\/portal\/?p=170023","og_site_name":"Aconteceu no Vale","article_publisher":"https:\/\/www.facebook.com\/aconteceunovale\/","article_published_time":"2020-11-25T19:41:47+00:00","article_modified_time":"2020-11-25T19:42:36+00:00","og_image":[{"width":678,"height":382,"url":"https:\/\/aconteceunovale.com.br\/portal\/wp-content\/uploads\/2020\/11\/acidente_taguai_sp_2.jpg","type":"image\/jpeg"}],"author":"Reda\u00e7\u00e3o Aconteceu no Vale","twitter_card":"summary_large_image","twitter_creator":"@noticiadosvales","twitter_site":"@noticiadosvales","twitter_misc":{"Escrito por":"Reda\u00e7\u00e3o Aconteceu no Vale","Est. tempo de leitura":"1 minuto"},"schema":{"@context":"https:\/\/schema.org","@graph":[{"@type":"Article","@id":"https:\/\/aconteceunovale.com.br\/portal\/?p=170023#article","isPartOf":{"@id":"https:\/\/aconteceunovale.com.br\/portal\/?p=170023"},"author":{"name":"Reda\u00e7\u00e3o Aconteceu no Vale","@id":"https:\/\/aconteceunovale.com.br\/portal\/#\/schema\/person\/7d2f26d1483f8a63de73da1ee0754d35"},"headline":"S\u00e3o Paulo monta for\u00e7a-tarefa para liberar corpos de v\u00edtimas de acidente","datePublished":"2020-11-25T19:41:47+00:00","dateModified":"2020-11-25T19:42:36+00:00","mainEntityOfPage":{"@id":"https:\/\/aconteceunovale.com.br\/portal\/?p=170023"},"wordCount":184,"commentCount":0,"image":{"@id":"https:\/\/aconteceunovale.com.br\/portal\/?p=170023#primaryimage"},"thumbnailUrl":"https:\/\/aconteceunovale.com.br\/portal\/wp-content\/uploads\/2020\/11\/acidente_taguai_sp_2.jpg","keywords":["Acidente com \u00f4nibus da Star Turismo","Acidente com \u00f4nibus da Stattus Jeans","Acidente com \u00f4nibus da Via\u00e7\u00e3o Star","Acidente com \u00f4nibus em Tagua\u00ed","Acidente com trabalhadores da Stattus Jeans","Acidente em S\u00e3o Paulo","Acidente em Tagua\u00ed","Acidente entre Tagua\u00ed e Taquarituba","Acidente na regi\u00e3o de Avar\u00e9","Acidente na Rodovia Alfredo de Oliveira Carvalho","Acidente no interior de S\u00e3o Paulo","Avar\u00e9","Colis\u00e3o entre \u00f4nibus e caminh\u00e3o provoca dezenas de mortes no interior de S\u00e3o Paulo","Fartura","Rodovia Alfredo de Oliveira Carvalho","Star Turismo","Stattus Jeans","Taquarituba","Trag\u00e9dia com \u00f4nibus em S\u00e3o Paulo","Trag\u00e9dia em S\u00e3o Paulo"],"articleSection":["Brasil"],"inLanguage":"pt-BR","potentialAction":[{"@type":"CommentAction","name":"Comment","target":["https:\/\/aconteceunovale.com.br\/portal\/?p=170023#respond"]}]},{"@type":"WebPage","@id":"https:\/\/aconteceunovale.com.br\/portal\/?p=170023","url":"https:\/\/aconteceunovale.com.br\/portal\/?p=170023","name":"S\u00e3o Paulo monta for\u00e7a-tarefa para liberar corpos de v\u00edtimas de acidente - Aconteceu no Vale","isPartOf":{"@id":"https:\/\/aconteceunovale.com.br\/portal\/#website"},"primaryImageOfPage":{"@id":"https:\/\/aconteceunovale.com.br\/portal\/?p=170023#primaryimage"},"image":{"@id":"https:\/\/aconteceunovale.com.br\/portal\/?p=170023#primaryimage"},"thumbnailUrl":"https:\/\/aconteceunovale.com.br\/portal\/wp-content\/uploads\/2020\/11\/acidente_taguai_sp_2.jpg","datePublished":"2020-11-25T19:41:47+00:00","dateModified":"2020-11-25T19:42:36+00:00","author":{"@id":"https:\/\/aconteceunovale.com.br\/portal\/#\/schema\/person\/7d2f26d1483f8a63de73da1ee0754d35"},"breadcrumb":{"@id":"https:\/\/aconteceunovale.com.br\/portal\/?p=170023#breadcrumb"},"inLanguage":"pt-BR","potentialAction":[{"@type":"ReadAction","target":["https:\/\/aconteceunovale.com.br\/portal\/?p=170023"]}]},{"@type":"ImageObject","inLanguage":"pt-BR","@id":"https:\/\/aconteceunovale.com.br\/portal\/?p=170023#primaryimage","url":"https:\/\/aconteceunovale.com.br\/portal\/wp-content\/uploads\/2020\/11\/acidente_taguai_sp_2.jpg","contentUrl":"https:\/\/aconteceunovale.com.br\/portal\/wp-content\/uploads\/2020\/11\/acidente_taguai_sp_2.jpg","width":678,"height":382},{"@type":"BreadcrumbList","@id":"https:\/\/aconteceunovale.com.br\/portal\/?p=170023#breadcrumb","itemListElement":[{"@type":"ListItem","position":1,"name":"In\u00edcio","item":"https:\/\/aconteceunovale.com.br\/portal\/"},{"@type":"ListItem","position":2,"name":"S\u00e3o Paulo monta for\u00e7a-tarefa para liberar corpos de v\u00edtimas de acidente"}]},{"@type":"WebSite","@id":"https:\/\/aconteceunovale.com.br\/portal\/#website","url":"https:\/\/aconteceunovale.com.br\/portal\/","name":"Aconteceu no Vale","description":"Portal de Not\u00edcias","potentialAction":[{"@type":"SearchAction","target":{"@type":"EntryPoint","urlTemplate":"https:\/\/aconteceunovale.com.br\/portal\/?s={search_term_string}"},"query-input":{"@type":"PropertyValueSpecification","valueRequired":true,"valueName":"search_term_string"}}],"inLanguage":"pt-BR"},{"@type":"Person","@id":"https:\/\/aconteceunovale.com.br\/portal\/#\/schema\/person\/7d2f26d1483f8a63de73da1ee0754d35","name":"Reda\u00e7\u00e3o Aconteceu no Vale","description":"Equipe de reportagem do Aconteceu no Vale, portal de not\u00edcias do Vale do Jequitinhonha, em Minas Gerais. Cobrimos as 51 cidades do Vale desde 2013. Sugest\u00f5es de pauta e pedidos de corre\u00e7\u00e3o: contato@aconteceunovale.com.br","url":"https:\/\/aconteceunovale.com.br\/portal\/?author=4"}]}},"_links":{"self":[{"href":"https:\/\/aconteceunovale.com.br\/portal\/index.php?rest_route=\/wp\/v2\/posts\/170023","targetHints":{"allow":["GET"]}}],"collection":[{"href":"https:\/\/aconteceunovale.com.br\/portal\/index.php?rest_route=\/wp\/v2\/posts"}],"about":[{"href":"https:\/\/aconteceunovale.com.br\/portal\/index.php?rest_route=\/wp\/v2\/types\/post"}],"author":[{"embeddable":true,"href":"https:\/\/aconteceunovale.com.br\/portal\/index.php?rest_route=\/wp\/v2\/users\/4"}],"replies":[{"embeddable":true,"href":"https:\/\/aconteceunovale.com.br\/portal\/index.php?rest_route=%2Fwp%2Fv2%2Fcomments&post=170023"}],"version-history":[{"count":1,"href":"https:\/\/aconteceunovale.com.br\/portal\/index.php?rest_route=\/wp\/v2\/posts\/170023\/revisions"}],"predecessor-version":[{"id":170024,"href":"https:\/\/aconteceunovale.com.br\/portal\/index.php?rest_route=\/wp\/v2\/posts\/170023\/revisions\/170024"}],"wp:featuredmedia":[{"embeddable":true,"href":"https:\/\/aconteceunovale.com.br\/portal\/index.php?rest_route=\/wp\/v2\/media\/170004"}],"wp:attachment":[{"href":"https:\/\/aconteceunovale.com.br\/portal\/index.php?rest_route=%2Fwp%2Fv2%2Fmedia&parent=170023"}],"wp:term":[{"taxonomy":"category","embeddable":true,"href":"https:\/\/aconteceunovale.com.br\/portal\/index.php?rest_route=%2Fwp%2Fv2%2Fcategories&post=170023"},{"taxonomy":"post_tag","embeddable":true,"href":"https:\/\/aconteceunovale.com.br\/portal\/index.php?rest_route=%2Fwp%2Fv2%2Ftags&post=170023"}],"curies":[{"name":"wp","href":"https:\/\/api.w.org\/{rel}","templated":true}]}}