{"id":169999,"date":"2020-11-25T12:32:46","date_gmt":"2020-11-25T15:32:46","guid":{"rendered":"https:\/\/aconteceunovale.com.br\/portal\/?p=169999"},"modified":"2020-11-25T12:33:47","modified_gmt":"2020-11-25T15:33:47","slug":"governo-de-minas-abre-concorrencia-publica-para-venda-de-59-imoveis","status":"publish","type":"post","link":"https:\/\/aconteceunovale.com.br\/portal\/?p=169999","title":{"rendered":"Governo de Minas abre concorr\u00eancia p\u00fablica para venda de 59 im\u00f3veis"},"content":{"rendered":"\n<p class=\"wp-block-paragraph\">A\u00a0Minas Gerais Participa\u00e7\u00f5es S.A. (MGi)\u00a0\u2014 empresa do\u00a0Governo de Minas Gerais, vinculada \u00e0\u00a0Secretaria de Estado de Fazenda\u00a0\u2014 abriu mais um edital de concorr\u00eancia p\u00fablica para aliena\u00e7\u00e3o de bens de n\u00e3o uso. No total est\u00e3o \u00e0 venda 59 im\u00f3veis cujos pre\u00e7os variam de R$ 8.000 a R$ 10.620.000, localizados nos estados de Minas Gerais, Bahia, Mato Grosso do Sul, Rio Grande do Norte e Rio de Janeiro.\u00a0<\/p>\n\n\n\n<p class=\"wp-block-paragraph\">Os editais com descri\u00e7\u00e3o das unidades, valores de oferta m\u00ednimos, localiza\u00e7\u00f5es exatas de cada um, bem como fotos e informa\u00e7\u00f5es adicionais sobre os im\u00f3veis est\u00e3o no site&nbsp;<a href=\"http:\/\/www.mgileiloes.com.br\/\" target=\"_blank\" rel=\"noreferrer noopener\">www.mgileiloes.com.br<\/a>. A equipe tamb\u00e9m est\u00e1 dispon\u00edvel pelo e-mail vendas@mgipart.com.br ou via liga\u00e7\u00e3o e WhatsApp: (31) 99990-1127.<\/p>\n\n\n\n<p class=\"wp-block-paragraph\">\u201cSer\u00e3o vendidas grandes \u00e1reas, com mais de 20 mil metros quadrados, apartamentos, casas, lotes, vagas de garagens, ch\u00e1cara e salas comerciais. Participar \u00e9 simples; basta enviar a documenta\u00e7\u00e3o pessoal, o comprovante de dep\u00f3sito da cau\u00e7\u00e3o e a proposta preenchida no prazo, conforme descrito no edital\u201d, explica o diretor-presidente da MGi, Weverton Vilas Boas.<\/p>\n\n\n\n<h2 class=\"wp-block-heading\"><strong>Prazos<\/strong><\/h2>\n\n\n\n<p class=\"wp-block-paragraph\">As entregas das propostas j\u00e1 come\u00e7aram e seguem at\u00e9 14\/12 para a&nbsp;<a href=\"https:\/\/www.mgileiloes.com.br\/concorrencia-004-2020.pdf\" target=\"_blank\" rel=\"noreferrer noopener\">concorr\u00eancia 004\/2020<\/a>, e at\u00e9 15\/12 para a&nbsp;<a href=\"https:\/\/www.mgileiloes.com.br\/concorrencia-003-2020.pdf\" target=\"_blank\" rel=\"noreferrer noopener\">concorr\u00eancia 003\/2020<\/a>, ambas com encerramento \u00e0s 17h. Os interessados devem reunir a documenta\u00e7\u00e3o requerida nos editais, fazer o dep\u00f3sito cau\u00e7\u00e3o no valor indicado e preencher a proposta.<\/p>\n\n\n\n<p class=\"wp-block-paragraph\">As fichas devem ser encaminhadas pelos Correios para o endere\u00e7o da Cidade Administrativa Presidente Tancredo Neves (rodovia Papa Jo\u00e3o Paulo II, 4001 \u2013 Pr\u00e9dio Gerais \u2013 4\u00ba andar \u2013 bairro Serra Verde, Belo Horizonte &#8211; MG \u2013 CEP 31.630-901) ou entregues pessoalmente no setor de protocolo do pr\u00e9dio Gerais.&nbsp;<\/p>\n\n\n\n<p class=\"wp-block-paragraph\">As propostas ser\u00e3o abertas nos dias 16 e 17\/12 , \u00e0s 10h. Quem oferecer o maior valor pelo im\u00f3vel ser\u00e1 o arrematante e o pagamento poder\u00e1 ser feito em at\u00e9 60 dias. A devolu\u00e7\u00e3o da cau\u00e7\u00e3o aos interessados vencidos ou desclassificados, sem qualquer acr\u00e9scimo, ser\u00e1 realizada no prazo m\u00e1ximo de at\u00e9 cinco dias \u00fateis contados a partir da homologa\u00e7\u00e3o da licita\u00e7\u00e3o.<\/p>\n\n\n\n<p class=\"has-white-color has-vivid-cyan-blue-background-color has-text-color has-background wp-block-paragraph\">Quer saber as not\u00edcias do <strong>Aconteceu no Vale<\/strong> em primeira m\u00e3o? Siga-nos no Facebook <a rel=\"noreferrer noopener\" href=\"http:\/\/facebook.com\/aconteceunovale\" target=\"_blank\">@aconteceunovale<\/a>, Twitter <a rel=\"noreferrer noopener\" href=\"https:\/\/twitter.com\/noticiadosvales\" target=\"_blank\">@noticiadosvales<\/a> e Instagram <a rel=\"noreferrer noopener\" href=\"https:\/\/www.instagram.com\/aconteceunovale\" target=\"_blank\">@aconteceunovale<\/a>.<\/p>\n","protected":false},"excerpt":{"rendered":"<p>A\u00a0Minas Gerais Participa\u00e7\u00f5es S.A. (MGi)\u00a0\u2014 empresa do\u00a0Governo de Minas Gerais, vinculada \u00e0\u00a0Secretaria de Estado de Fazenda\u00a0\u2014 abriu mais um edital de concorr\u00eancia p\u00fablica para aliena\u00e7\u00e3o de bens de n\u00e3o uso. No total est\u00e3o \u00e0 venda 59 im\u00f3veis cujos pre\u00e7os variam de R$ 8.000 a R$ 10.620.000, localizados nos estados de Minas Gerais, Bahia, Mato Grosso [&hellip;]<\/p>\n","protected":false},"author":4,"featured_media":170000,"comment_status":"open","ping_status":"closed","sticky":false,"template":"","format":"standard","meta":{"amp_status":"","footnotes":""},"categories":[155260,123],"tags":[247,231268,111475,231269,68986,231271,68981,231270,231272],"class_list":["post-169999","post","type-post","status-publish","format-standard","has-post-thumbnail","hentry","category-editais","category-gerais","tag-governador-valadares","tag-governo-de-minas-abre-concorrencia-publica-para-venda-de-59-imoveis","tag-leilao-de-imoveis-em-minas-gerais","tag-leilao-de-imoveis-governo-de-minas","tag-mgi","tag-mgi-leiloes","tag-minas-gerais-participacoes","tag-venda-de-imoveis-publicos-em-minas-gerais","tag-weverton-vilas-boas"],"yoast_head":"<!-- This site is optimized with the Yoast SEO plugin v28.3 - https:\/\/yoast.com\/product\/yoast-seo-wordpress\/ -->\n<title>Governo de Minas abre concorr\u00eancia p\u00fablica para venda de 59 im\u00f3veis - Aconteceu no Vale<\/title>\n<meta name=\"robots\" content=\"index, follow, max-snippet:-1, max-image-preview:large, max-video-preview:-1\" \/>\n<link rel=\"canonical\" href=\"https:\/\/aconteceunovale.com.br\/portal\/?p=169999\" \/>\n<meta property=\"og:locale\" content=\"pt_BR\" \/>\n<meta property=\"og:type\" content=\"article\" \/>\n<meta property=\"og:title\" content=\"Governo de Minas abre concorr\u00eancia p\u00fablica para venda de 59 im\u00f3veis - Aconteceu no Vale\" \/>\n<meta property=\"og:description\" content=\"A\u00a0Minas Gerais Participa\u00e7\u00f5es S.A. (MGi)\u00a0\u2014 empresa do\u00a0Governo de Minas Gerais, vinculada \u00e0\u00a0Secretaria de Estado de Fazenda\u00a0\u2014 abriu mais um edital de concorr\u00eancia p\u00fablica para aliena\u00e7\u00e3o de bens de n\u00e3o uso. No total est\u00e3o \u00e0 venda 59 im\u00f3veis cujos pre\u00e7os variam de R$ 8.000 a R$ 10.620.000, localizados nos estados de Minas Gerais, Bahia, Mato Grosso [&hellip;]\" \/>\n<meta property=\"og:url\" content=\"https:\/\/aconteceunovale.com.br\/portal\/?p=169999\" \/>\n<meta property=\"og:site_name\" content=\"Aconteceu no Vale\" \/>\n<meta property=\"article:publisher\" content=\"https:\/\/www.facebook.com\/aconteceunovale\/\" \/>\n<meta property=\"article:published_time\" content=\"2020-11-25T15:32:46+00:00\" \/>\n<meta property=\"article:modified_time\" content=\"2020-11-25T15:33:47+00:00\" \/>\n<meta property=\"og:image\" content=\"https:\/\/aconteceunovale.com.br\/portal\/wp-content\/uploads\/2020\/11\/venda_imoveis.png\" \/>\n\t<meta property=\"og:image:width\" content=\"678\" \/>\n\t<meta property=\"og:image:height\" content=\"343\" \/>\n\t<meta property=\"og:image:type\" content=\"image\/png\" \/>\n<meta name=\"author\" content=\"Reda\u00e7\u00e3o Aconteceu no Vale\" \/>\n<meta name=\"twitter:card\" content=\"summary_large_image\" \/>\n<meta name=\"twitter:creator\" content=\"@noticiadosvales\" \/>\n<meta name=\"twitter:site\" content=\"@noticiadosvales\" \/>\n<meta name=\"twitter:label1\" content=\"Escrito por\" \/>\n\t<meta name=\"twitter:data1\" content=\"Reda\u00e7\u00e3o Aconteceu no Vale\" \/>\n\t<meta name=\"twitter:label2\" content=\"Est. tempo de leitura\" \/>\n\t<meta name=\"twitter:data2\" content=\"2 minutos\" \/>\n<script type=\"application\/ld+json\" class=\"yoast-schema-graph\">{\"@context\":\"https:\\\/\\\/schema.org\",\"@graph\":[{\"@type\":\"Article\",\"@id\":\"https:\\\/\\\/aconteceunovale.com.br\\\/portal\\\/?p=169999#article\",\"isPartOf\":{\"@id\":\"https:\\\/\\\/aconteceunovale.com.br\\\/portal\\\/?p=169999\"},\"author\":{\"name\":\"Reda\u00e7\u00e3o Aconteceu no Vale\",\"@id\":\"https:\\\/\\\/aconteceunovale.com.br\\\/portal\\\/#\\\/schema\\\/person\\\/7d2f26d1483f8a63de73da1ee0754d35\"},\"headline\":\"Governo de Minas abre concorr\u00eancia p\u00fablica para venda de 59 im\u00f3veis\",\"datePublished\":\"2020-11-25T15:32:46+00:00\",\"dateModified\":\"2020-11-25T15:33:47+00:00\",\"mainEntityOfPage\":{\"@id\":\"https:\\\/\\\/aconteceunovale.com.br\\\/portal\\\/?p=169999\"},\"wordCount\":385,\"commentCount\":0,\"image\":{\"@id\":\"https:\\\/\\\/aconteceunovale.com.br\\\/portal\\\/?p=169999#primaryimage\"},\"thumbnailUrl\":\"https:\\\/\\\/aconteceunovale.com.br\\\/portal\\\/wp-content\\\/uploads\\\/2020\\\/11\\\/venda_imoveis.png\",\"keywords\":[\"Governador Valadares\",\"Governo de Minas abre concorr\u00eancia p\u00fablica para venda de 59 im\u00f3veis\",\"Leil\u00e3o de Im\u00f3veis em Minas Gerais\",\"Leil\u00e3o de im\u00f3veis Governo de Minas\",\"MGi\",\"MGI Leil\u00f5es\",\"Minas Gerais Participa\u00e7\u00f5es\",\"Venda de im\u00f3veis p\u00fablicos em Minas Gerais\",\"Weverton Vilas Boas\"],\"articleSection\":[\"Editais\",\"Minas Gerais\"],\"inLanguage\":\"pt-BR\",\"potentialAction\":[{\"@type\":\"CommentAction\",\"name\":\"Comment\",\"target\":[\"https:\\\/\\\/aconteceunovale.com.br\\\/portal\\\/?p=169999#respond\"]}]},{\"@type\":\"WebPage\",\"@id\":\"https:\\\/\\\/aconteceunovale.com.br\\\/portal\\\/?p=169999\",\"url\":\"https:\\\/\\\/aconteceunovale.com.br\\\/portal\\\/?p=169999\",\"name\":\"Governo de Minas abre concorr\u00eancia p\u00fablica para venda de 59 im\u00f3veis - Aconteceu no Vale\",\"isPartOf\":{\"@id\":\"https:\\\/\\\/aconteceunovale.com.br\\\/portal\\\/#website\"},\"primaryImageOfPage\":{\"@id\":\"https:\\\/\\\/aconteceunovale.com.br\\\/portal\\\/?p=169999#primaryimage\"},\"image\":{\"@id\":\"https:\\\/\\\/aconteceunovale.com.br\\\/portal\\\/?p=169999#primaryimage\"},\"thumbnailUrl\":\"https:\\\/\\\/aconteceunovale.com.br\\\/portal\\\/wp-content\\\/uploads\\\/2020\\\/11\\\/venda_imoveis.png\",\"datePublished\":\"2020-11-25T15:32:46+00:00\",\"dateModified\":\"2020-11-25T15:33:47+00:00\",\"author\":{\"@id\":\"https:\\\/\\\/aconteceunovale.com.br\\\/portal\\\/#\\\/schema\\\/person\\\/7d2f26d1483f8a63de73da1ee0754d35\"},\"breadcrumb\":{\"@id\":\"https:\\\/\\\/aconteceunovale.com.br\\\/portal\\\/?p=169999#breadcrumb\"},\"inLanguage\":\"pt-BR\",\"potentialAction\":[{\"@type\":\"ReadAction\",\"target\":[\"https:\\\/\\\/aconteceunovale.com.br\\\/portal\\\/?p=169999\"]}]},{\"@type\":\"ImageObject\",\"inLanguage\":\"pt-BR\",\"@id\":\"https:\\\/\\\/aconteceunovale.com.br\\\/portal\\\/?p=169999#primaryimage\",\"url\":\"https:\\\/\\\/aconteceunovale.com.br\\\/portal\\\/wp-content\\\/uploads\\\/2020\\\/11\\\/venda_imoveis.png\",\"contentUrl\":\"https:\\\/\\\/aconteceunovale.com.br\\\/portal\\\/wp-content\\\/uploads\\\/2020\\\/11\\\/venda_imoveis.png\",\"width\":678,\"height\":343},{\"@type\":\"BreadcrumbList\",\"@id\":\"https:\\\/\\\/aconteceunovale.com.br\\\/portal\\\/?p=169999#breadcrumb\",\"itemListElement\":[{\"@type\":\"ListItem\",\"position\":1,\"name\":\"In\u00edcio\",\"item\":\"https:\\\/\\\/aconteceunovale.com.br\\\/portal\\\/\"},{\"@type\":\"ListItem\",\"position\":2,\"name\":\"Governo de Minas abre concorr\u00eancia p\u00fablica para venda de 59 im\u00f3veis\"}]},{\"@type\":\"WebSite\",\"@id\":\"https:\\\/\\\/aconteceunovale.com.br\\\/portal\\\/#website\",\"url\":\"https:\\\/\\\/aconteceunovale.com.br\\\/portal\\\/\",\"name\":\"Aconteceu no Vale\",\"description\":\"Portal de Not\u00edcias\",\"potentialAction\":[{\"@type\":\"SearchAction\",\"target\":{\"@type\":\"EntryPoint\",\"urlTemplate\":\"https:\\\/\\\/aconteceunovale.com.br\\\/portal\\\/?s={search_term_string}\"},\"query-input\":{\"@type\":\"PropertyValueSpecification\",\"valueRequired\":true,\"valueName\":\"search_term_string\"}}],\"inLanguage\":\"pt-BR\"},{\"@type\":\"Person\",\"@id\":\"https:\\\/\\\/aconteceunovale.com.br\\\/portal\\\/#\\\/schema\\\/person\\\/7d2f26d1483f8a63de73da1ee0754d35\",\"name\":\"Reda\u00e7\u00e3o Aconteceu no Vale\",\"description\":\"Equipe de reportagem do Aconteceu no Vale, portal de not\u00edcias do Vale do Jequitinhonha, em Minas Gerais. Cobrimos as 51 cidades do Vale desde 2013. Sugest\u00f5es de pauta e pedidos de corre\u00e7\u00e3o: contato@aconteceunovale.com.br\",\"url\":\"https:\\\/\\\/aconteceunovale.com.br\\\/portal\\\/?author=4\"}]}<\/script>\n<!-- \/ Yoast SEO plugin. -->","yoast_head_json":{"title":"Governo de Minas abre concorr\u00eancia p\u00fablica para venda de 59 im\u00f3veis - Aconteceu no Vale","robots":{"index":"index","follow":"follow","max-snippet":"max-snippet:-1","max-image-preview":"max-image-preview:large","max-video-preview":"max-video-preview:-1"},"canonical":"https:\/\/aconteceunovale.com.br\/portal\/?p=169999","og_locale":"pt_BR","og_type":"article","og_title":"Governo de Minas abre concorr\u00eancia p\u00fablica para venda de 59 im\u00f3veis - Aconteceu no Vale","og_description":"A\u00a0Minas Gerais Participa\u00e7\u00f5es S.A. (MGi)\u00a0\u2014 empresa do\u00a0Governo de Minas Gerais, vinculada \u00e0\u00a0Secretaria de Estado de Fazenda\u00a0\u2014 abriu mais um edital de concorr\u00eancia p\u00fablica para aliena\u00e7\u00e3o de bens de n\u00e3o uso. No total est\u00e3o \u00e0 venda 59 im\u00f3veis cujos pre\u00e7os variam de R$ 8.000 a R$ 10.620.000, localizados nos estados de Minas Gerais, Bahia, Mato Grosso [&hellip;]","og_url":"https:\/\/aconteceunovale.com.br\/portal\/?p=169999","og_site_name":"Aconteceu no Vale","article_publisher":"https:\/\/www.facebook.com\/aconteceunovale\/","article_published_time":"2020-11-25T15:32:46+00:00","article_modified_time":"2020-11-25T15:33:47+00:00","og_image":[{"width":678,"height":343,"url":"https:\/\/aconteceunovale.com.br\/portal\/wp-content\/uploads\/2020\/11\/venda_imoveis.png","type":"image\/png"}],"author":"Reda\u00e7\u00e3o Aconteceu no Vale","twitter_card":"summary_large_image","twitter_creator":"@noticiadosvales","twitter_site":"@noticiadosvales","twitter_misc":{"Escrito por":"Reda\u00e7\u00e3o Aconteceu no Vale","Est. tempo de leitura":"2 minutos"},"schema":{"@context":"https:\/\/schema.org","@graph":[{"@type":"Article","@id":"https:\/\/aconteceunovale.com.br\/portal\/?p=169999#article","isPartOf":{"@id":"https:\/\/aconteceunovale.com.br\/portal\/?p=169999"},"author":{"name":"Reda\u00e7\u00e3o Aconteceu no Vale","@id":"https:\/\/aconteceunovale.com.br\/portal\/#\/schema\/person\/7d2f26d1483f8a63de73da1ee0754d35"},"headline":"Governo de Minas abre concorr\u00eancia p\u00fablica para venda de 59 im\u00f3veis","datePublished":"2020-11-25T15:32:46+00:00","dateModified":"2020-11-25T15:33:47+00:00","mainEntityOfPage":{"@id":"https:\/\/aconteceunovale.com.br\/portal\/?p=169999"},"wordCount":385,"commentCount":0,"image":{"@id":"https:\/\/aconteceunovale.com.br\/portal\/?p=169999#primaryimage"},"thumbnailUrl":"https:\/\/aconteceunovale.com.br\/portal\/wp-content\/uploads\/2020\/11\/venda_imoveis.png","keywords":["Governador Valadares","Governo de Minas abre concorr\u00eancia p\u00fablica para venda de 59 im\u00f3veis","Leil\u00e3o de Im\u00f3veis em Minas Gerais","Leil\u00e3o de im\u00f3veis Governo de Minas","MGi","MGI Leil\u00f5es","Minas Gerais Participa\u00e7\u00f5es","Venda de im\u00f3veis p\u00fablicos em Minas Gerais","Weverton Vilas Boas"],"articleSection":["Editais","Minas Gerais"],"inLanguage":"pt-BR","potentialAction":[{"@type":"CommentAction","name":"Comment","target":["https:\/\/aconteceunovale.com.br\/portal\/?p=169999#respond"]}]},{"@type":"WebPage","@id":"https:\/\/aconteceunovale.com.br\/portal\/?p=169999","url":"https:\/\/aconteceunovale.com.br\/portal\/?p=169999","name":"Governo de Minas abre concorr\u00eancia p\u00fablica para venda de 59 im\u00f3veis - Aconteceu no Vale","isPartOf":{"@id":"https:\/\/aconteceunovale.com.br\/portal\/#website"},"primaryImageOfPage":{"@id":"https:\/\/aconteceunovale.com.br\/portal\/?p=169999#primaryimage"},"image":{"@id":"https:\/\/aconteceunovale.com.br\/portal\/?p=169999#primaryimage"},"thumbnailUrl":"https:\/\/aconteceunovale.com.br\/portal\/wp-content\/uploads\/2020\/11\/venda_imoveis.png","datePublished":"2020-11-25T15:32:46+00:00","dateModified":"2020-11-25T15:33:47+00:00","author":{"@id":"https:\/\/aconteceunovale.com.br\/portal\/#\/schema\/person\/7d2f26d1483f8a63de73da1ee0754d35"},"breadcrumb":{"@id":"https:\/\/aconteceunovale.com.br\/portal\/?p=169999#breadcrumb"},"inLanguage":"pt-BR","potentialAction":[{"@type":"ReadAction","target":["https:\/\/aconteceunovale.com.br\/portal\/?p=169999"]}]},{"@type":"ImageObject","inLanguage":"pt-BR","@id":"https:\/\/aconteceunovale.com.br\/portal\/?p=169999#primaryimage","url":"https:\/\/aconteceunovale.com.br\/portal\/wp-content\/uploads\/2020\/11\/venda_imoveis.png","contentUrl":"https:\/\/aconteceunovale.com.br\/portal\/wp-content\/uploads\/2020\/11\/venda_imoveis.png","width":678,"height":343},{"@type":"BreadcrumbList","@id":"https:\/\/aconteceunovale.com.br\/portal\/?p=169999#breadcrumb","itemListElement":[{"@type":"ListItem","position":1,"name":"In\u00edcio","item":"https:\/\/aconteceunovale.com.br\/portal\/"},{"@type":"ListItem","position":2,"name":"Governo de Minas abre concorr\u00eancia p\u00fablica para venda de 59 im\u00f3veis"}]},{"@type":"WebSite","@id":"https:\/\/aconteceunovale.com.br\/portal\/#website","url":"https:\/\/aconteceunovale.com.br\/portal\/","name":"Aconteceu no Vale","description":"Portal de Not\u00edcias","potentialAction":[{"@type":"SearchAction","target":{"@type":"EntryPoint","urlTemplate":"https:\/\/aconteceunovale.com.br\/portal\/?s={search_term_string}"},"query-input":{"@type":"PropertyValueSpecification","valueRequired":true,"valueName":"search_term_string"}}],"inLanguage":"pt-BR"},{"@type":"Person","@id":"https:\/\/aconteceunovale.com.br\/portal\/#\/schema\/person\/7d2f26d1483f8a63de73da1ee0754d35","name":"Reda\u00e7\u00e3o Aconteceu no Vale","description":"Equipe de reportagem do Aconteceu no Vale, portal de not\u00edcias do Vale do Jequitinhonha, em Minas Gerais. Cobrimos as 51 cidades do Vale desde 2013. Sugest\u00f5es de pauta e pedidos de corre\u00e7\u00e3o: contato@aconteceunovale.com.br","url":"https:\/\/aconteceunovale.com.br\/portal\/?author=4"}]}},"_links":{"self":[{"href":"https:\/\/aconteceunovale.com.br\/portal\/index.php?rest_route=\/wp\/v2\/posts\/169999","targetHints":{"allow":["GET"]}}],"collection":[{"href":"https:\/\/aconteceunovale.com.br\/portal\/index.php?rest_route=\/wp\/v2\/posts"}],"about":[{"href":"https:\/\/aconteceunovale.com.br\/portal\/index.php?rest_route=\/wp\/v2\/types\/post"}],"author":[{"embeddable":true,"href":"https:\/\/aconteceunovale.com.br\/portal\/index.php?rest_route=\/wp\/v2\/users\/4"}],"replies":[{"embeddable":true,"href":"https:\/\/aconteceunovale.com.br\/portal\/index.php?rest_route=%2Fwp%2Fv2%2Fcomments&post=169999"}],"version-history":[{"count":1,"href":"https:\/\/aconteceunovale.com.br\/portal\/index.php?rest_route=\/wp\/v2\/posts\/169999\/revisions"}],"predecessor-version":[{"id":170001,"href":"https:\/\/aconteceunovale.com.br\/portal\/index.php?rest_route=\/wp\/v2\/posts\/169999\/revisions\/170001"}],"wp:featuredmedia":[{"embeddable":true,"href":"https:\/\/aconteceunovale.com.br\/portal\/index.php?rest_route=\/wp\/v2\/media\/170000"}],"wp:attachment":[{"href":"https:\/\/aconteceunovale.com.br\/portal\/index.php?rest_route=%2Fwp%2Fv2%2Fmedia&parent=169999"}],"wp:term":[{"taxonomy":"category","embeddable":true,"href":"https:\/\/aconteceunovale.com.br\/portal\/index.php?rest_route=%2Fwp%2Fv2%2Fcategories&post=169999"},{"taxonomy":"post_tag","embeddable":true,"href":"https:\/\/aconteceunovale.com.br\/portal\/index.php?rest_route=%2Fwp%2Fv2%2Ftags&post=169999"}],"curies":[{"name":"wp","href":"https:\/\/api.w.org\/{rel}","templated":true}]}}