{"id":169996,"date":"2020-11-25T10:42:24","date_gmt":"2020-11-25T13:42:24","guid":{"rendered":"https:\/\/aconteceunovale.com.br\/portal\/?p=169996"},"modified":"2020-11-25T10:42:57","modified_gmt":"2020-11-25T13:42:57","slug":"governo-paga-renda-minas-para-nascidos-em-setembro","status":"publish","type":"post","link":"https:\/\/aconteceunovale.com.br\/portal\/?p=169996","title":{"rendered":"Governo paga Renda Minas para nascidos em setembro"},"content":{"rendered":"\n<p class=\"wp-block-paragraph\">A\u00a0Secretaria de Estado de Desenvolvimento Social (Sedese)\u00a0faz, nesta quarta-feira (25\/11), o repasse do\u00a0<a href=\"http:\/\/www.rendaminas.mg.gov.br\/\" target=\"_blank\" rel=\"noreferrer noopener\">Renda Minas<\/a>\u00a0para os benefici\u00e1rios nascidos em setembro. Ser\u00e3o liberados 83.873 pagamentos, totalizando mais de R$18 milh\u00f5es em recursos.<\/p>\n\n\n\n<p class=\"wp-block-paragraph\">O valor ser\u00e1 pago em duas parcelas, sendo a primeira referente aos meses de outubro e novembro. J\u00e1 a segunda corresponde ao m\u00eas de dezembro e ser\u00e1 quitada a partir do dia 7\/12.<\/p>\n\n\n\n<p class=\"wp-block-paragraph\">O Renda Minas \u00e9 o maior programa de transfer\u00eancia de renda da hist\u00f3ria do\u00a0Governo do Estado.<\/p>\n\n\n\n<p class=\"wp-block-paragraph\">Confira, a seguir, o calend\u00e1rio de pagamento divulgado pela Sedese:<\/p>\n\n\n\n<p class=\"wp-block-paragraph\"><strong>O primeiro pagamento ser\u00e1 realizado conforme quadro a seguir:<\/strong><\/p>\n\n\n\n<figure class=\"wp-block-table\"><table><tbody><tr><td>M\u00eas de Anivers\u00e1rio do Respons\u00e1vel Familiar (RF)<\/td><td class=\"has-text-align-center\" data-align=\"center\">Data do primeiro pagamento (Parcelas de Outubro e Novembro)<\/td><\/tr><tr><td>Janeiro<\/td><td class=\"has-text-align-center\" data-align=\"center\">13\/11\/2020<\/td><\/tr><tr><td>Fevereiro<\/td><td class=\"has-text-align-center\" data-align=\"center\">16\/11\/2020<\/td><\/tr><tr><td>Mar\u00e7o<\/td><td class=\"has-text-align-center\" data-align=\"center\">17\/11\/2020<\/td><\/tr><tr><td>Abril<\/td><td class=\"has-text-align-center\" data-align=\"center\">18\/11\/2020<\/td><\/tr><tr><td>Maio<\/td><td class=\"has-text-align-center\" data-align=\"center\">19\/11\/2020<\/td><\/tr><tr><td>Junho<\/td><td class=\"has-text-align-center\" data-align=\"center\">20\/11\/2020<\/td><\/tr><tr><td>Julho<\/td><td class=\"has-text-align-center\" data-align=\"center\">23\/11\/2020<\/td><\/tr><tr><td>Agosto<\/td><td class=\"has-text-align-center\" data-align=\"center\">24\/11\/2020<\/td><\/tr><tr><td>Setembro<\/td><td class=\"has-text-align-center\" data-align=\"center\">25\/11\/2020<\/td><\/tr><tr><td>Outubro<\/td><td class=\"has-text-align-center\" data-align=\"center\">26\/11\/2020<\/td><\/tr><tr><td>Novembro<\/td><td class=\"has-text-align-center\" data-align=\"center\">27\/11\/2020<\/td><\/tr><tr><td>Dezembro<\/td><td class=\"has-text-align-center\" data-align=\"center\">30\/11\/2020<\/td><\/tr><\/tbody><\/table><\/figure>\n\n\n\n<p class=\"wp-block-paragraph\"><strong>O segundo pagamento ser\u00e1 realizado conforme quadro a seguir:<\/strong><\/p>\n\n\n\n<figure class=\"wp-block-table\"><table><tbody><tr><td>M\u00eas de Anivers\u00e1rio do Respons\u00e1vel Familiar (RF)<\/td><td class=\"has-text-align-center\" data-align=\"center\">Data do segundo pagamento (Parcela de Dezembro)<\/td><\/tr><tr><td>Janeiro<\/td><td class=\"has-text-align-center\" data-align=\"center\">07\/12\/2020<\/td><\/tr><tr><td>Fevereiro<\/td><td class=\"has-text-align-center\" data-align=\"center\">08\/12\/2020<\/td><\/tr><tr><td>Mar\u00e7o<\/td><td class=\"has-text-align-center\" data-align=\"center\">09\/12\/2020<\/td><\/tr><tr><td>Abril<\/td><td class=\"has-text-align-center\" data-align=\"center\">10\/12\/2020<\/td><\/tr><tr><td>Maio<\/td><td class=\"has-text-align-center\" data-align=\"center\">11\/\/12\/2020<\/td><\/tr><tr><td>Junho<\/td><td class=\"has-text-align-center\" data-align=\"center\">14\/12\/2020<\/td><\/tr><tr><td>Julho<\/td><td class=\"has-text-align-center\" data-align=\"center\">15\/12\/2020<\/td><\/tr><tr><td>Agosto<\/td><td class=\"has-text-align-center\" data-align=\"center\">16\/12\/2020<\/td><\/tr><tr><td>Setembro<\/td><td class=\"has-text-align-center\" data-align=\"center\">17\/12\/2020<\/td><\/tr><tr><td>Outubro<\/td><td class=\"has-text-align-center\" data-align=\"center\">18\/12\/2020<\/td><\/tr><tr><td>Novembro<\/td><td class=\"has-text-align-center\" data-align=\"center\">21\/12\/2020<\/td><\/tr><tr><td>Dezembro<\/td><td class=\"has-text-align-center\" data-align=\"center\">22\/12\/2020<\/td><\/tr><\/tbody><\/table><\/figure>\n\n\n\n<p class=\"has-white-color has-vivid-cyan-blue-background-color has-text-color has-background wp-block-paragraph\">Quer saber as not\u00edcias do <strong>Aconteceu no Vale<\/strong> em primeira m\u00e3o? Siga-nos no Facebook <a rel=\"noreferrer noopener\" href=\"http:\/\/facebook.com\/aconteceunovale\" target=\"_blank\">@aconteceunovale<\/a>, Twitter <a rel=\"noreferrer noopener\" href=\"https:\/\/twitter.com\/noticiadosvales\" target=\"_blank\">@noticiadosvales<\/a> e Instagram <a rel=\"noreferrer noopener\" href=\"https:\/\/www.instagram.com\/aconteceunovale\" target=\"_blank\">@aconteceunovale<\/a>.<\/p>\n","protected":false},"excerpt":{"rendered":"<p>A\u00a0Secretaria de Estado de Desenvolvimento Social (Sedese)\u00a0faz, nesta quarta-feira (25\/11), o repasse do\u00a0Renda Minas\u00a0para os benefici\u00e1rios nascidos em setembro. Ser\u00e3o liberados 83.873 pagamentos, totalizando mais de R$18 milh\u00f5es em recursos. O valor ser\u00e1 pago em duas parcelas, sendo a primeira referente aos meses de outubro e novembro. J\u00e1 a segunda corresponde ao m\u00eas de dezembro [&hellip;]<\/p>\n","protected":false},"author":4,"featured_media":169997,"comment_status":"open","ping_status":"closed","sticky":false,"template":"","format":"standard","meta":{"amp_status":"","footnotes":""},"categories":[123],"tags":[230174,230172,230173,1018,6546,230923,230170,230169,230171],"class_list":["post-169996","post","type-post","status-publish","format-standard","has-post-thumbnail","hentry","category-gerais","tag-auxilio-emergencial-do-governo-de-minas","tag-calendario-de-pagamento-do-renda-minas","tag-calendario-do-renda-minas","tag-destaque","tag-governo-de-minas","tag-governo-paga-renda-minas-para-nascidos-em-junho","tag-pagamento-do-renda-minas","tag-pagamento-do-renda-minas-comeca-no-dia-13-de-novembro","tag-renda-minas"],"yoast_head":"<!-- This site is optimized with the Yoast SEO plugin v28.3 - https:\/\/yoast.com\/product\/yoast-seo-wordpress\/ -->\n<title>Governo paga Renda Minas para nascidos em setembro - Aconteceu no Vale<\/title>\n<meta name=\"robots\" content=\"index, follow, max-snippet:-1, max-image-preview:large, max-video-preview:-1\" \/>\n<link rel=\"canonical\" href=\"https:\/\/aconteceunovale.com.br\/portal\/?p=169996\" \/>\n<meta property=\"og:locale\" content=\"pt_BR\" \/>\n<meta property=\"og:type\" content=\"article\" \/>\n<meta property=\"og:title\" content=\"Governo paga Renda Minas para nascidos em setembro - Aconteceu no Vale\" \/>\n<meta property=\"og:description\" content=\"A\u00a0Secretaria de Estado de Desenvolvimento Social (Sedese)\u00a0faz, nesta quarta-feira (25\/11), o repasse do\u00a0Renda Minas\u00a0para os benefici\u00e1rios nascidos em setembro. Ser\u00e3o liberados 83.873 pagamentos, totalizando mais de R$18 milh\u00f5es em recursos. O valor ser\u00e1 pago em duas parcelas, sendo a primeira referente aos meses de outubro e novembro. J\u00e1 a segunda corresponde ao m\u00eas de dezembro [&hellip;]\" \/>\n<meta property=\"og:url\" content=\"https:\/\/aconteceunovale.com.br\/portal\/?p=169996\" \/>\n<meta property=\"og:site_name\" content=\"Aconteceu no Vale\" \/>\n<meta property=\"article:publisher\" content=\"https:\/\/www.facebook.com\/aconteceunovale\/\" \/>\n<meta property=\"article:published_time\" content=\"2020-11-25T13:42:24+00:00\" \/>\n<meta property=\"article:modified_time\" content=\"2020-11-25T13:42:57+00:00\" \/>\n<meta property=\"og:image\" content=\"https:\/\/aconteceunovale.com.br\/portal\/wp-content\/uploads\/2020\/11\/renda_minas.jpg\" \/>\n\t<meta property=\"og:image:width\" content=\"620\" \/>\n\t<meta property=\"og:image:height\" content=\"348\" \/>\n\t<meta property=\"og:image:type\" content=\"image\/jpeg\" \/>\n<meta name=\"author\" content=\"Reda\u00e7\u00e3o Aconteceu no Vale\" \/>\n<meta name=\"twitter:card\" content=\"summary_large_image\" \/>\n<meta name=\"twitter:creator\" content=\"@noticiadosvales\" \/>\n<meta name=\"twitter:site\" content=\"@noticiadosvales\" \/>\n<meta name=\"twitter:label1\" content=\"Escrito por\" \/>\n\t<meta name=\"twitter:data1\" content=\"Reda\u00e7\u00e3o Aconteceu no Vale\" \/>\n\t<meta name=\"twitter:label2\" content=\"Est. tempo de leitura\" \/>\n\t<meta name=\"twitter:data2\" content=\"1 minuto\" \/>\n<script type=\"application\/ld+json\" class=\"yoast-schema-graph\">{\"@context\":\"https:\\\/\\\/schema.org\",\"@graph\":[{\"@type\":\"Article\",\"@id\":\"https:\\\/\\\/aconteceunovale.com.br\\\/portal\\\/?p=169996#article\",\"isPartOf\":{\"@id\":\"https:\\\/\\\/aconteceunovale.com.br\\\/portal\\\/?p=169996\"},\"author\":{\"name\":\"Reda\u00e7\u00e3o Aconteceu no Vale\",\"@id\":\"https:\\\/\\\/aconteceunovale.com.br\\\/portal\\\/#\\\/schema\\\/person\\\/7d2f26d1483f8a63de73da1ee0754d35\"},\"headline\":\"Governo paga Renda Minas para nascidos em setembro\",\"datePublished\":\"2020-11-25T13:42:24+00:00\",\"dateModified\":\"2020-11-25T13:42:57+00:00\",\"mainEntityOfPage\":{\"@id\":\"https:\\\/\\\/aconteceunovale.com.br\\\/portal\\\/?p=169996\"},\"wordCount\":207,\"commentCount\":0,\"image\":{\"@id\":\"https:\\\/\\\/aconteceunovale.com.br\\\/portal\\\/?p=169996#primaryimage\"},\"thumbnailUrl\":\"https:\\\/\\\/aconteceunovale.com.br\\\/portal\\\/wp-content\\\/uploads\\\/2020\\\/11\\\/renda_minas.jpg\",\"keywords\":[\"Aux\u00edlio emergencial do Governo de Minas\",\"Calend\u00e1rio de pagamento do Renda Minas\",\"Calend\u00e1rio do Renda Minas\",\"destaque\",\"Governo de Minas\",\"Governo paga Renda Minas para nascidos em junho\",\"Pagamento do Renda Minas\",\"Pagamento do Renda Minas come\u00e7a no dia 13 de novembro\",\"Renda Minas\"],\"articleSection\":[\"Minas Gerais\"],\"inLanguage\":\"pt-BR\",\"potentialAction\":[{\"@type\":\"CommentAction\",\"name\":\"Comment\",\"target\":[\"https:\\\/\\\/aconteceunovale.com.br\\\/portal\\\/?p=169996#respond\"]}]},{\"@type\":\"WebPage\",\"@id\":\"https:\\\/\\\/aconteceunovale.com.br\\\/portal\\\/?p=169996\",\"url\":\"https:\\\/\\\/aconteceunovale.com.br\\\/portal\\\/?p=169996\",\"name\":\"Governo paga Renda Minas para nascidos em setembro - Aconteceu no Vale\",\"isPartOf\":{\"@id\":\"https:\\\/\\\/aconteceunovale.com.br\\\/portal\\\/#website\"},\"primaryImageOfPage\":{\"@id\":\"https:\\\/\\\/aconteceunovale.com.br\\\/portal\\\/?p=169996#primaryimage\"},\"image\":{\"@id\":\"https:\\\/\\\/aconteceunovale.com.br\\\/portal\\\/?p=169996#primaryimage\"},\"thumbnailUrl\":\"https:\\\/\\\/aconteceunovale.com.br\\\/portal\\\/wp-content\\\/uploads\\\/2020\\\/11\\\/renda_minas.jpg\",\"datePublished\":\"2020-11-25T13:42:24+00:00\",\"dateModified\":\"2020-11-25T13:42:57+00:00\",\"author\":{\"@id\":\"https:\\\/\\\/aconteceunovale.com.br\\\/portal\\\/#\\\/schema\\\/person\\\/7d2f26d1483f8a63de73da1ee0754d35\"},\"breadcrumb\":{\"@id\":\"https:\\\/\\\/aconteceunovale.com.br\\\/portal\\\/?p=169996#breadcrumb\"},\"inLanguage\":\"pt-BR\",\"potentialAction\":[{\"@type\":\"ReadAction\",\"target\":[\"https:\\\/\\\/aconteceunovale.com.br\\\/portal\\\/?p=169996\"]}]},{\"@type\":\"ImageObject\",\"inLanguage\":\"pt-BR\",\"@id\":\"https:\\\/\\\/aconteceunovale.com.br\\\/portal\\\/?p=169996#primaryimage\",\"url\":\"https:\\\/\\\/aconteceunovale.com.br\\\/portal\\\/wp-content\\\/uploads\\\/2020\\\/11\\\/renda_minas.jpg\",\"contentUrl\":\"https:\\\/\\\/aconteceunovale.com.br\\\/portal\\\/wp-content\\\/uploads\\\/2020\\\/11\\\/renda_minas.jpg\",\"width\":620,\"height\":348},{\"@type\":\"BreadcrumbList\",\"@id\":\"https:\\\/\\\/aconteceunovale.com.br\\\/portal\\\/?p=169996#breadcrumb\",\"itemListElement\":[{\"@type\":\"ListItem\",\"position\":1,\"name\":\"In\u00edcio\",\"item\":\"https:\\\/\\\/aconteceunovale.com.br\\\/portal\\\/\"},{\"@type\":\"ListItem\",\"position\":2,\"name\":\"Governo paga Renda Minas para nascidos em setembro\"}]},{\"@type\":\"WebSite\",\"@id\":\"https:\\\/\\\/aconteceunovale.com.br\\\/portal\\\/#website\",\"url\":\"https:\\\/\\\/aconteceunovale.com.br\\\/portal\\\/\",\"name\":\"Aconteceu no Vale\",\"description\":\"Portal de Not\u00edcias\",\"potentialAction\":[{\"@type\":\"SearchAction\",\"target\":{\"@type\":\"EntryPoint\",\"urlTemplate\":\"https:\\\/\\\/aconteceunovale.com.br\\\/portal\\\/?s={search_term_string}\"},\"query-input\":{\"@type\":\"PropertyValueSpecification\",\"valueRequired\":true,\"valueName\":\"search_term_string\"}}],\"inLanguage\":\"pt-BR\"},{\"@type\":\"Person\",\"@id\":\"https:\\\/\\\/aconteceunovale.com.br\\\/portal\\\/#\\\/schema\\\/person\\\/7d2f26d1483f8a63de73da1ee0754d35\",\"name\":\"Reda\u00e7\u00e3o Aconteceu no Vale\",\"description\":\"Equipe de reportagem do Aconteceu no Vale, portal de not\u00edcias do Vale do Jequitinhonha, em Minas Gerais. Cobrimos as 51 cidades do Vale desde 2013. Sugest\u00f5es de pauta e pedidos de corre\u00e7\u00e3o: contato@aconteceunovale.com.br\",\"url\":\"https:\\\/\\\/aconteceunovale.com.br\\\/portal\\\/?author=4\"}]}<\/script>\n<!-- \/ Yoast SEO plugin. -->","yoast_head_json":{"title":"Governo paga Renda Minas para nascidos em setembro - Aconteceu no Vale","robots":{"index":"index","follow":"follow","max-snippet":"max-snippet:-1","max-image-preview":"max-image-preview:large","max-video-preview":"max-video-preview:-1"},"canonical":"https:\/\/aconteceunovale.com.br\/portal\/?p=169996","og_locale":"pt_BR","og_type":"article","og_title":"Governo paga Renda Minas para nascidos em setembro - Aconteceu no Vale","og_description":"A\u00a0Secretaria de Estado de Desenvolvimento Social (Sedese)\u00a0faz, nesta quarta-feira (25\/11), o repasse do\u00a0Renda Minas\u00a0para os benefici\u00e1rios nascidos em setembro. Ser\u00e3o liberados 83.873 pagamentos, totalizando mais de R$18 milh\u00f5es em recursos. O valor ser\u00e1 pago em duas parcelas, sendo a primeira referente aos meses de outubro e novembro. J\u00e1 a segunda corresponde ao m\u00eas de dezembro [&hellip;]","og_url":"https:\/\/aconteceunovale.com.br\/portal\/?p=169996","og_site_name":"Aconteceu no Vale","article_publisher":"https:\/\/www.facebook.com\/aconteceunovale\/","article_published_time":"2020-11-25T13:42:24+00:00","article_modified_time":"2020-11-25T13:42:57+00:00","og_image":[{"width":620,"height":348,"url":"https:\/\/aconteceunovale.com.br\/portal\/wp-content\/uploads\/2020\/11\/renda_minas.jpg","type":"image\/jpeg"}],"author":"Reda\u00e7\u00e3o Aconteceu no Vale","twitter_card":"summary_large_image","twitter_creator":"@noticiadosvales","twitter_site":"@noticiadosvales","twitter_misc":{"Escrito por":"Reda\u00e7\u00e3o Aconteceu no Vale","Est. tempo de leitura":"1 minuto"},"schema":{"@context":"https:\/\/schema.org","@graph":[{"@type":"Article","@id":"https:\/\/aconteceunovale.com.br\/portal\/?p=169996#article","isPartOf":{"@id":"https:\/\/aconteceunovale.com.br\/portal\/?p=169996"},"author":{"name":"Reda\u00e7\u00e3o Aconteceu no Vale","@id":"https:\/\/aconteceunovale.com.br\/portal\/#\/schema\/person\/7d2f26d1483f8a63de73da1ee0754d35"},"headline":"Governo paga Renda Minas para nascidos em setembro","datePublished":"2020-11-25T13:42:24+00:00","dateModified":"2020-11-25T13:42:57+00:00","mainEntityOfPage":{"@id":"https:\/\/aconteceunovale.com.br\/portal\/?p=169996"},"wordCount":207,"commentCount":0,"image":{"@id":"https:\/\/aconteceunovale.com.br\/portal\/?p=169996#primaryimage"},"thumbnailUrl":"https:\/\/aconteceunovale.com.br\/portal\/wp-content\/uploads\/2020\/11\/renda_minas.jpg","keywords":["Aux\u00edlio emergencial do Governo de Minas","Calend\u00e1rio de pagamento do Renda Minas","Calend\u00e1rio do Renda Minas","destaque","Governo de Minas","Governo paga Renda Minas para nascidos em junho","Pagamento do Renda Minas","Pagamento do Renda Minas come\u00e7a no dia 13 de novembro","Renda Minas"],"articleSection":["Minas Gerais"],"inLanguage":"pt-BR","potentialAction":[{"@type":"CommentAction","name":"Comment","target":["https:\/\/aconteceunovale.com.br\/portal\/?p=169996#respond"]}]},{"@type":"WebPage","@id":"https:\/\/aconteceunovale.com.br\/portal\/?p=169996","url":"https:\/\/aconteceunovale.com.br\/portal\/?p=169996","name":"Governo paga Renda Minas para nascidos em setembro - Aconteceu no Vale","isPartOf":{"@id":"https:\/\/aconteceunovale.com.br\/portal\/#website"},"primaryImageOfPage":{"@id":"https:\/\/aconteceunovale.com.br\/portal\/?p=169996#primaryimage"},"image":{"@id":"https:\/\/aconteceunovale.com.br\/portal\/?p=169996#primaryimage"},"thumbnailUrl":"https:\/\/aconteceunovale.com.br\/portal\/wp-content\/uploads\/2020\/11\/renda_minas.jpg","datePublished":"2020-11-25T13:42:24+00:00","dateModified":"2020-11-25T13:42:57+00:00","author":{"@id":"https:\/\/aconteceunovale.com.br\/portal\/#\/schema\/person\/7d2f26d1483f8a63de73da1ee0754d35"},"breadcrumb":{"@id":"https:\/\/aconteceunovale.com.br\/portal\/?p=169996#breadcrumb"},"inLanguage":"pt-BR","potentialAction":[{"@type":"ReadAction","target":["https:\/\/aconteceunovale.com.br\/portal\/?p=169996"]}]},{"@type":"ImageObject","inLanguage":"pt-BR","@id":"https:\/\/aconteceunovale.com.br\/portal\/?p=169996#primaryimage","url":"https:\/\/aconteceunovale.com.br\/portal\/wp-content\/uploads\/2020\/11\/renda_minas.jpg","contentUrl":"https:\/\/aconteceunovale.com.br\/portal\/wp-content\/uploads\/2020\/11\/renda_minas.jpg","width":620,"height":348},{"@type":"BreadcrumbList","@id":"https:\/\/aconteceunovale.com.br\/portal\/?p=169996#breadcrumb","itemListElement":[{"@type":"ListItem","position":1,"name":"In\u00edcio","item":"https:\/\/aconteceunovale.com.br\/portal\/"},{"@type":"ListItem","position":2,"name":"Governo paga Renda Minas para nascidos em setembro"}]},{"@type":"WebSite","@id":"https:\/\/aconteceunovale.com.br\/portal\/#website","url":"https:\/\/aconteceunovale.com.br\/portal\/","name":"Aconteceu no Vale","description":"Portal de Not\u00edcias","potentialAction":[{"@type":"SearchAction","target":{"@type":"EntryPoint","urlTemplate":"https:\/\/aconteceunovale.com.br\/portal\/?s={search_term_string}"},"query-input":{"@type":"PropertyValueSpecification","valueRequired":true,"valueName":"search_term_string"}}],"inLanguage":"pt-BR"},{"@type":"Person","@id":"https:\/\/aconteceunovale.com.br\/portal\/#\/schema\/person\/7d2f26d1483f8a63de73da1ee0754d35","name":"Reda\u00e7\u00e3o Aconteceu no Vale","description":"Equipe de reportagem do Aconteceu no Vale, portal de not\u00edcias do Vale do Jequitinhonha, em Minas Gerais. Cobrimos as 51 cidades do Vale desde 2013. Sugest\u00f5es de pauta e pedidos de corre\u00e7\u00e3o: contato@aconteceunovale.com.br","url":"https:\/\/aconteceunovale.com.br\/portal\/?author=4"}]}},"_links":{"self":[{"href":"https:\/\/aconteceunovale.com.br\/portal\/index.php?rest_route=\/wp\/v2\/posts\/169996","targetHints":{"allow":["GET"]}}],"collection":[{"href":"https:\/\/aconteceunovale.com.br\/portal\/index.php?rest_route=\/wp\/v2\/posts"}],"about":[{"href":"https:\/\/aconteceunovale.com.br\/portal\/index.php?rest_route=\/wp\/v2\/types\/post"}],"author":[{"embeddable":true,"href":"https:\/\/aconteceunovale.com.br\/portal\/index.php?rest_route=\/wp\/v2\/users\/4"}],"replies":[{"embeddable":true,"href":"https:\/\/aconteceunovale.com.br\/portal\/index.php?rest_route=%2Fwp%2Fv2%2Fcomments&post=169996"}],"version-history":[{"count":1,"href":"https:\/\/aconteceunovale.com.br\/portal\/index.php?rest_route=\/wp\/v2\/posts\/169996\/revisions"}],"predecessor-version":[{"id":169998,"href":"https:\/\/aconteceunovale.com.br\/portal\/index.php?rest_route=\/wp\/v2\/posts\/169996\/revisions\/169998"}],"wp:featuredmedia":[{"embeddable":true,"href":"https:\/\/aconteceunovale.com.br\/portal\/index.php?rest_route=\/wp\/v2\/media\/169997"}],"wp:attachment":[{"href":"https:\/\/aconteceunovale.com.br\/portal\/index.php?rest_route=%2Fwp%2Fv2%2Fmedia&parent=169996"}],"wp:term":[{"taxonomy":"category","embeddable":true,"href":"https:\/\/aconteceunovale.com.br\/portal\/index.php?rest_route=%2Fwp%2Fv2%2Fcategories&post=169996"},{"taxonomy":"post_tag","embeddable":true,"href":"https:\/\/aconteceunovale.com.br\/portal\/index.php?rest_route=%2Fwp%2Fv2%2Ftags&post=169996"}],"curies":[{"name":"wp","href":"https:\/\/api.w.org\/{rel}","templated":true}]}}