{"id":169979,"date":"2020-11-24T23:47:59","date_gmt":"2020-11-25T02:47:59","guid":{"rendered":"https:\/\/aconteceunovale.com.br\/portal\/?p=169979"},"modified":"2020-11-24T23:48:24","modified_gmt":"2020-11-25T02:48:24","slug":"brasil-passa-de-170-mil-mortes-por-covid-19","status":"publish","type":"post","link":"https:\/\/aconteceunovale.com.br\/portal\/?p=169979","title":{"rendered":"Brasil passa de 170 mil mortes por Covid-19"},"content":{"rendered":"\n<p>O Brasil&nbsp;passou de&nbsp;170 mil&nbsp;mortes em decorr\u00eancia da pandemia do novo coronav\u00edrus.&nbsp;Nas \u00faltimas 24 horas, segundo o Minist\u00e9rio da Sa\u00fade, foram registradas&nbsp;630&nbsp;mortes,&nbsp;fazendo com o que o n\u00famero&nbsp;tenha chegado a&nbsp;170.115. At\u00e9&nbsp;ontem, o sistema marcava 169.183 falecimentos.<\/p>\n\n\n\n<p>O balan\u00e7o foi divulgado pelo&nbsp;Minist\u00e9rio da Sa\u00fade na noite desta&nbsp;segunda-feira (24\/11\/2020).&nbsp;O \u00f3rg\u00e3o publica a cada dia uma atualiza\u00e7\u00e3o&nbsp;a partir de informa\u00e7\u00f5es repassadas pelas secretarias estaduais de sa\u00fade.<\/p>\n\n\n\n<p>A pandemia j\u00e1 provocou tamb\u00e9m a infec\u00e7\u00e3o de&nbsp;6.118.708 pessoas no Brasil desde o primeiro caso.&nbsp;Entre&nbsp;ontem&nbsp;e&nbsp;hoje,&nbsp;as autoridades de sa\u00fade notificaram&nbsp;31.100&nbsp;novos diagn\u00f3sticos positivos.&nbsp;Ontem, o sistema marcava 6.087.608&nbsp;casos acumulados.<\/p>\n\n\n\n<p>Ainda conforme o balan\u00e7o da pasta, h\u00e1 472.575\u00a0pacientes em acompanhamento. Outras 5.476.018\u00a0pessoas j\u00e1 se recuperaram da doen\u00e7a.<\/p>\n\n\n\n<figure class=\"wp-block-image size-large\"><img loading=\"lazy\" decoding=\"async\" width=\"754\" height=\"425\" src=\"https:\/\/aconteceunovale.com.br\/portal\/wp-content\/uploads\/2020\/11\/corona_br_24novembro.jpeg\" alt=\"\" class=\"wp-image-169980\" srcset=\"https:\/\/aconteceunovale.com.br\/portal\/wp-content\/uploads\/2020\/11\/corona_br_24novembro.jpeg 754w, https:\/\/aconteceunovale.com.br\/portal\/wp-content\/uploads\/2020\/11\/corona_br_24novembro-300x169.jpeg 300w, https:\/\/aconteceunovale.com.br\/portal\/wp-content\/uploads\/2020\/11\/corona_br_24novembro-696x392.jpeg 696w, https:\/\/aconteceunovale.com.br\/portal\/wp-content\/uploads\/2020\/11\/corona_br_24novembro-745x420.jpeg 745w\" sizes=\"auto, (max-width: 754px) 100vw, 754px\" \/><\/figure>\n\n\n\n<p class=\"has-white-color has-vivid-cyan-blue-background-color has-text-color has-background\">Quer saber as not\u00edcias do <strong>Aconteceu no Vale<\/strong> em primeira m\u00e3o? Siga-nos no Facebook <a rel=\"noreferrer noopener\" href=\"http:\/\/facebook.com\/aconteceunovale\" target=\"_blank\">@aconteceunovale<\/a>, Twitter <a rel=\"noreferrer noopener\" href=\"https:\/\/twitter.com\/noticiadosvales\" target=\"_blank\">@noticiadosvales<\/a> e Instagram <a rel=\"noreferrer noopener\" href=\"https:\/\/www.instagram.com\/aconteceunovale\" target=\"_blank\">@aconteceunovale<\/a>.<\/p>\n","protected":false},"excerpt":{"rendered":"<p>O Brasil&nbsp;passou de&nbsp;170 mil&nbsp;mortes em decorr\u00eancia da pandemia do novo coronav\u00edrus.&nbsp;Nas \u00faltimas 24 horas, segundo o Minist\u00e9rio da Sa\u00fade, foram registradas&nbsp;630&nbsp;mortes,&nbsp;fazendo com o que o n\u00famero&nbsp;tenha chegado a&nbsp;170.115. At\u00e9&nbsp;ontem, o sistema marcava 169.183 falecimentos. O balan\u00e7o foi divulgado pelo&nbsp;Minist\u00e9rio da Sa\u00fade na noite desta&nbsp;segunda-feira (24\/11\/2020).&nbsp;O \u00f3rg\u00e3o publica a cada dia uma atualiza\u00e7\u00e3o&nbsp;a partir de informa\u00e7\u00f5es [&hellip;]<\/p>\n","protected":false},"author":4,"featured_media":169980,"comment_status":"open","ping_status":"closed","sticky":false,"template":"","format":"standard","meta":{"amp_status":"","footnotes":""},"categories":[6,40242],"tags":[4785,220477,220660,219520,218049,218205,214884,215394,216498,218043,19326,220349,218044,218045,215653,218206,219105,219104,218876,219519,140166,217692,220478,220479,220944,220945],"class_list":["post-169979","post","type-post","status-publish","format-standard","has-post-thumbnail","hentry","category-br","category-saude-2","tag-brasil","tag-brasil-bate-recorde-de-obitos-e-casos-confirmados-em-um-dia","tag-brasil-ultrapassa-marca-de-4-mil-obitos-por-covid-19","tag-casos-confirmados-e-obitos-no-brasil","tag-casos-de-coronavirus-no-brasil","tag-casos-de-covid-19-no-brasil","tag-coronavirus","tag-coronavirus-no-brasil","tag-covid-19","tag-covid-19-no-brasil","tag-ministerio-da-saude","tag-ministerio-da-saude-atualiza-numeros-do-coronavirus-no-brasil","tag-mortes-por-coronavirus-no-brasil","tag-mortes-por-covid-19-no-brasil","tag-novo-coronavirus","tag-numero-de-casos-de-covid-19-confirmados-no-brasil","tag-numeros-da-covid-19-no-brasil","tag-numeros-do-coronavirus-no-brasil","tag-obitos-por-coronavirus-no-brasil","tag-obitos-por-covid-19-no-brasil","tag-pandemia","tag-pandemia-de-coronavirus","tag-recorde-de-obitos-por-coronavirus-no-brasil","tag-recorde-de-obitos-por-covid-19-no-brasil","tag-virus-vai-atingir-70-da-populacao","tag-virus-vai-atingir-70-da-populacao-diz-jair-bolsonaro"],"_links":{"self":[{"href":"https:\/\/aconteceunovale.com.br\/portal\/index.php?rest_route=\/wp\/v2\/posts\/169979","targetHints":{"allow":["GET"]}}],"collection":[{"href":"https:\/\/aconteceunovale.com.br\/portal\/index.php?rest_route=\/wp\/v2\/posts"}],"about":[{"href":"https:\/\/aconteceunovale.com.br\/portal\/index.php?rest_route=\/wp\/v2\/types\/post"}],"author":[{"embeddable":true,"href":"https:\/\/aconteceunovale.com.br\/portal\/index.php?rest_route=\/wp\/v2\/users\/4"}],"replies":[{"embeddable":true,"href":"https:\/\/aconteceunovale.com.br\/portal\/index.php?rest_route=%2Fwp%2Fv2%2Fcomments&post=169979"}],"version-history":[{"count":1,"href":"https:\/\/aconteceunovale.com.br\/portal\/index.php?rest_route=\/wp\/v2\/posts\/169979\/revisions"}],"predecessor-version":[{"id":169981,"href":"https:\/\/aconteceunovale.com.br\/portal\/index.php?rest_route=\/wp\/v2\/posts\/169979\/revisions\/169981"}],"wp:featuredmedia":[{"embeddable":true,"href":"https:\/\/aconteceunovale.com.br\/portal\/index.php?rest_route=\/wp\/v2\/media\/169980"}],"wp:attachment":[{"href":"https:\/\/aconteceunovale.com.br\/portal\/index.php?rest_route=%2Fwp%2Fv2%2Fmedia&parent=169979"}],"wp:term":[{"taxonomy":"category","embeddable":true,"href":"https:\/\/aconteceunovale.com.br\/portal\/index.php?rest_route=%2Fwp%2Fv2%2Fcategories&post=169979"},{"taxonomy":"post_tag","embeddable":true,"href":"https:\/\/aconteceunovale.com.br\/portal\/index.php?rest_route=%2Fwp%2Fv2%2Ftags&post=169979"}],"curies":[{"name":"wp","href":"https:\/\/api.w.org\/{rel}","templated":true}]}}