{"id":169972,"date":"2020-11-24T19:42:53","date_gmt":"2020-11-24T22:42:53","guid":{"rendered":"https:\/\/aconteceunovale.com.br\/portal\/?p=169972"},"modified":"2020-11-24T19:43:07","modified_gmt":"2020-11-24T22:43:07","slug":"homem-estupra-enteada-em-governador-valadares-e-alega-momento-de-fraqueza","status":"publish","type":"post","link":"https:\/\/aconteceunovale.com.br\/portal\/?p=169972","title":{"rendered":"Homem estupra enteada em Governador Valadares e alega \u201cmomento de fraqueza\u201d"},"content":{"rendered":"\n<p>Epis\u00f3dios de estupro cometidos contra uma garota de 12 anos no transcorrer de cerca de 15 noites transformaram-se em apenas um \u201cmomento de fraqueza\u201d no depoimento do suspeito do crime, um homem de 36 anos, que \u00e9 padrasto da crian\u00e7a. Ele acabou detido entre a noite de domingo (22) e a madrugada de segunda-feira (23), em Governador Valadares, na regi\u00e3o do Rio Doce, depois que a v\u00edtimas reuniu for\u00e7as para denunci\u00e1-lo \u00e0 m\u00e3e.<\/p>\n\n\n\n<p>A mulher ligou para a Pol\u00edcia Militar (PM), que conseguiu capturar o suspeito antes dele ser linchado por moradores do bairro Turmalina que, segundo a ocorr\u00eancia, tentaram agredi-lo depois de serem informados sobre as viol\u00eancias cometidas contra a garota.<\/p>\n\n\n\n<p>\u00c0 m\u00e3e, a crian\u00e7a contou que o padrasto iniciou os abusos depois que a mulher come\u00e7ou a trabalhar no per\u00edodo noturno. A menina relatou que, h\u00e1 cerca de duas semanas, o homem se levantava no meio da noite, entrava no quarto dela, se deitava na cama e acariciava o seu corpo.<\/p>\n\n\n\n<p>Ela disse que o suspeito chegou a violent\u00e1-la sexualmente, mas nesses epis\u00f3dios de estupro, a menina permanecia em sil\u00eancio e fingia estar dormindo com medo de ser agredida pelo padrasto. Apenas no domingo ela conseguiu contar \u00e0 m\u00e3e, algumas horas ap\u00f3s o \u00faltimo abuso sexual que aconteceu na noite de s\u00e1bado. Logo que soube, a mulher foi at\u00e9 o pastor da igreja que frequenta e pediu ajuda. Um instante depois, ligou para a Pol\u00edcia Militar.<\/p>\n\n\n\n<p>Em seu relato aos militares, o suspeito de 36 anos confessou o crime. Ele alegou ter cometido os estupros em um \u201cmomento de fraqueza\u201d, segundo detalhado no hist\u00f3rico, e quis se justificar dizendo que pediu \u00e0 companheira que n\u00e3o trabalhasse mais \u00e0 noite.<\/p>\n\n\n\n<p>Familiares e moradores da rua onde a crian\u00e7a vivia com padrasto e m\u00e3e tentaram agredir o suspeito. Entretanto, a pol\u00edcia o protegeu e ele n\u00e3o foi linchado. A ocorr\u00eancia seguiu para a delegacia de plant\u00e3o da Pol\u00edcia Civil em Governador Valadares.<\/p>\n\n\n\n<p class=\"has-white-color has-vivid-cyan-blue-background-color has-text-color has-background\">Quer saber as not\u00edcias do <strong>Aconteceu no Vale<\/strong> em primeira m\u00e3o? Siga-nos no Facebook <a rel=\"noreferrer noopener\" href=\"http:\/\/facebook.com\/aconteceunovale\" target=\"_blank\">@aconteceunovale<\/a>, Twitter <a rel=\"noreferrer noopener\" href=\"https:\/\/twitter.com\/noticiadosvales\" target=\"_blank\">@noticiadosvales<\/a> e Instagram <a rel=\"noreferrer noopener\" href=\"https:\/\/www.instagram.com\/aconteceunovale\" target=\"_blank\">@aconteceunovale<\/a>.<\/p>\n","protected":false},"excerpt":{"rendered":"<p>Epis\u00f3dios de estupro cometidos contra uma garota de 12 anos no transcorrer de cerca de 15 noites transformaram-se em apenas um \u201cmomento de fraqueza\u201d no depoimento do suspeito do crime, um homem de 36 anos, que \u00e9 padrasto da crian\u00e7a. Ele acabou detido entre a noite de domingo (22) e a madrugada de segunda-feira (23), [&hellip;]<\/p>\n","protected":false},"author":4,"featured_media":163142,"comment_status":"open","ping_status":"closed","sticky":false,"template":"","format":"standard","meta":{"amp_status":"","footnotes":""},"categories":[121],"tags":[1018,231225,99449,247,18800,231224,231226,231227,139050,18801],"class_list":["post-169972","post","type-post","status-publish","format-standard","has-post-thumbnail","hentry","category-leste","tag-destaque","tag-estuprada-pelo-padrasto-em-governador-valadares","tag-estupro-governador-valadares","tag-governador-valadares","tag-gv","tag-homem-estupra-enteada-em-governador-valadares-e-alega-momento-de-fraqueza","tag-padrasto-estupra-enteada-em-governador-valadares","tag-preso-por-estuprar-enteada-em-governador-valadares","tag-preso-por-estupro-em-governador-valadares","tag-valadares"],"_links":{"self":[{"href":"https:\/\/aconteceunovale.com.br\/portal\/index.php?rest_route=\/wp\/v2\/posts\/169972","targetHints":{"allow":["GET"]}}],"collection":[{"href":"https:\/\/aconteceunovale.com.br\/portal\/index.php?rest_route=\/wp\/v2\/posts"}],"about":[{"href":"https:\/\/aconteceunovale.com.br\/portal\/index.php?rest_route=\/wp\/v2\/types\/post"}],"author":[{"embeddable":true,"href":"https:\/\/aconteceunovale.com.br\/portal\/index.php?rest_route=\/wp\/v2\/users\/4"}],"replies":[{"embeddable":true,"href":"https:\/\/aconteceunovale.com.br\/portal\/index.php?rest_route=%2Fwp%2Fv2%2Fcomments&post=169972"}],"version-history":[{"count":1,"href":"https:\/\/aconteceunovale.com.br\/portal\/index.php?rest_route=\/wp\/v2\/posts\/169972\/revisions"}],"predecessor-version":[{"id":169973,"href":"https:\/\/aconteceunovale.com.br\/portal\/index.php?rest_route=\/wp\/v2\/posts\/169972\/revisions\/169973"}],"wp:featuredmedia":[{"embeddable":true,"href":"https:\/\/aconteceunovale.com.br\/portal\/index.php?rest_route=\/wp\/v2\/media\/163142"}],"wp:attachment":[{"href":"https:\/\/aconteceunovale.com.br\/portal\/index.php?rest_route=%2Fwp%2Fv2%2Fmedia&parent=169972"}],"wp:term":[{"taxonomy":"category","embeddable":true,"href":"https:\/\/aconteceunovale.com.br\/portal\/index.php?rest_route=%2Fwp%2Fv2%2Fcategories&post=169972"},{"taxonomy":"post_tag","embeddable":true,"href":"https:\/\/aconteceunovale.com.br\/portal\/index.php?rest_route=%2Fwp%2Fv2%2Ftags&post=169972"}],"curies":[{"name":"wp","href":"https:\/\/api.w.org\/{rel}","templated":true}]}}