{"id":169969,"date":"2020-11-24T19:29:22","date_gmt":"2020-11-24T22:29:22","guid":{"rendered":"https:\/\/aconteceunovale.com.br\/portal\/?p=169969"},"modified":"2020-11-24T19:31:02","modified_gmt":"2020-11-24T22:31:02","slug":"jornalista-fernando-vanucci-morre-aos-69-anos","status":"publish","type":"post","link":"https:\/\/aconteceunovale.com.br\/portal\/?p=169969","title":{"rendered":"Jornalista Fernando Vanucci morre aos 69 anos"},"content":{"rendered":"\n<p>O jornalista, locutor, apresentador e comentarista esportivo Fernando Vanucci morreu nesta ter\u00e7a-feira (24\/11\/2020), em S\u00e3o Paulo, aos 69 anos. O corpo ser\u00e1 velado e sepultado no Rio de Janeiro.\u00a0<\/p>\n\n\n\n<p>Em 2019, o jornalista sofreu um infarto e precisou instalar um marca-passo no cora\u00e7\u00e3o. Ele trabalhou entre 1973 e 1977 na Globo Minas e, depois disso, foi ao Rio, onde apresentou diversos programas, desde como Globo Esporte, RJTV, Esporte Espetacular, Jornal Nacional, Jornal Hoje e Fant\u00e1stico.<\/p>\n\n\n\n<p>Vanucci tamb\u00e9m comp\u00f4s o quadro das emissoras TV Bandeirantes, TV Record, Rede TV e Rede Brasil de Televis\u00e3o. Ele deixa quatro filhos.<\/p>\n\n\n\n<figure class=\"wp-block-gallery columns-1 is-cropped wp-block-gallery-1 is-layout-flex wp-block-gallery-is-layout-flex\"><ul class=\"blocks-gallery-grid\"><li class=\"blocks-gallery-item\"><figure><img loading=\"lazy\" decoding=\"async\" width=\"640\" height=\"360\" src=\"https:\/\/aconteceunovale.com.br\/portal\/wp-content\/uploads\/2020\/11\/fernando_vanucci.jpg\" alt=\"\" data-id=\"169970\" data-full-url=\"https:\/\/aconteceunovale.com.br\/portal\/wp-content\/uploads\/2020\/11\/fernando_vanucci.jpg\" data-link=\"https:\/\/aconteceunovale.com.br\/portal\/?attachment_id=169970\" class=\"wp-image-169970\" srcset=\"https:\/\/aconteceunovale.com.br\/portal\/wp-content\/uploads\/2020\/11\/fernando_vanucci.jpg 640w, https:\/\/aconteceunovale.com.br\/portal\/wp-content\/uploads\/2020\/11\/fernando_vanucci-300x169.jpg 300w\" sizes=\"auto, (max-width: 640px) 100vw, 640px\" \/><figcaption class=\"blocks-gallery-item__caption\"><em>Fernando Vanucci &#8211; Foto: Reprodu\u00e7\u00e3o \/ Extra<\/em><\/figcaption><\/figure><\/li><\/ul><\/figure>\n\n\n\n<p class=\"has-white-color has-vivid-cyan-blue-background-color has-text-color has-background\">Quer saber as not\u00edcias do <strong>Aconteceu no Vale<\/strong> em primeira m\u00e3o? Siga-nos no Facebook <a rel=\"noreferrer noopener\" href=\"http:\/\/facebook.com\/aconteceunovale\" target=\"_blank\">@aconteceunovale<\/a>, Twitter <a rel=\"noreferrer noopener\" href=\"https:\/\/twitter.com\/noticiadosvales\" target=\"_blank\">@noticiadosvales<\/a> e Instagram <a rel=\"noreferrer noopener\" href=\"https:\/\/www.instagram.com\/aconteceunovale\" target=\"_blank\">@aconteceunovale<\/a>.<\/p>\n","protected":false},"excerpt":{"rendered":"<p>O jornalista, locutor, apresentador e comentarista esportivo Fernando Vanucci morreu nesta ter\u00e7a-feira (24\/11\/2020), em S\u00e3o Paulo, aos 69 anos. O corpo ser\u00e1 velado e sepultado no Rio de Janeiro.\u00a0 Em 2019, o jornalista sofreu um infarto e precisou instalar um marca-passo no cora\u00e7\u00e3o. Ele trabalhou entre 1973 e 1977 na Globo Minas e, depois disso, [&hellip;]<\/p>\n","protected":false},"author":4,"featured_media":169970,"comment_status":"open","ping_status":"closed","sticky":false,"template":"","format":"standard","meta":{"amp_status":"","footnotes":""},"categories":[6,59],"tags":[231219,231216,231223,231217,231222,231221,231218,231220,1104,2382],"class_list":["post-169969","post","type-post","status-publish","format-standard","has-post-thumbnail","hentry","category-br","category-sports","tag-causa-da-morte-de-fernando-vanucci","tag-fernando-vanucci","tag-jornalista-esportivo-fernando-vanucci","tag-morre-fernando-vanucci","tag-morre-o-comentarista-esportivo-fernando-vanucci","tag-morre-o-jornalista-fernando-vanucci","tag-morte-de-fernando-vanucci","tag-morte-do-jornalista-fernando-vanucci","tag-rio-de-janeiro","tag-sao-paulo"],"_links":{"self":[{"href":"https:\/\/aconteceunovale.com.br\/portal\/index.php?rest_route=\/wp\/v2\/posts\/169969","targetHints":{"allow":["GET"]}}],"collection":[{"href":"https:\/\/aconteceunovale.com.br\/portal\/index.php?rest_route=\/wp\/v2\/posts"}],"about":[{"href":"https:\/\/aconteceunovale.com.br\/portal\/index.php?rest_route=\/wp\/v2\/types\/post"}],"author":[{"embeddable":true,"href":"https:\/\/aconteceunovale.com.br\/portal\/index.php?rest_route=\/wp\/v2\/users\/4"}],"replies":[{"embeddable":true,"href":"https:\/\/aconteceunovale.com.br\/portal\/index.php?rest_route=%2Fwp%2Fv2%2Fcomments&post=169969"}],"version-history":[{"count":1,"href":"https:\/\/aconteceunovale.com.br\/portal\/index.php?rest_route=\/wp\/v2\/posts\/169969\/revisions"}],"predecessor-version":[{"id":169971,"href":"https:\/\/aconteceunovale.com.br\/portal\/index.php?rest_route=\/wp\/v2\/posts\/169969\/revisions\/169971"}],"wp:featuredmedia":[{"embeddable":true,"href":"https:\/\/aconteceunovale.com.br\/portal\/index.php?rest_route=\/wp\/v2\/media\/169970"}],"wp:attachment":[{"href":"https:\/\/aconteceunovale.com.br\/portal\/index.php?rest_route=%2Fwp%2Fv2%2Fmedia&parent=169969"}],"wp:term":[{"taxonomy":"category","embeddable":true,"href":"https:\/\/aconteceunovale.com.br\/portal\/index.php?rest_route=%2Fwp%2Fv2%2Fcategories&post=169969"},{"taxonomy":"post_tag","embeddable":true,"href":"https:\/\/aconteceunovale.com.br\/portal\/index.php?rest_route=%2Fwp%2Fv2%2Ftags&post=169969"}],"curies":[{"name":"wp","href":"https:\/\/api.w.org\/{rel}","templated":true}]}}