{"id":169967,"date":"2020-11-24T17:20:17","date_gmt":"2020-11-24T20:20:17","guid":{"rendered":"https:\/\/aconteceunovale.com.br\/portal\/?p=169967"},"modified":"2020-11-24T17:20:27","modified_gmt":"2020-11-24T20:20:27","slug":"policia-civil-conclui-investigacao-de-homicidio-em-itamarandiba","status":"publish","type":"post","link":"https:\/\/aconteceunovale.com.br\/portal\/?p=169967","title":{"rendered":"Pol\u00edcia Civil conclui investiga\u00e7\u00e3o de homic\u00eddio em Itamarandiba"},"content":{"rendered":"\n<p>A Pol\u00edcia Civil de Minas Gerais (PCMG) concluiu o inqu\u00e9rito que apurou o homic\u00eddio de um jovem, de 19 anos, em Itamarandiba, no Vale do Jequitinhonha. A suspeita \u00e9 de que o crime tenha sido motivado por uma desaven\u00e7a de dois homens com a v\u00edtima.<\/p>\n\n\n\n<p><em>\u201cDurante o inqu\u00e9rito foram realizadas as coletas de provas periciais, testemunhais e dos relat\u00f3rios circunstanciados de investiga\u00e7\u00e3o, que permitiram concluir pelo indiciamento de tr\u00eas criminosos, com a pris\u00e3o preventiva de um deles. As dilig\u00eancias para a localiza\u00e7\u00e3o do segundo indiciado com mandado de pris\u00e3o em aberto continuam\u201d<\/em>, informou o delegado respons\u00e1vel pelo inqu\u00e9rito, Raphael Boechat.<\/p>\n\n\n\n<p>A v\u00edtima foi assassinada com dois tiros, no dia 2 de setembro deste ano, no Bairro Fazendinha.<\/p>\n\n\n\n<p class=\"has-white-color has-vivid-cyan-blue-background-color has-text-color has-background\">Quer saber as not\u00edcias do <strong>Aconteceu no Vale<\/strong> em primeira m\u00e3o? Siga-nos no Facebook <a rel=\"noreferrer noopener\" href=\"http:\/\/facebook.com\/aconteceunovale\" target=\"_blank\">@aconteceunovale<\/a>, Twitter <a rel=\"noreferrer noopener\" href=\"https:\/\/twitter.com\/noticiadosvales\" target=\"_blank\">@noticiadosvales<\/a> e Instagram <a rel=\"noreferrer noopener\" href=\"https:\/\/www.instagram.com\/aconteceunovale\" target=\"_blank\">@aconteceunovale<\/a>.<\/p>\n","protected":false},"excerpt":{"rendered":"<p>A Pol\u00edcia Civil de Minas Gerais (PCMG) concluiu o inqu\u00e9rito que apurou o homic\u00eddio de um jovem, de 19 anos, em Itamarandiba, no Vale do Jequitinhonha. A suspeita \u00e9 de que o crime tenha sido motivado por uma desaven\u00e7a de dois homens com a v\u00edtima. \u201cDurante o inqu\u00e9rito foram realizadas as coletas de provas periciais, [&hellip;]<\/p>\n","protected":false},"author":4,"featured_media":162079,"comment_status":"open","ping_status":"closed","sticky":false,"template":"","format":"standard","meta":{"amp_status":"","footnotes":""},"categories":[120],"tags":[231213,227771,1018,14084,231214,149,231211,231215,604,231210,80523,44644,231212,227772],"class_list":["post-169967","post","type-post","status-publish","format-standard","has-post-thumbnail","hentry","category-jequi","tag-delegacia-de-itamarandiba","tag-delegado-de-itamarandiba","tag-destaque","tag-homicidio-em-itamarandiba","tag-homicidio-no-bairro-fazendinha-em-itamarandiba","tag-itamarandiba","tag-jovem-morto-em-itamarandiba","tag-morto-no-bairro-fazendinha-em-itamarandiba","tag-pcmg","tag-policia-civil-conclui-investigacao-de-homicidio-em-itamarandiba","tag-policia-civil-de-itamarandiba","tag-policia-civil-de-minas-gerais","tag-presos-por-homicidio-em-itamarandiba","tag-raphael-boechat"],"_links":{"self":[{"href":"https:\/\/aconteceunovale.com.br\/portal\/index.php?rest_route=\/wp\/v2\/posts\/169967","targetHints":{"allow":["GET"]}}],"collection":[{"href":"https:\/\/aconteceunovale.com.br\/portal\/index.php?rest_route=\/wp\/v2\/posts"}],"about":[{"href":"https:\/\/aconteceunovale.com.br\/portal\/index.php?rest_route=\/wp\/v2\/types\/post"}],"author":[{"embeddable":true,"href":"https:\/\/aconteceunovale.com.br\/portal\/index.php?rest_route=\/wp\/v2\/users\/4"}],"replies":[{"embeddable":true,"href":"https:\/\/aconteceunovale.com.br\/portal\/index.php?rest_route=%2Fwp%2Fv2%2Fcomments&post=169967"}],"version-history":[{"count":1,"href":"https:\/\/aconteceunovale.com.br\/portal\/index.php?rest_route=\/wp\/v2\/posts\/169967\/revisions"}],"predecessor-version":[{"id":169968,"href":"https:\/\/aconteceunovale.com.br\/portal\/index.php?rest_route=\/wp\/v2\/posts\/169967\/revisions\/169968"}],"wp:featuredmedia":[{"embeddable":true,"href":"https:\/\/aconteceunovale.com.br\/portal\/index.php?rest_route=\/wp\/v2\/media\/162079"}],"wp:attachment":[{"href":"https:\/\/aconteceunovale.com.br\/portal\/index.php?rest_route=%2Fwp%2Fv2%2Fmedia&parent=169967"}],"wp:term":[{"taxonomy":"category","embeddable":true,"href":"https:\/\/aconteceunovale.com.br\/portal\/index.php?rest_route=%2Fwp%2Fv2%2Fcategories&post=169967"},{"taxonomy":"post_tag","embeddable":true,"href":"https:\/\/aconteceunovale.com.br\/portal\/index.php?rest_route=%2Fwp%2Fv2%2Ftags&post=169967"}],"curies":[{"name":"wp","href":"https:\/\/api.w.org\/{rel}","templated":true}]}}