{"id":169965,"date":"2020-11-24T17:09:23","date_gmt":"2020-11-24T20:09:23","guid":{"rendered":"https:\/\/aconteceunovale.com.br\/portal\/?p=169965"},"modified":"2020-11-24T17:09:33","modified_gmt":"2020-11-24T20:09:33","slug":"homem-e-preso-suspeito-de-tentar-matar-mae-a-machadadas-em-pirapora","status":"publish","type":"post","link":"https:\/\/aconteceunovale.com.br\/portal\/?p=169965","title":{"rendered":"Homem \u00e9 preso suspeito de tentar matar m\u00e3e a machadadas em Pirapora"},"content":{"rendered":"\n<p>A Pol\u00edcia Civil de Minas Gerais (PCMG) prendeu em flagrante, nessa segunda-feira (23\/11\/2020), um homem suspeito de tentar matar a m\u00e3e, uma idosa de 72 anos, a machadadas. O crime ocorreu no munic\u00edpio de Pirapora, no Norte do Estado.<\/p>\n\n\n\n<p>A equipe da Delegacia Especializada de Atendimento \u00e0 Mulher (Deam) conseguiu conter o homem ap\u00f3s o neto da v\u00edtima, de 17 anos, impedir o suspeito de consumar o crime. Nesse momento, a v\u00edtima conseguiu se esconder no quarto at\u00e9 que o investigado fosse preso.<\/p>\n\n\n\n<p>O suspeito foi autuado em flagrante e, em seguida, encaminhado ao Sistema Prisional.<\/p>\n\n\n\n<p class=\"has-white-color has-vivid-cyan-blue-background-color has-text-color has-background\">Quer saber as not\u00edcias do <strong>Aconteceu no Vale<\/strong> em primeira m\u00e3o? Siga-nos no Facebook <a rel=\"noreferrer noopener\" href=\"http:\/\/facebook.com\/aconteceunovale\" target=\"_blank\">@aconteceunovale<\/a>, Twitter <a rel=\"noreferrer noopener\" href=\"https:\/\/twitter.com\/noticiadosvales\" target=\"_blank\">@noticiadosvales<\/a> e Instagram <a rel=\"noreferrer noopener\" href=\"https:\/\/www.instagram.com\/aconteceunovale\" target=\"_blank\">@aconteceunovale<\/a>.<\/p>\n","protected":false},"excerpt":{"rendered":"<p>A Pol\u00edcia Civil de Minas Gerais (PCMG) prendeu em flagrante, nessa segunda-feira (23\/11\/2020), um homem suspeito de tentar matar a m\u00e3e, uma idosa de 72 anos, a machadadas. O crime ocorreu no munic\u00edpio de Pirapora, no Norte do Estado. A equipe da Delegacia Especializada de Atendimento \u00e0 Mulher (Deam) conseguiu conter o homem ap\u00f3s o [&hellip;]<\/p>\n","protected":false},"author":4,"featured_media":151866,"comment_status":"open","ping_status":"closed","sticky":false,"template":"","format":"standard","meta":{"amp_status":"","footnotes":""},"categories":[1236],"tags":[231209,231205,604,254,44644,231206,231208,231207],"class_list":["post-169965","post","type-post","status-publish","format-standard","has-post-thumbnail","hentry","category-norte_de_minas","tag-deam-pirapora","tag-homem-e-preso-suspeito-de-tentar-matar-mae-a-machadadas-em-pirapora","tag-pcmg","tag-pirapora","tag-policia-civil-de-minas-gerais","tag-preso-por-tentar-matar-a-mae-em-pirapora","tag-preso-por-tentar-matar-idosa-em-pirapora","tag-preso-por-tentativa-de-homicidio-em-pirapora"],"_links":{"self":[{"href":"https:\/\/aconteceunovale.com.br\/portal\/index.php?rest_route=\/wp\/v2\/posts\/169965","targetHints":{"allow":["GET"]}}],"collection":[{"href":"https:\/\/aconteceunovale.com.br\/portal\/index.php?rest_route=\/wp\/v2\/posts"}],"about":[{"href":"https:\/\/aconteceunovale.com.br\/portal\/index.php?rest_route=\/wp\/v2\/types\/post"}],"author":[{"embeddable":true,"href":"https:\/\/aconteceunovale.com.br\/portal\/index.php?rest_route=\/wp\/v2\/users\/4"}],"replies":[{"embeddable":true,"href":"https:\/\/aconteceunovale.com.br\/portal\/index.php?rest_route=%2Fwp%2Fv2%2Fcomments&post=169965"}],"version-history":[{"count":1,"href":"https:\/\/aconteceunovale.com.br\/portal\/index.php?rest_route=\/wp\/v2\/posts\/169965\/revisions"}],"predecessor-version":[{"id":169966,"href":"https:\/\/aconteceunovale.com.br\/portal\/index.php?rest_route=\/wp\/v2\/posts\/169965\/revisions\/169966"}],"wp:featuredmedia":[{"embeddable":true,"href":"https:\/\/aconteceunovale.com.br\/portal\/index.php?rest_route=\/wp\/v2\/media\/151866"}],"wp:attachment":[{"href":"https:\/\/aconteceunovale.com.br\/portal\/index.php?rest_route=%2Fwp%2Fv2%2Fmedia&parent=169965"}],"wp:term":[{"taxonomy":"category","embeddable":true,"href":"https:\/\/aconteceunovale.com.br\/portal\/index.php?rest_route=%2Fwp%2Fv2%2Fcategories&post=169965"},{"taxonomy":"post_tag","embeddable":true,"href":"https:\/\/aconteceunovale.com.br\/portal\/index.php?rest_route=%2Fwp%2Fv2%2Ftags&post=169965"}],"curies":[{"name":"wp","href":"https:\/\/api.w.org\/{rel}","templated":true}]}}