{"id":169946,"date":"2020-11-23T23:26:40","date_gmt":"2020-11-24T02:26:40","guid":{"rendered":"https:\/\/aconteceunovale.com.br\/portal\/?p=169946"},"modified":"2026-08-31T23:11:37","modified_gmt":"2026-09-01T02:11:37","slug":"idosa-de-93-anos-vence-a-covid-19-e-recebe-alta-medica-em-capelinha","status":"publish","type":"post","link":"https:\/\/aconteceunovale.com.br\/portal\/?p=169946","title":{"rendered":"Idosa de 93 anos vence a Covid-19 e recebe alta m\u00e9dica em Capelinha"},"content":{"rendered":"\n<p class=\"wp-block-paragraph\">Uma mulher de 93 anos recebeu alta m\u00e9dica ap\u00f3s se recuperar da Covid-19 em Capelinha, no Vale do Jequitinhonha. A informa\u00e7\u00e3o foi divulgada na tarde desta segunda-feira (23\/11\/2020) pela Funda\u00e7\u00e3o Hospitalar S\u00e3o Vicente de Paulo (FHSVP).<\/p>\n\n\n\n<p class=\"wp-block-paragraph\">Segundo o hospital, Dona Hilda Botelho Damasceno ficou quase 30 dias internada. Em v\u00eddeo divulgado nas redes sociais, a paciente \u00e9 aplaudida por familiares e funcion\u00e1rios da unidade de sa\u00fade. Confira:<\/p>\n\n\n\n<figure class=\"wp-block-embed-youtube wp-block-embed is-type-rich is-provider-incorporar-manipulador wp-embed-aspect-16-9 wp-has-aspect-ratio\"><div class=\"wp-block-embed__wrapper\">\n<iframe loading=\"lazy\" title=\"Idosa de 93 anos vence a Covid-19 em Capelinha\" width=\"696\" height=\"392\" src=\"https:\/\/www.youtube.com\/embed\/aaStEg_lwro?feature=oembed\" frameborder=\"0\" allow=\"accelerometer; autoplay; clipboard-write; encrypted-media; gyroscope; picture-in-picture\" allowfullscreen><\/iframe>\n<\/div><\/figure>\n\n\n\n<h2 class=\"wp-block-heading\"><strong>Nota divulgada pelo hospital<\/strong><\/h2>\n\n\n\n<p class=\"wp-block-paragraph\"><em>Neste momento de medos e incertezas, not\u00edcias boas aquecem os cora\u00e7\u00f5es e renovam a certeza de que dias melhores vir\u00e3o.<\/em><\/p>\n\n\n\n<p class=\"wp-block-paragraph\"><em>Neste sentido, destacamos a batalha de Dona Hilda Botelho Damasceno, 93 anos, que conseguiu vencer a Covid-19. Recebendo alta, ap\u00f3s quase 30 dias de interna\u00e7\u00e3o. Apesar dos percal\u00e7os e com o atendimento adequado, Dona Hilda, conseguiu superar a doen\u00e7a e retornar para casa, para reencontrar os filhos e amigos, que tanto torceram por sua melhora.<\/em><\/p>\n\n\n\n<p class=\"wp-block-paragraph\"><em>\u00c9 com muito orgulho, que a Funda\u00e7\u00e3o Hospitalar de Capelinha vem parabenizar a D. Hilda e desejar muitas b\u00ean\u00e7\u00e3os e sa\u00fade a ela e seus entes queridos.<\/em><\/p>\n\n\n\n<h2 class=\"wp-block-heading\"><strong>Covid-19 em Capelinha<\/strong><\/h2>\n\n\n\n<figure class=\"wp-block-image size-large\"><img decoding=\"async\" src=\"https:\/\/scontent.ftfl3-1.fna.fbcdn.net\/v\/t1.0-9\/127250587_2780251072301865_816254069334997963_o.png?_nc_cat=100&amp;ccb=2&amp;_nc_sid=730e14&amp;_nc_ohc=y5FOoBtx-3wAX8pcH-z&amp;_nc_ht=scontent.ftfl3-1.fna&amp;oh=016158903ed016ed9810504dbf6be7d7&amp;oe=5FE127CD\" alt=\"\"\/><\/figure>\n\n\n\n<p class=\"has-white-color has-vivid-cyan-blue-background-color has-text-color has-background wp-block-paragraph\">Quer saber as not\u00edcias do <strong>Aconteceu no Vale<\/strong> em primeira m\u00e3o? Siga-nos no Facebook <a rel=\"noreferrer noopener\" href=\"http:\/\/facebook.com\/aconteceunovale\" target=\"_blank\">@aconteceunovale<\/a>, Twitter <a rel=\"noreferrer noopener\" href=\"https:\/\/twitter.com\/noticiadosvales\" target=\"_blank\">@noticiadosvales<\/a> e Instagram <a rel=\"noreferrer noopener\" href=\"https:\/\/www.instagram.com\/aconteceunovale\" target=\"_blank\">@aconteceunovale<\/a>.<\/p>\n","protected":false},"excerpt":{"rendered":"<p>Uma mulher de 93 anos recebeu alta m\u00e9dica ap\u00f3s se recuperar da Covid-19 em Capelinha, no Vale do Jequitinhonha. A informa\u00e7\u00e3o foi divulgada na tarde desta segunda-feira (23\/11\/2020) pela Funda\u00e7\u00e3o Hospitalar S\u00e3o Vicente de Paulo (FHSVP). Segundo o hospital, Dona Hilda Botelho Damasceno ficou quase 30 dias internada. Em v\u00eddeo divulgado nas redes sociais, a [&hellip;]<\/p>\n","protected":false},"author":4,"featured_media":169949,"comment_status":"open","ping_status":"closed","sticky":false,"template":"","format":"standard","meta":{"amp_status":"","footnotes":""},"categories":[272535,40242,120],"tags":[132,224754,227487,218007,221398,224309,223916,223915,224224,218179,218765,1018,137375,224739,175452,14099,231176,231175,224738,65998,224633,224348],"class_list":["post-169946","post","type-post","status-publish","format-standard","has-post-thumbnail","hentry","category-capelinha","category-saude-2","category-jequi","tag-capelinha","tag-capelinha-registra-mais-dois-casos-de-coronavirus","tag-capelinha-registra-mais-tres-casos-de-covid-19","tag-caso-de-coronavirus-em-capelinha","tag-caso-de-covid-19-em-capelinha","tag-confirmado-o-quarto-caso-de-covid-19-em-capelinha","tag-confirmado-o-segundo-caso-de-coronavirus-em-capelinha","tag-confirmado-o-segundo-caso-de-covid-19-em-capelinha","tag-confirmado-o-terceiro-caso-de-covid-19-em-capelinha","tag-coronavirus-em-capelinha","tag-covid-19-em-capelinha","tag-destaque","tag-fhsvp","tag-funcionamento-do-comercio-de-capelinha","tag-fundacao-hospitalar-de-capelinha","tag-fundacao-hospitalar-sao-vicente-de-paulo","tag-hilda-botelho-damasceno","tag-idosa-de-93-anos-vence-a-covid-19-e-recebe-alta-medica-em-capelinha","tag-novas-regras-para-o-comercio-de-capelinha-passam-a-valer-neste-sabado","tag-prefeitura-de-capelinha","tag-prefeitura-de-capelinha-confirma-dois-novos-casos-de-covid-19","tag-prefeitura-de-capelinha-confirma-quinto-caso-de-covid-19"],"yoast_head":"<!-- This site is optimized with the Yoast SEO plugin v28.3 - https:\/\/yoast.com\/product\/yoast-seo-wordpress\/ -->\n<title>Idosa de 93 anos vence a Covid-19 e recebe alta m\u00e9dica em Capelinha - Aconteceu no Vale<\/title>\n<meta name=\"robots\" content=\"index, follow, max-snippet:-1, max-image-preview:large, max-video-preview:-1\" \/>\n<link rel=\"canonical\" href=\"https:\/\/aconteceunovale.com.br\/portal\/?p=169946\" \/>\n<meta property=\"og:locale\" content=\"pt_BR\" \/>\n<meta property=\"og:type\" content=\"article\" \/>\n<meta property=\"og:title\" content=\"Idosa de 93 anos vence a Covid-19 e recebe alta m\u00e9dica em Capelinha - Aconteceu no Vale\" \/>\n<meta property=\"og:description\" content=\"Uma mulher de 93 anos recebeu alta m\u00e9dica ap\u00f3s se recuperar da Covid-19 em Capelinha, no Vale do Jequitinhonha. A informa\u00e7\u00e3o foi divulgada na tarde desta segunda-feira (23\/11\/2020) pela Funda\u00e7\u00e3o Hospitalar S\u00e3o Vicente de Paulo (FHSVP). Segundo o hospital, Dona Hilda Botelho Damasceno ficou quase 30 dias internada. Em v\u00eddeo divulgado nas redes sociais, a [&hellip;]\" \/>\n<meta property=\"og:url\" content=\"https:\/\/aconteceunovale.com.br\/portal\/?p=169946\" \/>\n<meta property=\"og:site_name\" content=\"Aconteceu no Vale\" \/>\n<meta property=\"article:publisher\" content=\"https:\/\/www.facebook.com\/aconteceunovale\/\" \/>\n<meta property=\"article:published_time\" content=\"2020-11-24T02:26:40+00:00\" \/>\n<meta property=\"article:modified_time\" content=\"2026-09-01T02:11:37+00:00\" \/>\n<meta property=\"og:image\" content=\"https:\/\/aconteceunovale.com.br\/portal\/wp-content\/uploads\/2020\/11\/uti_covid_cap.jpg\" \/>\n\t<meta property=\"og:image:width\" content=\"676\" \/>\n\t<meta property=\"og:image:height\" content=\"450\" \/>\n\t<meta property=\"og:image:type\" content=\"image\/jpeg\" \/>\n<meta name=\"author\" content=\"Reda\u00e7\u00e3o Aconteceu no Vale\" \/>\n<meta name=\"twitter:card\" content=\"summary_large_image\" \/>\n<meta name=\"twitter:creator\" content=\"@noticiadosvales\" \/>\n<meta name=\"twitter:site\" content=\"@noticiadosvales\" \/>\n<meta name=\"twitter:label1\" content=\"Escrito por\" \/>\n\t<meta name=\"twitter:data1\" content=\"Reda\u00e7\u00e3o Aconteceu no Vale\" \/>\n\t<meta name=\"twitter:label2\" content=\"Est. tempo de leitura\" \/>\n\t<meta name=\"twitter:data2\" content=\"1 minuto\" \/>\n<script type=\"application\/ld+json\" class=\"yoast-schema-graph\">{\"@context\":\"https:\\\/\\\/schema.org\",\"@graph\":[{\"@type\":\"Article\",\"@id\":\"https:\\\/\\\/aconteceunovale.com.br\\\/portal\\\/?p=169946#article\",\"isPartOf\":{\"@id\":\"https:\\\/\\\/aconteceunovale.com.br\\\/portal\\\/?p=169946\"},\"author\":{\"name\":\"Reda\u00e7\u00e3o Aconteceu no Vale\",\"@id\":\"https:\\\/\\\/aconteceunovale.com.br\\\/portal\\\/#\\\/schema\\\/person\\\/7d2f26d1483f8a63de73da1ee0754d35\"},\"headline\":\"Idosa de 93 anos vence a Covid-19 e recebe alta m\u00e9dica em Capelinha\",\"datePublished\":\"2020-11-24T02:26:40+00:00\",\"dateModified\":\"2026-09-01T02:11:37+00:00\",\"mainEntityOfPage\":{\"@id\":\"https:\\\/\\\/aconteceunovale.com.br\\\/portal\\\/?p=169946\"},\"wordCount\":230,\"commentCount\":0,\"image\":{\"@id\":\"https:\\\/\\\/aconteceunovale.com.br\\\/portal\\\/?p=169946#primaryimage\"},\"thumbnailUrl\":\"https:\\\/\\\/aconteceunovale.com.br\\\/portal\\\/wp-content\\\/uploads\\\/2020\\\/11\\\/uti_covid_cap.jpg\",\"keywords\":[\"Capelinha\",\"Capelinha registra mais dois casos de Coronav\u00edrus\",\"Capelinha registra mais tr\u00eas casos de Covid-19\",\"Caso de coronav\u00edrus em Capelinha\",\"Caso de Covid-19 em Capelinha\",\"Confirmado o quarto caso de Covid-19 em Capelinha\",\"Confirmado o segundo caso de coronav\u00edrus em Capelinha\",\"Confirmado o segundo caso de Covid-19 em Capelinha\",\"Confirmado o terceiro caso de Covid-19 em Capelinha\",\"Coronav\u00edrus em Capelinha\",\"Covid-19 em Capelinha\",\"destaque\",\"FHSVP\",\"Funcionamento do com\u00e9rcio de Capelinha\",\"Funda\u00e7\u00e3o Hospitalar de Capelinha\",\"Funda\u00e7\u00e3o Hospitalar S\u00e3o Vicente de Paulo\",\"Hilda Botelho Damasceno\",\"Idosa de 93 anos vence a Covid-19 e recebe alta m\u00e9dica em Capelinha\",\"Novas regras para o com\u00e9rcio de Capelinha passam a valer neste s\u00e1bado\",\"Prefeitura de Capelinha\",\"Prefeitura de Capelinha confirma dois novos casos de Covid-19\",\"Prefeitura de Capelinha confirma quinto caso de Covid-19\"],\"articleSection\":[\"Capelinha\",\"Sa\u00fade\",\"Vale do Jequitinhonha\"],\"inLanguage\":\"pt-BR\",\"potentialAction\":[{\"@type\":\"CommentAction\",\"name\":\"Comment\",\"target\":[\"https:\\\/\\\/aconteceunovale.com.br\\\/portal\\\/?p=169946#respond\"]}]},{\"@type\":\"WebPage\",\"@id\":\"https:\\\/\\\/aconteceunovale.com.br\\\/portal\\\/?p=169946\",\"url\":\"https:\\\/\\\/aconteceunovale.com.br\\\/portal\\\/?p=169946\",\"name\":\"Idosa de 93 anos vence a Covid-19 e recebe alta m\u00e9dica em Capelinha - Aconteceu no Vale\",\"isPartOf\":{\"@id\":\"https:\\\/\\\/aconteceunovale.com.br\\\/portal\\\/#website\"},\"primaryImageOfPage\":{\"@id\":\"https:\\\/\\\/aconteceunovale.com.br\\\/portal\\\/?p=169946#primaryimage\"},\"image\":{\"@id\":\"https:\\\/\\\/aconteceunovale.com.br\\\/portal\\\/?p=169946#primaryimage\"},\"thumbnailUrl\":\"https:\\\/\\\/aconteceunovale.com.br\\\/portal\\\/wp-content\\\/uploads\\\/2020\\\/11\\\/uti_covid_cap.jpg\",\"datePublished\":\"2020-11-24T02:26:40+00:00\",\"dateModified\":\"2026-09-01T02:11:37+00:00\",\"author\":{\"@id\":\"https:\\\/\\\/aconteceunovale.com.br\\\/portal\\\/#\\\/schema\\\/person\\\/7d2f26d1483f8a63de73da1ee0754d35\"},\"breadcrumb\":{\"@id\":\"https:\\\/\\\/aconteceunovale.com.br\\\/portal\\\/?p=169946#breadcrumb\"},\"inLanguage\":\"pt-BR\",\"potentialAction\":[{\"@type\":\"ReadAction\",\"target\":[\"https:\\\/\\\/aconteceunovale.com.br\\\/portal\\\/?p=169946\"]}]},{\"@type\":\"ImageObject\",\"inLanguage\":\"pt-BR\",\"@id\":\"https:\\\/\\\/aconteceunovale.com.br\\\/portal\\\/?p=169946#primaryimage\",\"url\":\"https:\\\/\\\/aconteceunovale.com.br\\\/portal\\\/wp-content\\\/uploads\\\/2020\\\/11\\\/uti_covid_cap.jpg\",\"contentUrl\":\"https:\\\/\\\/aconteceunovale.com.br\\\/portal\\\/wp-content\\\/uploads\\\/2020\\\/11\\\/uti_covid_cap.jpg\",\"width\":676,\"height\":450},{\"@type\":\"BreadcrumbList\",\"@id\":\"https:\\\/\\\/aconteceunovale.com.br\\\/portal\\\/?p=169946#breadcrumb\",\"itemListElement\":[{\"@type\":\"ListItem\",\"position\":1,\"name\":\"In\u00edcio\",\"item\":\"https:\\\/\\\/aconteceunovale.com.br\\\/portal\\\/\"},{\"@type\":\"ListItem\",\"position\":2,\"name\":\"Idosa de 93 anos vence a Covid-19 e recebe alta m\u00e9dica em Capelinha\"}]},{\"@type\":\"WebSite\",\"@id\":\"https:\\\/\\\/aconteceunovale.com.br\\\/portal\\\/#website\",\"url\":\"https:\\\/\\\/aconteceunovale.com.br\\\/portal\\\/\",\"name\":\"Aconteceu no Vale\",\"description\":\"Portal de Not\u00edcias\",\"potentialAction\":[{\"@type\":\"SearchAction\",\"target\":{\"@type\":\"EntryPoint\",\"urlTemplate\":\"https:\\\/\\\/aconteceunovale.com.br\\\/portal\\\/?s={search_term_string}\"},\"query-input\":{\"@type\":\"PropertyValueSpecification\",\"valueRequired\":true,\"valueName\":\"search_term_string\"}}],\"inLanguage\":\"pt-BR\"},{\"@type\":\"Person\",\"@id\":\"https:\\\/\\\/aconteceunovale.com.br\\\/portal\\\/#\\\/schema\\\/person\\\/7d2f26d1483f8a63de73da1ee0754d35\",\"name\":\"Reda\u00e7\u00e3o Aconteceu no Vale\",\"description\":\"Equipe de reportagem do Aconteceu no Vale, portal de not\u00edcias do Vale do Jequitinhonha, em Minas Gerais. Cobrimos as 51 cidades do Vale desde 2013. Sugest\u00f5es de pauta e pedidos de corre\u00e7\u00e3o: contato@aconteceunovale.com.br\",\"url\":\"https:\\\/\\\/aconteceunovale.com.br\\\/portal\\\/?author=4\"}]}<\/script>\n<!-- \/ Yoast SEO plugin. -->","yoast_head_json":{"title":"Idosa de 93 anos vence a Covid-19 e recebe alta m\u00e9dica em Capelinha - Aconteceu no Vale","robots":{"index":"index","follow":"follow","max-snippet":"max-snippet:-1","max-image-preview":"max-image-preview:large","max-video-preview":"max-video-preview:-1"},"canonical":"https:\/\/aconteceunovale.com.br\/portal\/?p=169946","og_locale":"pt_BR","og_type":"article","og_title":"Idosa de 93 anos vence a Covid-19 e recebe alta m\u00e9dica em Capelinha - Aconteceu no Vale","og_description":"Uma mulher de 93 anos recebeu alta m\u00e9dica ap\u00f3s se recuperar da Covid-19 em Capelinha, no Vale do Jequitinhonha. A informa\u00e7\u00e3o foi divulgada na tarde desta segunda-feira (23\/11\/2020) pela Funda\u00e7\u00e3o Hospitalar S\u00e3o Vicente de Paulo (FHSVP). Segundo o hospital, Dona Hilda Botelho Damasceno ficou quase 30 dias internada. Em v\u00eddeo divulgado nas redes sociais, a [&hellip;]","og_url":"https:\/\/aconteceunovale.com.br\/portal\/?p=169946","og_site_name":"Aconteceu no Vale","article_publisher":"https:\/\/www.facebook.com\/aconteceunovale\/","article_published_time":"2020-11-24T02:26:40+00:00","article_modified_time":"2026-09-01T02:11:37+00:00","og_image":[{"width":676,"height":450,"url":"https:\/\/aconteceunovale.com.br\/portal\/wp-content\/uploads\/2020\/11\/uti_covid_cap.jpg","type":"image\/jpeg"}],"author":"Reda\u00e7\u00e3o Aconteceu no Vale","twitter_card":"summary_large_image","twitter_creator":"@noticiadosvales","twitter_site":"@noticiadosvales","twitter_misc":{"Escrito por":"Reda\u00e7\u00e3o Aconteceu no Vale","Est. tempo de leitura":"1 minuto"},"schema":{"@context":"https:\/\/schema.org","@graph":[{"@type":"Article","@id":"https:\/\/aconteceunovale.com.br\/portal\/?p=169946#article","isPartOf":{"@id":"https:\/\/aconteceunovale.com.br\/portal\/?p=169946"},"author":{"name":"Reda\u00e7\u00e3o Aconteceu no Vale","@id":"https:\/\/aconteceunovale.com.br\/portal\/#\/schema\/person\/7d2f26d1483f8a63de73da1ee0754d35"},"headline":"Idosa de 93 anos vence a Covid-19 e recebe alta m\u00e9dica em Capelinha","datePublished":"2020-11-24T02:26:40+00:00","dateModified":"2026-09-01T02:11:37+00:00","mainEntityOfPage":{"@id":"https:\/\/aconteceunovale.com.br\/portal\/?p=169946"},"wordCount":230,"commentCount":0,"image":{"@id":"https:\/\/aconteceunovale.com.br\/portal\/?p=169946#primaryimage"},"thumbnailUrl":"https:\/\/aconteceunovale.com.br\/portal\/wp-content\/uploads\/2020\/11\/uti_covid_cap.jpg","keywords":["Capelinha","Capelinha registra mais dois casos de Coronav\u00edrus","Capelinha registra mais tr\u00eas casos de Covid-19","Caso de coronav\u00edrus em Capelinha","Caso de Covid-19 em Capelinha","Confirmado o quarto caso de Covid-19 em Capelinha","Confirmado o segundo caso de coronav\u00edrus em Capelinha","Confirmado o segundo caso de Covid-19 em Capelinha","Confirmado o terceiro caso de Covid-19 em Capelinha","Coronav\u00edrus em Capelinha","Covid-19 em Capelinha","destaque","FHSVP","Funcionamento do com\u00e9rcio de Capelinha","Funda\u00e7\u00e3o Hospitalar de Capelinha","Funda\u00e7\u00e3o Hospitalar S\u00e3o Vicente de Paulo","Hilda Botelho Damasceno","Idosa de 93 anos vence a Covid-19 e recebe alta m\u00e9dica em Capelinha","Novas regras para o com\u00e9rcio de Capelinha passam a valer neste s\u00e1bado","Prefeitura de Capelinha","Prefeitura de Capelinha confirma dois novos casos de Covid-19","Prefeitura de Capelinha confirma quinto caso de Covid-19"],"articleSection":["Capelinha","Sa\u00fade","Vale do Jequitinhonha"],"inLanguage":"pt-BR","potentialAction":[{"@type":"CommentAction","name":"Comment","target":["https:\/\/aconteceunovale.com.br\/portal\/?p=169946#respond"]}]},{"@type":"WebPage","@id":"https:\/\/aconteceunovale.com.br\/portal\/?p=169946","url":"https:\/\/aconteceunovale.com.br\/portal\/?p=169946","name":"Idosa de 93 anos vence a Covid-19 e recebe alta m\u00e9dica em Capelinha - Aconteceu no Vale","isPartOf":{"@id":"https:\/\/aconteceunovale.com.br\/portal\/#website"},"primaryImageOfPage":{"@id":"https:\/\/aconteceunovale.com.br\/portal\/?p=169946#primaryimage"},"image":{"@id":"https:\/\/aconteceunovale.com.br\/portal\/?p=169946#primaryimage"},"thumbnailUrl":"https:\/\/aconteceunovale.com.br\/portal\/wp-content\/uploads\/2020\/11\/uti_covid_cap.jpg","datePublished":"2020-11-24T02:26:40+00:00","dateModified":"2026-09-01T02:11:37+00:00","author":{"@id":"https:\/\/aconteceunovale.com.br\/portal\/#\/schema\/person\/7d2f26d1483f8a63de73da1ee0754d35"},"breadcrumb":{"@id":"https:\/\/aconteceunovale.com.br\/portal\/?p=169946#breadcrumb"},"inLanguage":"pt-BR","potentialAction":[{"@type":"ReadAction","target":["https:\/\/aconteceunovale.com.br\/portal\/?p=169946"]}]},{"@type":"ImageObject","inLanguage":"pt-BR","@id":"https:\/\/aconteceunovale.com.br\/portal\/?p=169946#primaryimage","url":"https:\/\/aconteceunovale.com.br\/portal\/wp-content\/uploads\/2020\/11\/uti_covid_cap.jpg","contentUrl":"https:\/\/aconteceunovale.com.br\/portal\/wp-content\/uploads\/2020\/11\/uti_covid_cap.jpg","width":676,"height":450},{"@type":"BreadcrumbList","@id":"https:\/\/aconteceunovale.com.br\/portal\/?p=169946#breadcrumb","itemListElement":[{"@type":"ListItem","position":1,"name":"In\u00edcio","item":"https:\/\/aconteceunovale.com.br\/portal\/"},{"@type":"ListItem","position":2,"name":"Idosa de 93 anos vence a Covid-19 e recebe alta m\u00e9dica em Capelinha"}]},{"@type":"WebSite","@id":"https:\/\/aconteceunovale.com.br\/portal\/#website","url":"https:\/\/aconteceunovale.com.br\/portal\/","name":"Aconteceu no Vale","description":"Portal de Not\u00edcias","potentialAction":[{"@type":"SearchAction","target":{"@type":"EntryPoint","urlTemplate":"https:\/\/aconteceunovale.com.br\/portal\/?s={search_term_string}"},"query-input":{"@type":"PropertyValueSpecification","valueRequired":true,"valueName":"search_term_string"}}],"inLanguage":"pt-BR"},{"@type":"Person","@id":"https:\/\/aconteceunovale.com.br\/portal\/#\/schema\/person\/7d2f26d1483f8a63de73da1ee0754d35","name":"Reda\u00e7\u00e3o Aconteceu no Vale","description":"Equipe de reportagem do Aconteceu no Vale, portal de not\u00edcias do Vale do Jequitinhonha, em Minas Gerais. Cobrimos as 51 cidades do Vale desde 2013. Sugest\u00f5es de pauta e pedidos de corre\u00e7\u00e3o: contato@aconteceunovale.com.br","url":"https:\/\/aconteceunovale.com.br\/portal\/?author=4"}]}},"_links":{"self":[{"href":"https:\/\/aconteceunovale.com.br\/portal\/index.php?rest_route=\/wp\/v2\/posts\/169946","targetHints":{"allow":["GET"]}}],"collection":[{"href":"https:\/\/aconteceunovale.com.br\/portal\/index.php?rest_route=\/wp\/v2\/posts"}],"about":[{"href":"https:\/\/aconteceunovale.com.br\/portal\/index.php?rest_route=\/wp\/v2\/types\/post"}],"author":[{"embeddable":true,"href":"https:\/\/aconteceunovale.com.br\/portal\/index.php?rest_route=\/wp\/v2\/users\/4"}],"replies":[{"embeddable":true,"href":"https:\/\/aconteceunovale.com.br\/portal\/index.php?rest_route=%2Fwp%2Fv2%2Fcomments&post=169946"}],"version-history":[{"count":3,"href":"https:\/\/aconteceunovale.com.br\/portal\/index.php?rest_route=\/wp\/v2\/posts\/169946\/revisions"}],"predecessor-version":[{"id":169953,"href":"https:\/\/aconteceunovale.com.br\/portal\/index.php?rest_route=\/wp\/v2\/posts\/169946\/revisions\/169953"}],"wp:featuredmedia":[{"embeddable":true,"href":"https:\/\/aconteceunovale.com.br\/portal\/index.php?rest_route=\/wp\/v2\/media\/169949"}],"wp:attachment":[{"href":"https:\/\/aconteceunovale.com.br\/portal\/index.php?rest_route=%2Fwp%2Fv2%2Fmedia&parent=169946"}],"wp:term":[{"taxonomy":"category","embeddable":true,"href":"https:\/\/aconteceunovale.com.br\/portal\/index.php?rest_route=%2Fwp%2Fv2%2Fcategories&post=169946"},{"taxonomy":"post_tag","embeddable":true,"href":"https:\/\/aconteceunovale.com.br\/portal\/index.php?rest_route=%2Fwp%2Fv2%2Ftags&post=169946"}],"curies":[{"name":"wp","href":"https:\/\/api.w.org\/{rel}","templated":true}]}}