{"id":169918,"date":"2020-11-23T17:32:24","date_gmt":"2020-11-23T20:32:24","guid":{"rendered":"https:\/\/aconteceunovale.com.br\/portal\/?p=169918"},"modified":"2020-11-23T17:33:12","modified_gmt":"2020-11-23T20:33:12","slug":"reveillon-em-salvador-sera-online","status":"publish","type":"post","link":"https:\/\/aconteceunovale.com.br\/portal\/?p=169918","title":{"rendered":"R\u00e9veillon em Salvador ser\u00e1 online"},"content":{"rendered":"\n<p>A prefeitura de Salvador anunciou hoje (23\/11\/2020) que a festa de r\u00e9veillon deste ano na cidade ser\u00e1\u00a0<em>online<\/em>. Os shows est\u00e3o confirmados, mas o p\u00fablico os ver\u00e1 nos canais digitais da prefeitura, em dois canais de TV aberta (Globo e Bandeirantes) e em um canal de TV por assinatura (Multishow). De acordo com o prefeito da capital baiana, ACM Neto, o evento online \u00e9 para evitar grandes aglomera\u00e7\u00f5es, como \u00e9 de praxe nessa \u00e9poca.<\/p>\n\n\n\n<p>\u201cEm fun\u00e7\u00e3o da pandemia, esta ser\u00e1 uma virada completamente diferente. N\u00e3o vai ter aquela festa que estamos acostumados a fazer, com milhares de pessoas na rua. O evento vai ser totalmente&nbsp;<em>online<\/em>. Tudo isso vai permitir que Salvador continue viva no cora\u00e7\u00e3o das pessoas, que a gente continue mostrando que a virada de ano \u00e9 um momento muito especial de recome\u00e7o e de constru\u00e7\u00e3o de um 2021 bem melhor que 2020\u201d, disse o ACM Neto.<\/p>\n\n\n\n<p>O tema da festa ser\u00e1&nbsp;<em>Tudo On 2021<\/em>&nbsp;e contar\u00e1 com shows de Ivete Sangalo e Gustavo Lima. Os tradicionais cinco dias de festa viraram apenas um, na pr\u00f3pria noite da virada. Os artistas estar\u00e3o no Forte S\u00e3o Marcelo, em meio \u00e0 Ba\u00eda de Todos-os-Santos. Os shows come\u00e7ar\u00e3o \u00e0s 22h do dia 31 de dezembro.<\/p>\n\n\n\n<p>O evento tamb\u00e9m ter\u00e1 o um show pirot\u00e9cnico, realizado no quebra-mar pr\u00f3ximo ao Forte S\u00e3o Marcelo e que poder\u00e1 ser acompanhado durante a transmiss\u00e3o do show. Outros pontos da cidade tamb\u00e9m ter\u00e3o queima de fogos, mas, para evitar aglomera\u00e7\u00f5es, a prefeitura decidiu n\u00e3o informar onde ocorrer\u00e1.<\/p>\n\n\n\n<figure class=\"wp-block-gallery columns-1 is-cropped wp-block-gallery-1 is-layout-flex wp-block-gallery-is-layout-flex\"><ul class=\"blocks-gallery-grid\"><li class=\"blocks-gallery-item\"><figure><img loading=\"lazy\" decoding=\"async\" width=\"678\" height=\"406\" src=\"https:\/\/aconteceunovale.com.br\/portal\/wp-content\/uploads\/2020\/11\/salvador.jpg\" alt=\"\" data-id=\"169919\" data-full-url=\"https:\/\/aconteceunovale.com.br\/portal\/wp-content\/uploads\/2020\/11\/salvador.jpg\" data-link=\"https:\/\/aconteceunovale.com.br\/portal\/?attachment_id=169919\" class=\"wp-image-169919\" srcset=\"https:\/\/aconteceunovale.com.br\/portal\/wp-content\/uploads\/2020\/11\/salvador.jpg 678w, https:\/\/aconteceunovale.com.br\/portal\/wp-content\/uploads\/2020\/11\/salvador-300x180.jpg 300w\" sizes=\"auto, (max-width: 678px) 100vw, 678px\" \/><figcaption class=\"blocks-gallery-item__caption\"><em>Forte S\u00e3o Marcelo &#8211; Foto: M\u00e1rcio Filho \/ MTUR<\/em><\/figcaption><\/figure><\/li><\/ul><\/figure>\n\n\n\n<p class=\"has-white-color has-vivid-cyan-blue-background-color has-text-color has-background\">Quer saber as not\u00edcias do <strong>Aconteceu no Vale<\/strong> em primeira m\u00e3o? Siga-nos no Facebook <a rel=\"noreferrer noopener\" href=\"http:\/\/facebook.com\/aconteceunovale\" target=\"_blank\">@aconteceunovale<\/a>, Twitter <a rel=\"noreferrer noopener\" href=\"https:\/\/twitter.com\/noticiadosvales\" target=\"_blank\">@noticiadosvales<\/a> e Instagram <a rel=\"noreferrer noopener\" href=\"https:\/\/www.instagram.com\/aconteceunovale\" target=\"_blank\">@aconteceunovale<\/a>.<\/p>\n","protected":false},"excerpt":{"rendered":"<p>A prefeitura de Salvador anunciou hoje (23\/11\/2020) que a festa de r\u00e9veillon deste ano na cidade ser\u00e1\u00a0online. Os shows est\u00e3o confirmados, mas o p\u00fablico os ver\u00e1 nos canais digitais da prefeitura, em dois canais de TV aberta (Globo e Bandeirantes) e em um canal de TV por assinatura (Multishow). De acordo com o prefeito da [&hellip;]<\/p>\n","protected":false},"author":4,"featured_media":169919,"comment_status":"open","ping_status":"closed","sticky":false,"template":"","format":"standard","meta":{"amp_status":"","footnotes":""},"categories":[6,125],"tags":[231141,158247,231139,231144,231140,231136,231137,231135,6531,231142,231143,231138],"class_list":["post-169918","post","type-post","status-publish","format-standard","has-post-thumbnail","hentry","category-br","category-noticias","tag-acm-neto","tag-baia-de-todos-os-santos","tag-festa-da-virada-em-salvador","tag-forte-sao-marcelo","tag-prefeitura-de-salvador","tag-reveillon-2021-em-salvador","tag-reveillon-em-salvador","tag-reveillon-em-salvador-sera-online","tag-salvador","tag-tudo-on-2021","tag-tudo-on-2021-salvador","tag-virada-do-ano-em-salvador"],"_links":{"self":[{"href":"https:\/\/aconteceunovale.com.br\/portal\/index.php?rest_route=\/wp\/v2\/posts\/169918","targetHints":{"allow":["GET"]}}],"collection":[{"href":"https:\/\/aconteceunovale.com.br\/portal\/index.php?rest_route=\/wp\/v2\/posts"}],"about":[{"href":"https:\/\/aconteceunovale.com.br\/portal\/index.php?rest_route=\/wp\/v2\/types\/post"}],"author":[{"embeddable":true,"href":"https:\/\/aconteceunovale.com.br\/portal\/index.php?rest_route=\/wp\/v2\/users\/4"}],"replies":[{"embeddable":true,"href":"https:\/\/aconteceunovale.com.br\/portal\/index.php?rest_route=%2Fwp%2Fv2%2Fcomments&post=169918"}],"version-history":[{"count":1,"href":"https:\/\/aconteceunovale.com.br\/portal\/index.php?rest_route=\/wp\/v2\/posts\/169918\/revisions"}],"predecessor-version":[{"id":169920,"href":"https:\/\/aconteceunovale.com.br\/portal\/index.php?rest_route=\/wp\/v2\/posts\/169918\/revisions\/169920"}],"wp:featuredmedia":[{"embeddable":true,"href":"https:\/\/aconteceunovale.com.br\/portal\/index.php?rest_route=\/wp\/v2\/media\/169919"}],"wp:attachment":[{"href":"https:\/\/aconteceunovale.com.br\/portal\/index.php?rest_route=%2Fwp%2Fv2%2Fmedia&parent=169918"}],"wp:term":[{"taxonomy":"category","embeddable":true,"href":"https:\/\/aconteceunovale.com.br\/portal\/index.php?rest_route=%2Fwp%2Fv2%2Fcategories&post=169918"},{"taxonomy":"post_tag","embeddable":true,"href":"https:\/\/aconteceunovale.com.br\/portal\/index.php?rest_route=%2Fwp%2Fv2%2Ftags&post=169918"}],"curies":[{"name":"wp","href":"https:\/\/api.w.org\/{rel}","templated":true}]}}