{"id":169913,"date":"2020-11-23T17:00:11","date_gmt":"2020-11-23T20:00:11","guid":{"rendered":"https:\/\/aconteceunovale.com.br\/portal\/?p=169913"},"modified":"2020-11-23T17:00:26","modified_gmt":"2020-11-23T20:00:26","slug":"parceria-vai-desenvolver-producao-de-vinho-e-azeite-em-diamantina","status":"publish","type":"post","link":"https:\/\/aconteceunovale.com.br\/portal\/?p=169913","title":{"rendered":"Parceria vai desenvolver produ\u00e7\u00e3o de vinho e azeite em Diamantina"},"content":{"rendered":"\n<p>A\u00a0Empresa de Pesquisa Agropecu\u00e1ria de Minas Gerais (Epamig)\u00a0assinou, juntamente com a\u00a0Prefeitura de Diamantina, Associa\u00e7\u00e3o dos Vitivinicultores e Olivicultores de Diamantina e Alto Jequitinhonha (Avodaj) e Universidade Federal dos Vales do Jequitinhonha e\u00a0 Mucuri (UFVJM), com apoio da\u00a0Emater-MG, um protocolo para a coopera\u00e7\u00e3o entre os setores. O objetivo \u00e9 estabelecer e executar projetos ligados \u00e0 promo\u00e7\u00e3o da vitivinicultura e da olivicultura. Al\u00e9m disso, o documento tamb\u00e9m inclui a\u00e7\u00f5es de pesquisa, desenvolvimento e inova\u00e7\u00e3o e coopera\u00e7\u00e3o t\u00e9cnica e educacional.\u00a0<\/p>\n\n\n\n<p>A assinatura\u00a0ocorreu\u00a0durante visita de comitiva\u00a0do\u00a0Governo de Minas\u00a0a vin\u00edcolas da regi\u00e3o. Assinado na presen\u00e7a do vice-governador Paulo Brant e do c\u00f4nsul da It\u00e1lia em Minas Gerais, D\u00e1rio Savarese, o protocolo prev\u00ea,\u00a0ainda,\u00a0estreitamento de la\u00e7os com a It\u00e1lia,\u00a0com o\u00a0compartilhamento\u00a0de\u00a0conhecimentos na produ\u00e7\u00e3o de vinhos e azeites.<\/p>\n\n\n\n<p>Paulo Brant ressalta a\u00a0potencialidade tur\u00edstica da regi\u00e3o de Diamantina e lembra, tamb\u00e9m, que o Estado tem o papel de apoiar as iniciativas da sociedade dando aos empreendedores condi\u00e7\u00f5es de trilhar caminhos para o desenvolvimento e a sustentabilidade. \u201cDiante do potencial que temos, estamos satisfeitos por cumprir com esse papel, criando um ambiente mais prop\u00edcio para que o investimento ocorra\u201d, afirma o vice-governador.<\/p>\n\n\n\n<figure class=\"wp-block-gallery columns-1 is-cropped wp-block-gallery-1 is-layout-flex wp-block-gallery-is-layout-flex\"><ul class=\"blocks-gallery-grid\"><li class=\"blocks-gallery-item\"><figure><img loading=\"lazy\" decoding=\"async\" width=\"636\" height=\"423\" src=\"https:\/\/aconteceunovale.com.br\/portal\/wp-content\/uploads\/2020\/11\/vinho_diamantina_protocolo.jpeg\" alt=\"\" data-id=\"169914\" data-full-url=\"https:\/\/aconteceunovale.com.br\/portal\/wp-content\/uploads\/2020\/11\/vinho_diamantina_protocolo.jpeg\" data-link=\"https:\/\/aconteceunovale.com.br\/portal\/?attachment_id=169914\" class=\"wp-image-169914\" srcset=\"https:\/\/aconteceunovale.com.br\/portal\/wp-content\/uploads\/2020\/11\/vinho_diamantina_protocolo.jpeg 636w, https:\/\/aconteceunovale.com.br\/portal\/wp-content\/uploads\/2020\/11\/vinho_diamantina_protocolo-300x200.jpeg 300w, https:\/\/aconteceunovale.com.br\/portal\/wp-content\/uploads\/2020\/11\/vinho_diamantina_protocolo-631x420.jpeg 631w\" sizes=\"auto, (max-width: 636px) 100vw, 636px\" \/><figcaption class=\"blocks-gallery-item__caption\"><em>Protocolo foi assinado no dia 19\/11\/2020 (Foto: Rodrigo Borges \/ Reprodu\u00e7\u00e3o Epamig)<\/em><\/figcaption><\/figure><\/li><\/ul><\/figure>\n\n\n\n<h2 class=\"wp-block-heading\"><strong>Desenvolvimento<\/strong><\/h2>\n\n\n\n<p>A Avodaj, associa\u00e7\u00e3o que conta com m\u00e9dia de 15 produtores, j\u00e1 investiu\u00a0valor entre\u00a0R$\u00a010\u00a0milh\u00f5es\u00a0e\u00a0R$\u00a015 milh\u00f5es no estabelecimento de parreirais e vin\u00edcolas para a elabora\u00e7\u00e3o de vinhos finos na regi\u00e3o\u00a0\u00a0\u201cAl\u00e9m dos parreirais, partimos agora para a olivicultura, com boas possibilidades de produ\u00e7\u00e3o de azeite\u201d, conta o presidente, Jo\u00e3o Meira. Com apoio da UFVJM, ser\u00e1 implantado um olival, que funcionar\u00e1 como uma unidade demonstrativa da Epamig de produ\u00e7\u00e3o de azeitona e azeite.<\/p>\n\n\n\n<p>Reafirmando a parceria registrada pelo protocolo de inten\u00e7\u00f5es, o diretor t\u00e9cnico da Epamig, Trazilbo de Paula, relata que o projeto j\u00e1 est\u00e1 em execu\u00e7\u00e3o. &#8220;Os produtores da regi\u00e3o contam com os servi\u00e7os da Epamig de acompanhamento do manejo dos parreirais que utilizam, em sua grande maioria, a t\u00e9cnica da dupla poda da videira\u201d,\u00a0diz.\u00a0<\/p>\n\n\n\n<h2 class=\"wp-block-heading\"><strong>Apoio e fortalecimento<\/strong><\/h2>\n\n\n\n<p>O prefeito de Diamantina, Juscelino Roque, real\u00e7ou o poder da uni\u00e3o e afirmou que o associativismo e o apoio m\u00fatuo s\u00e3o respostas para os desafios da atualidade. \u201cPrecisamos estar organizados. O trabalho por nossa cidade e regi\u00e3o \u00e9 uma rede. Dessa forma apoiaremos toda nossa Minas Gerais\u201d, disse. &nbsp;<\/p>\n\n\n\n<p>Presente na visita, o comandante-geral da Pol\u00edcia Militar de Minas Gerais, coronel Rodrigo Rodrigues, falou sobre a import\u00e2ncia da atua\u00e7\u00e3o da pol\u00edcia no meio rural, por meio do servi\u00e7o Patrulha Rural, como uma for\u00e7a de manuten\u00e7\u00e3o da qualidade de vida do produtor. \u201cNossa presen\u00e7a significa a valida\u00e7\u00e3o da sensa\u00e7\u00e3o de seguran\u00e7a para o produtor trabalhar e escoar sua produ\u00e7\u00e3o de forma que Minas seja um bom lugar para se empreender e viver\u201d, assegurou.&nbsp;<\/p>\n\n\n\n<p>O momento contou ainda com a presen\u00e7a de convidados e autoridades estaduais e regionais.&nbsp;<\/p>\n\n\n\n<p class=\"has-white-color has-vivid-cyan-blue-background-color has-text-color has-background\">Quer saber as not\u00edcias do <strong>Aconteceu no Vale<\/strong> em primeira m\u00e3o? Siga-nos no Facebook <a rel=\"noreferrer noopener\" href=\"http:\/\/facebook.com\/aconteceunovale\" target=\"_blank\">@aconteceunovale<\/a>, Twitter <a rel=\"noreferrer noopener\" href=\"https:\/\/twitter.com\/noticiadosvales\" target=\"_blank\">@noticiadosvales<\/a> e Instagram <a rel=\"noreferrer noopener\" href=\"https:\/\/www.instagram.com\/aconteceunovale\" target=\"_blank\">@aconteceunovale<\/a>.<\/p>\n","protected":false},"excerpt":{"rendered":"<p>A\u00a0Empresa de Pesquisa Agropecu\u00e1ria de Minas Gerais (Epamig)\u00a0assinou, juntamente com a\u00a0Prefeitura de Diamantina, Associa\u00e7\u00e3o dos Vitivinicultores e Olivicultores de Diamantina e Alto Jequitinhonha (Avodaj) e Universidade Federal dos Vales do Jequitinhonha e\u00a0 Mucuri (UFVJM), com apoio da\u00a0Emater-MG, um protocolo para a coopera\u00e7\u00e3o entre os setores. O objetivo \u00e9 estabelecer e executar projetos ligados \u00e0 promo\u00e7\u00e3o [&hellip;]<\/p>\n","protected":false},"author":4,"featured_media":169914,"comment_status":"open","ping_status":"closed","sticky":false,"template":"","format":"standard","meta":{"amp_status":"","footnotes":""},"categories":[120],"tags":[231130,222642,231128,231131,231132,1018,198,25775,25884,231133,135052,231125,178829,42865,31299,231126,231127,214683,250,7129,231129],"class_list":["post-169913","post","type-post","status-publish","format-standard","has-post-thumbnail","hentry","category-jequi","tag-associacao-dos-vitivinicultores-e-olivicultores-de-diamantina-e-alto-jequitinhonha","tag-avodaj","tag-azeite-diamantina","tag-consul-da-italia-em-minas-gerais","tag-dario-savarese","tag-destaque","tag-diamantina","tag-emater-mg","tag-epamig","tag-joao-meira","tag-juscelino-roque","tag-parceria-vai-desenvolver-producao-de-vinho-e-azeite-em-diamantina","tag-paulo-brant","tag-prefeito-de-diamantina","tag-prefeitura-de-diamantina","tag-producao-de-azeite-em-diamantina","tag-producao-de-vinho-em-diamantina","tag-trazilbo-de-paula","tag-ufvjm","tag-universidade-federal-dos-vales-do-jequitinhonha-e-mucuri","tag-vinho-diamantina"],"_links":{"self":[{"href":"https:\/\/aconteceunovale.com.br\/portal\/index.php?rest_route=\/wp\/v2\/posts\/169913","targetHints":{"allow":["GET"]}}],"collection":[{"href":"https:\/\/aconteceunovale.com.br\/portal\/index.php?rest_route=\/wp\/v2\/posts"}],"about":[{"href":"https:\/\/aconteceunovale.com.br\/portal\/index.php?rest_route=\/wp\/v2\/types\/post"}],"author":[{"embeddable":true,"href":"https:\/\/aconteceunovale.com.br\/portal\/index.php?rest_route=\/wp\/v2\/users\/4"}],"replies":[{"embeddable":true,"href":"https:\/\/aconteceunovale.com.br\/portal\/index.php?rest_route=%2Fwp%2Fv2%2Fcomments&post=169913"}],"version-history":[{"count":1,"href":"https:\/\/aconteceunovale.com.br\/portal\/index.php?rest_route=\/wp\/v2\/posts\/169913\/revisions"}],"predecessor-version":[{"id":169915,"href":"https:\/\/aconteceunovale.com.br\/portal\/index.php?rest_route=\/wp\/v2\/posts\/169913\/revisions\/169915"}],"wp:featuredmedia":[{"embeddable":true,"href":"https:\/\/aconteceunovale.com.br\/portal\/index.php?rest_route=\/wp\/v2\/media\/169914"}],"wp:attachment":[{"href":"https:\/\/aconteceunovale.com.br\/portal\/index.php?rest_route=%2Fwp%2Fv2%2Fmedia&parent=169913"}],"wp:term":[{"taxonomy":"category","embeddable":true,"href":"https:\/\/aconteceunovale.com.br\/portal\/index.php?rest_route=%2Fwp%2Fv2%2Fcategories&post=169913"},{"taxonomy":"post_tag","embeddable":true,"href":"https:\/\/aconteceunovale.com.br\/portal\/index.php?rest_route=%2Fwp%2Fv2%2Ftags&post=169913"}],"curies":[{"name":"wp","href":"https:\/\/api.w.org\/{rel}","templated":true}]}}