{"id":169896,"date":"2020-11-23T09:44:16","date_gmt":"2020-11-23T12:44:16","guid":{"rendered":"https:\/\/aconteceunovale.com.br\/portal\/?p=169896"},"modified":"2020-11-23T09:44:50","modified_gmt":"2020-11-23T12:44:50","slug":"jovem-e-preso-com-12-quilos-de-cocaina-na-br-251","status":"publish","type":"post","link":"https:\/\/aconteceunovale.com.br\/portal\/?p=169896","title":{"rendered":"Jovem \u00e9 preso com 12 quilos de coca\u00edna na BR-251"},"content":{"rendered":"\n<p>Um jovem de 26 anos foi preso transportando cerca de 12 quilos de coca\u00edna na BR-251, em Francisco S\u00e1 (MG), na madrugada desta segunda-feira (23\/11\/2020).<\/p>\n\n\n\n<p>Segundo informa\u00e7\u00f5es da Pol\u00edcia Rodovi\u00e1ria Federal (PRF), uma equipe entrou no p\u00e1tio de um posto de combust\u00edvel e notou que o passageiro de um \u00f4nibus de turismo demonstrou nervosismo ao perceber a aproxima\u00e7\u00e3o dos policiais.<\/p>\n\n\n\n<p>Ainda conforme a PRF, o jovem n\u00e3o respondeu de forma clara as perguntas dirigidas a ele. Ao vistoriar a bagagem do rapaz, os policiais localizaram 11 tabletes de coca\u00edna, pesando cerca de 12 quilos.<\/p>\n\n\n\n<p>O jovem foi preso e encaminhado para a Delegacia de Pol\u00edcia Civil junto ao material apreendido.<\/p>\n\n\n\n<figure class=\"wp-block-gallery columns-1 is-cropped wp-block-gallery-1 is-layout-flex wp-block-gallery-is-layout-flex\"><ul class=\"blocks-gallery-grid\"><li class=\"blocks-gallery-item\"><figure><img loading=\"lazy\" decoding=\"async\" width=\"678\" height=\"382\" src=\"https:\/\/aconteceunovale.com.br\/portal\/wp-content\/uploads\/2020\/11\/cocaina_251_francisco_sa.jpg\" alt=\"\" data-id=\"169894\" data-full-url=\"https:\/\/aconteceunovale.com.br\/portal\/wp-content\/uploads\/2020\/11\/cocaina_251_francisco_sa.jpg\" data-link=\"https:\/\/aconteceunovale.com.br\/portal\/?attachment_id=169894\" class=\"wp-image-169894\" srcset=\"https:\/\/aconteceunovale.com.br\/portal\/wp-content\/uploads\/2020\/11\/cocaina_251_francisco_sa.jpg 678w, https:\/\/aconteceunovale.com.br\/portal\/wp-content\/uploads\/2020\/11\/cocaina_251_francisco_sa-300x169.jpg 300w\" sizes=\"auto, (max-width: 678px) 100vw, 678px\" \/><figcaption class=\"blocks-gallery-item__caption\"><em>Foto: Pol\u00edcia Rodovi\u00e1ria Federal\/Divulga\u00e7\u00e3o<\/em><\/figcaption><\/figure><\/li><\/ul><\/figure>\n\n\n\n<p class=\"has-white-color has-vivid-cyan-blue-background-color has-text-color has-background\">Quer saber as not\u00edcias do <strong>Aconteceu no Vale<\/strong> em primeira m\u00e3o? Siga-nos no Facebook <a rel=\"noreferrer noopener\" href=\"http:\/\/facebook.com\/aconteceunovale\" target=\"_blank\">@aconteceunovale<\/a>, Twitter <a rel=\"noreferrer noopener\" href=\"https:\/\/twitter.com\/noticiadosvales\" target=\"_blank\">@noticiadosvales<\/a> e Instagram <a rel=\"noreferrer noopener\" href=\"https:\/\/www.instagram.com\/aconteceunovale\" target=\"_blank\">@aconteceunovale<\/a>.<\/p>\n","protected":false},"excerpt":{"rendered":"<p>Um jovem de 26 anos foi preso transportando cerca de 12 quilos de coca\u00edna na BR-251, em Francisco S\u00e1 (MG), na madrugada desta segunda-feira (23\/11\/2020). Segundo informa\u00e7\u00f5es da Pol\u00edcia Rodovi\u00e1ria Federal (PRF), uma equipe entrou no p\u00e1tio de um posto de combust\u00edvel e notou que o passageiro de um \u00f4nibus de turismo demonstrou nervosismo ao [&hellip;]<\/p>\n","protected":false},"author":4,"featured_media":169894,"comment_status":"open","ping_status":"closed","sticky":false,"template":"","format":"standard","meta":{"amp_status":"","footnotes":""},"categories":[1236],"tags":[231112,231108,206349,231111,231109,1018,1395,231107,231110],"class_list":["post-169896","post","type-post","status-publish","format-standard","has-post-thumbnail","hentry","category-norte_de_minas","tag-apreensao-de-cocaina-em-br-251","tag-apreensao-de-cocaina-na-br-251","tag-br-251-2","tag-cocaina-apreendida-em-onibus-na-br-251","tag-cocaina-apreendida-na-br-251","tag-destaque","tag-francisco-sa","tag-jovem-e-preso-com-12-quilos-de-cocaina-na-br-251","tag-preso-com-cocaina-na-br-251"],"_links":{"self":[{"href":"https:\/\/aconteceunovale.com.br\/portal\/index.php?rest_route=\/wp\/v2\/posts\/169896","targetHints":{"allow":["GET"]}}],"collection":[{"href":"https:\/\/aconteceunovale.com.br\/portal\/index.php?rest_route=\/wp\/v2\/posts"}],"about":[{"href":"https:\/\/aconteceunovale.com.br\/portal\/index.php?rest_route=\/wp\/v2\/types\/post"}],"author":[{"embeddable":true,"href":"https:\/\/aconteceunovale.com.br\/portal\/index.php?rest_route=\/wp\/v2\/users\/4"}],"replies":[{"embeddable":true,"href":"https:\/\/aconteceunovale.com.br\/portal\/index.php?rest_route=%2Fwp%2Fv2%2Fcomments&post=169896"}],"version-history":[{"count":1,"href":"https:\/\/aconteceunovale.com.br\/portal\/index.php?rest_route=\/wp\/v2\/posts\/169896\/revisions"}],"predecessor-version":[{"id":169897,"href":"https:\/\/aconteceunovale.com.br\/portal\/index.php?rest_route=\/wp\/v2\/posts\/169896\/revisions\/169897"}],"wp:featuredmedia":[{"embeddable":true,"href":"https:\/\/aconteceunovale.com.br\/portal\/index.php?rest_route=\/wp\/v2\/media\/169894"}],"wp:attachment":[{"href":"https:\/\/aconteceunovale.com.br\/portal\/index.php?rest_route=%2Fwp%2Fv2%2Fmedia&parent=169896"}],"wp:term":[{"taxonomy":"category","embeddable":true,"href":"https:\/\/aconteceunovale.com.br\/portal\/index.php?rest_route=%2Fwp%2Fv2%2Fcategories&post=169896"},{"taxonomy":"post_tag","embeddable":true,"href":"https:\/\/aconteceunovale.com.br\/portal\/index.php?rest_route=%2Fwp%2Fv2%2Ftags&post=169896"}],"curies":[{"name":"wp","href":"https:\/\/api.w.org\/{rel}","templated":true}]}}