{"id":169838,"date":"2020-11-21T17:01:24","date_gmt":"2020-11-21T20:01:24","guid":{"rendered":"https:\/\/aconteceunovale.com.br\/portal\/?p=169838"},"modified":"2020-11-21T17:01:36","modified_gmt":"2020-11-21T20:01:36","slug":"auxilio-emergencial-tem-datas-para-contestacao","status":"publish","type":"post","link":"https:\/\/aconteceunovale.com.br\/portal\/?p=169838","title":{"rendered":"Aux\u00edlio emergencial tem datas para contesta\u00e7\u00e3o"},"content":{"rendered":"\n<p>Come\u00e7ou hoje (21\/11) o prazo de contesta\u00e7\u00e3o para benefici\u00e1rios do Bolsa Fam\u00edlia que receberam o aux\u00edlio emergencial e o aux\u00edlio emergencial extens\u00e3o, mas tiveram o pagamento cancelado.<\/p>\n\n\n\n<p>Para quem obteve apenas o aux\u00edlio emergencial extens\u00e3o, que \u00e9 de R$ 300, a data final de contesta\u00e7\u00e3o do cancelamento vai at\u00e9 amanh\u00e3 (22). Para quem recebeu as parcelas regulares do aux\u00edlio emergencial, que foram de R$ 600, o prazo vai at\u00e9 30 de novembro para registro de reclama\u00e7\u00f5es.<\/p>\n\n\n\n<p>O governo n\u00e3o informou os prazos de an\u00e1lise dos processos que ser\u00e3o recebidos. Caso a an\u00e1lise do cadastro do benefici\u00e1rio seja positiva, a conta voltar\u00e1 a receber as parcelas do benef\u00edcio no m\u00eas subsequente.<\/p>\n\n\n\n<p>Conforme o governo, as informa\u00e7\u00f5es cadastrais dos beneficiados s\u00e3o cruzadas com diversas bases de dados, o que pode resultar em situa\u00e7\u00f5es incompat\u00edveis com as exig\u00eancias de cadastro para o benef\u00edcio.<\/p>\n\n\n\n<p>Pessoas com renda acima da regra, ocupantes de cargos eletivos, militares, servidores p\u00fablicos e portadores de CPFs (Cadastro de Pessoa F\u00edsica) em situa\u00e7\u00e3o irregular na Receita Federal n\u00e3o podem receber as parcelas do aux\u00edlio emergencial.<\/p>\n\n\n\n<h2 class=\"wp-block-heading\">Para registrar a ocorr\u00eancia<\/h2>\n\n\n\n<p>Para registrar uma queixa sobre a suspens\u00e3o do aux\u00edlio, basta acessar o&nbsp;<a href=\"http:\/\/consultaauxilio.dataprev.gov.br\/consulta\/?_ga=2.82181010.50709423.1603744651-1314995581.1594663922#\/\" target=\"_blank\" rel=\"noreferrer noopener\">portal Dataprev<\/a>&nbsp;de consulta do aux\u00edlio emergencial e preencher as informa\u00e7\u00f5es b\u00e1sicas do beneficiado, com nome completo, CPF, data de nascimento e nome da m\u00e3e.<\/p>\n\n\n\n<p>Ap\u00f3s o login, o beneficiado poder\u00e1 ver a raz\u00e3o da suspens\u00e3o do aux\u00edlio e contest\u00e1-la. Uma nova an\u00e1lise cadastral ser\u00e1 feita para checar irregularidades.<\/p>\n\n\n\n<p class=\"has-white-color has-vivid-cyan-blue-background-color has-text-color has-background\">Quer saber as not\u00edcias do <strong>Aconteceu no Vale<\/strong> em primeira m\u00e3o? Siga-nos no Facebook <a rel=\"noreferrer noopener\" href=\"http:\/\/facebook.com\/aconteceunovale\" target=\"_blank\">@aconteceunovale<\/a>, Twitter <a rel=\"noreferrer noopener\" href=\"https:\/\/twitter.com\/noticiadosvales\" target=\"_blank\">@noticiadosvales<\/a> e Instagram <a rel=\"noreferrer noopener\" href=\"https:\/\/www.instagram.com\/aconteceunovale\" target=\"_blank\">@aconteceunovale<\/a>.<\/p>\n","protected":false},"excerpt":{"rendered":"<p>Come\u00e7ou hoje (21\/11) o prazo de contesta\u00e7\u00e3o para benefici\u00e1rios do Bolsa Fam\u00edlia que receberam o aux\u00edlio emergencial e o aux\u00edlio emergencial extens\u00e3o, mas tiveram o pagamento cancelado. Para quem obteve apenas o aux\u00edlio emergencial extens\u00e3o, que \u00e9 de R$ 300, a data final de contesta\u00e7\u00e3o do cancelamento vai at\u00e9 amanh\u00e3 (22). Para quem recebeu as [&hellip;]<\/p>\n","protected":false},"author":4,"featured_media":161592,"comment_status":"open","ping_status":"closed","sticky":false,"template":"","format":"standard","meta":{"amp_status":"","footnotes":""},"categories":[6],"tags":[219383,230980,230984,230978,230985,20290,190881,230982,230979,230983,230981],"class_list":["post-169838","post","type-post","status-publish","format-standard","has-post-thumbnail","hentry","category-br","tag-auxilio-emergencial","tag-auxilio-emergencial-extensao","tag-cancelamento-do-auxilio-emergencial","tag-contestacao-auxilio-emergencial","tag-contestar-cancelamento-do-auxilio-emergencial","tag-dataprev","tag-ministerio-da-cidadania","tag-normas-auxilio-emergencial","tag-prazo-auxilio-emergencial","tag-prazo-para-contestar-cancelamento-do-auxilio-emergencial","tag-regras-auxilio-emergencial"],"_links":{"self":[{"href":"https:\/\/aconteceunovale.com.br\/portal\/index.php?rest_route=\/wp\/v2\/posts\/169838","targetHints":{"allow":["GET"]}}],"collection":[{"href":"https:\/\/aconteceunovale.com.br\/portal\/index.php?rest_route=\/wp\/v2\/posts"}],"about":[{"href":"https:\/\/aconteceunovale.com.br\/portal\/index.php?rest_route=\/wp\/v2\/types\/post"}],"author":[{"embeddable":true,"href":"https:\/\/aconteceunovale.com.br\/portal\/index.php?rest_route=\/wp\/v2\/users\/4"}],"replies":[{"embeddable":true,"href":"https:\/\/aconteceunovale.com.br\/portal\/index.php?rest_route=%2Fwp%2Fv2%2Fcomments&post=169838"}],"version-history":[{"count":1,"href":"https:\/\/aconteceunovale.com.br\/portal\/index.php?rest_route=\/wp\/v2\/posts\/169838\/revisions"}],"predecessor-version":[{"id":169839,"href":"https:\/\/aconteceunovale.com.br\/portal\/index.php?rest_route=\/wp\/v2\/posts\/169838\/revisions\/169839"}],"wp:featuredmedia":[{"embeddable":true,"href":"https:\/\/aconteceunovale.com.br\/portal\/index.php?rest_route=\/wp\/v2\/media\/161592"}],"wp:attachment":[{"href":"https:\/\/aconteceunovale.com.br\/portal\/index.php?rest_route=%2Fwp%2Fv2%2Fmedia&parent=169838"}],"wp:term":[{"taxonomy":"category","embeddable":true,"href":"https:\/\/aconteceunovale.com.br\/portal\/index.php?rest_route=%2Fwp%2Fv2%2Fcategories&post=169838"},{"taxonomy":"post_tag","embeddable":true,"href":"https:\/\/aconteceunovale.com.br\/portal\/index.php?rest_route=%2Fwp%2Fv2%2Ftags&post=169838"}],"curies":[{"name":"wp","href":"https:\/\/api.w.org\/{rel}","templated":true}]}}