{"id":169834,"date":"2020-11-20T17:55:15","date_gmt":"2020-11-20T20:55:15","guid":{"rendered":"https:\/\/aconteceunovale.com.br\/portal\/?p=169834"},"modified":"2020-11-20T17:55:26","modified_gmt":"2020-11-20T20:55:26","slug":"ministerio-da-agricultura-lanca-plataforma-para-registro-de-maquinas-e-tratores","status":"publish","type":"post","link":"https:\/\/aconteceunovale.com.br\/portal\/?p=169834","title":{"rendered":"Minist\u00e9rio da Agricultura lan\u00e7a plataforma para registro de m\u00e1quinas e tratores"},"content":{"rendered":"\n<p class=\"wp-block-paragraph\">O Minist\u00e9rio da Agricultura, Pecu\u00e1ria e Abastecimento (Mapa) lan\u00e7ou hoje (20\/11\/2020) uma plataforma digital para que os produtores rurais possam registrar tratores e m\u00e1quinas gratuitamente. A iniciativa, batizada de Plataforma de Registro e Gest\u00e3o de Servi\u00e7os, Marcas, Tratores e Equipamentos (ID Agro), foi desenvolvida em uma parceria da Secretaria de Inova\u00e7\u00e3o, Desenvolvimento Rural e Irriga\u00e7\u00e3o do Mapa com o Instituto CNA (ICNA).<\/p>\n\n\n\n<p class=\"wp-block-paragraph\">Com o cadastro, os tratores, colheitadeiras e outros equipamentos ter\u00e3o um documento oficial que permitir\u00e1 a circula\u00e7\u00e3o em vias p\u00fablicas. A medida atende uma&nbsp;<a href=\"https:\/\/www.camara.leg.br\/proposicoesWeb\/prop_mostrarintegra?codteor=1351888&amp;filename=PLV+8\/2015+MPV67315+%3D%3E+MPV+673\/2015\" target=\"_blank\" rel=\"noreferrer noopener\">lei federal que liberou tratores agr\u00edcolas de emplacamento<\/a>&nbsp;e do licenciamento, mas tornou obrigat\u00f3rio o registro em um cadastro espec\u00edfico do Mapa.<\/p>\n\n\n\n<p class=\"wp-block-paragraph\">\u201cFizemos essa ferramenta, simples, sem custos para o agricultor, que eu acho que vai ser de grande valia para o produtor rural\u201d, disse a ministra Tereza Cristina durante o lan\u00e7amento do ID Agro.<\/p>\n\n\n\n<p class=\"wp-block-paragraph\">A plataforma tamb\u00e9m permite que os produtores fa\u00e7am notifica\u00e7\u00f5es em caso de roubos e furtos, bem como d\u00e1 mais seguran\u00e7a na contrata\u00e7\u00e3o de seguro do equipamento, uma vez que a rastreabilidade est\u00e1 inclu\u00edda na plataforma.<\/p>\n\n\n\n<p class=\"wp-block-paragraph\">&#8220;Isso traz uma seguran\u00e7a para quem vai vender e comprar, que eu tenho certeza que aqueles que t\u00eam m\u00e1quinas mais velhas v\u00e3o querer entrar [no registro] tamb\u00e9m&#8221;, disse a ministra.<\/p>\n\n\n\n<p class=\"wp-block-paragraph\">A plataforma ID Agro poder\u00e1 ser utilizada direto pelo\u00a0<em>smartphone<\/em>, basta\u00a0<a href=\"https:\/\/play.google.com\/store\/apps\/details?id=br.com.cnasanar.retrat\" target=\"_blank\" rel=\"noreferrer noopener\">baixar o aplicativo pelo Google Play<\/a>. Atualmente est\u00e1 dispon\u00edvel apenas para Android, mas em breve tamb\u00e9m estar\u00e1 dispon\u00edvel para iOS e na\u00a0<em>web<\/em>.<\/p>\n\n\n\n<p class=\"wp-block-paragraph\">Inicialmente, a plataforma vai funcionar em uma fase piloto, em que somente alguns agentes autorizados, como as concession\u00e1rias de vendas de equipamentos, poder\u00e3o fazer o registro de tratores novos. Em outra fase o acesso ser\u00e1 ampliado e ser\u00e1 poss\u00edvel registrar tamb\u00e9m os tratores antigos.<\/p>\n\n\n\n<p class=\"has-white-color has-vivid-cyan-blue-background-color has-text-color has-background wp-block-paragraph\">Quer saber as not\u00edcias do <strong>Aconteceu no Vale<\/strong> em primeira m\u00e3o? Siga-nos no Facebook <a rel=\"noreferrer noopener\" href=\"http:\/\/facebook.com\/aconteceunovale\" target=\"_blank\">@aconteceunovale<\/a>, Twitter <a rel=\"noreferrer noopener\" href=\"https:\/\/twitter.com\/noticiadosvales\" target=\"_blank\">@noticiadosvales<\/a> e Instagram <a rel=\"noreferrer noopener\" href=\"https:\/\/www.instagram.com\/aconteceunovale\" target=\"_blank\">@aconteceunovale<\/a>.<\/p>\n","protected":false},"excerpt":{"rendered":"<p>O Minist\u00e9rio da Agricultura, Pecu\u00e1ria e Abastecimento (Mapa) lan\u00e7ou hoje (20\/11\/2020) uma plataforma digital para que os produtores rurais possam registrar tratores e m\u00e1quinas gratuitamente. A iniciativa, batizada de Plataforma de Registro e Gest\u00e3o de Servi\u00e7os, Marcas, Tratores e Equipamentos (ID Agro), foi desenvolvida em uma parceria da Secretaria de Inova\u00e7\u00e3o, Desenvolvimento Rural e Irriga\u00e7\u00e3o [&hellip;]<\/p>\n","protected":false},"author":4,"featured_media":169835,"comment_status":"open","ping_status":"closed","sticky":false,"template":"","format":"standard","meta":{"amp_status":"","footnotes":""},"categories":[6],"tags":[230973,230972,230976,230977,45046,230971,230975,230974,23235,91974,230968,230969,230970],"class_list":["post-169834","post","type-post","status-publish","format-standard","has-post-thumbnail","hentry","category-br","tag-aplicativo-id-agro","tag-app-id-agro","tag-autorizacao-para-transito-de-trator","tag-autorizacao-para-transito-de-trator-em-via-publica","tag-cna","tag-fazer-registro-de-tratores","tag-icna","tag-instituto-cna","tag-mapa","tag-ministerio-da-agricultura","tag-ministerio-da-agricultura-lanca-plataforma-para-registro-de-maquinas-e-tratores","tag-registro-de-maquinas","tag-registro-de-tratores"],"yoast_head":"<!-- This site is optimized with the Yoast SEO plugin v28.3 - https:\/\/yoast.com\/product\/yoast-seo-wordpress\/ -->\n<title>Minist\u00e9rio da Agricultura lan\u00e7a plataforma para registro de m\u00e1quinas e tratores - Aconteceu no Vale<\/title>\n<meta name=\"robots\" content=\"index, follow, max-snippet:-1, max-image-preview:large, max-video-preview:-1\" \/>\n<link rel=\"canonical\" href=\"https:\/\/aconteceunovale.com.br\/portal\/?p=169834\" \/>\n<meta property=\"og:locale\" content=\"pt_BR\" \/>\n<meta property=\"og:type\" content=\"article\" \/>\n<meta property=\"og:title\" content=\"Minist\u00e9rio da Agricultura lan\u00e7a plataforma para registro de m\u00e1quinas e tratores - Aconteceu no Vale\" \/>\n<meta property=\"og:description\" content=\"O Minist\u00e9rio da Agricultura, Pecu\u00e1ria e Abastecimento (Mapa) lan\u00e7ou hoje (20\/11\/2020) uma plataforma digital para que os produtores rurais possam registrar tratores e m\u00e1quinas gratuitamente. A iniciativa, batizada de Plataforma de Registro e Gest\u00e3o de Servi\u00e7os, Marcas, Tratores e Equipamentos (ID Agro), foi desenvolvida em uma parceria da Secretaria de Inova\u00e7\u00e3o, Desenvolvimento Rural e Irriga\u00e7\u00e3o [&hellip;]\" \/>\n<meta property=\"og:url\" content=\"https:\/\/aconteceunovale.com.br\/portal\/?p=169834\" \/>\n<meta property=\"og:site_name\" content=\"Aconteceu no Vale\" \/>\n<meta property=\"article:publisher\" content=\"https:\/\/www.facebook.com\/aconteceunovale\/\" \/>\n<meta property=\"article:published_time\" content=\"2020-11-20T20:55:15+00:00\" \/>\n<meta property=\"article:modified_time\" content=\"2020-11-20T20:55:26+00:00\" \/>\n<meta property=\"og:image\" content=\"https:\/\/aconteceunovale.com.br\/portal\/wp-content\/uploads\/2020\/11\/id_agro.png\" \/>\n\t<meta property=\"og:image:width\" content=\"678\" \/>\n\t<meta property=\"og:image:height\" content=\"384\" \/>\n\t<meta property=\"og:image:type\" content=\"image\/png\" \/>\n<meta name=\"author\" content=\"Reda\u00e7\u00e3o Aconteceu no Vale\" \/>\n<meta name=\"twitter:card\" content=\"summary_large_image\" \/>\n<meta name=\"twitter:creator\" content=\"@noticiadosvales\" \/>\n<meta name=\"twitter:site\" content=\"@noticiadosvales\" \/>\n<meta name=\"twitter:label1\" content=\"Escrito por\" \/>\n\t<meta name=\"twitter:data1\" content=\"Reda\u00e7\u00e3o Aconteceu no Vale\" \/>\n\t<meta name=\"twitter:label2\" content=\"Est. tempo de leitura\" \/>\n\t<meta name=\"twitter:data2\" content=\"2 minutos\" \/>\n<script type=\"application\/ld+json\" class=\"yoast-schema-graph\">{\"@context\":\"https:\\\/\\\/schema.org\",\"@graph\":[{\"@type\":\"Article\",\"@id\":\"https:\\\/\\\/aconteceunovale.com.br\\\/portal\\\/?p=169834#article\",\"isPartOf\":{\"@id\":\"https:\\\/\\\/aconteceunovale.com.br\\\/portal\\\/?p=169834\"},\"author\":{\"name\":\"Reda\u00e7\u00e3o Aconteceu no Vale\",\"@id\":\"https:\\\/\\\/aconteceunovale.com.br\\\/portal\\\/#\\\/schema\\\/person\\\/7d2f26d1483f8a63de73da1ee0754d35\"},\"headline\":\"Minist\u00e9rio da Agricultura lan\u00e7a plataforma para registro de m\u00e1quinas e tratores\",\"datePublished\":\"2020-11-20T20:55:15+00:00\",\"dateModified\":\"2020-11-20T20:55:26+00:00\",\"mainEntityOfPage\":{\"@id\":\"https:\\\/\\\/aconteceunovale.com.br\\\/portal\\\/?p=169834\"},\"wordCount\":354,\"commentCount\":0,\"image\":{\"@id\":\"https:\\\/\\\/aconteceunovale.com.br\\\/portal\\\/?p=169834#primaryimage\"},\"thumbnailUrl\":\"https:\\\/\\\/aconteceunovale.com.br\\\/portal\\\/wp-content\\\/uploads\\\/2020\\\/11\\\/id_agro.png\",\"keywords\":[\"Aplicativo Id agro\",\"App Id agro\",\"Autoriza\u00e7\u00e3o para tr\u00e2nsito de trator\",\"Autoriza\u00e7\u00e3o para tr\u00e2nsito de trator em via p\u00fablica\",\"CNA\",\"Fazer registro de tratores\",\"ICNA\",\"Instituto CNA\",\"Mapa\",\"Minist\u00e9rio da Agricultura\",\"Minist\u00e9rio da Agricultura lan\u00e7a plataforma para registro de m\u00e1quinas e tratores\",\"Registro de m\u00e1quinas\",\"Registro de tratores\"],\"articleSection\":[\"Brasil\"],\"inLanguage\":\"pt-BR\",\"potentialAction\":[{\"@type\":\"CommentAction\",\"name\":\"Comment\",\"target\":[\"https:\\\/\\\/aconteceunovale.com.br\\\/portal\\\/?p=169834#respond\"]}]},{\"@type\":\"WebPage\",\"@id\":\"https:\\\/\\\/aconteceunovale.com.br\\\/portal\\\/?p=169834\",\"url\":\"https:\\\/\\\/aconteceunovale.com.br\\\/portal\\\/?p=169834\",\"name\":\"Minist\u00e9rio da Agricultura lan\u00e7a plataforma para registro de m\u00e1quinas e tratores - Aconteceu no Vale\",\"isPartOf\":{\"@id\":\"https:\\\/\\\/aconteceunovale.com.br\\\/portal\\\/#website\"},\"primaryImageOfPage\":{\"@id\":\"https:\\\/\\\/aconteceunovale.com.br\\\/portal\\\/?p=169834#primaryimage\"},\"image\":{\"@id\":\"https:\\\/\\\/aconteceunovale.com.br\\\/portal\\\/?p=169834#primaryimage\"},\"thumbnailUrl\":\"https:\\\/\\\/aconteceunovale.com.br\\\/portal\\\/wp-content\\\/uploads\\\/2020\\\/11\\\/id_agro.png\",\"datePublished\":\"2020-11-20T20:55:15+00:00\",\"dateModified\":\"2020-11-20T20:55:26+00:00\",\"author\":{\"@id\":\"https:\\\/\\\/aconteceunovale.com.br\\\/portal\\\/#\\\/schema\\\/person\\\/7d2f26d1483f8a63de73da1ee0754d35\"},\"breadcrumb\":{\"@id\":\"https:\\\/\\\/aconteceunovale.com.br\\\/portal\\\/?p=169834#breadcrumb\"},\"inLanguage\":\"pt-BR\",\"potentialAction\":[{\"@type\":\"ReadAction\",\"target\":[\"https:\\\/\\\/aconteceunovale.com.br\\\/portal\\\/?p=169834\"]}]},{\"@type\":\"ImageObject\",\"inLanguage\":\"pt-BR\",\"@id\":\"https:\\\/\\\/aconteceunovale.com.br\\\/portal\\\/?p=169834#primaryimage\",\"url\":\"https:\\\/\\\/aconteceunovale.com.br\\\/portal\\\/wp-content\\\/uploads\\\/2020\\\/11\\\/id_agro.png\",\"contentUrl\":\"https:\\\/\\\/aconteceunovale.com.br\\\/portal\\\/wp-content\\\/uploads\\\/2020\\\/11\\\/id_agro.png\",\"width\":678,\"height\":384},{\"@type\":\"BreadcrumbList\",\"@id\":\"https:\\\/\\\/aconteceunovale.com.br\\\/portal\\\/?p=169834#breadcrumb\",\"itemListElement\":[{\"@type\":\"ListItem\",\"position\":1,\"name\":\"In\u00edcio\",\"item\":\"https:\\\/\\\/aconteceunovale.com.br\\\/portal\\\/\"},{\"@type\":\"ListItem\",\"position\":2,\"name\":\"Minist\u00e9rio da Agricultura lan\u00e7a plataforma para registro de m\u00e1quinas e tratores\"}]},{\"@type\":\"WebSite\",\"@id\":\"https:\\\/\\\/aconteceunovale.com.br\\\/portal\\\/#website\",\"url\":\"https:\\\/\\\/aconteceunovale.com.br\\\/portal\\\/\",\"name\":\"Aconteceu no Vale\",\"description\":\"Portal de Not\u00edcias\",\"potentialAction\":[{\"@type\":\"SearchAction\",\"target\":{\"@type\":\"EntryPoint\",\"urlTemplate\":\"https:\\\/\\\/aconteceunovale.com.br\\\/portal\\\/?s={search_term_string}\"},\"query-input\":{\"@type\":\"PropertyValueSpecification\",\"valueRequired\":true,\"valueName\":\"search_term_string\"}}],\"inLanguage\":\"pt-BR\"},{\"@type\":\"Person\",\"@id\":\"https:\\\/\\\/aconteceunovale.com.br\\\/portal\\\/#\\\/schema\\\/person\\\/7d2f26d1483f8a63de73da1ee0754d35\",\"name\":\"Reda\u00e7\u00e3o Aconteceu no Vale\",\"description\":\"Equipe de reportagem do Aconteceu no Vale, portal de not\u00edcias do Vale do Jequitinhonha, em Minas Gerais. Cobrimos as 51 cidades do Vale desde 2013. Sugest\u00f5es de pauta e pedidos de corre\u00e7\u00e3o: contato@aconteceunovale.com.br\",\"url\":\"https:\\\/\\\/aconteceunovale.com.br\\\/portal\\\/?author=4\"}]}<\/script>\n<!-- \/ Yoast SEO plugin. -->","yoast_head_json":{"title":"Minist\u00e9rio da Agricultura lan\u00e7a plataforma para registro de m\u00e1quinas e tratores - Aconteceu no Vale","robots":{"index":"index","follow":"follow","max-snippet":"max-snippet:-1","max-image-preview":"max-image-preview:large","max-video-preview":"max-video-preview:-1"},"canonical":"https:\/\/aconteceunovale.com.br\/portal\/?p=169834","og_locale":"pt_BR","og_type":"article","og_title":"Minist\u00e9rio da Agricultura lan\u00e7a plataforma para registro de m\u00e1quinas e tratores - Aconteceu no Vale","og_description":"O Minist\u00e9rio da Agricultura, Pecu\u00e1ria e Abastecimento (Mapa) lan\u00e7ou hoje (20\/11\/2020) uma plataforma digital para que os produtores rurais possam registrar tratores e m\u00e1quinas gratuitamente. A iniciativa, batizada de Plataforma de Registro e Gest\u00e3o de Servi\u00e7os, Marcas, Tratores e Equipamentos (ID Agro), foi desenvolvida em uma parceria da Secretaria de Inova\u00e7\u00e3o, Desenvolvimento Rural e Irriga\u00e7\u00e3o [&hellip;]","og_url":"https:\/\/aconteceunovale.com.br\/portal\/?p=169834","og_site_name":"Aconteceu no Vale","article_publisher":"https:\/\/www.facebook.com\/aconteceunovale\/","article_published_time":"2020-11-20T20:55:15+00:00","article_modified_time":"2020-11-20T20:55:26+00:00","og_image":[{"width":678,"height":384,"url":"https:\/\/aconteceunovale.com.br\/portal\/wp-content\/uploads\/2020\/11\/id_agro.png","type":"image\/png"}],"author":"Reda\u00e7\u00e3o Aconteceu no Vale","twitter_card":"summary_large_image","twitter_creator":"@noticiadosvales","twitter_site":"@noticiadosvales","twitter_misc":{"Escrito por":"Reda\u00e7\u00e3o Aconteceu no Vale","Est. tempo de leitura":"2 minutos"},"schema":{"@context":"https:\/\/schema.org","@graph":[{"@type":"Article","@id":"https:\/\/aconteceunovale.com.br\/portal\/?p=169834#article","isPartOf":{"@id":"https:\/\/aconteceunovale.com.br\/portal\/?p=169834"},"author":{"name":"Reda\u00e7\u00e3o Aconteceu no Vale","@id":"https:\/\/aconteceunovale.com.br\/portal\/#\/schema\/person\/7d2f26d1483f8a63de73da1ee0754d35"},"headline":"Minist\u00e9rio da Agricultura lan\u00e7a plataforma para registro de m\u00e1quinas e tratores","datePublished":"2020-11-20T20:55:15+00:00","dateModified":"2020-11-20T20:55:26+00:00","mainEntityOfPage":{"@id":"https:\/\/aconteceunovale.com.br\/portal\/?p=169834"},"wordCount":354,"commentCount":0,"image":{"@id":"https:\/\/aconteceunovale.com.br\/portal\/?p=169834#primaryimage"},"thumbnailUrl":"https:\/\/aconteceunovale.com.br\/portal\/wp-content\/uploads\/2020\/11\/id_agro.png","keywords":["Aplicativo Id agro","App Id agro","Autoriza\u00e7\u00e3o para tr\u00e2nsito de trator","Autoriza\u00e7\u00e3o para tr\u00e2nsito de trator em via p\u00fablica","CNA","Fazer registro de tratores","ICNA","Instituto CNA","Mapa","Minist\u00e9rio da Agricultura","Minist\u00e9rio da Agricultura lan\u00e7a plataforma para registro de m\u00e1quinas e tratores","Registro de m\u00e1quinas","Registro de tratores"],"articleSection":["Brasil"],"inLanguage":"pt-BR","potentialAction":[{"@type":"CommentAction","name":"Comment","target":["https:\/\/aconteceunovale.com.br\/portal\/?p=169834#respond"]}]},{"@type":"WebPage","@id":"https:\/\/aconteceunovale.com.br\/portal\/?p=169834","url":"https:\/\/aconteceunovale.com.br\/portal\/?p=169834","name":"Minist\u00e9rio da Agricultura lan\u00e7a plataforma para registro de m\u00e1quinas e tratores - Aconteceu no Vale","isPartOf":{"@id":"https:\/\/aconteceunovale.com.br\/portal\/#website"},"primaryImageOfPage":{"@id":"https:\/\/aconteceunovale.com.br\/portal\/?p=169834#primaryimage"},"image":{"@id":"https:\/\/aconteceunovale.com.br\/portal\/?p=169834#primaryimage"},"thumbnailUrl":"https:\/\/aconteceunovale.com.br\/portal\/wp-content\/uploads\/2020\/11\/id_agro.png","datePublished":"2020-11-20T20:55:15+00:00","dateModified":"2020-11-20T20:55:26+00:00","author":{"@id":"https:\/\/aconteceunovale.com.br\/portal\/#\/schema\/person\/7d2f26d1483f8a63de73da1ee0754d35"},"breadcrumb":{"@id":"https:\/\/aconteceunovale.com.br\/portal\/?p=169834#breadcrumb"},"inLanguage":"pt-BR","potentialAction":[{"@type":"ReadAction","target":["https:\/\/aconteceunovale.com.br\/portal\/?p=169834"]}]},{"@type":"ImageObject","inLanguage":"pt-BR","@id":"https:\/\/aconteceunovale.com.br\/portal\/?p=169834#primaryimage","url":"https:\/\/aconteceunovale.com.br\/portal\/wp-content\/uploads\/2020\/11\/id_agro.png","contentUrl":"https:\/\/aconteceunovale.com.br\/portal\/wp-content\/uploads\/2020\/11\/id_agro.png","width":678,"height":384},{"@type":"BreadcrumbList","@id":"https:\/\/aconteceunovale.com.br\/portal\/?p=169834#breadcrumb","itemListElement":[{"@type":"ListItem","position":1,"name":"In\u00edcio","item":"https:\/\/aconteceunovale.com.br\/portal\/"},{"@type":"ListItem","position":2,"name":"Minist\u00e9rio da Agricultura lan\u00e7a plataforma para registro de m\u00e1quinas e tratores"}]},{"@type":"WebSite","@id":"https:\/\/aconteceunovale.com.br\/portal\/#website","url":"https:\/\/aconteceunovale.com.br\/portal\/","name":"Aconteceu no Vale","description":"Portal de Not\u00edcias","potentialAction":[{"@type":"SearchAction","target":{"@type":"EntryPoint","urlTemplate":"https:\/\/aconteceunovale.com.br\/portal\/?s={search_term_string}"},"query-input":{"@type":"PropertyValueSpecification","valueRequired":true,"valueName":"search_term_string"}}],"inLanguage":"pt-BR"},{"@type":"Person","@id":"https:\/\/aconteceunovale.com.br\/portal\/#\/schema\/person\/7d2f26d1483f8a63de73da1ee0754d35","name":"Reda\u00e7\u00e3o Aconteceu no Vale","description":"Equipe de reportagem do Aconteceu no Vale, portal de not\u00edcias do Vale do Jequitinhonha, em Minas Gerais. Cobrimos as 51 cidades do Vale desde 2013. Sugest\u00f5es de pauta e pedidos de corre\u00e7\u00e3o: contato@aconteceunovale.com.br","url":"https:\/\/aconteceunovale.com.br\/portal\/?author=4"}]}},"_links":{"self":[{"href":"https:\/\/aconteceunovale.com.br\/portal\/index.php?rest_route=\/wp\/v2\/posts\/169834","targetHints":{"allow":["GET"]}}],"collection":[{"href":"https:\/\/aconteceunovale.com.br\/portal\/index.php?rest_route=\/wp\/v2\/posts"}],"about":[{"href":"https:\/\/aconteceunovale.com.br\/portal\/index.php?rest_route=\/wp\/v2\/types\/post"}],"author":[{"embeddable":true,"href":"https:\/\/aconteceunovale.com.br\/portal\/index.php?rest_route=\/wp\/v2\/users\/4"}],"replies":[{"embeddable":true,"href":"https:\/\/aconteceunovale.com.br\/portal\/index.php?rest_route=%2Fwp%2Fv2%2Fcomments&post=169834"}],"version-history":[{"count":1,"href":"https:\/\/aconteceunovale.com.br\/portal\/index.php?rest_route=\/wp\/v2\/posts\/169834\/revisions"}],"predecessor-version":[{"id":169836,"href":"https:\/\/aconteceunovale.com.br\/portal\/index.php?rest_route=\/wp\/v2\/posts\/169834\/revisions\/169836"}],"wp:featuredmedia":[{"embeddable":true,"href":"https:\/\/aconteceunovale.com.br\/portal\/index.php?rest_route=\/wp\/v2\/media\/169835"}],"wp:attachment":[{"href":"https:\/\/aconteceunovale.com.br\/portal\/index.php?rest_route=%2Fwp%2Fv2%2Fmedia&parent=169834"}],"wp:term":[{"taxonomy":"category","embeddable":true,"href":"https:\/\/aconteceunovale.com.br\/portal\/index.php?rest_route=%2Fwp%2Fv2%2Fcategories&post=169834"},{"taxonomy":"post_tag","embeddable":true,"href":"https:\/\/aconteceunovale.com.br\/portal\/index.php?rest_route=%2Fwp%2Fv2%2Ftags&post=169834"}],"curies":[{"name":"wp","href":"https:\/\/api.w.org\/{rel}","templated":true}]}}