{"id":169816,"date":"2020-11-20T14:23:21","date_gmt":"2020-11-20T17:23:21","guid":{"rendered":"https:\/\/aconteceunovale.com.br\/portal\/?p=169816"},"modified":"2020-11-20T14:23:40","modified_gmt":"2020-11-20T17:23:40","slug":"norte-de-minas-casos-de-covid-19-aumentaram-244-nos-ultimos-90-dias","status":"publish","type":"post","link":"https:\/\/aconteceunovale.com.br\/portal\/?p=169816","title":{"rendered":"Norte de Minas: casos de Covid-19 aumentaram 244% nos \u00faltimos 90 dias"},"content":{"rendered":"\n<p class=\"wp-block-paragraph\">Oito meses ap\u00f3s o in\u00edcio da pandemia do Novo Coronav\u00edrus, completados nesta semana (17\/11), o Norte de Minas est\u00e1 pr\u00f3ximo de atingir a marca dos 24 mil casos oficiais de contaminados. S\u00e3o 23,8 mil pessoas que j\u00e1 foram acometidas pela Covid-19 na regi\u00e3o, o que representa 6,2% do total confirmado em Minas Gerais. Todas as 89 cidades da regi\u00e3o j\u00e1 t\u00eam registros da doen\u00e7a. Botumirim era o \u00faltimo munic\u00edpio norte-mineiro que ainda n\u00e3o apresentava registros oficiais de casos; os tr\u00eas primeiros foram confirmados ao final de outubro.<\/p>\n\n\n\n<figure class=\"wp-block-image size-large\"><img loading=\"lazy\" decoding=\"async\" width=\"636\" height=\"450\" src=\"https:\/\/aconteceunovale.com.br\/portal\/wp-content\/uploads\/2020\/11\/casos_covid_nm_1.jpg\" alt=\"\" class=\"wp-image-169817\" srcset=\"https:\/\/aconteceunovale.com.br\/portal\/wp-content\/uploads\/2020\/11\/casos_covid_nm_1.jpg 636w, https:\/\/aconteceunovale.com.br\/portal\/wp-content\/uploads\/2020\/11\/casos_covid_nm_1-300x212.jpg 300w, https:\/\/aconteceunovale.com.br\/portal\/wp-content\/uploads\/2020\/11\/casos_covid_nm_1-100x70.jpg 100w, https:\/\/aconteceunovale.com.br\/portal\/wp-content\/uploads\/2020\/11\/casos_covid_nm_1-594x420.jpg 594w\" sizes=\"auto, (max-width: 636px) 100vw, 636px\" \/><\/figure>\n\n\n\n<p class=\"wp-block-paragraph\">Quanto aos casos fatais, houve mortes em 61 cidades norte-mineiras. At\u00e9 17\/11, 444 pessoas perderam a vida por causa da doen\u00e7a, sendo que 45% destes \u00f3bitos aconteceram em Montes Claros, polo mesorregional e, assim, refer\u00eancia no atendimento de pacientes dos demais locais da regi\u00e3o.<\/p>\n\n\n\n<p class=\"wp-block-paragraph\">Estes dados fazem parte do estudo cont\u00ednuo em Geografia da Sa\u00fade, que o Departamento de Geoci\u00eancias e o mestrado em Geografia da Universidade Estadual de Montes Claros realiza desde mar\u00e7o sobre a Covid-19, com base nos Boletins Epidemiol\u00f3gicos oficiais da Secretaria de Estado de Sa\u00fade (SES) de Minas Gerais.<\/p>\n\n\n\n<figure class=\"wp-block-gallery columns-1 is-cropped wp-block-gallery-1 is-layout-flex wp-block-gallery-is-layout-flex\"><ul class=\"blocks-gallery-grid\"><li class=\"blocks-gallery-item\"><figure><img loading=\"lazy\" decoding=\"async\" width=\"678\" height=\"346\" src=\"https:\/\/aconteceunovale.com.br\/portal\/wp-content\/uploads\/2020\/11\/casos_covid_nm_2.jpg\" alt=\"\" data-id=\"169819\" data-full-url=\"https:\/\/aconteceunovale.com.br\/portal\/wp-content\/uploads\/2020\/11\/casos_covid_nm_2.jpg\" data-link=\"https:\/\/aconteceunovale.com.br\/portal\/?attachment_id=169819\" class=\"wp-image-169819\" srcset=\"https:\/\/aconteceunovale.com.br\/portal\/wp-content\/uploads\/2020\/11\/casos_covid_nm_2.jpg 678w, https:\/\/aconteceunovale.com.br\/portal\/wp-content\/uploads\/2020\/11\/casos_covid_nm_2-300x153.jpg 300w\" sizes=\"auto, (max-width: 678px) 100vw, 678px\" \/><\/figure><\/li><li class=\"blocks-gallery-item\"><figure><img loading=\"lazy\" decoding=\"async\" width=\"678\" height=\"367\" src=\"https:\/\/aconteceunovale.com.br\/portal\/wp-content\/uploads\/2020\/11\/casos_covid_nm_3.jpg\" alt=\"\" data-id=\"169818\" data-full-url=\"https:\/\/aconteceunovale.com.br\/portal\/wp-content\/uploads\/2020\/11\/casos_covid_nm_3.jpg\" data-link=\"https:\/\/aconteceunovale.com.br\/portal\/?attachment_id=169818\" class=\"wp-image-169818\" srcset=\"https:\/\/aconteceunovale.com.br\/portal\/wp-content\/uploads\/2020\/11\/casos_covid_nm_3.jpg 678w, https:\/\/aconteceunovale.com.br\/portal\/wp-content\/uploads\/2020\/11\/casos_covid_nm_3-300x162.jpg 300w\" sizes=\"auto, (max-width: 678px) 100vw, 678px\" \/><\/figure><\/li><\/ul><\/figure>\n\n\n\n<p class=\"wp-block-paragraph\"><strong>SALTO NO \u00daLTIMO TRIMESTRE<\/strong><\/p>\n\n\n\n<p class=\"wp-block-paragraph\">Nesta semana, os professores e acad\u00eamicos respons\u00e1veis pela pesquisa na Unimontes divulgaram novos mapas e gr\u00e1ficos anal\u00edticos que revelam a ascend\u00eancia de casos ao longo de todo o per\u00edodo de pandemia. O hist\u00f3rico de registros organizados na pesquisa mostra que os dois primeiros registros na regi\u00e3o foi em 7 de abril. Em 20 de maio, o Norte de Minas chegou \u00e0 primeira centena de infectados (110) e em 10 de julho, passou dos mil casos (1.896). J\u00e1 em 30 de agosto, a regi\u00e3o atingiu aos 10,7 mil contaminados pelo Novo Coronav\u00edrus.<\/p>\n\n\n\n<p class=\"wp-block-paragraph\">E no cen\u00e1rio mais recente, por exemplo, mesmo com algumas oscila\u00e7\u00f5es, as m\u00e9dias aumentaram espantosamente. \u201cHouve uma crescente bastante significativa no quantitativo de casos, com uma varia\u00e7\u00e3o de 75,2% do n\u00famero de casos em dois meses entre meados de setembro e agora\u201d, descreve o professor Gustavo Cepolini, um dos coordenadores dos estudos juntamente com a professora Iara Maria da Silveira. Os acad\u00eamicos dos cursos de bacharelado e licenciatura em Geografia s\u00e3o respons\u00e1veis pela organiza\u00e7\u00e3o dos mapas.<\/p>\n\n\n\n<p class=\"wp-block-paragraph\">Para entender o percentual citado por ele, em 15 de setembro, eram 13.617 casos e, pouco mais de 60 dias depois, em 17 de novembro \u00faltimo, foi alcan\u00e7ada a marca de 23.870 casos na regi\u00e3o.<\/p>\n\n\n\n<figure class=\"wp-block-image size-large\"><img loading=\"lazy\" decoding=\"async\" width=\"636\" height=\"450\" src=\"https:\/\/aconteceunovale.com.br\/portal\/wp-content\/uploads\/2020\/11\/casos_covid_nm_4.jpg\" alt=\"\" class=\"wp-image-169820\" srcset=\"https:\/\/aconteceunovale.com.br\/portal\/wp-content\/uploads\/2020\/11\/casos_covid_nm_4.jpg 636w, https:\/\/aconteceunovale.com.br\/portal\/wp-content\/uploads\/2020\/11\/casos_covid_nm_4-300x212.jpg 300w, https:\/\/aconteceunovale.com.br\/portal\/wp-content\/uploads\/2020\/11\/casos_covid_nm_4-100x70.jpg 100w, https:\/\/aconteceunovale.com.br\/portal\/wp-content\/uploads\/2020\/11\/casos_covid_nm_4-594x420.jpg 594w\" sizes=\"auto, (max-width: 636px) 100vw, 636px\" \/><\/figure>\n\n\n\n<p class=\"wp-block-paragraph\"><strong>MAIS IMPRESSIONANTE \u2013&nbsp;<\/strong>No entanto, se considerar o intervalo de 90 dias entre os registros oficiais de agosto a novembro, o comparativo impressiona ainda mais porque os casos aumentaram 2,5 vezes mais (em 244%). Sa\u00edram de 6.935 em 14 de agosto para os atuais 23.870 de 17\/11.<\/p>\n\n\n\n<p class=\"wp-block-paragraph\">Este avan\u00e7o mais intenso, segundo o pesquisador, est\u00e1 associado a diversos fatores, como a maior flexibiliza\u00e7\u00e3o no fluxo de pessoas em diferentes atividades e servi\u00e7os. Em outra observa\u00e7\u00e3o, o pesquisador resgata as abordagens feitas pela equipe da Unimontes em divulga\u00e7\u00f5es anteriores sobre a pandemia no Norte de Minas. \u201cDevemos observar o ponto de vista geogr\u00e1fico das desigualdades daqui com outras regi\u00f5es do Estado, uma vez que dezenas de munic\u00edpios ainda t\u00eam dificuldade com as testagens. No entanto, destacamos que houve o aumento significativo nos testes para a maior confirma\u00e7\u00e3o destes dados ascendentes, trabalho este concentrado em Montes Claros e com participa\u00e7\u00e3o determinante da pr\u00f3pria Universidade com um laborat\u00f3rio de diagn\u00f3sticos no Hospital Universit\u00e1rio\u201d, descreve.<\/p>\n\n\n\n<p class=\"wp-block-paragraph\"><strong>MAIOR RIGIDEZ<\/strong><\/p>\n\n\n\n<p class=\"wp-block-paragraph\">A recomenda\u00e7\u00e3o dos estudiosos \u00e9 para que as medidas preventivas continuem e haja crit\u00e9rios mais r\u00edgidos na flexibiliza\u00e7\u00e3o das atividades econ\u00f4micas e sociais \u201cpara que a gente possa ver uma estabilidade ou mesmo uma queda no percentual de casos enquanto ainda n\u00e3o se sinaliza uma vacina em massa para conduzir melhor o tratamento da doen\u00e7a\u201d, acrescenta Cepolini.<\/p>\n\n\n\n<p class=\"wp-block-paragraph\">Por outro lado, o professor e a equipe destacam uma situa\u00e7\u00e3o que pode ter contribu\u00eddo significativamente para que a ascend\u00eancia n\u00e3o fosse ainda maior. \u201c\u00c9 preciso evidenciar a import\u00e2ncia da continuidade do isolamento social, sobretudo as escolhas acertadas com o fechamento das escolas da educa\u00e7\u00e3o infantil, de educa\u00e7\u00e3o b\u00e1sica e o ensino superior, ou seja, o cuidado com as pessoas\u201d. Esta faixa et\u00e1ria que compreende as pessoas menores de um ano at\u00e9 os 19 anos e \u00e9 a que registra o menor n\u00famero de contaminados no Estado de Minas Gerais (7,6%).<\/p>\n\n\n\n<p class=\"has-white-color has-vivid-cyan-blue-background-color has-text-color has-background wp-block-paragraph\">Quer saber as not\u00edcias do <strong>Aconteceu no Vale<\/strong> em primeira m\u00e3o? Siga-nos no Facebook <a rel=\"noreferrer noopener\" href=\"http:\/\/facebook.com\/aconteceunovale\" target=\"_blank\">@aconteceunovale<\/a>, Twitter <a rel=\"noreferrer noopener\" href=\"https:\/\/twitter.com\/noticiadosvales\" target=\"_blank\">@noticiadosvales<\/a> e Instagram <a rel=\"noreferrer noopener\" href=\"https:\/\/www.instagram.com\/aconteceunovale\" target=\"_blank\">@aconteceunovale<\/a>.<\/p>\n","protected":false},"excerpt":{"rendered":"<p>Oito meses ap\u00f3s o in\u00edcio da pandemia do Novo Coronav\u00edrus, completados nesta semana (17\/11), o Norte de Minas est\u00e1 pr\u00f3ximo de atingir a marca dos 24 mil casos oficiais de contaminados. S\u00e3o 23,8 mil pessoas que j\u00e1 foram acometidas pela Covid-19 na regi\u00e3o, o que representa 6,2% do total confirmado em Minas Gerais. Todas as [&hellip;]<\/p>\n","protected":false},"author":4,"featured_media":169817,"comment_status":"open","ping_status":"closed","sticky":false,"template":"","format":"standard","meta":{"amp_status":"","footnotes":""},"categories":[1236,40242],"tags":[230951,230950,218078,218079,1018,230947,210,230949,230948,763],"class_list":["post-169816","post","type-post","status-publish","format-standard","has-post-thumbnail","hentry","category-norte_de_minas","category-saude-2","tag-casos-de-coronavirus-no-norte-de-minas","tag-casos-de-covid-19-no-norte-de-minas","tag-coronavirus-no-norte-de-minas","tag-covid-19-no-norte-de-minas","tag-destaque","tag-geografia-da-saude-da-unimontes","tag-montes-claros","tag-novo-coronavirus-no-norte-de-minas","tag-pandemia-no-norte-de-minas","tag-unimontes"],"yoast_head":"<!-- This site is optimized with the Yoast SEO plugin v28.3 - https:\/\/yoast.com\/product\/yoast-seo-wordpress\/ -->\n<title>Norte de Minas: casos de Covid-19 aumentaram 244% nos \u00faltimos 90 dias - Aconteceu no Vale<\/title>\n<meta name=\"robots\" content=\"index, follow, max-snippet:-1, max-image-preview:large, max-video-preview:-1\" \/>\n<link rel=\"canonical\" href=\"https:\/\/aconteceunovale.com.br\/portal\/?p=169816\" \/>\n<meta property=\"og:locale\" content=\"pt_BR\" \/>\n<meta property=\"og:type\" content=\"article\" \/>\n<meta property=\"og:title\" content=\"Norte de Minas: casos de Covid-19 aumentaram 244% nos \u00faltimos 90 dias - Aconteceu no Vale\" \/>\n<meta property=\"og:description\" content=\"Oito meses ap\u00f3s o in\u00edcio da pandemia do Novo Coronav\u00edrus, completados nesta semana (17\/11), o Norte de Minas est\u00e1 pr\u00f3ximo de atingir a marca dos 24 mil casos oficiais de contaminados. S\u00e3o 23,8 mil pessoas que j\u00e1 foram acometidas pela Covid-19 na regi\u00e3o, o que representa 6,2% do total confirmado em Minas Gerais. Todas as [&hellip;]\" \/>\n<meta property=\"og:url\" content=\"https:\/\/aconteceunovale.com.br\/portal\/?p=169816\" \/>\n<meta property=\"og:site_name\" content=\"Aconteceu no Vale\" \/>\n<meta property=\"article:publisher\" content=\"https:\/\/www.facebook.com\/aconteceunovale\/\" \/>\n<meta property=\"article:published_time\" content=\"2020-11-20T17:23:21+00:00\" \/>\n<meta property=\"article:modified_time\" content=\"2020-11-20T17:23:40+00:00\" \/>\n<meta property=\"og:image\" content=\"https:\/\/aconteceunovale.com.br\/portal\/wp-content\/uploads\/2020\/11\/casos_covid_nm_1.jpg\" \/>\n\t<meta property=\"og:image:width\" content=\"636\" \/>\n\t<meta property=\"og:image:height\" content=\"450\" \/>\n\t<meta property=\"og:image:type\" content=\"image\/jpeg\" \/>\n<meta name=\"author\" content=\"Reda\u00e7\u00e3o Aconteceu no Vale\" \/>\n<meta name=\"twitter:card\" content=\"summary_large_image\" \/>\n<meta name=\"twitter:creator\" content=\"@noticiadosvales\" \/>\n<meta name=\"twitter:site\" content=\"@noticiadosvales\" \/>\n<meta name=\"twitter:label1\" content=\"Escrito por\" \/>\n\t<meta name=\"twitter:data1\" content=\"Reda\u00e7\u00e3o Aconteceu no Vale\" \/>\n\t<meta name=\"twitter:label2\" content=\"Est. tempo de leitura\" \/>\n\t<meta name=\"twitter:data2\" content=\"4 minutos\" \/>\n<script type=\"application\/ld+json\" class=\"yoast-schema-graph\">{\"@context\":\"https:\\\/\\\/schema.org\",\"@graph\":[{\"@type\":\"Article\",\"@id\":\"https:\\\/\\\/aconteceunovale.com.br\\\/portal\\\/?p=169816#article\",\"isPartOf\":{\"@id\":\"https:\\\/\\\/aconteceunovale.com.br\\\/portal\\\/?p=169816\"},\"author\":{\"name\":\"Reda\u00e7\u00e3o Aconteceu no Vale\",\"@id\":\"https:\\\/\\\/aconteceunovale.com.br\\\/portal\\\/#\\\/schema\\\/person\\\/7d2f26d1483f8a63de73da1ee0754d35\"},\"headline\":\"Norte de Minas: casos de Covid-19 aumentaram 244% nos \u00faltimos 90 dias\",\"datePublished\":\"2020-11-20T17:23:21+00:00\",\"dateModified\":\"2020-11-20T17:23:40+00:00\",\"mainEntityOfPage\":{\"@id\":\"https:\\\/\\\/aconteceunovale.com.br\\\/portal\\\/?p=169816\"},\"wordCount\":769,\"commentCount\":0,\"image\":{\"@id\":\"https:\\\/\\\/aconteceunovale.com.br\\\/portal\\\/?p=169816#primaryimage\"},\"thumbnailUrl\":\"https:\\\/\\\/aconteceunovale.com.br\\\/portal\\\/wp-content\\\/uploads\\\/2020\\\/11\\\/casos_covid_nm_1.jpg\",\"keywords\":[\"Casos de coronav\u00edrus no Norte de Minas\",\"Casos de covid-19 no Norte de Minas\",\"Coronav\u00edrus no Norte de Minas\",\"Covid-19 no Norte de Minas\",\"destaque\",\"Geografia da Sa\u00fade da Unimontes\",\"Montes Claros\",\"Novo Coronav\u00edrus no Norte de Minas\",\"Pandemia no Norte de Minas\",\"Unimontes\"],\"articleSection\":[\"Norte de Minas\",\"Sa\u00fade\"],\"inLanguage\":\"pt-BR\",\"potentialAction\":[{\"@type\":\"CommentAction\",\"name\":\"Comment\",\"target\":[\"https:\\\/\\\/aconteceunovale.com.br\\\/portal\\\/?p=169816#respond\"]}]},{\"@type\":\"WebPage\",\"@id\":\"https:\\\/\\\/aconteceunovale.com.br\\\/portal\\\/?p=169816\",\"url\":\"https:\\\/\\\/aconteceunovale.com.br\\\/portal\\\/?p=169816\",\"name\":\"Norte de Minas: casos de Covid-19 aumentaram 244% nos \u00faltimos 90 dias - Aconteceu no Vale\",\"isPartOf\":{\"@id\":\"https:\\\/\\\/aconteceunovale.com.br\\\/portal\\\/#website\"},\"primaryImageOfPage\":{\"@id\":\"https:\\\/\\\/aconteceunovale.com.br\\\/portal\\\/?p=169816#primaryimage\"},\"image\":{\"@id\":\"https:\\\/\\\/aconteceunovale.com.br\\\/portal\\\/?p=169816#primaryimage\"},\"thumbnailUrl\":\"https:\\\/\\\/aconteceunovale.com.br\\\/portal\\\/wp-content\\\/uploads\\\/2020\\\/11\\\/casos_covid_nm_1.jpg\",\"datePublished\":\"2020-11-20T17:23:21+00:00\",\"dateModified\":\"2020-11-20T17:23:40+00:00\",\"author\":{\"@id\":\"https:\\\/\\\/aconteceunovale.com.br\\\/portal\\\/#\\\/schema\\\/person\\\/7d2f26d1483f8a63de73da1ee0754d35\"},\"breadcrumb\":{\"@id\":\"https:\\\/\\\/aconteceunovale.com.br\\\/portal\\\/?p=169816#breadcrumb\"},\"inLanguage\":\"pt-BR\",\"potentialAction\":[{\"@type\":\"ReadAction\",\"target\":[\"https:\\\/\\\/aconteceunovale.com.br\\\/portal\\\/?p=169816\"]}]},{\"@type\":\"ImageObject\",\"inLanguage\":\"pt-BR\",\"@id\":\"https:\\\/\\\/aconteceunovale.com.br\\\/portal\\\/?p=169816#primaryimage\",\"url\":\"https:\\\/\\\/aconteceunovale.com.br\\\/portal\\\/wp-content\\\/uploads\\\/2020\\\/11\\\/casos_covid_nm_1.jpg\",\"contentUrl\":\"https:\\\/\\\/aconteceunovale.com.br\\\/portal\\\/wp-content\\\/uploads\\\/2020\\\/11\\\/casos_covid_nm_1.jpg\",\"width\":636,\"height\":450},{\"@type\":\"BreadcrumbList\",\"@id\":\"https:\\\/\\\/aconteceunovale.com.br\\\/portal\\\/?p=169816#breadcrumb\",\"itemListElement\":[{\"@type\":\"ListItem\",\"position\":1,\"name\":\"In\u00edcio\",\"item\":\"https:\\\/\\\/aconteceunovale.com.br\\\/portal\\\/\"},{\"@type\":\"ListItem\",\"position\":2,\"name\":\"Norte de Minas: casos de Covid-19 aumentaram 244% nos \u00faltimos 90 dias\"}]},{\"@type\":\"WebSite\",\"@id\":\"https:\\\/\\\/aconteceunovale.com.br\\\/portal\\\/#website\",\"url\":\"https:\\\/\\\/aconteceunovale.com.br\\\/portal\\\/\",\"name\":\"Aconteceu no Vale\",\"description\":\"Portal de Not\u00edcias\",\"potentialAction\":[{\"@type\":\"SearchAction\",\"target\":{\"@type\":\"EntryPoint\",\"urlTemplate\":\"https:\\\/\\\/aconteceunovale.com.br\\\/portal\\\/?s={search_term_string}\"},\"query-input\":{\"@type\":\"PropertyValueSpecification\",\"valueRequired\":true,\"valueName\":\"search_term_string\"}}],\"inLanguage\":\"pt-BR\"},{\"@type\":\"Person\",\"@id\":\"https:\\\/\\\/aconteceunovale.com.br\\\/portal\\\/#\\\/schema\\\/person\\\/7d2f26d1483f8a63de73da1ee0754d35\",\"name\":\"Reda\u00e7\u00e3o Aconteceu no Vale\",\"description\":\"Equipe de reportagem do Aconteceu no Vale, portal de not\u00edcias do Vale do Jequitinhonha, em Minas Gerais. Cobrimos as 51 cidades do Vale desde 2013. Sugest\u00f5es de pauta e pedidos de corre\u00e7\u00e3o: contato@aconteceunovale.com.br\",\"url\":\"https:\\\/\\\/aconteceunovale.com.br\\\/portal\\\/?author=4\"}]}<\/script>\n<!-- \/ Yoast SEO plugin. -->","yoast_head_json":{"title":"Norte de Minas: casos de Covid-19 aumentaram 244% nos \u00faltimos 90 dias - Aconteceu no Vale","robots":{"index":"index","follow":"follow","max-snippet":"max-snippet:-1","max-image-preview":"max-image-preview:large","max-video-preview":"max-video-preview:-1"},"canonical":"https:\/\/aconteceunovale.com.br\/portal\/?p=169816","og_locale":"pt_BR","og_type":"article","og_title":"Norte de Minas: casos de Covid-19 aumentaram 244% nos \u00faltimos 90 dias - Aconteceu no Vale","og_description":"Oito meses ap\u00f3s o in\u00edcio da pandemia do Novo Coronav\u00edrus, completados nesta semana (17\/11), o Norte de Minas est\u00e1 pr\u00f3ximo de atingir a marca dos 24 mil casos oficiais de contaminados. S\u00e3o 23,8 mil pessoas que j\u00e1 foram acometidas pela Covid-19 na regi\u00e3o, o que representa 6,2% do total confirmado em Minas Gerais. Todas as [&hellip;]","og_url":"https:\/\/aconteceunovale.com.br\/portal\/?p=169816","og_site_name":"Aconteceu no Vale","article_publisher":"https:\/\/www.facebook.com\/aconteceunovale\/","article_published_time":"2020-11-20T17:23:21+00:00","article_modified_time":"2020-11-20T17:23:40+00:00","og_image":[{"width":636,"height":450,"url":"https:\/\/aconteceunovale.com.br\/portal\/wp-content\/uploads\/2020\/11\/casos_covid_nm_1.jpg","type":"image\/jpeg"}],"author":"Reda\u00e7\u00e3o Aconteceu no Vale","twitter_card":"summary_large_image","twitter_creator":"@noticiadosvales","twitter_site":"@noticiadosvales","twitter_misc":{"Escrito por":"Reda\u00e7\u00e3o Aconteceu no Vale","Est. tempo de leitura":"4 minutos"},"schema":{"@context":"https:\/\/schema.org","@graph":[{"@type":"Article","@id":"https:\/\/aconteceunovale.com.br\/portal\/?p=169816#article","isPartOf":{"@id":"https:\/\/aconteceunovale.com.br\/portal\/?p=169816"},"author":{"name":"Reda\u00e7\u00e3o Aconteceu no Vale","@id":"https:\/\/aconteceunovale.com.br\/portal\/#\/schema\/person\/7d2f26d1483f8a63de73da1ee0754d35"},"headline":"Norte de Minas: casos de Covid-19 aumentaram 244% nos \u00faltimos 90 dias","datePublished":"2020-11-20T17:23:21+00:00","dateModified":"2020-11-20T17:23:40+00:00","mainEntityOfPage":{"@id":"https:\/\/aconteceunovale.com.br\/portal\/?p=169816"},"wordCount":769,"commentCount":0,"image":{"@id":"https:\/\/aconteceunovale.com.br\/portal\/?p=169816#primaryimage"},"thumbnailUrl":"https:\/\/aconteceunovale.com.br\/portal\/wp-content\/uploads\/2020\/11\/casos_covid_nm_1.jpg","keywords":["Casos de coronav\u00edrus no Norte de Minas","Casos de covid-19 no Norte de Minas","Coronav\u00edrus no Norte de Minas","Covid-19 no Norte de Minas","destaque","Geografia da Sa\u00fade da Unimontes","Montes Claros","Novo Coronav\u00edrus no Norte de Minas","Pandemia no Norte de Minas","Unimontes"],"articleSection":["Norte de Minas","Sa\u00fade"],"inLanguage":"pt-BR","potentialAction":[{"@type":"CommentAction","name":"Comment","target":["https:\/\/aconteceunovale.com.br\/portal\/?p=169816#respond"]}]},{"@type":"WebPage","@id":"https:\/\/aconteceunovale.com.br\/portal\/?p=169816","url":"https:\/\/aconteceunovale.com.br\/portal\/?p=169816","name":"Norte de Minas: casos de Covid-19 aumentaram 244% nos \u00faltimos 90 dias - Aconteceu no Vale","isPartOf":{"@id":"https:\/\/aconteceunovale.com.br\/portal\/#website"},"primaryImageOfPage":{"@id":"https:\/\/aconteceunovale.com.br\/portal\/?p=169816#primaryimage"},"image":{"@id":"https:\/\/aconteceunovale.com.br\/portal\/?p=169816#primaryimage"},"thumbnailUrl":"https:\/\/aconteceunovale.com.br\/portal\/wp-content\/uploads\/2020\/11\/casos_covid_nm_1.jpg","datePublished":"2020-11-20T17:23:21+00:00","dateModified":"2020-11-20T17:23:40+00:00","author":{"@id":"https:\/\/aconteceunovale.com.br\/portal\/#\/schema\/person\/7d2f26d1483f8a63de73da1ee0754d35"},"breadcrumb":{"@id":"https:\/\/aconteceunovale.com.br\/portal\/?p=169816#breadcrumb"},"inLanguage":"pt-BR","potentialAction":[{"@type":"ReadAction","target":["https:\/\/aconteceunovale.com.br\/portal\/?p=169816"]}]},{"@type":"ImageObject","inLanguage":"pt-BR","@id":"https:\/\/aconteceunovale.com.br\/portal\/?p=169816#primaryimage","url":"https:\/\/aconteceunovale.com.br\/portal\/wp-content\/uploads\/2020\/11\/casos_covid_nm_1.jpg","contentUrl":"https:\/\/aconteceunovale.com.br\/portal\/wp-content\/uploads\/2020\/11\/casos_covid_nm_1.jpg","width":636,"height":450},{"@type":"BreadcrumbList","@id":"https:\/\/aconteceunovale.com.br\/portal\/?p=169816#breadcrumb","itemListElement":[{"@type":"ListItem","position":1,"name":"In\u00edcio","item":"https:\/\/aconteceunovale.com.br\/portal\/"},{"@type":"ListItem","position":2,"name":"Norte de Minas: casos de Covid-19 aumentaram 244% nos \u00faltimos 90 dias"}]},{"@type":"WebSite","@id":"https:\/\/aconteceunovale.com.br\/portal\/#website","url":"https:\/\/aconteceunovale.com.br\/portal\/","name":"Aconteceu no Vale","description":"Portal de Not\u00edcias","potentialAction":[{"@type":"SearchAction","target":{"@type":"EntryPoint","urlTemplate":"https:\/\/aconteceunovale.com.br\/portal\/?s={search_term_string}"},"query-input":{"@type":"PropertyValueSpecification","valueRequired":true,"valueName":"search_term_string"}}],"inLanguage":"pt-BR"},{"@type":"Person","@id":"https:\/\/aconteceunovale.com.br\/portal\/#\/schema\/person\/7d2f26d1483f8a63de73da1ee0754d35","name":"Reda\u00e7\u00e3o Aconteceu no Vale","description":"Equipe de reportagem do Aconteceu no Vale, portal de not\u00edcias do Vale do Jequitinhonha, em Minas Gerais. Cobrimos as 51 cidades do Vale desde 2013. Sugest\u00f5es de pauta e pedidos de corre\u00e7\u00e3o: contato@aconteceunovale.com.br","url":"https:\/\/aconteceunovale.com.br\/portal\/?author=4"}]}},"_links":{"self":[{"href":"https:\/\/aconteceunovale.com.br\/portal\/index.php?rest_route=\/wp\/v2\/posts\/169816","targetHints":{"allow":["GET"]}}],"collection":[{"href":"https:\/\/aconteceunovale.com.br\/portal\/index.php?rest_route=\/wp\/v2\/posts"}],"about":[{"href":"https:\/\/aconteceunovale.com.br\/portal\/index.php?rest_route=\/wp\/v2\/types\/post"}],"author":[{"embeddable":true,"href":"https:\/\/aconteceunovale.com.br\/portal\/index.php?rest_route=\/wp\/v2\/users\/4"}],"replies":[{"embeddable":true,"href":"https:\/\/aconteceunovale.com.br\/portal\/index.php?rest_route=%2Fwp%2Fv2%2Fcomments&post=169816"}],"version-history":[{"count":1,"href":"https:\/\/aconteceunovale.com.br\/portal\/index.php?rest_route=\/wp\/v2\/posts\/169816\/revisions"}],"predecessor-version":[{"id":169821,"href":"https:\/\/aconteceunovale.com.br\/portal\/index.php?rest_route=\/wp\/v2\/posts\/169816\/revisions\/169821"}],"wp:featuredmedia":[{"embeddable":true,"href":"https:\/\/aconteceunovale.com.br\/portal\/index.php?rest_route=\/wp\/v2\/media\/169817"}],"wp:attachment":[{"href":"https:\/\/aconteceunovale.com.br\/portal\/index.php?rest_route=%2Fwp%2Fv2%2Fmedia&parent=169816"}],"wp:term":[{"taxonomy":"category","embeddable":true,"href":"https:\/\/aconteceunovale.com.br\/portal\/index.php?rest_route=%2Fwp%2Fv2%2Fcategories&post=169816"},{"taxonomy":"post_tag","embeddable":true,"href":"https:\/\/aconteceunovale.com.br\/portal\/index.php?rest_route=%2Fwp%2Fv2%2Ftags&post=169816"}],"curies":[{"name":"wp","href":"https:\/\/api.w.org\/{rel}","templated":true}]}}