{"id":169809,"date":"2020-11-20T12:13:41","date_gmt":"2020-11-20T15:13:41","guid":{"rendered":"https:\/\/aconteceunovale.com.br\/portal\/?p=169809"},"modified":"2026-08-31T23:11:37","modified_gmt":"2026-09-01T02:11:37","slug":"suspeito-de-homicidio-em-itabirito-e-preso-pela-policia-civil-em-capelinha","status":"publish","type":"post","link":"https:\/\/aconteceunovale.com.br\/portal\/?p=169809","title":{"rendered":"Suspeito de homic\u00eddio em Itabirito \u00e9 preso pela Pol\u00edcia Civil em Capelinha"},"content":{"rendered":"\n<p class=\"wp-block-paragraph\">A Pol\u00edcia Civil de Minas Gerais (PCMG) cumpriu mandado de pris\u00e3o tempor\u00e1ria contra um homem, de 19 anos, investigado pela morte de um colega de alojamento no munic\u00edpio de Itabirito. O suspeito foi localizado em Capelinha, nessa quinta-feira (19\/11), a quase 600 quil\u00f4metros da cidade do crime.<\/p>\n\n\n\n<p class=\"wp-block-paragraph\">Segundo o delegado Frederico Mendes, respons\u00e1vel pelo inqu\u00e9rito policial em tramita\u00e7\u00e3o na Delegacia de Pol\u00edcia Civil em Itabirito, as investiga\u00e7\u00f5es come\u00e7aram em 28 de outubro, a partir de uma ocorr\u00eancia de encontro de cad\u00e1ver. \u201cConsiderando o estado de decomposi\u00e7\u00e3o do corpo e demais levantamentos, estimamos que a v\u00edtima tenha sido morta tr\u00eas ou quatro dias antes, com uma paulada na cabe\u00e7a\u201d, informa.<\/p>\n\n\n\n<p class=\"wp-block-paragraph\">Conforme apurado, o suspeito e a v\u00edtima, de 32 anos, prestavam servi\u00e7o para uma empresa e estavam morando na mesma acomoda\u00e7\u00e3o. No fim de semana em que ocorreu o crime, eles teriam ido a uma boate. A motiva\u00e7\u00e3o do homic\u00eddio, de acordo com as investiga\u00e7\u00f5es, est\u00e1 relacionada com uma briga entre eles no local. O corpo foi encontrado em um lote nas imedia\u00e7\u00f5es do estabelecimento.<\/p>\n\n\n\n<p class=\"wp-block-paragraph\">Durante o trabalho investigativo, os policiais civis chegaram ao poss\u00edvel paradeiro do investigado e fizeram contato com a PCMG em Capelinha. Na tarde de ontem, uma equipe da Ag\u00eancia de Intelig\u00eancia Policial localizou o suspeito, no bairro Piedade, e cumpriu a medida judicial. Conclu\u00eddo o procedimento, ele foi encaminhado ao sistema prisional, ficando \u00e0 disposi\u00e7\u00e3o da Justi\u00e7a.<\/p>\n\n\n\n<figure class=\"wp-block-gallery columns-1 is-cropped wp-block-gallery-1 is-layout-flex wp-block-gallery-is-layout-flex\"><ul class=\"blocks-gallery-grid\"><li class=\"blocks-gallery-item\"><figure><img loading=\"lazy\" decoding=\"async\" width=\"648\" height=\"450\" src=\"https:\/\/aconteceunovale.com.br\/portal\/wp-content\/uploads\/2020\/11\/preso_capelinha_2.jpg\" alt=\"\" data-id=\"169810\" data-full-url=\"https:\/\/aconteceunovale.com.br\/portal\/wp-content\/uploads\/2020\/11\/preso_capelinha_2.jpg\" data-link=\"https:\/\/aconteceunovale.com.br\/portal\/?attachment_id=169810\" class=\"wp-image-169810\" srcset=\"https:\/\/aconteceunovale.com.br\/portal\/wp-content\/uploads\/2020\/11\/preso_capelinha_2.jpg 648w, https:\/\/aconteceunovale.com.br\/portal\/wp-content\/uploads\/2020\/11\/preso_capelinha_2-300x208.jpg 300w, https:\/\/aconteceunovale.com.br\/portal\/wp-content\/uploads\/2020\/11\/preso_capelinha_2-100x70.jpg 100w, https:\/\/aconteceunovale.com.br\/portal\/wp-content\/uploads\/2020\/11\/preso_capelinha_2-218x150.jpg 218w, https:\/\/aconteceunovale.com.br\/portal\/wp-content\/uploads\/2020\/11\/preso_capelinha_2-605x420.jpg 605w\" sizes=\"auto, (max-width: 648px) 100vw, 648px\" \/><figcaption class=\"blocks-gallery-item__caption\"><em>Foto: Divulga\u00e7\u00e3o \/ PCMG<\/em><\/figcaption><\/figure><\/li><li class=\"blocks-gallery-item\"><figure><img loading=\"lazy\" decoding=\"async\" width=\"647\" height=\"450\" src=\"https:\/\/aconteceunovale.com.br\/portal\/wp-content\/uploads\/2020\/11\/preso_capelinha_1.jpg\" alt=\"\" data-id=\"169811\" data-full-url=\"https:\/\/aconteceunovale.com.br\/portal\/wp-content\/uploads\/2020\/11\/preso_capelinha_1.jpg\" data-link=\"https:\/\/aconteceunovale.com.br\/portal\/?attachment_id=169811\" class=\"wp-image-169811\" srcset=\"https:\/\/aconteceunovale.com.br\/portal\/wp-content\/uploads\/2020\/11\/preso_capelinha_1.jpg 647w, https:\/\/aconteceunovale.com.br\/portal\/wp-content\/uploads\/2020\/11\/preso_capelinha_1-300x209.jpg 300w, https:\/\/aconteceunovale.com.br\/portal\/wp-content\/uploads\/2020\/11\/preso_capelinha_1-100x70.jpg 100w, https:\/\/aconteceunovale.com.br\/portal\/wp-content\/uploads\/2020\/11\/preso_capelinha_1-604x420.jpg 604w\" sizes=\"auto, (max-width: 647px) 100vw, 647px\" \/><figcaption class=\"blocks-gallery-item__caption\"><em>Foto: Divulga\u00e7\u00e3o \/ PCMG<\/em><\/figcaption><\/figure><\/li><\/ul><\/figure>\n\n\n\n<p class=\"has-white-color has-vivid-cyan-blue-background-color has-text-color has-background wp-block-paragraph\">Quer saber as not\u00edcias do <strong>Aconteceu no Vale<\/strong> em primeira m\u00e3o? Siga-nos no Facebook <a rel=\"noreferrer noopener\" href=\"http:\/\/facebook.com\/aconteceunovale\" target=\"_blank\">@aconteceunovale<\/a>, Twitter <a rel=\"noreferrer noopener\" href=\"https:\/\/twitter.com\/noticiadosvales\" target=\"_blank\">@noticiadosvales<\/a> e Instagram <a rel=\"noreferrer noopener\" href=\"https:\/\/www.instagram.com\/aconteceunovale\" target=\"_blank\">@aconteceunovale<\/a>.<\/p>\n","protected":false},"excerpt":{"rendered":"<p>A Pol\u00edcia Civil de Minas Gerais (PCMG) cumpriu mandado de pris\u00e3o tempor\u00e1ria contra um homem, de 19 anos, investigado pela morte de um colega de alojamento no munic\u00edpio de Itabirito. O suspeito foi localizado em Capelinha, nessa quinta-feira (19\/11), a quase 600 quil\u00f4metros da cidade do crime. Segundo o delegado Frederico Mendes, respons\u00e1vel pelo inqu\u00e9rito [&hellip;]<\/p>\n","protected":false},"author":4,"featured_media":169810,"comment_status":"open","ping_status":"closed","sticky":false,"template":"","format":"standard","meta":{"amp_status":"","footnotes":""},"categories":[272535,123,120],"tags":[132,222962,1018,230939,216617,1499,230938,604,29046,230937],"class_list":["post-169809","post","type-post","status-publish","format-standard","has-post-thumbnail","hentry","category-capelinha","category-gerais","category-jequi","tag-capelinha","tag-delegado-felipe-pontual","tag-destaque","tag-homicida-preso-em-capelinha","tag-homicidio-em-itabirito","tag-itabirito","tag-morto-em-itabirito","tag-pcmg","tag-preso-em-capelinha","tag-suspeito-de-homicidio-em-itabirito"],"yoast_head":"<!-- This site is optimized with the Yoast SEO plugin v28.3 - https:\/\/yoast.com\/product\/yoast-seo-wordpress\/ -->\n<title>Suspeito de homic\u00eddio em Itabirito \u00e9 preso pela Pol\u00edcia Civil em Capelinha - Aconteceu no Vale<\/title>\n<meta name=\"robots\" content=\"index, follow, max-snippet:-1, max-image-preview:large, max-video-preview:-1\" \/>\n<link rel=\"canonical\" href=\"https:\/\/aconteceunovale.com.br\/portal\/?p=169809\" \/>\n<meta property=\"og:locale\" content=\"pt_BR\" \/>\n<meta property=\"og:type\" content=\"article\" \/>\n<meta property=\"og:title\" content=\"Suspeito de homic\u00eddio em Itabirito \u00e9 preso pela Pol\u00edcia Civil em Capelinha - Aconteceu no Vale\" \/>\n<meta property=\"og:description\" content=\"A Pol\u00edcia Civil de Minas Gerais (PCMG) cumpriu mandado de pris\u00e3o tempor\u00e1ria contra um homem, de 19 anos, investigado pela morte de um colega de alojamento no munic\u00edpio de Itabirito. O suspeito foi localizado em Capelinha, nessa quinta-feira (19\/11), a quase 600 quil\u00f4metros da cidade do crime. Segundo o delegado Frederico Mendes, respons\u00e1vel pelo inqu\u00e9rito [&hellip;]\" \/>\n<meta property=\"og:url\" content=\"https:\/\/aconteceunovale.com.br\/portal\/?p=169809\" \/>\n<meta property=\"og:site_name\" content=\"Aconteceu no Vale\" \/>\n<meta property=\"article:publisher\" content=\"https:\/\/www.facebook.com\/aconteceunovale\/\" \/>\n<meta property=\"article:published_time\" content=\"2020-11-20T15:13:41+00:00\" \/>\n<meta property=\"article:modified_time\" content=\"2026-09-01T02:11:37+00:00\" \/>\n<meta property=\"og:image\" content=\"https:\/\/aconteceunovale.com.br\/portal\/wp-content\/uploads\/2020\/11\/preso_capelinha_2.jpg\" \/>\n\t<meta property=\"og:image:width\" content=\"648\" \/>\n\t<meta property=\"og:image:height\" content=\"450\" \/>\n\t<meta property=\"og:image:type\" content=\"image\/jpeg\" \/>\n<meta name=\"author\" content=\"Reda\u00e7\u00e3o Aconteceu no Vale\" \/>\n<meta name=\"twitter:card\" content=\"summary_large_image\" \/>\n<meta name=\"twitter:creator\" content=\"@noticiadosvales\" \/>\n<meta name=\"twitter:site\" content=\"@noticiadosvales\" \/>\n<meta name=\"twitter:label1\" content=\"Escrito por\" \/>\n\t<meta name=\"twitter:data1\" content=\"Reda\u00e7\u00e3o Aconteceu no Vale\" \/>\n\t<meta name=\"twitter:label2\" content=\"Est. tempo de leitura\" \/>\n\t<meta name=\"twitter:data2\" content=\"1 minuto\" \/>\n<script type=\"application\/ld+json\" class=\"yoast-schema-graph\">{\"@context\":\"https:\\\/\\\/schema.org\",\"@graph\":[{\"@type\":\"Article\",\"@id\":\"https:\\\/\\\/aconteceunovale.com.br\\\/portal\\\/?p=169809#article\",\"isPartOf\":{\"@id\":\"https:\\\/\\\/aconteceunovale.com.br\\\/portal\\\/?p=169809\"},\"author\":{\"name\":\"Reda\u00e7\u00e3o Aconteceu no Vale\",\"@id\":\"https:\\\/\\\/aconteceunovale.com.br\\\/portal\\\/#\\\/schema\\\/person\\\/7d2f26d1483f8a63de73da1ee0754d35\"},\"headline\":\"Suspeito de homic\u00eddio em Itabirito \u00e9 preso pela Pol\u00edcia Civil em Capelinha\",\"datePublished\":\"2020-11-20T15:13:41+00:00\",\"dateModified\":\"2026-09-01T02:11:37+00:00\",\"mainEntityOfPage\":{\"@id\":\"https:\\\/\\\/aconteceunovale.com.br\\\/portal\\\/?p=169809\"},\"wordCount\":298,\"commentCount\":0,\"image\":{\"@id\":\"https:\\\/\\\/aconteceunovale.com.br\\\/portal\\\/?p=169809#primaryimage\"},\"thumbnailUrl\":\"https:\\\/\\\/aconteceunovale.com.br\\\/portal\\\/wp-content\\\/uploads\\\/2020\\\/11\\\/preso_capelinha_2.jpg\",\"keywords\":[\"Capelinha\",\"Delegado Felipe Pontual\",\"destaque\",\"Homicida preso em Capelinha\",\"Homic\u00eddio em Itabirito\",\"Itabirito\",\"Morto em Itabirito\",\"PCMG\",\"preso em capelinha\",\"Suspeito de homic\u00eddio em Itabirito\"],\"articleSection\":[\"Capelinha\",\"Minas Gerais\",\"Vale do Jequitinhonha\"],\"inLanguage\":\"pt-BR\",\"potentialAction\":[{\"@type\":\"CommentAction\",\"name\":\"Comment\",\"target\":[\"https:\\\/\\\/aconteceunovale.com.br\\\/portal\\\/?p=169809#respond\"]}]},{\"@type\":\"WebPage\",\"@id\":\"https:\\\/\\\/aconteceunovale.com.br\\\/portal\\\/?p=169809\",\"url\":\"https:\\\/\\\/aconteceunovale.com.br\\\/portal\\\/?p=169809\",\"name\":\"Suspeito de homic\u00eddio em Itabirito \u00e9 preso pela Pol\u00edcia Civil em Capelinha - Aconteceu no Vale\",\"isPartOf\":{\"@id\":\"https:\\\/\\\/aconteceunovale.com.br\\\/portal\\\/#website\"},\"primaryImageOfPage\":{\"@id\":\"https:\\\/\\\/aconteceunovale.com.br\\\/portal\\\/?p=169809#primaryimage\"},\"image\":{\"@id\":\"https:\\\/\\\/aconteceunovale.com.br\\\/portal\\\/?p=169809#primaryimage\"},\"thumbnailUrl\":\"https:\\\/\\\/aconteceunovale.com.br\\\/portal\\\/wp-content\\\/uploads\\\/2020\\\/11\\\/preso_capelinha_2.jpg\",\"datePublished\":\"2020-11-20T15:13:41+00:00\",\"dateModified\":\"2026-09-01T02:11:37+00:00\",\"author\":{\"@id\":\"https:\\\/\\\/aconteceunovale.com.br\\\/portal\\\/#\\\/schema\\\/person\\\/7d2f26d1483f8a63de73da1ee0754d35\"},\"breadcrumb\":{\"@id\":\"https:\\\/\\\/aconteceunovale.com.br\\\/portal\\\/?p=169809#breadcrumb\"},\"inLanguage\":\"pt-BR\",\"potentialAction\":[{\"@type\":\"ReadAction\",\"target\":[\"https:\\\/\\\/aconteceunovale.com.br\\\/portal\\\/?p=169809\"]}]},{\"@type\":\"ImageObject\",\"inLanguage\":\"pt-BR\",\"@id\":\"https:\\\/\\\/aconteceunovale.com.br\\\/portal\\\/?p=169809#primaryimage\",\"url\":\"https:\\\/\\\/aconteceunovale.com.br\\\/portal\\\/wp-content\\\/uploads\\\/2020\\\/11\\\/preso_capelinha_2.jpg\",\"contentUrl\":\"https:\\\/\\\/aconteceunovale.com.br\\\/portal\\\/wp-content\\\/uploads\\\/2020\\\/11\\\/preso_capelinha_2.jpg\",\"width\":648,\"height\":450},{\"@type\":\"BreadcrumbList\",\"@id\":\"https:\\\/\\\/aconteceunovale.com.br\\\/portal\\\/?p=169809#breadcrumb\",\"itemListElement\":[{\"@type\":\"ListItem\",\"position\":1,\"name\":\"In\u00edcio\",\"item\":\"https:\\\/\\\/aconteceunovale.com.br\\\/portal\\\/\"},{\"@type\":\"ListItem\",\"position\":2,\"name\":\"Suspeito de homic\u00eddio em Itabirito \u00e9 preso pela Pol\u00edcia Civil em Capelinha\"}]},{\"@type\":\"WebSite\",\"@id\":\"https:\\\/\\\/aconteceunovale.com.br\\\/portal\\\/#website\",\"url\":\"https:\\\/\\\/aconteceunovale.com.br\\\/portal\\\/\",\"name\":\"Aconteceu no Vale\",\"description\":\"Portal de Not\u00edcias\",\"potentialAction\":[{\"@type\":\"SearchAction\",\"target\":{\"@type\":\"EntryPoint\",\"urlTemplate\":\"https:\\\/\\\/aconteceunovale.com.br\\\/portal\\\/?s={search_term_string}\"},\"query-input\":{\"@type\":\"PropertyValueSpecification\",\"valueRequired\":true,\"valueName\":\"search_term_string\"}}],\"inLanguage\":\"pt-BR\"},{\"@type\":\"Person\",\"@id\":\"https:\\\/\\\/aconteceunovale.com.br\\\/portal\\\/#\\\/schema\\\/person\\\/7d2f26d1483f8a63de73da1ee0754d35\",\"name\":\"Reda\u00e7\u00e3o Aconteceu no Vale\",\"description\":\"Equipe de reportagem do Aconteceu no Vale, portal de not\u00edcias do Vale do Jequitinhonha, em Minas Gerais. Cobrimos as 51 cidades do Vale desde 2013. Sugest\u00f5es de pauta e pedidos de corre\u00e7\u00e3o: contato@aconteceunovale.com.br\",\"url\":\"https:\\\/\\\/aconteceunovale.com.br\\\/portal\\\/?author=4\"}]}<\/script>\n<!-- \/ Yoast SEO plugin. -->","yoast_head_json":{"title":"Suspeito de homic\u00eddio em Itabirito \u00e9 preso pela Pol\u00edcia Civil em Capelinha - Aconteceu no Vale","robots":{"index":"index","follow":"follow","max-snippet":"max-snippet:-1","max-image-preview":"max-image-preview:large","max-video-preview":"max-video-preview:-1"},"canonical":"https:\/\/aconteceunovale.com.br\/portal\/?p=169809","og_locale":"pt_BR","og_type":"article","og_title":"Suspeito de homic\u00eddio em Itabirito \u00e9 preso pela Pol\u00edcia Civil em Capelinha - Aconteceu no Vale","og_description":"A Pol\u00edcia Civil de Minas Gerais (PCMG) cumpriu mandado de pris\u00e3o tempor\u00e1ria contra um homem, de 19 anos, investigado pela morte de um colega de alojamento no munic\u00edpio de Itabirito. O suspeito foi localizado em Capelinha, nessa quinta-feira (19\/11), a quase 600 quil\u00f4metros da cidade do crime. Segundo o delegado Frederico Mendes, respons\u00e1vel pelo inqu\u00e9rito [&hellip;]","og_url":"https:\/\/aconteceunovale.com.br\/portal\/?p=169809","og_site_name":"Aconteceu no Vale","article_publisher":"https:\/\/www.facebook.com\/aconteceunovale\/","article_published_time":"2020-11-20T15:13:41+00:00","article_modified_time":"2026-09-01T02:11:37+00:00","og_image":[{"width":648,"height":450,"url":"https:\/\/aconteceunovale.com.br\/portal\/wp-content\/uploads\/2020\/11\/preso_capelinha_2.jpg","type":"image\/jpeg"}],"author":"Reda\u00e7\u00e3o Aconteceu no Vale","twitter_card":"summary_large_image","twitter_creator":"@noticiadosvales","twitter_site":"@noticiadosvales","twitter_misc":{"Escrito por":"Reda\u00e7\u00e3o Aconteceu no Vale","Est. tempo de leitura":"1 minuto"},"schema":{"@context":"https:\/\/schema.org","@graph":[{"@type":"Article","@id":"https:\/\/aconteceunovale.com.br\/portal\/?p=169809#article","isPartOf":{"@id":"https:\/\/aconteceunovale.com.br\/portal\/?p=169809"},"author":{"name":"Reda\u00e7\u00e3o Aconteceu no Vale","@id":"https:\/\/aconteceunovale.com.br\/portal\/#\/schema\/person\/7d2f26d1483f8a63de73da1ee0754d35"},"headline":"Suspeito de homic\u00eddio em Itabirito \u00e9 preso pela Pol\u00edcia Civil em Capelinha","datePublished":"2020-11-20T15:13:41+00:00","dateModified":"2026-09-01T02:11:37+00:00","mainEntityOfPage":{"@id":"https:\/\/aconteceunovale.com.br\/portal\/?p=169809"},"wordCount":298,"commentCount":0,"image":{"@id":"https:\/\/aconteceunovale.com.br\/portal\/?p=169809#primaryimage"},"thumbnailUrl":"https:\/\/aconteceunovale.com.br\/portal\/wp-content\/uploads\/2020\/11\/preso_capelinha_2.jpg","keywords":["Capelinha","Delegado Felipe Pontual","destaque","Homicida preso em Capelinha","Homic\u00eddio em Itabirito","Itabirito","Morto em Itabirito","PCMG","preso em capelinha","Suspeito de homic\u00eddio em Itabirito"],"articleSection":["Capelinha","Minas Gerais","Vale do Jequitinhonha"],"inLanguage":"pt-BR","potentialAction":[{"@type":"CommentAction","name":"Comment","target":["https:\/\/aconteceunovale.com.br\/portal\/?p=169809#respond"]}]},{"@type":"WebPage","@id":"https:\/\/aconteceunovale.com.br\/portal\/?p=169809","url":"https:\/\/aconteceunovale.com.br\/portal\/?p=169809","name":"Suspeito de homic\u00eddio em Itabirito \u00e9 preso pela Pol\u00edcia Civil em Capelinha - Aconteceu no Vale","isPartOf":{"@id":"https:\/\/aconteceunovale.com.br\/portal\/#website"},"primaryImageOfPage":{"@id":"https:\/\/aconteceunovale.com.br\/portal\/?p=169809#primaryimage"},"image":{"@id":"https:\/\/aconteceunovale.com.br\/portal\/?p=169809#primaryimage"},"thumbnailUrl":"https:\/\/aconteceunovale.com.br\/portal\/wp-content\/uploads\/2020\/11\/preso_capelinha_2.jpg","datePublished":"2020-11-20T15:13:41+00:00","dateModified":"2026-09-01T02:11:37+00:00","author":{"@id":"https:\/\/aconteceunovale.com.br\/portal\/#\/schema\/person\/7d2f26d1483f8a63de73da1ee0754d35"},"breadcrumb":{"@id":"https:\/\/aconteceunovale.com.br\/portal\/?p=169809#breadcrumb"},"inLanguage":"pt-BR","potentialAction":[{"@type":"ReadAction","target":["https:\/\/aconteceunovale.com.br\/portal\/?p=169809"]}]},{"@type":"ImageObject","inLanguage":"pt-BR","@id":"https:\/\/aconteceunovale.com.br\/portal\/?p=169809#primaryimage","url":"https:\/\/aconteceunovale.com.br\/portal\/wp-content\/uploads\/2020\/11\/preso_capelinha_2.jpg","contentUrl":"https:\/\/aconteceunovale.com.br\/portal\/wp-content\/uploads\/2020\/11\/preso_capelinha_2.jpg","width":648,"height":450},{"@type":"BreadcrumbList","@id":"https:\/\/aconteceunovale.com.br\/portal\/?p=169809#breadcrumb","itemListElement":[{"@type":"ListItem","position":1,"name":"In\u00edcio","item":"https:\/\/aconteceunovale.com.br\/portal\/"},{"@type":"ListItem","position":2,"name":"Suspeito de homic\u00eddio em Itabirito \u00e9 preso pela Pol\u00edcia Civil em Capelinha"}]},{"@type":"WebSite","@id":"https:\/\/aconteceunovale.com.br\/portal\/#website","url":"https:\/\/aconteceunovale.com.br\/portal\/","name":"Aconteceu no Vale","description":"Portal de Not\u00edcias","potentialAction":[{"@type":"SearchAction","target":{"@type":"EntryPoint","urlTemplate":"https:\/\/aconteceunovale.com.br\/portal\/?s={search_term_string}"},"query-input":{"@type":"PropertyValueSpecification","valueRequired":true,"valueName":"search_term_string"}}],"inLanguage":"pt-BR"},{"@type":"Person","@id":"https:\/\/aconteceunovale.com.br\/portal\/#\/schema\/person\/7d2f26d1483f8a63de73da1ee0754d35","name":"Reda\u00e7\u00e3o Aconteceu no Vale","description":"Equipe de reportagem do Aconteceu no Vale, portal de not\u00edcias do Vale do Jequitinhonha, em Minas Gerais. Cobrimos as 51 cidades do Vale desde 2013. Sugest\u00f5es de pauta e pedidos de corre\u00e7\u00e3o: contato@aconteceunovale.com.br","url":"https:\/\/aconteceunovale.com.br\/portal\/?author=4"}]}},"_links":{"self":[{"href":"https:\/\/aconteceunovale.com.br\/portal\/index.php?rest_route=\/wp\/v2\/posts\/169809","targetHints":{"allow":["GET"]}}],"collection":[{"href":"https:\/\/aconteceunovale.com.br\/portal\/index.php?rest_route=\/wp\/v2\/posts"}],"about":[{"href":"https:\/\/aconteceunovale.com.br\/portal\/index.php?rest_route=\/wp\/v2\/types\/post"}],"author":[{"embeddable":true,"href":"https:\/\/aconteceunovale.com.br\/portal\/index.php?rest_route=\/wp\/v2\/users\/4"}],"replies":[{"embeddable":true,"href":"https:\/\/aconteceunovale.com.br\/portal\/index.php?rest_route=%2Fwp%2Fv2%2Fcomments&post=169809"}],"version-history":[{"count":2,"href":"https:\/\/aconteceunovale.com.br\/portal\/index.php?rest_route=\/wp\/v2\/posts\/169809\/revisions"}],"predecessor-version":[{"id":169837,"href":"https:\/\/aconteceunovale.com.br\/portal\/index.php?rest_route=\/wp\/v2\/posts\/169809\/revisions\/169837"}],"wp:featuredmedia":[{"embeddable":true,"href":"https:\/\/aconteceunovale.com.br\/portal\/index.php?rest_route=\/wp\/v2\/media\/169810"}],"wp:attachment":[{"href":"https:\/\/aconteceunovale.com.br\/portal\/index.php?rest_route=%2Fwp%2Fv2%2Fmedia&parent=169809"}],"wp:term":[{"taxonomy":"category","embeddable":true,"href":"https:\/\/aconteceunovale.com.br\/portal\/index.php?rest_route=%2Fwp%2Fv2%2Fcategories&post=169809"},{"taxonomy":"post_tag","embeddable":true,"href":"https:\/\/aconteceunovale.com.br\/portal\/index.php?rest_route=%2Fwp%2Fv2%2Ftags&post=169809"}],"curies":[{"name":"wp","href":"https:\/\/api.w.org\/{rel}","templated":true}]}}