{"id":169806,"date":"2020-11-20T12:01:40","date_gmt":"2020-11-20T15:01:40","guid":{"rendered":"https:\/\/aconteceunovale.com.br\/portal\/?p=169806"},"modified":"2026-09-02T13:11:35","modified_gmt":"2026-09-02T16:11:35","slug":"operacao-reprime-o-trafico-de-drogas-em-itaobim-no-vale-do-jequitinhonha","status":"publish","type":"post","link":"https:\/\/aconteceunovale.com.br\/portal\/?p=169806","title":{"rendered":"Opera\u00e7\u00e3o reprime o tr\u00e1fico de drogas em Itaobim, no Vale do Jequitinhonha"},"content":{"rendered":"\n<p class=\"wp-block-paragraph\">Nesta quinta-feira (19\/11\/2020), a Pol\u00edcia Civil de Minas Gerais (PCMG) deflagrou a opera\u00e7\u00e3o G\u00eanesis, com o objetivo de cumprir mandados de pris\u00e3o e de busca e apreens\u00e3o em repress\u00e3o ao tr\u00e1fico de drogas na cidade de Itaobim. Sete suspeitos foram presos e um adolescente foi apreendido.<\/p>\n\n\n\n<p class=\"wp-block-paragraph\">Durante os trabalhos, segundo a PCMG, os policiais apreenderam drogas, materiais relacionados com o com\u00e9rcio il\u00edcito de entorpecentes, celulares, valores em esp\u00e9cie e parte de uma carga de cosm\u00e9ticos de proced\u00eancia il\u00edcita.<\/p>\n\n\n\n<p class=\"wp-block-paragraph\">Conforme explica a delegada Gabriela Barboza de Andrade, respons\u00e1vel pelas investiga\u00e7\u00f5es, o nome da a\u00e7\u00e3o policial teve como inspira\u00e7\u00e3o o livro b\u00edblico, em refer\u00eancia ao novo marco das apura\u00e7\u00f5es atinentes ao tr\u00e1fico de drogas no munic\u00edpio.<\/p>\n\n\n\n<p class=\"wp-block-paragraph\">A opera\u00e7\u00e3o contou com o empenho de policiais civis lotados nas delegacias em Itaobim, Pedra Azul, Medina e Padre Para\u00edso, e o apoio do Canil da PCMG.<\/p>\n\n\n\n<p class=\"wp-block-paragraph\">Os suspeitos detidos foram encaminhados ao sistema prisional.<\/p>\n\n\n\n<figure class=\"wp-block-gallery columns-1 is-cropped wp-block-gallery-1 is-layout-flex wp-block-gallery-is-layout-flex\"><ul class=\"blocks-gallery-grid\"><li class=\"blocks-gallery-item\"><figure><img loading=\"lazy\" decoding=\"async\" width=\"673\" height=\"450\" src=\"https:\/\/aconteceunovale.com.br\/portal\/wp-content\/uploads\/2020\/11\/operacao_itaobim.jpeg\" alt=\"\" data-id=\"169807\" data-full-url=\"https:\/\/aconteceunovale.com.br\/portal\/wp-content\/uploads\/2020\/11\/operacao_itaobim.jpeg\" data-link=\"https:\/\/aconteceunovale.com.br\/portal\/?attachment_id=169807\" class=\"wp-image-169807\" srcset=\"https:\/\/aconteceunovale.com.br\/portal\/wp-content\/uploads\/2020\/11\/operacao_itaobim.jpeg 673w, https:\/\/aconteceunovale.com.br\/portal\/wp-content\/uploads\/2020\/11\/operacao_itaobim-300x201.jpeg 300w, https:\/\/aconteceunovale.com.br\/portal\/wp-content\/uploads\/2020\/11\/operacao_itaobim-628x420.jpeg 628w\" sizes=\"auto, (max-width: 673px) 100vw, 673px\" \/><figcaption class=\"blocks-gallery-item__caption\"><em>Foto: Divulga\u00e7\u00e3o\/PCMG<\/em><\/figcaption><\/figure><\/li><\/ul><\/figure>\n\n\n\n<p class=\"has-white-color has-vivid-cyan-blue-background-color has-text-color has-background wp-block-paragraph\">Quer saber as not\u00edcias do <strong>Aconteceu no Vale<\/strong> em primeira m\u00e3o? Siga-nos no Facebook <a rel=\"noreferrer noopener\" href=\"http:\/\/facebook.com\/aconteceunovale\" target=\"_blank\">@aconteceunovale<\/a>, Twitter <a rel=\"noreferrer noopener\" href=\"https:\/\/twitter.com\/noticiadosvales\" target=\"_blank\">@noticiadosvales<\/a> e Instagram <a rel=\"noreferrer noopener\" href=\"https:\/\/www.instagram.com\/aconteceunovale\" target=\"_blank\">@aconteceunovale<\/a>.<\/p>\n","protected":false},"excerpt":{"rendered":"<p>Nesta quinta-feira (19\/11\/2020), a Pol\u00edcia Civil de Minas Gerais (PCMG) deflagrou a opera\u00e7\u00e3o G\u00eanesis, com o objetivo de cumprir mandados de pris\u00e3o e de busca e apreens\u00e3o em repress\u00e3o ao tr\u00e1fico de drogas na cidade de Itaobim. Sete suspeitos foram presos e um adolescente foi apreendido. Durante os trabalhos, segundo a PCMG, os policiais apreenderam [&hellip;]<\/p>\n","protected":false},"author":4,"featured_media":169807,"comment_status":"open","ping_status":"closed","sticky":false,"template":"","format":"standard","meta":{"amp_status":"","footnotes":""},"categories":[272550,120],"tags":[230936,230934,227035,1018,391,389,230932,130808,230930,230931,230929,230928,572,604,230933,455,230935,130810],"class_list":["post-169806","post","type-post","status-publish","format-standard","has-post-thumbnail","hentry","category-itaobim","category-jequi","tag-canil-da-pcmg","tag-combate-ao-trafico-de-drogas-em-itaobim","tag-delegada-gabriela-barboza-de-andrade","tag-destaque","tag-itaobim","tag-medina","tag-operacao-da-pcmg-em-itaobim","tag-operacao-em-itaobim","tag-operacao-genesis","tag-operacao-genesis-em-itaobim","tag-operacao-policial-em-itaobim","tag-operacao-reprime-o-trafico-de-drogas-em-itaobim","tag-padre-paraiso","tag-pcmg","tag-pcmg-itaobim","tag-pedra-azul","tag-prisao-de-traficantes-em-itaobim","tag-traficantes-presos-em-itaobim"],"yoast_head":"<!-- This site is optimized with the Yoast SEO plugin v28.3 - https:\/\/yoast.com\/product\/yoast-seo-wordpress\/ -->\n<title>Opera\u00e7\u00e3o reprime o tr\u00e1fico de drogas em Itaobim, no Vale do Jequitinhonha - Aconteceu no Vale<\/title>\n<meta name=\"robots\" content=\"index, follow, max-snippet:-1, max-image-preview:large, max-video-preview:-1\" \/>\n<link rel=\"canonical\" href=\"https:\/\/aconteceunovale.com.br\/portal\/?p=169806\" \/>\n<meta property=\"og:locale\" content=\"pt_BR\" \/>\n<meta property=\"og:type\" content=\"article\" \/>\n<meta property=\"og:title\" content=\"Opera\u00e7\u00e3o reprime o tr\u00e1fico de drogas em Itaobim, no Vale do Jequitinhonha - Aconteceu no Vale\" \/>\n<meta property=\"og:description\" content=\"Nesta quinta-feira (19\/11\/2020), a Pol\u00edcia Civil de Minas Gerais (PCMG) deflagrou a opera\u00e7\u00e3o G\u00eanesis, com o objetivo de cumprir mandados de pris\u00e3o e de busca e apreens\u00e3o em repress\u00e3o ao tr\u00e1fico de drogas na cidade de Itaobim. Sete suspeitos foram presos e um adolescente foi apreendido. Durante os trabalhos, segundo a PCMG, os policiais apreenderam [&hellip;]\" \/>\n<meta property=\"og:url\" content=\"https:\/\/aconteceunovale.com.br\/portal\/?p=169806\" \/>\n<meta property=\"og:site_name\" content=\"Aconteceu no Vale\" \/>\n<meta property=\"article:publisher\" content=\"https:\/\/www.facebook.com\/aconteceunovale\/\" \/>\n<meta property=\"article:published_time\" content=\"2020-11-20T15:01:40+00:00\" \/>\n<meta property=\"article:modified_time\" content=\"2026-09-02T16:11:35+00:00\" \/>\n<meta property=\"og:image\" content=\"https:\/\/aconteceunovale.com.br\/portal\/wp-content\/uploads\/2020\/11\/operacao_itaobim.jpeg\" \/>\n\t<meta property=\"og:image:width\" content=\"673\" \/>\n\t<meta property=\"og:image:height\" content=\"450\" \/>\n\t<meta property=\"og:image:type\" content=\"image\/jpeg\" \/>\n<meta name=\"author\" content=\"Reda\u00e7\u00e3o Aconteceu no Vale\" \/>\n<meta name=\"twitter:card\" content=\"summary_large_image\" \/>\n<meta name=\"twitter:creator\" content=\"@noticiadosvales\" \/>\n<meta name=\"twitter:site\" content=\"@noticiadosvales\" \/>\n<meta name=\"twitter:label1\" content=\"Escrito por\" \/>\n\t<meta name=\"twitter:data1\" content=\"Reda\u00e7\u00e3o Aconteceu no Vale\" \/>\n\t<meta name=\"twitter:label2\" content=\"Est. tempo de leitura\" \/>\n\t<meta name=\"twitter:data2\" content=\"1 minuto\" \/>\n<script type=\"application\/ld+json\" class=\"yoast-schema-graph\">{\"@context\":\"https:\\\/\\\/schema.org\",\"@graph\":[{\"@type\":\"Article\",\"@id\":\"https:\\\/\\\/aconteceunovale.com.br\\\/portal\\\/?p=169806#article\",\"isPartOf\":{\"@id\":\"https:\\\/\\\/aconteceunovale.com.br\\\/portal\\\/?p=169806\"},\"author\":{\"name\":\"Reda\u00e7\u00e3o Aconteceu no Vale\",\"@id\":\"https:\\\/\\\/aconteceunovale.com.br\\\/portal\\\/#\\\/schema\\\/person\\\/7d2f26d1483f8a63de73da1ee0754d35\"},\"headline\":\"Opera\u00e7\u00e3o reprime o tr\u00e1fico de drogas em Itaobim, no Vale do Jequitinhonha\",\"datePublished\":\"2020-11-20T15:01:40+00:00\",\"dateModified\":\"2026-09-02T16:11:35+00:00\",\"mainEntityOfPage\":{\"@id\":\"https:\\\/\\\/aconteceunovale.com.br\\\/portal\\\/?p=169806\"},\"wordCount\":212,\"commentCount\":0,\"image\":{\"@id\":\"https:\\\/\\\/aconteceunovale.com.br\\\/portal\\\/?p=169806#primaryimage\"},\"thumbnailUrl\":\"https:\\\/\\\/aconteceunovale.com.br\\\/portal\\\/wp-content\\\/uploads\\\/2020\\\/11\\\/operacao_itaobim.jpeg\",\"keywords\":[\"Canil da PCMG\",\"Combate ao tr\u00e1fico de drogas em Itaobim\",\"Delegada Gabriela Barboza de Andrade\",\"destaque\",\"Itaobim\",\"Medina\",\"Opera\u00e7\u00e3o da PCMG em Itaobim\",\"Opera\u00e7\u00e3o em Itaobim\",\"Opera\u00e7\u00e3o G\u00eanesis\",\"Opera\u00e7\u00e3o G\u00eanesis em Itaobim\",\"Opera\u00e7\u00e3o policial em Itaobim\",\"Opera\u00e7\u00e3o reprime o tr\u00e1fico de drogas em Itaobim\",\"Padre Para\u00edso\",\"PCMG\",\"PCMG Itaobim\",\"Pedra Azul\",\"Pris\u00e3o de traficantes em Itaobim\",\"Traficantes presos em Itaobim\"],\"articleSection\":[\"Itaobim\",\"Vale do Jequitinhonha\"],\"inLanguage\":\"pt-BR\",\"potentialAction\":[{\"@type\":\"CommentAction\",\"name\":\"Comment\",\"target\":[\"https:\\\/\\\/aconteceunovale.com.br\\\/portal\\\/?p=169806#respond\"]}]},{\"@type\":\"WebPage\",\"@id\":\"https:\\\/\\\/aconteceunovale.com.br\\\/portal\\\/?p=169806\",\"url\":\"https:\\\/\\\/aconteceunovale.com.br\\\/portal\\\/?p=169806\",\"name\":\"Opera\u00e7\u00e3o reprime o tr\u00e1fico de drogas em Itaobim, no Vale do Jequitinhonha - Aconteceu no Vale\",\"isPartOf\":{\"@id\":\"https:\\\/\\\/aconteceunovale.com.br\\\/portal\\\/#website\"},\"primaryImageOfPage\":{\"@id\":\"https:\\\/\\\/aconteceunovale.com.br\\\/portal\\\/?p=169806#primaryimage\"},\"image\":{\"@id\":\"https:\\\/\\\/aconteceunovale.com.br\\\/portal\\\/?p=169806#primaryimage\"},\"thumbnailUrl\":\"https:\\\/\\\/aconteceunovale.com.br\\\/portal\\\/wp-content\\\/uploads\\\/2020\\\/11\\\/operacao_itaobim.jpeg\",\"datePublished\":\"2020-11-20T15:01:40+00:00\",\"dateModified\":\"2026-09-02T16:11:35+00:00\",\"author\":{\"@id\":\"https:\\\/\\\/aconteceunovale.com.br\\\/portal\\\/#\\\/schema\\\/person\\\/7d2f26d1483f8a63de73da1ee0754d35\"},\"breadcrumb\":{\"@id\":\"https:\\\/\\\/aconteceunovale.com.br\\\/portal\\\/?p=169806#breadcrumb\"},\"inLanguage\":\"pt-BR\",\"potentialAction\":[{\"@type\":\"ReadAction\",\"target\":[\"https:\\\/\\\/aconteceunovale.com.br\\\/portal\\\/?p=169806\"]}]},{\"@type\":\"ImageObject\",\"inLanguage\":\"pt-BR\",\"@id\":\"https:\\\/\\\/aconteceunovale.com.br\\\/portal\\\/?p=169806#primaryimage\",\"url\":\"https:\\\/\\\/aconteceunovale.com.br\\\/portal\\\/wp-content\\\/uploads\\\/2020\\\/11\\\/operacao_itaobim.jpeg\",\"contentUrl\":\"https:\\\/\\\/aconteceunovale.com.br\\\/portal\\\/wp-content\\\/uploads\\\/2020\\\/11\\\/operacao_itaobim.jpeg\",\"width\":673,\"height\":450},{\"@type\":\"BreadcrumbList\",\"@id\":\"https:\\\/\\\/aconteceunovale.com.br\\\/portal\\\/?p=169806#breadcrumb\",\"itemListElement\":[{\"@type\":\"ListItem\",\"position\":1,\"name\":\"In\u00edcio\",\"item\":\"https:\\\/\\\/aconteceunovale.com.br\\\/portal\\\/\"},{\"@type\":\"ListItem\",\"position\":2,\"name\":\"Opera\u00e7\u00e3o reprime o tr\u00e1fico de drogas em Itaobim, no Vale do Jequitinhonha\"}]},{\"@type\":\"WebSite\",\"@id\":\"https:\\\/\\\/aconteceunovale.com.br\\\/portal\\\/#website\",\"url\":\"https:\\\/\\\/aconteceunovale.com.br\\\/portal\\\/\",\"name\":\"Aconteceu no Vale\",\"description\":\"Portal de Not\u00edcias\",\"potentialAction\":[{\"@type\":\"SearchAction\",\"target\":{\"@type\":\"EntryPoint\",\"urlTemplate\":\"https:\\\/\\\/aconteceunovale.com.br\\\/portal\\\/?s={search_term_string}\"},\"query-input\":{\"@type\":\"PropertyValueSpecification\",\"valueRequired\":true,\"valueName\":\"search_term_string\"}}],\"inLanguage\":\"pt-BR\"},{\"@type\":\"Person\",\"@id\":\"https:\\\/\\\/aconteceunovale.com.br\\\/portal\\\/#\\\/schema\\\/person\\\/7d2f26d1483f8a63de73da1ee0754d35\",\"name\":\"Reda\u00e7\u00e3o Aconteceu no Vale\",\"description\":\"Equipe de reportagem do Aconteceu no Vale, portal de not\u00edcias do Vale do Jequitinhonha, em Minas Gerais. Cobrimos as 51 cidades do Vale desde 2013. Sugest\u00f5es de pauta e pedidos de corre\u00e7\u00e3o: contato@aconteceunovale.com.br\",\"url\":\"https:\\\/\\\/aconteceunovale.com.br\\\/portal\\\/?author=4\"}]}<\/script>\n<!-- \/ Yoast SEO plugin. -->","yoast_head_json":{"title":"Opera\u00e7\u00e3o reprime o tr\u00e1fico de drogas em Itaobim, no Vale do Jequitinhonha - Aconteceu no Vale","robots":{"index":"index","follow":"follow","max-snippet":"max-snippet:-1","max-image-preview":"max-image-preview:large","max-video-preview":"max-video-preview:-1"},"canonical":"https:\/\/aconteceunovale.com.br\/portal\/?p=169806","og_locale":"pt_BR","og_type":"article","og_title":"Opera\u00e7\u00e3o reprime o tr\u00e1fico de drogas em Itaobim, no Vale do Jequitinhonha - Aconteceu no Vale","og_description":"Nesta quinta-feira (19\/11\/2020), a Pol\u00edcia Civil de Minas Gerais (PCMG) deflagrou a opera\u00e7\u00e3o G\u00eanesis, com o objetivo de cumprir mandados de pris\u00e3o e de busca e apreens\u00e3o em repress\u00e3o ao tr\u00e1fico de drogas na cidade de Itaobim. Sete suspeitos foram presos e um adolescente foi apreendido. Durante os trabalhos, segundo a PCMG, os policiais apreenderam [&hellip;]","og_url":"https:\/\/aconteceunovale.com.br\/portal\/?p=169806","og_site_name":"Aconteceu no Vale","article_publisher":"https:\/\/www.facebook.com\/aconteceunovale\/","article_published_time":"2020-11-20T15:01:40+00:00","article_modified_time":"2026-09-02T16:11:35+00:00","og_image":[{"width":673,"height":450,"url":"https:\/\/aconteceunovale.com.br\/portal\/wp-content\/uploads\/2020\/11\/operacao_itaobim.jpeg","type":"image\/jpeg"}],"author":"Reda\u00e7\u00e3o Aconteceu no Vale","twitter_card":"summary_large_image","twitter_creator":"@noticiadosvales","twitter_site":"@noticiadosvales","twitter_misc":{"Escrito por":"Reda\u00e7\u00e3o Aconteceu no Vale","Est. tempo de leitura":"1 minuto"},"schema":{"@context":"https:\/\/schema.org","@graph":[{"@type":"Article","@id":"https:\/\/aconteceunovale.com.br\/portal\/?p=169806#article","isPartOf":{"@id":"https:\/\/aconteceunovale.com.br\/portal\/?p=169806"},"author":{"name":"Reda\u00e7\u00e3o Aconteceu no Vale","@id":"https:\/\/aconteceunovale.com.br\/portal\/#\/schema\/person\/7d2f26d1483f8a63de73da1ee0754d35"},"headline":"Opera\u00e7\u00e3o reprime o tr\u00e1fico de drogas em Itaobim, no Vale do Jequitinhonha","datePublished":"2020-11-20T15:01:40+00:00","dateModified":"2026-09-02T16:11:35+00:00","mainEntityOfPage":{"@id":"https:\/\/aconteceunovale.com.br\/portal\/?p=169806"},"wordCount":212,"commentCount":0,"image":{"@id":"https:\/\/aconteceunovale.com.br\/portal\/?p=169806#primaryimage"},"thumbnailUrl":"https:\/\/aconteceunovale.com.br\/portal\/wp-content\/uploads\/2020\/11\/operacao_itaobim.jpeg","keywords":["Canil da PCMG","Combate ao tr\u00e1fico de drogas em Itaobim","Delegada Gabriela Barboza de Andrade","destaque","Itaobim","Medina","Opera\u00e7\u00e3o da PCMG em Itaobim","Opera\u00e7\u00e3o em Itaobim","Opera\u00e7\u00e3o G\u00eanesis","Opera\u00e7\u00e3o G\u00eanesis em Itaobim","Opera\u00e7\u00e3o policial em Itaobim","Opera\u00e7\u00e3o reprime o tr\u00e1fico de drogas em Itaobim","Padre Para\u00edso","PCMG","PCMG Itaobim","Pedra Azul","Pris\u00e3o de traficantes em Itaobim","Traficantes presos em Itaobim"],"articleSection":["Itaobim","Vale do Jequitinhonha"],"inLanguage":"pt-BR","potentialAction":[{"@type":"CommentAction","name":"Comment","target":["https:\/\/aconteceunovale.com.br\/portal\/?p=169806#respond"]}]},{"@type":"WebPage","@id":"https:\/\/aconteceunovale.com.br\/portal\/?p=169806","url":"https:\/\/aconteceunovale.com.br\/portal\/?p=169806","name":"Opera\u00e7\u00e3o reprime o tr\u00e1fico de drogas em Itaobim, no Vale do Jequitinhonha - Aconteceu no Vale","isPartOf":{"@id":"https:\/\/aconteceunovale.com.br\/portal\/#website"},"primaryImageOfPage":{"@id":"https:\/\/aconteceunovale.com.br\/portal\/?p=169806#primaryimage"},"image":{"@id":"https:\/\/aconteceunovale.com.br\/portal\/?p=169806#primaryimage"},"thumbnailUrl":"https:\/\/aconteceunovale.com.br\/portal\/wp-content\/uploads\/2020\/11\/operacao_itaobim.jpeg","datePublished":"2020-11-20T15:01:40+00:00","dateModified":"2026-09-02T16:11:35+00:00","author":{"@id":"https:\/\/aconteceunovale.com.br\/portal\/#\/schema\/person\/7d2f26d1483f8a63de73da1ee0754d35"},"breadcrumb":{"@id":"https:\/\/aconteceunovale.com.br\/portal\/?p=169806#breadcrumb"},"inLanguage":"pt-BR","potentialAction":[{"@type":"ReadAction","target":["https:\/\/aconteceunovale.com.br\/portal\/?p=169806"]}]},{"@type":"ImageObject","inLanguage":"pt-BR","@id":"https:\/\/aconteceunovale.com.br\/portal\/?p=169806#primaryimage","url":"https:\/\/aconteceunovale.com.br\/portal\/wp-content\/uploads\/2020\/11\/operacao_itaobim.jpeg","contentUrl":"https:\/\/aconteceunovale.com.br\/portal\/wp-content\/uploads\/2020\/11\/operacao_itaobim.jpeg","width":673,"height":450},{"@type":"BreadcrumbList","@id":"https:\/\/aconteceunovale.com.br\/portal\/?p=169806#breadcrumb","itemListElement":[{"@type":"ListItem","position":1,"name":"In\u00edcio","item":"https:\/\/aconteceunovale.com.br\/portal\/"},{"@type":"ListItem","position":2,"name":"Opera\u00e7\u00e3o reprime o tr\u00e1fico de drogas em Itaobim, no Vale do Jequitinhonha"}]},{"@type":"WebSite","@id":"https:\/\/aconteceunovale.com.br\/portal\/#website","url":"https:\/\/aconteceunovale.com.br\/portal\/","name":"Aconteceu no Vale","description":"Portal de Not\u00edcias","potentialAction":[{"@type":"SearchAction","target":{"@type":"EntryPoint","urlTemplate":"https:\/\/aconteceunovale.com.br\/portal\/?s={search_term_string}"},"query-input":{"@type":"PropertyValueSpecification","valueRequired":true,"valueName":"search_term_string"}}],"inLanguage":"pt-BR"},{"@type":"Person","@id":"https:\/\/aconteceunovale.com.br\/portal\/#\/schema\/person\/7d2f26d1483f8a63de73da1ee0754d35","name":"Reda\u00e7\u00e3o Aconteceu no Vale","description":"Equipe de reportagem do Aconteceu no Vale, portal de not\u00edcias do Vale do Jequitinhonha, em Minas Gerais. Cobrimos as 51 cidades do Vale desde 2013. Sugest\u00f5es de pauta e pedidos de corre\u00e7\u00e3o: contato@aconteceunovale.com.br","url":"https:\/\/aconteceunovale.com.br\/portal\/?author=4"}]}},"_links":{"self":[{"href":"https:\/\/aconteceunovale.com.br\/portal\/index.php?rest_route=\/wp\/v2\/posts\/169806","targetHints":{"allow":["GET"]}}],"collection":[{"href":"https:\/\/aconteceunovale.com.br\/portal\/index.php?rest_route=\/wp\/v2\/posts"}],"about":[{"href":"https:\/\/aconteceunovale.com.br\/portal\/index.php?rest_route=\/wp\/v2\/types\/post"}],"author":[{"embeddable":true,"href":"https:\/\/aconteceunovale.com.br\/portal\/index.php?rest_route=\/wp\/v2\/users\/4"}],"replies":[{"embeddable":true,"href":"https:\/\/aconteceunovale.com.br\/portal\/index.php?rest_route=%2Fwp%2Fv2%2Fcomments&post=169806"}],"version-history":[{"count":1,"href":"https:\/\/aconteceunovale.com.br\/portal\/index.php?rest_route=\/wp\/v2\/posts\/169806\/revisions"}],"predecessor-version":[{"id":169808,"href":"https:\/\/aconteceunovale.com.br\/portal\/index.php?rest_route=\/wp\/v2\/posts\/169806\/revisions\/169808"}],"wp:featuredmedia":[{"embeddable":true,"href":"https:\/\/aconteceunovale.com.br\/portal\/index.php?rest_route=\/wp\/v2\/media\/169807"}],"wp:attachment":[{"href":"https:\/\/aconteceunovale.com.br\/portal\/index.php?rest_route=%2Fwp%2Fv2%2Fmedia&parent=169806"}],"wp:term":[{"taxonomy":"category","embeddable":true,"href":"https:\/\/aconteceunovale.com.br\/portal\/index.php?rest_route=%2Fwp%2Fv2%2Fcategories&post=169806"},{"taxonomy":"post_tag","embeddable":true,"href":"https:\/\/aconteceunovale.com.br\/portal\/index.php?rest_route=%2Fwp%2Fv2%2Ftags&post=169806"}],"curies":[{"name":"wp","href":"https:\/\/api.w.org\/{rel}","templated":true}]}}