{"id":169797,"date":"2020-11-20T10:14:28","date_gmt":"2020-11-20T13:14:28","guid":{"rendered":"https:\/\/aconteceunovale.com.br\/portal\/?p=169797"},"modified":"2020-11-20T10:14:59","modified_gmt":"2020-11-20T13:14:59","slug":"jair-bolsonaro-pede-que-paises-ajudem-a-combater-comercio-ilegal-de-madeira","status":"publish","type":"post","link":"https:\/\/aconteceunovale.com.br\/portal\/?p=169797","title":{"rendered":"Jair Bolsonaro pede que pa\u00edses ajudem a combater com\u00e9rcio ilegal de madeira"},"content":{"rendered":"\n<p>O presidente Jair Bolsonaro afirmou nesta&nbsp;quinta-feira (19) que o combate ao com\u00e9rcio ilegal de madeira no Brasil depende de colabora\u00e7\u00e3o internacional envolvendo outros pa\u00edses, sobretudo europeus, j\u00e1 que o continente \u00e9 considerado destino de grande parte do contrabando do produto. A declara\u00e7\u00e3o foi dada durante&nbsp;<em>live<\/em>&nbsp;semanal transmitida pelas redes sociais.<img decoding=\"async\" src=\"https:\/\/agenciabrasil.ebc.com.br\/ebc.png?id=1394031&amp;o=node\"><img decoding=\"async\" src=\"https:\/\/agenciabrasil.ebc.com.br\/ebc.gif?id=1394031&amp;o=node\"><\/p>\n\n\n\n<p>&#8220;Tem como esses pa\u00edses colaborarem conosco. A Amaz\u00f4nia \u00e9 uma imensid\u00e3o, \u00e9 maior que a Europa Ocidental toda junta. Ent\u00e3o, n\u00e3o \u00e9 f\u00e1cil voc\u00ea tomar conta de tudo aquilo. Agora, as cr\u00edticas s\u00e3o potencializadas. Existe o desmatamento ilegal? Existe&#8221;, disse o presidente, acompanhado do ministro da Justi\u00e7a, Andr\u00e9 Mendon\u00e7a, e do delegado da Pol\u00edcia Federal Alexandre Saraiva, superintendente da corpora\u00e7\u00e3o no Amazonas.&nbsp;<\/p>\n\n\n\n<p>Na ter\u00e7a-feira (17), durante discurso na 12\u00aa C\u00fapula dos Brics, Bolsonaro disse o governo iria revelar uma\u00a0lista\u00a0com nomes de pa\u00edses que importam madeira extra\u00edda de forma ilegal da Amaz\u00f4nia brasileira. Ao retomar o assunto durante a\u00a0<em>live<\/em>, o presidente citou que h\u00e1 uma lista de empresas e dos pa\u00edses aos quais elas pertencem que estariam envolvidos no mercado ilegal, mas que o objetivo n\u00e3o \u00e9 acusar outras na\u00e7\u00f5es, mas resolver os problemas.\u00a0\u00a0<\/p>\n\n\n\n<p>&#8220;N\u00f3s temos aqui os nomes das empresas que importam isso e a que pa\u00edses elas pertencem. A gente n\u00e3o vai acusar o pa\u00eds A, B ou C de estar cometendo um crime, mas a empresa desses pa\u00edses, sim\u201d, disse. \u201cMas quando chegarmos a um bom termo essa quest\u00e3o, vai diminuir o desmatamento no Brasil. \u00c9 o que n\u00f3s queremos. N\u00e3o basta apenas criticar, temos que apresentar alguma coisa. Estamos apresentando&#8221;.<\/p>\n\n\n\n<p>O presidente voltou a mencionar o m\u00e9todo desenvolvido pela Pol\u00edcia Federal para rastrear a origem de madeiras apreendidas e exportadas usando is\u00f3topos est\u00e1veis, uma esp\u00e9cie de DNA que mostra a proveni\u00eancia geogr\u00e1fica do produto. O governo tamb\u00e9m pretende envolver a Marinha na fiscaliza\u00e7\u00e3o do transporte de madeira por via aquavi\u00e1ria.<\/p>\n\n\n\n<p>&#8220;Esse trabalho da Pol\u00edcia Federal via DNA, os is\u00f3topos, come\u00e7ou h\u00e1 poucos meses. Vai entrar em cena tamb\u00e9m a Marinha do Brasil, que j\u00e1 foi contatada, porque toda ela [madeira] sai por via aquavi\u00e1ria. D\u00e1&nbsp;pra fazer barreiras e conter o deslocamento dessa madeira. A que for legal, passa. A que n\u00e3o for legal, n\u00e3o passar\u00e1 mais&#8221;.&nbsp;&nbsp;<\/p>\n\n\n\n<p>Ao comentar o assunto, o ministro Andr\u00e9 Mendon\u00e7a destacou que o governo brasileiro tem sua parcela de responsabilidade, mas que o combate ao com\u00e9rcio ilegal de madeira tamb\u00e9m precisa ser enfrentado pelos pa\u00edses que s\u00e3o destinos desse tipo de produto. &#8220;Temos que, primeiro, reconhecer o nosso dever de casa. Temos que combater o desmatamento ilegal. Mas tamb\u00e9m n\u00e3o adianta n\u00f3s combatermos aqui se outros pa\u00edses n\u00e3o combatem a recepta\u00e7\u00e3o desse material que chega l\u00e1 ilegalmente&#8221;.<\/p>\n\n\n\n<p>Para o delegado Alexandre Saraiva, superintendente da PF no Amazonas, outros pa\u00edses devem atuar com o Brasil em um esfor\u00e7o de colabora\u00e7\u00e3o para o combate ao contrabando de madeira. &#8220;N\u00f3s esperamos uma colabora\u00e7\u00e3o no n\u00edvel policial e no n\u00edvel cient\u00edfico\u201d, disse. \u201cNo Amazonas, n\u00f3s temos o INPA, o Instituto Nacional de Pesquisa da Amaz\u00f4nia, que desenvolve um trabalho excelente sobre manejo florestal e tem muitos conv\u00eanios com universidades europeias. Ent\u00e3o, [queremos] \u00e9 colabora\u00e7\u00e3o para repress\u00e3o aos criminosos, sejam eles do Brasil, sejam eles europeu. Porque bandido \u00e9 bandido em qualquer lugar&#8221;, concluiu.<\/p>\n\n\n\n<p class=\"has-white-color has-vivid-cyan-blue-background-color has-text-color has-background\">Quer saber as not\u00edcias do <strong>Aconteceu no Vale<\/strong> em primeira m\u00e3o? Siga-nos no Facebook <a rel=\"noreferrer noopener\" href=\"http:\/\/facebook.com\/aconteceunovale\" target=\"_blank\">@aconteceunovale<\/a>, Twitter <a rel=\"noreferrer noopener\" href=\"https:\/\/twitter.com\/noticiadosvales\" target=\"_blank\">@noticiadosvales<\/a> e Instagram <a rel=\"noreferrer noopener\" href=\"https:\/\/www.instagram.com\/aconteceunovale\" target=\"_blank\">@aconteceunovale<\/a>.<\/p>\n","protected":false},"excerpt":{"rendered":"<p>O presidente Jair Bolsonaro afirmou nesta&nbsp;quinta-feira (19) que o combate ao com\u00e9rcio ilegal de madeira no Brasil depende de colabora\u00e7\u00e3o internacional envolvendo outros pa\u00edses, sobretudo europeus, j\u00e1 que o continente \u00e9 considerado destino de grande parte do contrabando do produto. A declara\u00e7\u00e3o foi dada durante&nbsp;live&nbsp;semanal transmitida pelas redes sociais. &#8220;Tem como esses pa\u00edses colaborarem conosco. [&hellip;]<\/p>\n","protected":false},"author":4,"featured_media":169798,"comment_status":"open","ping_status":"closed","sticky":false,"template":"","format":"standard","meta":{"amp_status":"","footnotes":""},"categories":[6,28848,40240],"tags":[100375,67774,230596,1018,230592,26436,230591,230595,230594,230593],"class_list":["post-169797","post","type-post","status-publish","format-standard","has-post-thumbnail","hentry","category-br","category-mundo","category-politica-2","tag-bolsonaro","tag-brics","tag-cupula-dos-brics","tag-destaque","tag-importadores-de-madeira-ilegal","tag-jair-bolsonaro","tag-lista-de-importadores-de-madeira-ilegal","tag-madeira-da-amazonia","tag-madeira-extraida-da-amazonia-brasileira","tag-madeira-ilegal"],"_links":{"self":[{"href":"https:\/\/aconteceunovale.com.br\/portal\/index.php?rest_route=\/wp\/v2\/posts\/169797","targetHints":{"allow":["GET"]}}],"collection":[{"href":"https:\/\/aconteceunovale.com.br\/portal\/index.php?rest_route=\/wp\/v2\/posts"}],"about":[{"href":"https:\/\/aconteceunovale.com.br\/portal\/index.php?rest_route=\/wp\/v2\/types\/post"}],"author":[{"embeddable":true,"href":"https:\/\/aconteceunovale.com.br\/portal\/index.php?rest_route=\/wp\/v2\/users\/4"}],"replies":[{"embeddable":true,"href":"https:\/\/aconteceunovale.com.br\/portal\/index.php?rest_route=%2Fwp%2Fv2%2Fcomments&post=169797"}],"version-history":[{"count":1,"href":"https:\/\/aconteceunovale.com.br\/portal\/index.php?rest_route=\/wp\/v2\/posts\/169797\/revisions"}],"predecessor-version":[{"id":169799,"href":"https:\/\/aconteceunovale.com.br\/portal\/index.php?rest_route=\/wp\/v2\/posts\/169797\/revisions\/169799"}],"wp:featuredmedia":[{"embeddable":true,"href":"https:\/\/aconteceunovale.com.br\/portal\/index.php?rest_route=\/wp\/v2\/media\/169798"}],"wp:attachment":[{"href":"https:\/\/aconteceunovale.com.br\/portal\/index.php?rest_route=%2Fwp%2Fv2%2Fmedia&parent=169797"}],"wp:term":[{"taxonomy":"category","embeddable":true,"href":"https:\/\/aconteceunovale.com.br\/portal\/index.php?rest_route=%2Fwp%2Fv2%2Fcategories&post=169797"},{"taxonomy":"post_tag","embeddable":true,"href":"https:\/\/aconteceunovale.com.br\/portal\/index.php?rest_route=%2Fwp%2Fv2%2Ftags&post=169797"}],"curies":[{"name":"wp","href":"https:\/\/api.w.org\/{rel}","templated":true}]}}