{"id":169794,"date":"2020-11-20T10:12:20","date_gmt":"2020-11-20T13:12:20","guid":{"rendered":"https:\/\/aconteceunovale.com.br\/portal\/?p=169794"},"modified":"2020-11-20T10:12:30","modified_gmt":"2020-11-20T13:12:30","slug":"horario-eleitoral-gratuito-comeca-hoje-nas-cidades-que-terao-2o-turno","status":"publish","type":"post","link":"https:\/\/aconteceunovale.com.br\/portal\/?p=169794","title":{"rendered":"Hor\u00e1rio eleitoral gratuito come\u00e7a hoje nas cidades que ter\u00e3o 2\u00ba turno"},"content":{"rendered":"\n<p>Come\u00e7a nesta&nbsp;sexta-feira (20) e vai at\u00e9 o pr\u00f3ximo dia 27 o hor\u00e1rio eleitoral gratuito do segundo turno das elei\u00e7\u00f5es municipais nas emissoras de r\u00e1dio e TV. Haver\u00e1 transmiss\u00e3o para os 57 munic\u00edpios com mais de 200 mil eleitores onde n\u00e3o houve defini\u00e7\u00e3o do prefeito no \u00faltimo&nbsp;domingo&nbsp;(15).<img decoding=\"async\" src=\"https:\/\/agenciabrasil.ebc.com.br\/ebc.png?id=1394038&amp;o=node\"><img decoding=\"async\" src=\"https:\/\/agenciabrasil.ebc.com.br\/ebc.gif?id=1394038&amp;o=node\"><\/p>\n\n\n\n<p>Desta vez, os dois blocos fixos para a propaganda eleitoral, de 10 minutos cada, ser\u00e3o divididos igualmente entre os candidatos ao cargo de prefeito. No r\u00e1dio, a propaganda ser\u00e1 das 7h \u00e0s 7h10 e das 12h \u00e0s 12h10. Na&nbsp;TV, o hor\u00e1rio eleitoral ser\u00e1 das 13h \u00e0s 13h10 e das 20h30 \u00e0s 20h40.<\/p>\n\n\n\n<p>Emissoras de r\u00e1dio e de TV e os canais por assinatura tamb\u00e9m&nbsp;ter\u00e3o que reservar 25 minutos, de&nbsp;segunda&nbsp;a&nbsp;domingo, para serem usados em inser\u00e7\u00f5es de 30 e 60 segundos, considerando os seguintes blocos de audi\u00eancia: entre as 5h e as 11h; entre as 11h e as 18h; e entre as 18h e as 24h.<\/p>\n\n\n\n<p>Por causa da pandemia de covid-19, o Tribunal Superior Eleitoral (TSE) adotou in\u00fameras normas relativas \u00e0 campanha eleitoral. Uma delas foi a de reduzir o tempo da propaganda gratuita em r\u00e1dio e TV. O segundo turno das elei\u00e7\u00f5es municipais 2020 ser\u00e1 no dia\u00a029 de novembro.<\/p>\n\n\n\n<p class=\"has-white-color has-vivid-cyan-blue-background-color has-text-color has-background\">Quer saber as not\u00edcias do <strong>Aconteceu no Vale<\/strong> em primeira m\u00e3o? Siga-nos no Facebook <a rel=\"noreferrer noopener\" href=\"http:\/\/facebook.com\/aconteceunovale\" target=\"_blank\">@aconteceunovale<\/a>, Twitter <a rel=\"noreferrer noopener\" href=\"https:\/\/twitter.com\/noticiadosvales\" target=\"_blank\">@noticiadosvales<\/a> e Instagram <a rel=\"noreferrer noopener\" href=\"https:\/\/www.instagram.com\/aconteceunovale\" target=\"_blank\">@aconteceunovale<\/a>.<\/p>\n","protected":false},"excerpt":{"rendered":"<p>Come\u00e7a nesta&nbsp;sexta-feira (20) e vai at\u00e9 o pr\u00f3ximo dia 27 o hor\u00e1rio eleitoral gratuito do segundo turno das elei\u00e7\u00f5es municipais nas emissoras de r\u00e1dio e TV. Haver\u00e1 transmiss\u00e3o para os 57 munic\u00edpios com mais de 200 mil eleitores onde n\u00e3o houve defini\u00e7\u00e3o do prefeito no \u00faltimo&nbsp;domingo&nbsp;(15). Desta vez, os dois blocos fixos para a propaganda [&hellip;]<\/p>\n","protected":false},"author":4,"featured_media":169795,"comment_status":"open","ping_status":"closed","sticky":false,"template":"","format":"standard","meta":{"amp_status":"","footnotes":""},"categories":[6,215642,121,40240],"tags":[247,18800,230920,230922,230921,19501,178978,18801],"class_list":["post-169794","post","type-post","status-publish","format-standard","has-post-thumbnail","hentry","category-br","category-eleicoes-2020","category-leste","category-politica-2","tag-governador-valadares","tag-gv","tag-horario-eleitoral-gratuito","tag-horario-eleitoral-gratuito-governador-valadares","tag-horario-eleitoral-gratuito-segundo-turno","tag-propaganda-eleitoral","tag-propaganda-eleitoral-na-tv-e-no-radio","tag-valadares"],"_links":{"self":[{"href":"https:\/\/aconteceunovale.com.br\/portal\/index.php?rest_route=\/wp\/v2\/posts\/169794","targetHints":{"allow":["GET"]}}],"collection":[{"href":"https:\/\/aconteceunovale.com.br\/portal\/index.php?rest_route=\/wp\/v2\/posts"}],"about":[{"href":"https:\/\/aconteceunovale.com.br\/portal\/index.php?rest_route=\/wp\/v2\/types\/post"}],"author":[{"embeddable":true,"href":"https:\/\/aconteceunovale.com.br\/portal\/index.php?rest_route=\/wp\/v2\/users\/4"}],"replies":[{"embeddable":true,"href":"https:\/\/aconteceunovale.com.br\/portal\/index.php?rest_route=%2Fwp%2Fv2%2Fcomments&post=169794"}],"version-history":[{"count":1,"href":"https:\/\/aconteceunovale.com.br\/portal\/index.php?rest_route=\/wp\/v2\/posts\/169794\/revisions"}],"predecessor-version":[{"id":169796,"href":"https:\/\/aconteceunovale.com.br\/portal\/index.php?rest_route=\/wp\/v2\/posts\/169794\/revisions\/169796"}],"wp:featuredmedia":[{"embeddable":true,"href":"https:\/\/aconteceunovale.com.br\/portal\/index.php?rest_route=\/wp\/v2\/media\/169795"}],"wp:attachment":[{"href":"https:\/\/aconteceunovale.com.br\/portal\/index.php?rest_route=%2Fwp%2Fv2%2Fmedia&parent=169794"}],"wp:term":[{"taxonomy":"category","embeddable":true,"href":"https:\/\/aconteceunovale.com.br\/portal\/index.php?rest_route=%2Fwp%2Fv2%2Fcategories&post=169794"},{"taxonomy":"post_tag","embeddable":true,"href":"https:\/\/aconteceunovale.com.br\/portal\/index.php?rest_route=%2Fwp%2Fv2%2Ftags&post=169794"}],"curies":[{"name":"wp","href":"https:\/\/api.w.org\/{rel}","templated":true}]}}