{"id":169792,"date":"2020-11-20T09:52:08","date_gmt":"2020-11-20T12:52:08","guid":{"rendered":"https:\/\/aconteceunovale.com.br\/portal\/?p=169792"},"modified":"2020-11-20T09:54:39","modified_gmt":"2020-11-20T12:54:39","slug":"auxilio-emergencial-e-creditado-para-nascidos-em-dezembro","status":"publish","type":"post","link":"https:\/\/aconteceunovale.com.br\/portal\/?p=169792","title":{"rendered":"Aux\u00edlio emergencial \u00e9 creditado para nascidos em dezembro"},"content":{"rendered":"\n<p>Cerca de 3,4 milh\u00f5es de benefici\u00e1rios do aux\u00edlio emergencial, nascidos em dezembro, recebem hoje (20\/11) R$ 1,3 bilh\u00e3o em suas contas poupan\u00e7a social digital. Desse total, 633,8 mil recebem R$ 415,1 milh\u00f5es referentes \u00e0s parcelas do aux\u00edlio emergencial. Os demais, 2,8 milh\u00f5es, ser\u00e3o contemplados com a segunda parcela do Aux\u00edlio Emergencial Extens\u00e3o, somando R$ 919,2 milh\u00f5es.<img decoding=\"async\" src=\"https:\/\/agenciabrasil.ebc.com.br\/ebc.png?id=1394043&amp;o=node\"><img decoding=\"async\" src=\"https:\/\/agenciabrasil.ebc.com.br\/ebc.gif?id=1394043&amp;o=node\"><\/p>\n\n\n\n<p>A partir de hoje, os valores podem ser movimentados pelo Caixa Tem para pagamento de boletos pelo pr\u00f3prio aplicativo ou nas casas lot\u00e9ricas, compras na internet e pelas maquininhas de estabelecimentos comerciais.<\/p>\n\n\n\n<p>O benef\u00edcio criado em abril pelo governo federal foi estendido at\u00e9 31 de dezembro por meio da Medida Provis\u00f3ria (MP) n\u00ba 1000. O Aux\u00edlio Emergencial Extens\u00e3o ser\u00e1 pago em at\u00e9 quatro parcelas de R$ 300 cada e, no caso das m\u00e3es chefes de fam\u00edlia monoparental, o valor \u00e9 de R$ 600.<\/p>\n\n\n\n<p>Saques e transfer\u00eancias para quem recebe o cr\u00e9dito nesta sexta-feira ser\u00e3o liberados a partir do dia 5 de dezembro.<\/p>\n\n\n\n<h2 class=\"wp-block-heading\">Bolsa Fam\u00edlia<\/h2>\n\n\n\n<p>Tamb\u00e9m nesta sexta-feira, a Caixa realiza o pagamento da terceira parcela do Aux\u00edlio Emergencial Extens\u00e3o para os benefici\u00e1rios do Bolsa Fam\u00edlia. Cerca de 1,6 milh\u00e3o de pessoas com final de NIS 4 recebem R$ 422,6 milh\u00f5es.<\/p>\n\n\n\n<p>Durante todo o m\u00eas de novembro, mais de 16 milh\u00f5es de pessoas cadastradas no programa, e que foram consideradas eleg\u00edveis, v\u00e3o receber, no total, R$ 4,2 bilh\u00f5es.<\/p>\n\n\n\n<p>Os pagamentos do Aux\u00edlio Emergencial Extens\u00e3o para benefici\u00e1rios do Bolsa Fam\u00edlia t\u00eam os mesmos crit\u00e9rios e datas do Bolsa Fam\u00edlia, permitindo a utiliza\u00e7\u00e3o do cart\u00e3o nos canais de autoatendimento, lot\u00e9ricas e correspondentes Caixa Aqui ou por cr\u00e9dito na conta Caixa F\u00e1cil.<\/p>\n\n\n\n<p>O valor do programa Bolsa Fam\u00edlia \u00e9 complementado pela extens\u00e3o do aux\u00edlio emergencial em at\u00e9 R$ 300 ou em at\u00e9 R$ 600, no caso de mulher provedora de fam\u00edlia monoparental. Segundo a Caixa, se o valor do Bolsa Fam\u00edlia for igual ou maior que R$ 300 ou R$ 600, o benefici\u00e1rio receber\u00e1 o valor do Bolsa Fam\u00edlia, prevalecendo sempre o benef\u00edcio de maior valor.<\/p>\n\n\n\n<p class=\"has-white-color has-vivid-cyan-blue-background-color has-text-color has-background\">Quer saber as not\u00edcias do <strong>Aconteceu no Vale<\/strong> em primeira m\u00e3o? Siga-nos no Facebook <a rel=\"noreferrer noopener\" href=\"http:\/\/facebook.com\/aconteceunovale\" target=\"_blank\">@aconteceunovale<\/a>, Twitter <a rel=\"noreferrer noopener\" href=\"https:\/\/twitter.com\/noticiadosvales\" target=\"_blank\">@noticiadosvales<\/a> e Instagram <a rel=\"noreferrer noopener\" href=\"https:\/\/www.instagram.com\/aconteceunovale\" target=\"_blank\">@aconteceunovale<\/a>.<\/p>\n","protected":false},"excerpt":{"rendered":"<p>Cerca de 3,4 milh\u00f5es de benefici\u00e1rios do aux\u00edlio emergencial, nascidos em dezembro, recebem hoje (20\/11) R$ 1,3 bilh\u00e3o em suas contas poupan\u00e7a social digital. Desse total, 633,8 mil recebem R$ 415,1 milh\u00f5es referentes \u00e0s parcelas do aux\u00edlio emergencial. Os demais, 2,8 milh\u00f5es, ser\u00e3o contemplados com a segunda parcela do Aux\u00edlio Emergencial Extens\u00e3o, somando R$ 919,2 [&hellip;]<\/p>\n","protected":false},"author":4,"featured_media":161317,"comment_status":"open","ping_status":"closed","sticky":false,"template":"","format":"standard","meta":{"amp_status":"","footnotes":""},"categories":[6],"tags":[219405,219383,225996,219292,225074,225788,225789,225075,225949,219977,100375,225948,227485,227055,226016,228349,228081,225732,223087,226744,225178,225552,225551,20922,225787,229938,225176,230001,225962,226017,226018,1018,223269,221649,223267,228779,184405,4610,228713,26436,225826,228714,184661,224350,225077,225076,228715,229939,228778,223181,225550,225549,225961,225177,225548],"class_list":["post-169792","post","type-post","status-publish","format-standard","has-post-thumbnail","hentry","category-br","tag-auxilio-de-r-600","tag-auxilio-emergencial","tag-auxilio-emergencial-chega-a-29-milhoes-de-domicilios","tag-auxilio-emergencial-de-r-600","tag-auxilio-emergencial-de-r-600-elevou-padrao-de-vida-em-23-milhoes-de-domicilios","tag-auxilio-emergencial-para-agricultor-familiar","tag-auxilio-para-agricultor-familiar","tag-beneficio-do-auxilio-emergencial-de-r-600","tag-bloqueio-de-contas-da-poupanca-social","tag-bloqueio-do-auxilio-emergencial","tag-bolsonaro","tag-caixa-bloqueia-contas-da-poupanca-social","tag-caixa-credita-auxilio-emergencial-para-4-milhoes-nascidos-em-agosto","tag-caixa-credita-auxilio-emergencial-para-nascidos-em-junho","tag-caixa-divulga-orientacao-para-desbloqueio-de-contas","tag-caixa-inicia-amanha-ciclo-2-de-pagamentos-do-auxilio-emergencial","tag-caixa-paga-auxilio-emergencial-de-r-600-a-beneficiarios-do-bolsa-familia","tag-caixa-paga-quarta-parcela-do-auxilio-emergencial-a-beneficiarios-do-bolsa-familia","tag-caixa-tem","tag-caixa-vai-pagar-auxilio-emergencial-de-r-600-a-805-mil-novos-beneficiarios","tag-calendario-para-saque-em-dinheiro-do-auxilio-emergencial","tag-calendario-quarta-parcela-do-auxilio-emergencial","tag-calendario-quinta-parcela-do-auxilio-emergencial","tag-camara-dos-deputados","tag-camara-dos-deputados-aprova-auxilio-emergencial-para-agricultor-familiar-durante-a-pandemia","tag-ciclo-3-do-auxilio-emergencial","tag-confira-o-calendario-para-saque-em-dinheiro-do-auxilio-emergencial-de-r-600","tag-contestar-suspensao-de-auxilio-emergencial","tag-desbloquear-as-contas-digitais-do-auxilio-emergencial","tag-desbloqueio-caixa-tem","tag-desbloqueio-de-contas-caixa-tem","tag-destaque","tag-fraude-auxilio-emergencial","tag-fraude-no-auxilio-emergencial","tag-fraudes-no-auxilio-emergencial","tag-fraudes-no-recebimento-de-auxilio-emergencial","tag-governo-bolsonaro","tag-governo-federal","tag-governo-federal-prorroga-auxilio-emergencial-ate-o-fim-do-ano","tag-jair-bolsonaro","tag-mais-de-700-mil-receberao-amanha-primeira-parcela-do-auxilio-emergencial","tag-mais-quatro-parcelas-do-auxilio-emergencial","tag-ministerio-da-economia","tag-novas-parcelas-do-auxilio-emergencial","tag-padrao-de-vida-auxilio-emergencial","tag-padrao-de-vida-auxilio-emergencial-de-r-600","tag-pagamento-de-mais-parcelas-do-auxilio-emergencial","tag-pagamento-do-ciclo-3-do-auxilio-emergencial","tag-policia-federal-apura-fraudes-no-recebimento-de-auxilio-emergencial","tag-prorrogacao-do-auxilio-emergencial","tag-quarta-parcela-auxilio-emergencial","tag-quinta-parcela-auxilio-emergencial","tag-saiba-como-desbloquear-as-contas-digitais-do-auxilio-emergencial","tag-saque-em-dinheiro-do-auxilio-emergencial","tag-veja-os-calendarios-dos-novos-pagamentos-do-auxilio-emergencial-de-r-600"],"_links":{"self":[{"href":"https:\/\/aconteceunovale.com.br\/portal\/index.php?rest_route=\/wp\/v2\/posts\/169792","targetHints":{"allow":["GET"]}}],"collection":[{"href":"https:\/\/aconteceunovale.com.br\/portal\/index.php?rest_route=\/wp\/v2\/posts"}],"about":[{"href":"https:\/\/aconteceunovale.com.br\/portal\/index.php?rest_route=\/wp\/v2\/types\/post"}],"author":[{"embeddable":true,"href":"https:\/\/aconteceunovale.com.br\/portal\/index.php?rest_route=\/wp\/v2\/users\/4"}],"replies":[{"embeddable":true,"href":"https:\/\/aconteceunovale.com.br\/portal\/index.php?rest_route=%2Fwp%2Fv2%2Fcomments&post=169792"}],"version-history":[{"count":1,"href":"https:\/\/aconteceunovale.com.br\/portal\/index.php?rest_route=\/wp\/v2\/posts\/169792\/revisions"}],"predecessor-version":[{"id":169793,"href":"https:\/\/aconteceunovale.com.br\/portal\/index.php?rest_route=\/wp\/v2\/posts\/169792\/revisions\/169793"}],"wp:featuredmedia":[{"embeddable":true,"href":"https:\/\/aconteceunovale.com.br\/portal\/index.php?rest_route=\/wp\/v2\/media\/161317"}],"wp:attachment":[{"href":"https:\/\/aconteceunovale.com.br\/portal\/index.php?rest_route=%2Fwp%2Fv2%2Fmedia&parent=169792"}],"wp:term":[{"taxonomy":"category","embeddable":true,"href":"https:\/\/aconteceunovale.com.br\/portal\/index.php?rest_route=%2Fwp%2Fv2%2Fcategories&post=169792"},{"taxonomy":"post_tag","embeddable":true,"href":"https:\/\/aconteceunovale.com.br\/portal\/index.php?rest_route=%2Fwp%2Fv2%2Ftags&post=169792"}],"curies":[{"name":"wp","href":"https:\/\/api.w.org\/{rel}","templated":true}]}}