{"id":169784,"date":"2020-11-19T20:56:25","date_gmt":"2020-11-19T23:56:25","guid":{"rendered":"https:\/\/aconteceunovale.com.br\/portal\/?p=169784"},"modified":"2020-11-19T20:57:10","modified_gmt":"2020-11-19T23:57:10","slug":"governador-valadares-teofilo-otoni-e-outros-municipios-da-regiao-regridem-na-reabertura-economica","status":"publish","type":"post","link":"https:\/\/aconteceunovale.com.br\/portal\/?p=169784","title":{"rendered":"Governador Valadares, Te\u00f3filo Otoni e outros munic\u00edpios da regi\u00e3o regridem na reabertura econ\u00f4mica"},"content":{"rendered":"\n<p>Quatro\u00a0macrorregi\u00f5es de sa\u00fade de Minas regrediram na fase de abertura econ\u00f4mica em fun\u00e7\u00e3o da pandemia. S\u00e3o elas:\u00a0Leste, Leste-Sul, Nordeste e Sudeste. \u00c9 o que determina a\u00a0<a href=\"https:\/\/www.almg.gov.br\/consulte\/legislacao\/completa\/completa.html?tipo=DLB&amp;num=103&amp;comp=&amp;ano=2020\" target=\"_blank\" rel=\"noreferrer noopener\">Delibera\u00e7\u00e3o 103, de 18 de novembro de 2020<\/a>, do Comit\u00ea Extraordin\u00e1rio Covid-19, publicada no\u00a0<a rel=\"noreferrer noopener\" href=\"https:\/\/www.jornalminasgerais.mg.gov.br\/?dataJornal=2020-11-19\" target=\"_blank\">Di\u00e1rio Oficial Minas Gerais desta quinta-feira<\/a>\u00a0(19\/11\/20).<\/p>\n\n\n\n<p>De acordo com o governo estadual, a regress\u00e3o de fases nas quatro regi\u00f5es decorre da\u00a0constata\u00e7\u00e3o de que houve um aumento de 11% da incid\u00eancia da Covid-19 nos \u00faltimos 14 dias no Estado.<\/p>\n\n\n\n<p>A\u00a0maior mudan\u00e7a ocorre na macrorregi\u00e3o\u00a0<a rel=\"noreferrer noopener\" href=\"http:\/\/www.agenciaminas.mg.gov.br\/ckeditor_assets\/attachments\/9540\/06_-_regional_nordeste.pdf\" target=\"_blank\">Nordeste<\/a>\u00a0que estava na onda verde, com a menor restri\u00e7\u00e3o de atividade socioecon\u00f4mica, e passar\u00e1 para a onda vermelha, na qual apenas servi\u00e7os essenciais, como supermercados e farm\u00e1cias, podem funcionar.<\/p>\n\n\n\n<p>Tamb\u00e9m foi para a onda vermelha a macrorregi\u00e3o&nbsp;<a href=\"http:\/\/www.agenciaminas.mg.gov.br\/ckeditor_assets\/attachments\/8139\/04_-_regional_leste.pdf\" target=\"_blank\" rel=\"noreferrer noopener\">Leste<\/a>, que se encontrava na onda amarela, de m\u00e9dia restri\u00e7\u00e3o da atividade econ\u00f4mica. J\u00e1 as macrorregi\u00f5es&nbsp;<a href=\"http:\/\/www.agenciaminas.mg.gov.br\/ckeditor_assets\/attachments\/8140\/05_-_regional_leste_do_sul.pdf\" target=\"_blank\" rel=\"noreferrer noopener\">Leste-Sul<\/a>&nbsp;e&nbsp;<a href=\"http:\/\/www.agenciaminas.mg.gov.br\/ckeditor_assets\/attachments\/8145\/10_-_regional_sudeste.pdf\" target=\"_blank\" rel=\"noreferrer noopener\">Sudeste<\/a>&nbsp;que tinham a menor restri\u00e7\u00e3o passam para a onda amarela, que permite o funcionamento de lojas de roupas e sal\u00f5es de beleza.<\/p>\n\n\n\n<p>Fazem parte da macrorregi\u00e3o Nordeste cidades como Te\u00f3filo Otoni e Nanuque. A macrorregi\u00e3o Leste tem como um de seus munic\u00edpios Governador Valadares. A Leste-Sul \u00e9 integrada por Vi\u00e7osa e a Sudeste por Juiz de Fora.<\/p>\n\n\n\n<p>Outras\u00a0nove macrorregi\u00f5es permanecem na onda verde. O\u00a0Vale do A\u00e7o, por sua vez, se manteve na onda amarela.<\/p>\n\n\n\n<p>Essas defini\u00e7\u00f5es s\u00e3o atualizadas semanalmente. A previs\u00e3o contida na Delibera\u00e7\u00e3o 103 tem validade entre este s\u00e1bado (21\/11) e o seguinte (28).<\/p>\n\n\n\n<p><strong>Minas Consciente<\/strong><\/p>\n\n\n\n<p>As fases de reabertura econ\u00f4mica est\u00e3o previstas no\u00a0<a rel=\"noreferrer noopener\" href=\"https:\/\/www.mg.gov.br\/minasconsciente\" target=\"_blank\">Minas Consciente<\/a>, um plano elaborado pelo Governo de Minas para garantir a retomada gradual e segura da economia nos munic\u00edpios.<\/p>\n\n\n\n<p>At\u00e9 o momento,\u00a0657 cidades mineiras, do total de 853, aderiram ao plano, impactando 13,4 milh\u00f5es de pessoas, segundo o governo.<\/p>\n\n\n\n<p class=\"has-white-color has-vivid-cyan-blue-background-color has-text-color has-background\">Quer saber as not\u00edcias do <strong>Aconteceu no Vale<\/strong> em primeira m\u00e3o? Siga-nos no Facebook <a rel=\"noreferrer noopener\" href=\"http:\/\/facebook.com\/aconteceunovale\" target=\"_blank\">@aconteceunovale<\/a>, Twitter <a rel=\"noreferrer noopener\" href=\"https:\/\/twitter.com\/noticiadosvales\" target=\"_blank\">@noticiadosvales<\/a> e Instagram <a rel=\"noreferrer noopener\" href=\"https:\/\/www.instagram.com\/aconteceunovale\" target=\"_blank\">@aconteceunovale<\/a>.<\/p>\n","protected":false},"excerpt":{"rendered":"<p>Quatro\u00a0macrorregi\u00f5es de sa\u00fade de Minas regrediram na fase de abertura econ\u00f4mica em fun\u00e7\u00e3o da pandemia. S\u00e3o elas:\u00a0Leste, Leste-Sul, Nordeste e Sudeste. \u00c9 o que determina a\u00a0Delibera\u00e7\u00e3o 103, de 18 de novembro de 2020, do Comit\u00ea Extraordin\u00e1rio Covid-19, publicada no\u00a0Di\u00e1rio Oficial Minas Gerais desta quinta-feira\u00a0(19\/11\/20). De acordo com o governo estadual, a regress\u00e3o de fases nas [&hellip;]<\/p>\n","protected":false},"author":4,"featured_media":164462,"comment_status":"open","ping_status":"closed","sticky":false,"template":"","format":"standard","meta":{"amp_status":"","footnotes":""},"categories":[121,123,40242,120,122],"tags":[226899,227899,227901,752,226639,217799,219851,219853,225459,214884,216498,221718,1018,226771,226773,247,225458,226298,18800,228272,226455,219855,226300,226452,226453,226451,252,226299,226772,215653,226301,226535,221717,219854,219852,217692,222637,227897,230864,227898,227900,221719,226454,220285,220287,220286,164,18801],"class_list":["post-169784","post","type-post","status-publish","format-standard","has-post-thumbnail","hentry","category-leste","category-gerais","category-saude-2","category-jequi","category-mucuri","tag-362-cidades-de-pequeno-porte-passarao-automaticamente-para-a-onda-amarela-do-minas-consciente","tag-abertura-das-academias-de-ginastica","tag-abertura-das-agencias-de-turismo","tag-almg","tag-atividades-economicas-terao-protocolo-unico-na-nova-fase-do-plano-minas-consciente","tag-casos-de-coronavirus-em-minas-gerais","tag-casos-de-covid-19-em-minas-gerais","tag-cidades-com-casos-de-coronavirus-em-minas-gerais","tag-consulta-publica-minas-consciente","tag-coronavirus","tag-covid-19","tag-curados-do-coronavirus-em-minas-gerais","tag-destaque","tag-entenda-a-divisao-por-ondas-nas-novas-regras-do-plano-minas-consciente","tag-entenda-as-ondas-do-minas-consciente","tag-governador-valadares","tag-governo-lanca-consulta-publica-sobre-o-plano-minas-consciente","tag-governo-lanca-novas-regras-para-o-plano-minas-consciente","tag-gv","tag-mais-quatro-regioes-poderao-avancar-para-a-onda-amarela-do-plano-minas-consciente","tag-microrregioes-minas-consciente","tag-mortes-por-coronavirus-em-minas-gerais","tag-mudancas-no-minas-consciente","tag-municipios-pequenos","tag-municipios-pequenos-minas-consciente","tag-municipios-receberao-tratamento-individualizado-na-nova-fase-do-minas-consciente","tag-nanuque","tag-novas-regras-do-minas-consciente","tag-novas-regras-do-plano-minas-consciente","tag-novo-coronavirus","tag-novo-minas-consciente","tag-novos-indicadores-do-plano-minas-consciente-vao-simplificar-tomada-de-decisao-de-prefeitos","tag-numero-de-curados-do-coronavirus-em-minas-gerais","tag-numeros-do-coronavirus-em-minas-gerais","tag-obitos-por-coronavirus-em-minas-gerias","tag-pandemia-de-coronavirus","tag-plano-minas-consciente","tag-plano-minas-consciente-tera-protocolo-para-academias-de-ginastica-e-agencias-de-turismo-na-onda-amarela","tag-quatro-macrorregioes-regridem-para-fases-mais-restritivas-do-plano-minas-consciente","tag-reabertura-das-academias-de-ginastica","tag-reabertura-das-agencia-de-turismo","tag-recuperados-do-coronavirus-em-minas-gerais","tag-regioes-minas-consciente","tag-secretaria-de-saude-atualiza-numeros-do-coronavirus-em-minas-gerais","tag-secretaria-de-saude-de-minas-gerais-atualiza-numeros-do-coronavirus","tag-ses-mg-atualiza-numeros-do-coronavirus","tag-teofilo-otoni","tag-valadares"],"_links":{"self":[{"href":"https:\/\/aconteceunovale.com.br\/portal\/index.php?rest_route=\/wp\/v2\/posts\/169784","targetHints":{"allow":["GET"]}}],"collection":[{"href":"https:\/\/aconteceunovale.com.br\/portal\/index.php?rest_route=\/wp\/v2\/posts"}],"about":[{"href":"https:\/\/aconteceunovale.com.br\/portal\/index.php?rest_route=\/wp\/v2\/types\/post"}],"author":[{"embeddable":true,"href":"https:\/\/aconteceunovale.com.br\/portal\/index.php?rest_route=\/wp\/v2\/users\/4"}],"replies":[{"embeddable":true,"href":"https:\/\/aconteceunovale.com.br\/portal\/index.php?rest_route=%2Fwp%2Fv2%2Fcomments&post=169784"}],"version-history":[{"count":1,"href":"https:\/\/aconteceunovale.com.br\/portal\/index.php?rest_route=\/wp\/v2\/posts\/169784\/revisions"}],"predecessor-version":[{"id":169785,"href":"https:\/\/aconteceunovale.com.br\/portal\/index.php?rest_route=\/wp\/v2\/posts\/169784\/revisions\/169785"}],"wp:featuredmedia":[{"embeddable":true,"href":"https:\/\/aconteceunovale.com.br\/portal\/index.php?rest_route=\/wp\/v2\/media\/164462"}],"wp:attachment":[{"href":"https:\/\/aconteceunovale.com.br\/portal\/index.php?rest_route=%2Fwp%2Fv2%2Fmedia&parent=169784"}],"wp:term":[{"taxonomy":"category","embeddable":true,"href":"https:\/\/aconteceunovale.com.br\/portal\/index.php?rest_route=%2Fwp%2Fv2%2Fcategories&post=169784"},{"taxonomy":"post_tag","embeddable":true,"href":"https:\/\/aconteceunovale.com.br\/portal\/index.php?rest_route=%2Fwp%2Fv2%2Ftags&post=169784"}],"curies":[{"name":"wp","href":"https:\/\/api.w.org\/{rel}","templated":true}]}}