{"id":169781,"date":"2020-11-19T20:44:48","date_gmt":"2020-11-19T23:44:48","guid":{"rendered":"https:\/\/aconteceunovale.com.br\/portal\/?p=169781"},"modified":"2020-11-19T20:45:21","modified_gmt":"2020-11-19T23:45:21","slug":"covid-19-brasil-registra-598-milhoes-de-casos-e-168-mil-mortes","status":"publish","type":"post","link":"https:\/\/aconteceunovale.com.br\/portal\/?p=169781","title":{"rendered":"Covid-19: Brasil registra 5,98 milh\u00f5es de casos e 168 mil mortes"},"content":{"rendered":"\n<p>A pandemia do novo coronav\u00edrus j\u00e1 provocou a infec\u00e7\u00e3o de 5.981.767 pessoas desde o seu in\u00edcio. Nas \u00faltimas 24 horas, foram registrados 35.918 novos diagn\u00f3sticos positivos para covid-19. Ontem, o sistema de dados trazia 5.945.849 casos acumulados.<\/p>\n\n\n\n<p>Desde o in\u00edcio da pandemia&nbsp;168.061 pessoas morreram. Entre ontem e hoje, foram identificadas 606 novas mortes. Ontem o sistema registrava 167.455 \u00f3bitos pela doen\u00e7a. Existem&nbsp;5.407.498 pessoas que j\u00e1 est\u00e3o recuperadas. Ainda h\u00e1 2.173 falecimentos em investiga\u00e7\u00e3o, conforme dados relativos a ontem.<\/p>\n\n\n\n<p>Os dados est\u00e3o na atualiza\u00e7\u00e3o di\u00e1ria do Minist\u00e9rio da Sa\u00fade, divulgada em entrevista coletiva realizada hoje (19) na sede do \u00f3rg\u00e3o, em Bras\u00edlia. O balan\u00e7o \u00e9 feito a partir das informa\u00e7\u00f5es enviadas pelas secretarias estaduais de sa\u00fade.<\/p>\n\n\n\n<p>Na \u00faltima semana o Minist\u00e9rio teve dificuldade de atualiza\u00e7\u00e3o dos dados em raz\u00e3o de um problema no sistema de inform\u00e1tica. Na entrevista coletiva de hoje, o secret\u00e1rio-executivo da pasta, \u00c9lcio Franco, afirmou que se tratou de um ataque hacker.<\/p>\n\n\n\n<h2 class=\"wp-block-heading\">Estados<\/h2>\n\n\n\n<p>Os estados com mais mortes pela covid-19 s\u00e3o S\u00e3o Paulo (41.074), Rio de Janeiro (21.806), Minas Gerais (9.648), Cear\u00e1 (9.467) e Pernambuco (8.890). As Unidades da Federa\u00e7\u00e3o com menos \u00f3bitos pela doen\u00e7a s\u00e3o Acre (710), Roraima (711), Amap\u00e1 (785), Tocantins (1.146) e Rond\u00f4nia (1.513). Ap\u00f3s v\u00e1rios dias com menos mortes, Roraima ultrapassou o Acre, que passou a ser a Unidade da Federa\u00e7\u00e3o com menos vidas perdidas para a pandemia.<\/p>\n\n\n\n<figure class=\"wp-block-image size-large\"><img loading=\"lazy\" decoding=\"async\" width=\"754\" height=\"419\" src=\"https:\/\/aconteceunovale.com.br\/portal\/wp-content\/uploads\/2020\/11\/corona_br_19novembro.jpeg\" alt=\"\" class=\"wp-image-169782\" srcset=\"https:\/\/aconteceunovale.com.br\/portal\/wp-content\/uploads\/2020\/11\/corona_br_19novembro.jpeg 754w, https:\/\/aconteceunovale.com.br\/portal\/wp-content\/uploads\/2020\/11\/corona_br_19novembro-300x167.jpeg 300w, https:\/\/aconteceunovale.com.br\/portal\/wp-content\/uploads\/2020\/11\/corona_br_19novembro-696x387.jpeg 696w\" sizes=\"auto, (max-width: 754px) 100vw, 754px\" \/><\/figure>\n\n\n\n<p class=\"has-white-color has-vivid-cyan-blue-background-color has-text-color has-background\">Quer saber as not\u00edcias do <strong>Aconteceu no Vale<\/strong> em primeira m\u00e3o? Siga-nos no Facebook <a rel=\"noreferrer noopener\" href=\"http:\/\/facebook.com\/aconteceunovale\" target=\"_blank\">@aconteceunovale<\/a>, Twitter <a rel=\"noreferrer noopener\" href=\"https:\/\/twitter.com\/noticiadosvales\" target=\"_blank\">@noticiadosvales<\/a> e Instagram <a rel=\"noreferrer noopener\" href=\"https:\/\/www.instagram.com\/aconteceunovale\" target=\"_blank\">@aconteceunovale<\/a>.<\/p>\n","protected":false},"excerpt":{"rendered":"<p>A pandemia do novo coronav\u00edrus j\u00e1 provocou a infec\u00e7\u00e3o de 5.981.767 pessoas desde o seu in\u00edcio. Nas \u00faltimas 24 horas, foram registrados 35.918 novos diagn\u00f3sticos positivos para covid-19. Ontem, o sistema de dados trazia 5.945.849 casos acumulados. Desde o in\u00edcio da pandemia&nbsp;168.061 pessoas morreram. Entre ontem e hoje, foram identificadas 606 novas mortes. Ontem o [&hellip;]<\/p>\n","protected":false},"author":4,"featured_media":169782,"comment_status":"open","ping_status":"closed","sticky":false,"template":"","format":"standard","meta":{"amp_status":"","footnotes":""},"categories":[6,40242],"tags":[4785,220477,220660,219520,218049,218205,214884,215394,216498,218043,19326,220349,218044,218045,215653,218206,219105,219104,218876,219519,140166,217692,220478,220479,220944,220945],"class_list":["post-169781","post","type-post","status-publish","format-standard","has-post-thumbnail","hentry","category-br","category-saude-2","tag-brasil","tag-brasil-bate-recorde-de-obitos-e-casos-confirmados-em-um-dia","tag-brasil-ultrapassa-marca-de-4-mil-obitos-por-covid-19","tag-casos-confirmados-e-obitos-no-brasil","tag-casos-de-coronavirus-no-brasil","tag-casos-de-covid-19-no-brasil","tag-coronavirus","tag-coronavirus-no-brasil","tag-covid-19","tag-covid-19-no-brasil","tag-ministerio-da-saude","tag-ministerio-da-saude-atualiza-numeros-do-coronavirus-no-brasil","tag-mortes-por-coronavirus-no-brasil","tag-mortes-por-covid-19-no-brasil","tag-novo-coronavirus","tag-numero-de-casos-de-covid-19-confirmados-no-brasil","tag-numeros-da-covid-19-no-brasil","tag-numeros-do-coronavirus-no-brasil","tag-obitos-por-coronavirus-no-brasil","tag-obitos-por-covid-19-no-brasil","tag-pandemia","tag-pandemia-de-coronavirus","tag-recorde-de-obitos-por-coronavirus-no-brasil","tag-recorde-de-obitos-por-covid-19-no-brasil","tag-virus-vai-atingir-70-da-populacao","tag-virus-vai-atingir-70-da-populacao-diz-jair-bolsonaro"],"_links":{"self":[{"href":"https:\/\/aconteceunovale.com.br\/portal\/index.php?rest_route=\/wp\/v2\/posts\/169781","targetHints":{"allow":["GET"]}}],"collection":[{"href":"https:\/\/aconteceunovale.com.br\/portal\/index.php?rest_route=\/wp\/v2\/posts"}],"about":[{"href":"https:\/\/aconteceunovale.com.br\/portal\/index.php?rest_route=\/wp\/v2\/types\/post"}],"author":[{"embeddable":true,"href":"https:\/\/aconteceunovale.com.br\/portal\/index.php?rest_route=\/wp\/v2\/users\/4"}],"replies":[{"embeddable":true,"href":"https:\/\/aconteceunovale.com.br\/portal\/index.php?rest_route=%2Fwp%2Fv2%2Fcomments&post=169781"}],"version-history":[{"count":1,"href":"https:\/\/aconteceunovale.com.br\/portal\/index.php?rest_route=\/wp\/v2\/posts\/169781\/revisions"}],"predecessor-version":[{"id":169783,"href":"https:\/\/aconteceunovale.com.br\/portal\/index.php?rest_route=\/wp\/v2\/posts\/169781\/revisions\/169783"}],"wp:featuredmedia":[{"embeddable":true,"href":"https:\/\/aconteceunovale.com.br\/portal\/index.php?rest_route=\/wp\/v2\/media\/169782"}],"wp:attachment":[{"href":"https:\/\/aconteceunovale.com.br\/portal\/index.php?rest_route=%2Fwp%2Fv2%2Fmedia&parent=169781"}],"wp:term":[{"taxonomy":"category","embeddable":true,"href":"https:\/\/aconteceunovale.com.br\/portal\/index.php?rest_route=%2Fwp%2Fv2%2Fcategories&post=169781"},{"taxonomy":"post_tag","embeddable":true,"href":"https:\/\/aconteceunovale.com.br\/portal\/index.php?rest_route=%2Fwp%2Fv2%2Ftags&post=169781"}],"curies":[{"name":"wp","href":"https:\/\/api.w.org\/{rel}","templated":true}]}}