{"id":169778,"date":"2020-11-19T20:35:08","date_gmt":"2020-11-19T23:35:08","guid":{"rendered":"https:\/\/aconteceunovale.com.br\/portal\/?p=169778"},"modified":"2020-11-19T20:35:41","modified_gmt":"2020-11-19T23:35:41","slug":"empresa-italiana-investira-r-137-milhoes-em-minas-gerais-ate-2023","status":"publish","type":"post","link":"https:\/\/aconteceunovale.com.br\/portal\/?p=169778","title":{"rendered":"Empresa italiana investir\u00e1 R$ 137 milh\u00f5es em Minas Gerais at\u00e9 2023"},"content":{"rendered":"\n<p>Apesar da queda hist\u00f3rica nas vendas de ve\u00edculos em 2020, em decorr\u00eancia da pandemia de covid-19, montadoras e fornecedores j\u00e1 se preparam para o reaquecimento dos neg\u00f3cios no p\u00f3s-crise. \u00c9 o caso da fabricante de autope\u00e7as italiana Tiberina, que tem diversas plantas pelo mundo, com uma de suas duas unidades brasileiras instalada em Juatuba, na Regi\u00e3o Metropolitana de Belo Horizonte.<\/p>\n\n\n\n<p>A empresa mant\u00e9m o plano de expans\u00e3o iniciado no final de 2019, e que se estender\u00e1 at\u00e9 2023, com estimativa de R$ 137 milh\u00f5es em novos investimentos. Para o secret\u00e1rio adjunto da\u00a0Secretaria de Estado de Desenvolvimento Econ\u00f4mico (Sede), Fernando Passalio, esse investimento vai ser muito importante para o local, al\u00e9m dos 130 empregos de qualidade que ser\u00e3o gerados.<\/p>\n\n\n\n<p>\u201cEssa expans\u00e3o que a empresa Tiberina est\u00e1 promovendo aqui em Minas Gerais, especificamente na Regi\u00e3o Metropolitana de Belo Horizonte, mostra a solidifica\u00e7\u00e3o da presen\u00e7a dela aqui no estado e a confian\u00e7a que os empres\u00e1rios t\u00eam em nosso governo\u201d, afirma.<\/p>\n\n\n\n<p>At\u00e9 o momento, j\u00e1 foram aplicados R$ 65 milh\u00f5es na amplia\u00e7\u00e3o das instala\u00e7\u00f5es e na aquisi\u00e7\u00e3o de m\u00e1quinas e equipamentos para possibilitar o fornecimento de pe\u00e7as para diversos novos projetos, principalmente focados nas unidades da Fiat de Minas e de Pernambuco. Entre eles, apenas a nova Fiat Strada chegou a demandar da Tiberina trabalho em tr\u00eas turnos, ou seja, 24 horas por dia, inclusive nos finais de semana. Com o crescimento, ser\u00e3o criados mais 90 postos de trabalho. Atualmente, a empresa gera 400 empregos diretos.<\/p>\n\n\n\n<figure class=\"wp-block-gallery columns-1 is-cropped wp-block-gallery-1 is-layout-flex wp-block-gallery-is-layout-flex\"><ul class=\"blocks-gallery-grid\"><li class=\"blocks-gallery-item\"><figure><img loading=\"lazy\" decoding=\"async\" width=\"600\" height=\"450\" src=\"https:\/\/aconteceunovale.com.br\/portal\/wp-content\/uploads\/2020\/11\/tiberina.jpg\" alt=\"\" data-id=\"169779\" data-full-url=\"https:\/\/aconteceunovale.com.br\/portal\/wp-content\/uploads\/2020\/11\/tiberina.jpg\" data-link=\"https:\/\/aconteceunovale.com.br\/portal\/?attachment_id=169779\" class=\"wp-image-169779\" srcset=\"https:\/\/aconteceunovale.com.br\/portal\/wp-content\/uploads\/2020\/11\/tiberina.jpg 600w, https:\/\/aconteceunovale.com.br\/portal\/wp-content\/uploads\/2020\/11\/tiberina-300x225.jpg 300w, https:\/\/aconteceunovale.com.br\/portal\/wp-content\/uploads\/2020\/11\/tiberina-80x60.jpg 80w, https:\/\/aconteceunovale.com.br\/portal\/wp-content\/uploads\/2020\/11\/tiberina-265x198.jpg 265w, https:\/\/aconteceunovale.com.br\/portal\/wp-content\/uploads\/2020\/11\/tiberina-560x420.jpg 560w\" sizes=\"auto, (max-width: 600px) 100vw, 600px\" \/><figcaption class=\"blocks-gallery-item__caption\"><em>Julian \u00e9 um dos contratados no processo de expans\u00e3o &#8211; Foto: Tiberina \/ Divulga\u00e7\u00e3o<\/em><\/figcaption><\/figure><\/li><\/ul><\/figure>\n\n\n\n<p><strong>Mercado<\/strong><\/p>\n\n\n\n<p>De acordo com o COO da Tiberina, Gianluca Barban, a empresa fornece 100% dos conjuntos soldados de chassis, longarinas e suspens\u00f5es para a produ\u00e7\u00e3o dos ve\u00edculos Jeep e 91% desses itens para a produ\u00e7\u00e3o da Fiat. Tamb\u00e9m est\u00e1 envolvida nos planos para a futura produ\u00e7\u00e3o de dois SUV\u2019s (ve\u00edculo utilit\u00e1rio esportivo) que sair\u00e3o da f\u00e1brica com a marca Fiat.<\/p>\n\n\n\n<p>\u201cNaturalmente que todos os mercados foram impactados neste ano. Mas n\u00f3s estamos muito ligados \u00e0s estrat\u00e9gias da Fiat, visando os mercados p\u00f3s-pandemia, ou seja, a longo prazo. E o Brasil t\u00eam oportunidades gigantes no mercado que atuamos, principalmente devido \u00e0 presen\u00e7a de todos os grandes players do setor automotivo que j\u00e1 s\u00e3o nossos clientes em outros pa\u00edses. N\u00f3s acreditamos e estamos atentos a todas essas oportunidades\u201d, disse Barban.<\/p>\n\n\n\n<p>Ele ainda destacou o papel da\u00a0<a href=\"http:\/\/www.indi.mg.gov.br\/\" target=\"_blank\" rel=\"noreferrer noopener\">Ag\u00eancia de Promo\u00e7\u00e3o de Investimento e Com\u00e9rcio Exterior de Minas Gerais\u00a0(Indi)<\/a>, vinculada \u00e0 Secretaria de Estado de Desenvolvimento Econ\u00f4mico (Sede), assegurando a agilidade e a viabilidade dos investimentos. \u201cA ag\u00eancia teve um papel fundamental para implementarmos as medidas de expans\u00e3o. Principalmente por agilizar os tr\u00e2mites burocr\u00e1ticos, que muitas vezes travam nossas a\u00e7\u00f5es. O Indi nos abriu as portas para que consegu\u00edssemos realizar nosso trabalho. Foi e continua sendo um apoio muito precioso\u201d, afirmou.<\/p>\n\n\n\n<p><strong>Apoio<\/strong><\/p>\n\n\n\n<p>O Indi vem acompanhando o processo de expans\u00e3o da Tiberina desde o in\u00edcio. A analista de promo\u00e7\u00e3o de investimentos da Ag\u00eancia, Josiane Faleiro, lembra que o desafio foi grande, principalmente em fun\u00e7\u00e3o dos prazos que a empresa tinha para cumprir seus compromissos de atendimento \u00e0s demandas da Fiat.<\/p>\n\n\n\n<p>\u201cAtuamos, em especial, em parceria com a\u00a0Secretaria de Estado de Meio Ambiente e Desenvolvimento Sustent\u00e1vel (Semad)\u00a0no sentido de orientar quanto aos procedimentos para obten\u00e7\u00e3o de licenciamento, que era a principal demanda para expans\u00e3o da unidade. Felizmente conseguimos fazer com que os prazos fossem atendidos\u201d, exemplificou.<\/p>\n\n\n\n<p>Josiane refor\u00e7ou ainda a import\u00e2ncia da iniciativa para o desenvolvimento da regi\u00e3o. \u201cInquestionavelmente \u00e9 um investimento muito relevante,&nbsp;que ir\u00e1 auxiliar o munic\u00edpio, n\u00e3o s\u00f3 em rela\u00e7\u00e3o \u00e0 arrecada\u00e7\u00e3o e \u00e0 gera\u00e7\u00e3o de empregos, mas tamb\u00e9m para fortalecer toda a cadeia automotiva do estado\u201d, observou.<\/p>\n\n\n\n<p><strong>Desenvolvimento<\/strong><\/p>\n\n\n\n<p>Por um lado, investimentos como o da Tiberina, em Minas Gerais, ajudam a melhorar os indicadores socioecon\u00f4micos do estado. Mas por tr\u00e1s desses n\u00fameros a mudan\u00e7a maior ocorre na vida das pessoas. \u00c9 o caso do rec\u00e9m-contratado operador de m\u00e1quinas Julian Leonardo de Freitas, de 34 anos. H\u00e1 dois meses na companhia, a oportunidade de trabalho deu um novo sentido \u00e0 sua vida.<\/p>\n\n\n\n<p>Ele recorda ter sido em 2016 a \u00faltima vez que trabalhou de carteira assinada. Desde ent\u00e3o, vinha prestando servi\u00e7os aut\u00f4nomos na \u00e1rea de esporte e lazer. No entanto, com a pandemia, viu os clientes sumirem e as perspectivas profissionais ficarem cada vez piores.&nbsp;O operador de m\u00e1quinas &#8211; que soube da vaga por um primo que j\u00e1 trabalhava na empresa &#8211; relembra ter vivido dias de incerteza profissional durante a pandemia, vendo um grande n\u00famero de demiss\u00f5es n\u00e3o apenas em Juatuba, onde reside, mas na regi\u00e3o.&nbsp;<\/p>\n\n\n\n<p>\u201cSair do desemprego muda a vida de qualquer um. Agora eu tenho um trabalho s\u00f3lido que me d\u00e1 a seguran\u00e7a e tranquilidade que eu n\u00e3o tinha h\u00e1 um bom tempo. Fui contratado por uma empresa s\u00e9ria e que oferece perspectivas de crescimento. S\u00f3 tenho motivos para comemorar\u201d, disse.<\/p>\n\n\n\n<p><strong>A empresa<\/strong><\/p>\n\n\n\n<p>A Tiberina nasceu na d\u00e9cada de 1960, na \u00dambria, regi\u00e3o da&nbsp;It\u00e1lia, por iniciativa de tr\u00eas fam\u00edlias. Hoje realiza a moldagem a frio e a quente de estruturas em chapas de metal para a ind\u00fastria automotiva e a soldagem de componentes moldados. Al\u00e9m da Fiat\/FCA, principal cliente, tamb\u00e9m atende a Iveco, Mercedes-Benz, BMW, Maserati, Volkswagen e GM. Atualmente, est\u00e1 presente em sete pa\u00edses, incluindo Europa, Am\u00e9rica Latina e Estados Unidos.<\/p>\n\n\n\n<p>Em 2019, a companhia atingiu um volume de neg\u00f3cios de 980 milh\u00f5es de euros, com um total de mais de 3 mil\u00a0funcion\u00e1rios, 19 f\u00e1bricas, al\u00e9m de duas f\u00e1bricas parceiras, tr\u00eas centros t\u00e9cnicos, um centro de prot\u00f3tipos e o Tiberina Solution Center. Na Am\u00e9rica Latina, a empresa mant\u00e9m uma f\u00e1brica em C\u00f3rdoba, na Argentina, e duas no Brasil: em Juatuba e\u00a0em Pernambuco.<\/p>\n\n\n\n<p class=\"has-white-color has-vivid-cyan-blue-background-color has-text-color has-background\">Quer saber as not\u00edcias do <strong>Aconteceu no Vale<\/strong> em primeira m\u00e3o? Siga-nos no Facebook <a rel=\"noreferrer noopener\" href=\"http:\/\/facebook.com\/aconteceunovale\" target=\"_blank\">@aconteceunovale<\/a>, Twitter <a rel=\"noreferrer noopener\" href=\"https:\/\/twitter.com\/noticiadosvales\" target=\"_blank\">@noticiadosvales<\/a> e Instagram <a rel=\"noreferrer noopener\" href=\"https:\/\/www.instagram.com\/aconteceunovale\" target=\"_blank\">@aconteceunovale<\/a>.<\/p>\n","protected":false},"excerpt":{"rendered":"<p>Apesar da queda hist\u00f3rica nas vendas de ve\u00edculos em 2020, em decorr\u00eancia da pandemia de covid-19, montadoras e fornecedores j\u00e1 se preparam para o reaquecimento dos neg\u00f3cios no p\u00f3s-crise. \u00c9 o caso da fabricante de autope\u00e7as italiana Tiberina, que tem diversas plantas pelo mundo, com uma de suas duas unidades brasileiras instalada em Juatuba, na [&hellip;]<\/p>\n","protected":false},"author":4,"featured_media":169779,"comment_status":"open","ping_status":"closed","sticky":false,"template":"","format":"standard","meta":{"amp_status":"","footnotes":""},"categories":[40236,123,28848],"tags":[194,1017,42300,230902,1018,230895,230899,29309,148177,230903,150067,230898,130461,7520,230904,230905,222159,230900,230896,230901,230897,230907,87689,230906],"class_list":["post-169778","post","type-post","status-publish","format-standard","has-post-thumbnail","hentry","category-empregos-2","category-gerais","category-mundo","tag-belo-horizonte","tag-bh","tag-bmw","tag-coo-da-tiberina","tag-destaque","tag-empresa-italiana-investira-r-137-milhoes-em-minas-gerais-ate-2023","tag-fabrica-da-tiberina-em-minas-gerais","tag-fca","tag-fiat","tag-gianluca-barban","tag-gm","tag-investimento-da-tiberina-em-minas-gerais","tag-iveco","tag-juatuba","tag-julian-leonardo-de-freitas","tag-maserati","tag-mercedes-benz","tag-planta-da-tiberina-em-juatuba","tag-tiberina","tag-tiberina-em-juatuba","tag-tiberina-investira-r-137-milhoes-em-minas-gerais-ate-2023","tag-tiberina-solution-center","tag-volkswagen","tag-vw"],"_links":{"self":[{"href":"https:\/\/aconteceunovale.com.br\/portal\/index.php?rest_route=\/wp\/v2\/posts\/169778","targetHints":{"allow":["GET"]}}],"collection":[{"href":"https:\/\/aconteceunovale.com.br\/portal\/index.php?rest_route=\/wp\/v2\/posts"}],"about":[{"href":"https:\/\/aconteceunovale.com.br\/portal\/index.php?rest_route=\/wp\/v2\/types\/post"}],"author":[{"embeddable":true,"href":"https:\/\/aconteceunovale.com.br\/portal\/index.php?rest_route=\/wp\/v2\/users\/4"}],"replies":[{"embeddable":true,"href":"https:\/\/aconteceunovale.com.br\/portal\/index.php?rest_route=%2Fwp%2Fv2%2Fcomments&post=169778"}],"version-history":[{"count":1,"href":"https:\/\/aconteceunovale.com.br\/portal\/index.php?rest_route=\/wp\/v2\/posts\/169778\/revisions"}],"predecessor-version":[{"id":169780,"href":"https:\/\/aconteceunovale.com.br\/portal\/index.php?rest_route=\/wp\/v2\/posts\/169778\/revisions\/169780"}],"wp:featuredmedia":[{"embeddable":true,"href":"https:\/\/aconteceunovale.com.br\/portal\/index.php?rest_route=\/wp\/v2\/media\/169779"}],"wp:attachment":[{"href":"https:\/\/aconteceunovale.com.br\/portal\/index.php?rest_route=%2Fwp%2Fv2%2Fmedia&parent=169778"}],"wp:term":[{"taxonomy":"category","embeddable":true,"href":"https:\/\/aconteceunovale.com.br\/portal\/index.php?rest_route=%2Fwp%2Fv2%2Fcategories&post=169778"},{"taxonomy":"post_tag","embeddable":true,"href":"https:\/\/aconteceunovale.com.br\/portal\/index.php?rest_route=%2Fwp%2Fv2%2Ftags&post=169778"}],"curies":[{"name":"wp","href":"https:\/\/api.w.org\/{rel}","templated":true}]}}