{"id":169690,"date":"2020-11-16T10:28:54","date_gmt":"2020-11-16T13:28:54","guid":{"rendered":"https:\/\/aconteceunovale.com.br\/portal\/?p=169690"},"modified":"2020-11-17T15:43:35","modified_gmt":"2020-11-17T18:43:35","slug":"ze-fernando-e-reeleito-prefeito-de-conceicao-do-mato-dentro","status":"publish","type":"post","link":"https:\/\/aconteceunovale.com.br\/portal\/?p=169690","title":{"rendered":"Z\u00e9 Fernando \u00e9 reeleito prefeito de Concei\u00e7\u00e3o do Mato Dentro"},"content":{"rendered":"\n<p>Z\u00e9 Fernando (MDB) foi reeleito prefeito de Concei\u00e7\u00e3o do Mato Dentro, na regi\u00e3o Central de Minas Gerais, neste domingo (15\/11\/2020). Com 100% das se\u00e7\u00f5es apuradas, ele recebeu 10.128 (88,72%) dos votos v\u00e1lidos e venceu Thiago Le\u00e3o (Cidadania).<\/p>\n\n\n\n<p><strong>Confira o resultado:<\/strong><\/p>\n\n\n\n<ul class=\"wp-block-list\"><li>Z\u00e9 Fernando (MDB) &#8211; 88,72% (10.128 votos)<\/li><li>Thiago Le\u00e3o (Cidadania) &#8211; 11,28% (1.288 votos)<\/li><\/ul>\n\n\n\n<p>A popula\u00e7\u00e3o de Concei\u00e7\u00e3o do Mato Dentro tamb\u00e9m escolheu 11 vereadores nas elei\u00e7\u00f5es deste domingo. Confira:<\/p>\n\n\n\n<ul class=\"wp-block-list\"><li>Gilberto do Tabuleiro (MDB) &#8211; 841 votos<\/li><li>Beatriz Madureira (MDB) &#8211; 816 votos<\/li><li>Claudinho Ziriguidum (REDE) &#8211; 810 votos<\/li><li>Jo\u00e3o Marcos (MDB) &#8211; 589 votos<\/li><li>Luiz Oficial (REDE) &#8211; 506 votos<\/li><li>Tico do Silv\u00e9rio (PSL) &#8211; 441 votos<\/li><li>Dayse Pic\u00e3o (MDB) &#8211; 350 votos<\/li><li>Sidnei das Tr\u00eas Barras (REDE) &#8211; 305 votos<\/li><li>R\u00f4mulo Boy (PSB) &#8211; 256 votos<\/li><li>Gleicierrez Martins (PP) &#8211; 245 votos<\/li><li>Wander do Laim (PP) &#8211; 223 votos<\/li><\/ul>\n\n\n\n<p>Confira a apura\u00e7\u00e3o completa no <a rel=\"noreferrer noopener\" href=\"https:\/\/aconteceunovale.com.br\/portal\/?p=169511\" target=\"_blank\">Aconteceu no Vale (clique aqui)<\/a>.<\/p>\n\n\n\n<p class=\"has-white-color has-vivid-cyan-blue-background-color has-text-color has-background\">Quer saber as not\u00edcias do <strong>Aconteceu no Vale<\/strong> em primeira m\u00e3o? Siga-nos no Facebook <a rel=\"noreferrer noopener\" href=\"http:\/\/facebook.com\/aconteceunovale\" target=\"_blank\">@aconteceunovale<\/a>, Twitter <a rel=\"noreferrer noopener\" href=\"https:\/\/twitter.com\/noticiadosvales\" target=\"_blank\">@noticiadosvales<\/a> e Instagram <a rel=\"noreferrer noopener\" href=\"https:\/\/www.instagram.com\/aconteceunovale\" target=\"_blank\">@aconteceunovale<\/a>.<\/p>\n","protected":false},"excerpt":{"rendered":"<p>Z\u00e9 Fernando (MDB) foi reeleito prefeito de Concei\u00e7\u00e3o do Mato Dentro, na regi\u00e3o Central de Minas Gerais, neste domingo (15\/11\/2020). Com 100% das se\u00e7\u00f5es apuradas, ele recebeu 10.128 (88,72%) dos votos v\u00e1lidos e venceu Thiago Le\u00e3o (Cidadania). Confira o resultado: Z\u00e9 Fernando (MDB) &#8211; 88,72% (10.128 votos) Thiago Le\u00e3o (Cidadania) &#8211; 11,28% (1.288 votos) A [&hellip;]<\/p>\n","protected":false},"author":4,"featured_media":52216,"comment_status":"open","ping_status":"closed","sticky":false,"template":"","format":"standard","meta":{"amp_status":"","footnotes":""},"categories":[215642,123],"tags":[230740,230741,230742,230743,230744,628,118724,118720,230745,230746,230747,118722],"class_list":["post-169690","post","type-post","status-publish","format-standard","has-post-thumbnail","hentry","category-eleicoes-2020","category-gerais","tag-apuracao-das-eleicoes-2020-em-conceicao-do-mato-dentro","tag-apuracao-das-eleicoes-em-conceicao-do-mato-dentro","tag-apuracao-das-eleicoes-municipais-2020-de-conceicao-do-mato-dentro","tag-apuracao-das-eleicoes-municipais-de-conceicao-do-mato-dentro","tag-apuracao-dos-votos-em-conceicao-do-mato-dentro","tag-conceicao-do-mato-dentro","tag-lista-de-vereadores-eleitos-em-conceicao-do-mato-dentro","tag-prefeito-eleito-em-conceicao-do-mato-dentro","tag-relacao-de-vereadores-eleitos-em-conceicao-do-mato-dentro","tag-resultado-das-eleicoes-2020-em-conceicao-do-mato-dentro","tag-resultado-das-eleicoes-em-conceicao-do-mato-dentro","tag-vereadores-eleitos-em-conceicao-do-mato-dentro"],"_links":{"self":[{"href":"https:\/\/aconteceunovale.com.br\/portal\/index.php?rest_route=\/wp\/v2\/posts\/169690","targetHints":{"allow":["GET"]}}],"collection":[{"href":"https:\/\/aconteceunovale.com.br\/portal\/index.php?rest_route=\/wp\/v2\/posts"}],"about":[{"href":"https:\/\/aconteceunovale.com.br\/portal\/index.php?rest_route=\/wp\/v2\/types\/post"}],"author":[{"embeddable":true,"href":"https:\/\/aconteceunovale.com.br\/portal\/index.php?rest_route=\/wp\/v2\/users\/4"}],"replies":[{"embeddable":true,"href":"https:\/\/aconteceunovale.com.br\/portal\/index.php?rest_route=%2Fwp%2Fv2%2Fcomments&post=169690"}],"version-history":[{"count":2,"href":"https:\/\/aconteceunovale.com.br\/portal\/index.php?rest_route=\/wp\/v2\/posts\/169690\/revisions"}],"predecessor-version":[{"id":169692,"href":"https:\/\/aconteceunovale.com.br\/portal\/index.php?rest_route=\/wp\/v2\/posts\/169690\/revisions\/169692"}],"wp:featuredmedia":[{"embeddable":true,"href":"https:\/\/aconteceunovale.com.br\/portal\/index.php?rest_route=\/wp\/v2\/media\/52216"}],"wp:attachment":[{"href":"https:\/\/aconteceunovale.com.br\/portal\/index.php?rest_route=%2Fwp%2Fv2%2Fmedia&parent=169690"}],"wp:term":[{"taxonomy":"category","embeddable":true,"href":"https:\/\/aconteceunovale.com.br\/portal\/index.php?rest_route=%2Fwp%2Fv2%2Fcategories&post=169690"},{"taxonomy":"post_tag","embeddable":true,"href":"https:\/\/aconteceunovale.com.br\/portal\/index.php?rest_route=%2Fwp%2Fv2%2Ftags&post=169690"}],"curies":[{"name":"wp","href":"https:\/\/api.w.org\/{rel}","templated":true}]}}