{"id":169567,"date":"2020-11-16T12:51:01","date_gmt":"2020-11-16T15:51:01","guid":{"rendered":"https:\/\/aconteceunovale.com.br\/portal\/?p=169567"},"modified":"2020-11-16T12:51:25","modified_gmt":"2020-11-16T15:51:25","slug":"juscelino-roque-e-reeleito-prefeito-de-diamantina","status":"publish","type":"post","link":"https:\/\/aconteceunovale.com.br\/portal\/?p=169567","title":{"rendered":"Juscelino Roque \u00e9 reeleito prefeito de Diamantina"},"content":{"rendered":"\n<p>Juscelino Roque (DEM) foi reeleito prefeito de Diamantina, no Vale do Jequitinhonha, neste domingo (15\/11\/2020). Com 100% das se\u00e7\u00f5es apuradas, ele recebeu 19.139 (78,78%) dos votos v\u00e1lidos e venceu Rosa do Vale (PT).<\/p>\n\n\n\n<p><strong>Confira o resultado:<\/strong><\/p>\n\n\n\n<ul class=\"wp-block-list\"><li>Juscelino Roque (DEM) &#8211; 78,78% (19.139 votos)<\/li><li>Rosa do Vale (PT) &#8211; 21,22% (5.156 votos)<\/li><\/ul>\n\n\n\n<p>A popula\u00e7\u00e3o de Diamantina tamb\u00e9m escolheu 13 vereadores nas elei\u00e7\u00f5es deste domingo. Confira:<\/p>\n\n\n\n<ul class=\"wp-block-list\"><li>Wagner (Solidariedade) &#8211; 1.121 votos<\/li><li>Kim da Mercearia (DEM) &#8211; 789 votos<\/li><li>Chico de Z\u00e9di (Solidariedade) &#8211; 589 votos<\/li><li>C\u00e1ssio Moreira (MDB) &#8211; 567 votos<\/li><li>Diego Porto (Cidadania) &#8211; 552 votos<\/li><li>Edivan de Maria Nunes (PODE) &#8211; 489 votos<\/li><li>Celme Cunha (DEM) &#8211; 465 votos<\/li><li>Almir Lima (PT) &#8211; 465 votos<\/li><li>Toninho do Guinda (Cidadania) &#8211; 454 votos<\/li><li>Kelly do Hot Dog das Meninas (Republicanos) &#8211; 447 votos<\/li><li>Adilson do Taxi (Patriota) &#8211; 391 votos<\/li><li>Didi Mec\u00e2nico (PROS) &#8211; 321 votos<\/li><li>Prof Fred (Avante) &#8211; 206 votos<\/li><\/ul>\n\n\n\n<p>Confira a apura\u00e7\u00e3o completa no <a rel=\"noreferrer noopener\" href=\"https:\/\/aconteceunovale.com.br\/portal\/?p=169511\" target=\"_blank\">Aconteceu no Vale (clique aqui)<\/a>.<\/p>\n\n\n\n<p class=\"has-white-color has-vivid-cyan-blue-background-color has-text-color has-background\">Quer saber as not\u00edcias do <strong>Aconteceu no Vale<\/strong> em primeira m\u00e3o? Siga-nos no Facebook <a rel=\"noreferrer noopener\" href=\"http:\/\/facebook.com\/aconteceunovale\" target=\"_blank\">@aconteceunovale<\/a>, Twitter <a rel=\"noreferrer noopener\" href=\"https:\/\/twitter.com\/noticiadosvales\" target=\"_blank\">@noticiadosvales<\/a> e Instagram <a rel=\"noreferrer noopener\" href=\"https:\/\/www.instagram.com\/aconteceunovale\" target=\"_blank\">@aconteceunovale<\/a>.<\/p>\n","protected":false},"excerpt":{"rendered":"<p>Juscelino Roque (DEM) foi reeleito prefeito de Diamantina, no Vale do Jequitinhonha, neste domingo (15\/11\/2020). Com 100% das se\u00e7\u00f5es apuradas, ele recebeu 19.139 (78,78%) dos votos v\u00e1lidos e venceu Rosa do Vale (PT). Confira o resultado: Juscelino Roque (DEM) &#8211; 78,78% (19.139 votos) Rosa do Vale (PT) &#8211; 21,22% (5.156 votos) A popula\u00e7\u00e3o de Diamantina [&hellip;]<\/p>\n","protected":false},"author":4,"featured_media":163320,"comment_status":"open","ping_status":"closed","sticky":false,"template":"","format":"standard","meta":{"amp_status":"","footnotes":""},"categories":[215642,40240,120],"tags":[230341,230340,230343,230342,230347,198,117835,117831,230346,230345,230344,117833],"class_list":["post-169567","post","type-post","status-publish","format-standard","has-post-thumbnail","hentry","category-eleicoes-2020","category-politica-2","category-jequi","tag-apuracao-das-eleicoes-2020-em-diamantina","tag-apuracao-das-eleicoes-em-diamantina","tag-apuracao-das-eleicoes-municipais-2020-de-diamantina","tag-apuracao-das-eleicoes-municipais-de-diamantina","tag-apuracao-dos-votos-em-diamantina","tag-diamantina","tag-lista-de-vereadores-eleitos-em-diamantina","tag-prefeito-eleito-em-diamantina","tag-relacao-de-vereadores-eleitos-em-diamantina","tag-resultado-das-eleicoes-2020-em-diamantina","tag-resultado-das-eleicoes-em-diamantina","tag-vereadores-eleitos-em-diamantina"],"_links":{"self":[{"href":"https:\/\/aconteceunovale.com.br\/portal\/index.php?rest_route=\/wp\/v2\/posts\/169567","targetHints":{"allow":["GET"]}}],"collection":[{"href":"https:\/\/aconteceunovale.com.br\/portal\/index.php?rest_route=\/wp\/v2\/posts"}],"about":[{"href":"https:\/\/aconteceunovale.com.br\/portal\/index.php?rest_route=\/wp\/v2\/types\/post"}],"author":[{"embeddable":true,"href":"https:\/\/aconteceunovale.com.br\/portal\/index.php?rest_route=\/wp\/v2\/users\/4"}],"replies":[{"embeddable":true,"href":"https:\/\/aconteceunovale.com.br\/portal\/index.php?rest_route=%2Fwp%2Fv2%2Fcomments&post=169567"}],"version-history":[{"count":1,"href":"https:\/\/aconteceunovale.com.br\/portal\/index.php?rest_route=\/wp\/v2\/posts\/169567\/revisions"}],"predecessor-version":[{"id":169568,"href":"https:\/\/aconteceunovale.com.br\/portal\/index.php?rest_route=\/wp\/v2\/posts\/169567\/revisions\/169568"}],"wp:featuredmedia":[{"embeddable":true,"href":"https:\/\/aconteceunovale.com.br\/portal\/index.php?rest_route=\/wp\/v2\/media\/163320"}],"wp:attachment":[{"href":"https:\/\/aconteceunovale.com.br\/portal\/index.php?rest_route=%2Fwp%2Fv2%2Fmedia&parent=169567"}],"wp:term":[{"taxonomy":"category","embeddable":true,"href":"https:\/\/aconteceunovale.com.br\/portal\/index.php?rest_route=%2Fwp%2Fv2%2Fcategories&post=169567"},{"taxonomy":"post_tag","embeddable":true,"href":"https:\/\/aconteceunovale.com.br\/portal\/index.php?rest_route=%2Fwp%2Fv2%2Ftags&post=169567"}],"curies":[{"name":"wp","href":"https:\/\/api.w.org\/{rel}","templated":true}]}}